{"id":5082,"date":"2017-07-09T18:31:35","date_gmt":"2017-07-09T16:31:35","guid":{"rendered":"http:\/\/esponsorama.ad\/?p=5082"},"modified":"2017-07-19T19:25:49","modified_gmt":"2017-07-19T17:25:49","slug":"reale-avintia-academy-sube-al-podio-valencia-vicente-perez","status":"publish","type":"post","link":"http:\/\/esponsorama.ad\/es\/reale-avintia-academy-sube-al-podio-valencia-vicente-perez\/","title":{"rendered":"Reale Avintia Academy sube al podio en Valencia con Vicente P\u00e9rez"},"content":{"rendered":"<p>El domingo del FIM CEV, en el circuito valenciano Ricardo Tormo, se ha vivido con intensidad para la Reale Avintia Academy. Los pilotos del equipo han ofrecido alguna alegr\u00eda a todos y siguen en su progreso de evoluci\u00f3n.<\/p>\n<p>Vicente P\u00e9rez part\u00eda desde la pole y con muchas posibilidades de llevarse alguna victoria. En la primera carrera ha estado luchando por el podio pero finalmente se ha tenido que conformar con la cuarta plaza. Ya, en la segunda hemos podido ver al valenciano subirse al podio. Una dosis de energ\u00eda y puntos para colocarse quinto en la general.<\/p>\n<p>Makar Yurchenko arrancaba de la und\u00e9cima posici\u00f3n, pero con poca diferencia de tiempo respecto a sus rivales. Tanto en la primera como en la segunda carrera se ha mantenido en la misma plaza y no ha podido luchar por puestos de delante. El kazajo se sit\u00faa noveno de la clasificaci\u00f3n del campeonato.<\/p>\n<p>En la European Talent Cup la carrera de hoy no ha sido buena para los pilotos de Reale Avintia Academy, que ten\u00edan muchas ganas de poder alcanzar resultados como en la cita de Montmel\u00f3.<\/p>\n<p>El mejor clasificado hoy ha sido Andreas P\u00e9rez, con un quinto puesto que le hace sumar once puntos m\u00e1s y se mantiene segundo de la clasificaci\u00f3n general del campeonato. En la carrera no ha podido hacer una salida buena y eso le ha hecho quedarse en el segundo grupo y con mucha distancia del grupo que lideraba.<\/p>\n<p>Jos\u00e9 Su\u00e1rez ha cruzado la l\u00ednea de meta en el puesto 17\u00ba. El\u00a0piloto murciano espera tener un resultado m\u00e1s arriba, pero poco a poco llegar\u00e1 a ese objetivo marcado de un top 10.<\/p>\n<p>Iker Garc\u00eda ha sido la nota m\u00e1s agridulce hoy domingo, ya que no ha podido demostrar que estaba con gran ritmo para hacer buena carrera. En la segunda vuelta ha protagonizado una ca\u00edda, que le ha dejado fuera de carrera.<\/p>\n<p>La pr\u00f3xima cita del FIM CEV ser\u00e1 en el circuito portugu\u00e9s de Estoril el 22-23 de julio.<\/p>\n\n<p><strong>\u00a0<\/strong><strong>\u201c<\/strong>Estoy muy contento con mi primer podium. Creo que ten\u00edamos potencial para hacer un mejor resultado pero la necesidad de lograr mi primer podium me ha condicionado un poco. Agradecer a todo el equipo el gran trabajo y a luchar por mejorar la quinta plaza en el campeonato.\u00bb<\/p>\n\n<p><strong>\u00a0<\/strong>\u201cNo estoy contento con el resultado pero s\u00ed con el trabajo realizado. Vamos a seguir esta l\u00ednea de trabajo porque estoy confiado de poder estar m\u00e1s delante.\u00bb<\/p>\n\n<p>\u201cUn quinto puesto no est\u00e1 mal, pero esperaba hacerlo mejor. Lo bueno es que pudimos puntuar y mantenernos segundos del campeonato. Espero que en la pr\u00f3xima, Estoril, podamos dar una alegr\u00eda al equipo.\u201d<\/p>\n\n<p>\u201c Hoy esperaba tener mejor resultado en la carrera de la European Talent Cup, pero creo que vamos mejorando poco a poco. Quiero dar las gracias a todo el equipo que siempre me apoya mucho en mi trabajo.\u201d<\/p>\n\n<p>\u201cUna pena la ca\u00edda de hoy porque iba con muchas ganas de luchar y darlo todo para conseguir estar en una buena posici\u00f3n. Ahora a seguir trabajando y estar listos para Estoril.\u201d<\/p>\n","protected":false},"excerpt":{"rendered":"<p>El domingo del FIM CEV, en el circuito valenciano Ricardo Tormo, se ha vivido con intensidad para la Reale Avintia Academy. Los pilotos del equipo han ofrecido alguna alegr\u00eda a todos y siguen en su progreso de evoluci\u00f3n. Vicente P\u00e9rez part\u00eda desde la pole y con muchas posibilidades de llevarse alguna victoria. En la primera [&hellip;]<\/p>\n","protected":false},"author":6,"featured_media":5075,"comment_status":"closed","ping_status":"closed","sticky":false,"template":"","format":"standard","meta":{"footnotes":""},"categories":[10],"tags":[],"class_list":["post-5082","post","type-post","status-publish","format-standard","has-post-thumbnail","hentry","category-fim-cev"],"yoast_head":"<!-- This site is optimized with the Yoast SEO plugin v27.1.1 - https:\/\/yoast.com\/product\/yoast-seo-wordpress\/ -->\n<title>Reale Avintia Academy sube al podio en Valencia con Vicente P\u00e9rez - Esponsorama<\/title>\n<meta name=\"robots\" content=\"index, follow, max-snippet:-1, max-image-preview:large, max-video-preview:-1\" \/>\n<link rel=\"canonical\" href=\"http:\/\/esponsorama.ad\/es\/reale-avintia-academy-sube-al-podio-valencia-vicente-perez\/\" \/>\n<meta property=\"og:locale\" content=\"es_ES\" \/>\n<meta property=\"og:type\" content=\"article\" \/>\n<meta property=\"og:title\" content=\"Reale Avintia Academy sube al podio en Valencia con Vicente P\u00e9rez - Esponsorama\" \/>\n<meta property=\"og:description\" content=\"El domingo del FIM CEV, en el circuito valenciano Ricardo Tormo, se ha vivido con intensidad para la Reale Avintia Academy. Los pilotos del equipo han ofrecido alguna alegr\u00eda a todos y siguen en su progreso de evoluci\u00f3n. Vicente P\u00e9rez part\u00eda desde la pole y con muchas posibilidades de llevarse alguna victoria. En la primera [&hellip;]\" \/>\n<meta property=\"og:url\" content=\"http:\/\/esponsorama.ad\/es\/reale-avintia-academy-sube-al-podio-valencia-vicente-perez\/\" \/>\n<meta property=\"og:site_name\" content=\"Esponsorama\" \/>\n<meta property=\"article:published_time\" content=\"2017-07-09T16:31:35+00:00\" \/>\n<meta property=\"article:modified_time\" content=\"2017-07-19T17:25:49+00:00\" \/>\n<meta property=\"og:image\" content=\"http:\/\/esponsorama.ad\/wp-content\/uploads\/2017\/07\/MG_9941.jpg\" \/>\n\t<meta property=\"og:image:width\" content=\"4272\" \/>\n\t<meta property=\"og:image:height\" content=\"2848\" \/>\n\t<meta property=\"og:image:type\" content=\"image\/jpeg\" \/>\n<meta name=\"author\" content=\"Xavi Andornet\" \/>\n<meta name=\"twitter:card\" content=\"summary_large_image\" \/>\n<meta name=\"twitter:label1\" content=\"Escrito por\" \/>\n\t<meta name=\"twitter:data1\" content=\"Xavi Andornet\" \/>\n\t<meta name=\"twitter:label2\" content=\"Tiempo de lectura\" \/>\n\t<meta name=\"twitter:data2\" content=\"3 minutos\" \/>\n<script type=\"application\/ld+json\" class=\"yoast-schema-graph\">{\"@context\":\"https:\/\/schema.org\",\"@graph\":[{\"@type\":\"Article\",\"@id\":\"http:\/\/esponsorama.ad\/es\/reale-avintia-academy-sube-al-podio-valencia-vicente-perez\/#article\",\"isPartOf\":{\"@id\":\"http:\/\/esponsorama.ad\/es\/reale-avintia-academy-sube-al-podio-valencia-vicente-perez\/\"},\"author\":{\"name\":\"Xavi Andornet\",\"@id\":\"http:\/\/esponsorama.ad\/es\/#\/schema\/person\/a5cde74945183d737066e46b61c6f9c4\"},\"headline\":\"Reale Avintia Academy sube al podio en Valencia con Vicente P\u00e9rez\",\"datePublished\":\"2017-07-09T16:31:35+00:00\",\"dateModified\":\"2017-07-19T17:25:49+00:00\",\"mainEntityOfPage\":{\"@id\":\"http:\/\/esponsorama.ad\/es\/reale-avintia-academy-sube-al-podio-valencia-vicente-perez\/\"},\"wordCount\":562,\"image\":{\"@id\":\"http:\/\/esponsorama.ad\/es\/reale-avintia-academy-sube-al-podio-valencia-vicente-perez\/#primaryimage\"},\"thumbnailUrl\":\"http:\/\/esponsorama.ad\/wp-content\/uploads\/2017\/07\/MG_9941.jpg\",\"articleSection\":[\"FIM CEV\"],\"inLanguage\":\"es\"},{\"@type\":\"WebPage\",\"@id\":\"http:\/\/esponsorama.ad\/es\/reale-avintia-academy-sube-al-podio-valencia-vicente-perez\/\",\"url\":\"http:\/\/esponsorama.ad\/es\/reale-avintia-academy-sube-al-podio-valencia-vicente-perez\/\",\"name\":\"Reale Avintia Academy sube al podio en Valencia con Vicente P\u00e9rez - Esponsorama\",\"isPartOf\":{\"@id\":\"http:\/\/esponsorama.ad\/es\/#website\"},\"primaryImageOfPage\":{\"@id\":\"http:\/\/esponsorama.ad\/es\/reale-avintia-academy-sube-al-podio-valencia-vicente-perez\/#primaryimage\"},\"image\":{\"@id\":\"http:\/\/esponsorama.ad\/es\/reale-avintia-academy-sube-al-podio-valencia-vicente-perez\/#primaryimage\"},\"thumbnailUrl\":\"http:\/\/esponsorama.ad\/wp-content\/uploads\/2017\/07\/MG_9941.jpg\",\"datePublished\":\"2017-07-09T16:31:35+00:00\",\"dateModified\":\"2017-07-19T17:25:49+00:00\",\"author\":{\"@id\":\"http:\/\/esponsorama.ad\/es\/#\/schema\/person\/a5cde74945183d737066e46b61c6f9c4\"},\"breadcrumb\":{\"@id\":\"http:\/\/esponsorama.ad\/es\/reale-avintia-academy-sube-al-podio-valencia-vicente-perez\/#breadcrumb\"},\"inLanguage\":\"es\",\"potentialAction\":[{\"@type\":\"ReadAction\",\"target\":[\"http:\/\/esponsorama.ad\/es\/reale-avintia-academy-sube-al-podio-valencia-vicente-perez\/\"]}]},{\"@type\":\"ImageObject\",\"inLanguage\":\"es\",\"@id\":\"http:\/\/esponsorama.ad\/es\/reale-avintia-academy-sube-al-podio-valencia-vicente-perez\/#primaryimage\",\"url\":\"http:\/\/esponsorama.ad\/wp-content\/uploads\/2017\/07\/MG_9941.jpg\",\"contentUrl\":\"http:\/\/esponsorama.ad\/wp-content\/uploads\/2017\/07\/MG_9941.jpg\",\"width\":4272,\"height\":2848},{\"@type\":\"BreadcrumbList\",\"@id\":\"http:\/\/esponsorama.ad\/es\/reale-avintia-academy-sube-al-podio-valencia-vicente-perez\/#breadcrumb\",\"itemListElement\":[{\"@type\":\"ListItem\",\"position\":1,\"name\":\"Home\",\"item\":\"http:\/\/esponsorama.ad\/ca\/\"},{\"@type\":\"ListItem\",\"position\":2,\"name\":\"Reale Avintia Academy sube al podio en Valencia con Vicente P\u00e9rez\"}]},{\"@type\":\"WebSite\",\"@id\":\"http:\/\/esponsorama.ad\/es\/#website\",\"url\":\"http:\/\/esponsorama.ad\/es\/\",\"name\":\"Esponsorama\",\"description\":\"Specialist in motorsport sponsorship and event promotions\",\"potentialAction\":[{\"@type\":\"SearchAction\",\"target\":{\"@type\":\"EntryPoint\",\"urlTemplate\":\"http:\/\/esponsorama.ad\/es\/?s={search_term_string}\"},\"query-input\":{\"@type\":\"PropertyValueSpecification\",\"valueRequired\":true,\"valueName\":\"search_term_string\"}}],\"inLanguage\":\"es\"},{\"@type\":\"Person\",\"@id\":\"http:\/\/esponsorama.ad\/es\/#\/schema\/person\/a5cde74945183d737066e46b61c6f9c4\",\"name\":\"Xavi Andornet\",\"image\":{\"@type\":\"ImageObject\",\"inLanguage\":\"es\",\"@id\":\"http:\/\/esponsorama.ad\/es\/#\/schema\/person\/image\/\",\"url\":\"https:\/\/secure.gravatar.com\/avatar\/f10eaf9ad601244a2357c9fd7cd9805ed166cfaaf76d5d9ab08a9d873e70147a?s=96&d=mm&r=g\",\"contentUrl\":\"https:\/\/secure.gravatar.com\/avatar\/f10eaf9ad601244a2357c9fd7cd9805ed166cfaaf76d5d9ab08a9d873e70147a?s=96&d=mm&r=g\",\"caption\":\"Xavi Andornet\"},\"sameAs\":[\"http:\/\/www.andornet.ad\"],\"url\":\"http:\/\/esponsorama.ad\/es\/author\/andornet\/\"}]}<\/script>\n<!-- \/ Yoast SEO plugin. -->","yoast_head_json":{"title":"Reale Avintia Academy sube al podio en Valencia con Vicente P\u00e9rez - Esponsorama","robots":{"index":"index","follow":"follow","max-snippet":"max-snippet:-1","max-image-preview":"max-image-preview:large","max-video-preview":"max-video-preview:-1"},"canonical":"http:\/\/esponsorama.ad\/es\/reale-avintia-academy-sube-al-podio-valencia-vicente-perez\/","og_locale":"es_ES","og_type":"article","og_title":"Reale Avintia Academy sube al podio en Valencia con Vicente P\u00e9rez - Esponsorama","og_description":"El domingo del FIM CEV, en el circuito valenciano Ricardo Tormo, se ha vivido con intensidad para la Reale Avintia Academy. Los pilotos del equipo han ofrecido alguna alegr\u00eda a todos y siguen en su progreso de evoluci\u00f3n. Vicente P\u00e9rez part\u00eda desde la pole y con muchas posibilidades de llevarse alguna victoria. En la primera [&hellip;]","og_url":"http:\/\/esponsorama.ad\/es\/reale-avintia-academy-sube-al-podio-valencia-vicente-perez\/","og_site_name":"Esponsorama","article_published_time":"2017-07-09T16:31:35+00:00","article_modified_time":"2017-07-19T17:25:49+00:00","og_image":[{"width":4272,"height":2848,"url":"http:\/\/esponsorama.ad\/wp-content\/uploads\/2017\/07\/MG_9941.jpg","type":"image\/jpeg"}],"author":"Xavi Andornet","twitter_card":"summary_large_image","twitter_misc":{"Escrito por":"Xavi Andornet","Tiempo de lectura":"3 minutos"},"schema":{"@context":"https:\/\/schema.org","@graph":[{"@type":"Article","@id":"http:\/\/esponsorama.ad\/es\/reale-avintia-academy-sube-al-podio-valencia-vicente-perez\/#article","isPartOf":{"@id":"http:\/\/esponsorama.ad\/es\/reale-avintia-academy-sube-al-podio-valencia-vicente-perez\/"},"author":{"name":"Xavi Andornet","@id":"http:\/\/esponsorama.ad\/es\/#\/schema\/person\/a5cde74945183d737066e46b61c6f9c4"},"headline":"Reale Avintia Academy sube al podio en Valencia con Vicente P\u00e9rez","datePublished":"2017-07-09T16:31:35+00:00","dateModified":"2017-07-19T17:25:49+00:00","mainEntityOfPage":{"@id":"http:\/\/esponsorama.ad\/es\/reale-avintia-academy-sube-al-podio-valencia-vicente-perez\/"},"wordCount":562,"image":{"@id":"http:\/\/esponsorama.ad\/es\/reale-avintia-academy-sube-al-podio-valencia-vicente-perez\/#primaryimage"},"thumbnailUrl":"http:\/\/esponsorama.ad\/wp-content\/uploads\/2017\/07\/MG_9941.jpg","articleSection":["FIM CEV"],"inLanguage":"es"},{"@type":"WebPage","@id":"http:\/\/esponsorama.ad\/es\/reale-avintia-academy-sube-al-podio-valencia-vicente-perez\/","url":"http:\/\/esponsorama.ad\/es\/reale-avintia-academy-sube-al-podio-valencia-vicente-perez\/","name":"Reale Avintia Academy sube al podio en Valencia con Vicente P\u00e9rez - Esponsorama","isPartOf":{"@id":"http:\/\/esponsorama.ad\/es\/#website"},"primaryImageOfPage":{"@id":"http:\/\/esponsorama.ad\/es\/reale-avintia-academy-sube-al-podio-valencia-vicente-perez\/#primaryimage"},"image":{"@id":"http:\/\/esponsorama.ad\/es\/reale-avintia-academy-sube-al-podio-valencia-vicente-perez\/#primaryimage"},"thumbnailUrl":"http:\/\/esponsorama.ad\/wp-content\/uploads\/2017\/07\/MG_9941.jpg","datePublished":"2017-07-09T16:31:35+00:00","dateModified":"2017-07-19T17:25:49+00:00","author":{"@id":"http:\/\/esponsorama.ad\/es\/#\/schema\/person\/a5cde74945183d737066e46b61c6f9c4"},"breadcrumb":{"@id":"http:\/\/esponsorama.ad\/es\/reale-avintia-academy-sube-al-podio-valencia-vicente-perez\/#breadcrumb"},"inLanguage":"es","potentialAction":[{"@type":"ReadAction","target":["http:\/\/esponsorama.ad\/es\/reale-avintia-academy-sube-al-podio-valencia-vicente-perez\/"]}]},{"@type":"ImageObject","inLanguage":"es","@id":"http:\/\/esponsorama.ad\/es\/reale-avintia-academy-sube-al-podio-valencia-vicente-perez\/#primaryimage","url":"http:\/\/esponsorama.ad\/wp-content\/uploads\/2017\/07\/MG_9941.jpg","contentUrl":"http:\/\/esponsorama.ad\/wp-content\/uploads\/2017\/07\/MG_9941.jpg","width":4272,"height":2848},{"@type":"BreadcrumbList","@id":"http:\/\/esponsorama.ad\/es\/reale-avintia-academy-sube-al-podio-valencia-vicente-perez\/#breadcrumb","itemListElement":[{"@type":"ListItem","position":1,"name":"Home","item":"http:\/\/esponsorama.ad\/ca\/"},{"@type":"ListItem","position":2,"name":"Reale Avintia Academy sube al podio en Valencia con Vicente P\u00e9rez"}]},{"@type":"WebSite","@id":"http:\/\/esponsorama.ad\/es\/#website","url":"http:\/\/esponsorama.ad\/es\/","name":"Esponsorama","description":"Specialist in motorsport sponsorship and event promotions","potentialAction":[{"@type":"SearchAction","target":{"@type":"EntryPoint","urlTemplate":"http:\/\/esponsorama.ad\/es\/?s={search_term_string}"},"query-input":{"@type":"PropertyValueSpecification","valueRequired":true,"valueName":"search_term_string"}}],"inLanguage":"es"},{"@type":"Person","@id":"http:\/\/esponsorama.ad\/es\/#\/schema\/person\/a5cde74945183d737066e46b61c6f9c4","name":"Xavi Andornet","image":{"@type":"ImageObject","inLanguage":"es","@id":"http:\/\/esponsorama.ad\/es\/#\/schema\/person\/image\/","url":"https:\/\/secure.gravatar.com\/avatar\/f10eaf9ad601244a2357c9fd7cd9805ed166cfaaf76d5d9ab08a9d873e70147a?s=96&d=mm&r=g","contentUrl":"https:\/\/secure.gravatar.com\/avatar\/f10eaf9ad601244a2357c9fd7cd9805ed166cfaaf76d5d9ab08a9d873e70147a?s=96&d=mm&r=g","caption":"Xavi Andornet"},"sameAs":["http:\/\/www.andornet.ad"],"url":"http:\/\/esponsorama.ad\/es\/author\/andornet\/"}]}},"_links":{"self":[{"href":"http:\/\/esponsorama.ad\/es\/wp-json\/wp\/v2\/posts\/5082","targetHints":{"allow":["GET"]}}],"collection":[{"href":"http:\/\/esponsorama.ad\/es\/wp-json\/wp\/v2\/posts"}],"about":[{"href":"http:\/\/esponsorama.ad\/es\/wp-json\/wp\/v2\/types\/post"}],"author":[{"embeddable":true,"href":"http:\/\/esponsorama.ad\/es\/wp-json\/wp\/v2\/users\/6"}],"replies":[{"embeddable":true,"href":"http:\/\/esponsorama.ad\/es\/wp-json\/wp\/v2\/comments?post=5082"}],"version-history":[{"count":0,"href":"http:\/\/esponsorama.ad\/es\/wp-json\/wp\/v2\/posts\/5082\/revisions"}],"wp:featuredmedia":[{"embeddable":true,"href":"http:\/\/esponsorama.ad\/es\/wp-json\/wp\/v2\/media\/5075"}],"wp:attachment":[{"href":"http:\/\/esponsorama.ad\/es\/wp-json\/wp\/v2\/media?parent=5082"}],"wp:term":[{"taxonomy":"category","embeddable":true,"href":"http:\/\/esponsorama.ad\/es\/wp-json\/wp\/v2\/categories?post=5082"},{"taxonomy":"post_tag","embeddable":true,"href":"http:\/\/esponsorama.ad\/es\/wp-json\/wp\/v2\/tags?post=5082"}],"curies":[{"name":"wp","href":"https:\/\/api.w.org\/{rel}","templated":true}]}}