{"id":5089,"date":"2017-07-19T18:41:22","date_gmt":"2017-07-19T16:41:22","guid":{"rendered":"http:\/\/esponsorama.ad\/?p=5089"},"modified":"2017-07-23T18:14:27","modified_gmt":"2017-07-23T16:14:27","slug":"reale-avintia-academy-va-camino-estoril-del-paron-veraniego-del-fim-cev","status":"publish","type":"post","link":"http:\/\/esponsorama.ad\/es\/reale-avintia-academy-va-camino-estoril-del-paron-veraniego-del-fim-cev\/","title":{"rendered":"Reale Avintia Academy va camino de Estoril, antes del par\u00f3n veraniego del FIM CEV"},"content":{"rendered":"<p>El equipo de Reale Avintia Academy pone el rumbo a Portugal, para la cita este fin de semana en Estoril, antes del descanso veraniego del FIM CEV. Para los pilotos, excepto Vicente P\u00e9rez, es un trazado nuevo y esto supone un reto muy interesante.<\/p>\n<p>En Moto3, Vicente P\u00e9rez viene reforzado de Valencia despu\u00e9s del podio que protagoniz\u00f3 en la segunda carrera. El piloto valenciano es quinto del campeonato, con 65 puntos, y poca distancia con sus rivales que le preceden en la clasificaci\u00f3n.<\/p>\n<p>El piloto Kazajo, Makar Yurchenko, no tuvo buen fin de semana en la pasada cita, pero conf\u00eda en hacer buenos resultados en el desconocido circuito; en la general est\u00e1 noveno con 33 puntos.<\/p>\n<p>En la European Talent Cup se van a disputar dos carreras este fin de semana, por lo que tendr\u00e1n mayores posibilidades de conseguir puntos.<\/p>\n<p>Andreas P\u00e9rez se mantiene segundo de la Copa, tras el fin de semana de Cheste. El piloto catal\u00e1n dispone de 56 puntos, est\u00e1 a tan s\u00f3lo ocho del l\u00edder, y su intenci\u00f3n es luchar para situarse en cabeza.<\/p>\n<p>Iker Garc\u00eda, perdi\u00f3 posiciones despu\u00e9s de Valencia y actualmente es d\u00e9cimo. El piloto est\u00e1 muy fuerte y con las ganas de poder remontar en la general. con los resultados que pueda conseguir en Estoril.<\/p>\n<p>Por su parte, Jos\u00e9 Su\u00e1rez, se enfrenta a un nuevo reto como piloto y con un circuito nuevo tambi\u00e9n para \u00e9l. El piloto murciano sabe que est\u00e1 en proceso de evoluci\u00f3n y tiene toda la ilusi\u00f3n puesta en ello.<\/p>\n\n<p>\u201c Es un circuito desconocido para nuestro pilotos, excepto Vicente, ninguno ha rodado nunca en el trazado de Estoril. Es un circuito con una recta larga, pero muy t\u00e9cnico y con desniveles muy pronunciados; es complicado pero estoy convencido de que nuestros pilotos se adaptar\u00e1n r\u00e1pidamente a \u00e9l. Estamos seguros de que mantendremos la din\u00e1mica de resultados.\u201d<\/p>\n\n<p>\u00bb Hemos hecho una progresi\u00f3n muy buena durante el campeonato y estamos a muy pocos puntos de la cabeza. Creo que podemos hacer un buen papel en Estoril y poder subir de nuevo al podio. Espero tener un buen feeling con la moto este fin de semana; se est\u00e1 trabajando mucho y s\u00e9 que lo conseguiremos.\u201d<\/p>\n\n<p>\u00bb Valencia no fue un fin de semana f\u00e1cil para m\u00ed pero vengo lleno de motivaci\u00f3n a Estoril. No he estado nunca en este circuito pero me gusta aprender y coger una nueva experiencia. Estoy deseoso de obtener buenos resultados antes de las vacaciones de verano. Despu\u00e9s habr\u00e1 tiempo de descansar, analizar la temporada y trabajar duro de nuevo para los \u00faltimos tres fines de semana de la temporada.\u201d<\/p>\n<p><strong>\u00a0<\/strong><\/p>\n<p>\u201cViendo carreras anteriores de otros a\u00f1os, donde se corr\u00eda en Estoril con el FIM CEV, he podido darme cuenta de que es un trazado interesante. Nos tocar\u00e1 dar guerra, ya que tenemos dos carreras y seguimos segundos de la Copa ( a ocho puntos del primero). Hay que hacer podio o coger los m\u00e1ximos puntos posibles e intentar ponernos l\u00edderes de la general .\u201d<\/p>\n\n<p>\u201cNunca he estado en el circuito de Estoril. He intentado ver v\u00eddeos para entender mejor el circuito. Yo creo que podemos hacer importantes resultados porque tengo buenas sensaciones de Cheste. F\u00edsicamente me encuentro bien y preparado para dar el 100%.\u201d<\/p>\n\n<p><strong>\u201c<\/strong>F\u00edsicamente me encuentro m\u00e1s fuerte y estoy aprendiendo a controlar los nervios, la presi\u00f3n y los bajones. Creo que me va a gustar y espero que me vaya bien. Voy mejorando en cada carrera y voy a seguir trabajando hasta meterme en el grupo de cabeza.\u201d<\/p>\n","protected":false},"excerpt":{"rendered":"<p>El equipo de Reale Avintia Academy pone el rumbo a Portugal, para la cita este fin de semana en Estoril, antes del descanso veraniego del FIM CEV. Para los pilotos, excepto Vicente P\u00e9rez, es un trazado nuevo y esto supone un reto muy interesante. En Moto3, Vicente P\u00e9rez viene reforzado de Valencia despu\u00e9s del podio [&hellip;]<\/p>\n","protected":false},"author":6,"featured_media":5093,"comment_status":"closed","ping_status":"closed","sticky":false,"template":"","format":"standard","meta":{"footnotes":""},"categories":[10],"tags":[],"class_list":["post-5089","post","type-post","status-publish","format-standard","has-post-thumbnail","hentry","category-fim-cev"],"yoast_head":"<!-- This site is optimized with the Yoast SEO plugin v27.1.1 - https:\/\/yoast.com\/product\/yoast-seo-wordpress\/ -->\n<title>Reale Avintia Academy va camino de Estoril, antes del par\u00f3n veraniego del FIM CEV - Esponsorama<\/title>\n<meta name=\"robots\" content=\"index, follow, max-snippet:-1, max-image-preview:large, max-video-preview:-1\" \/>\n<link rel=\"canonical\" href=\"http:\/\/esponsorama.ad\/es\/reale-avintia-academy-va-camino-estoril-del-paron-veraniego-del-fim-cev\/\" \/>\n<meta property=\"og:locale\" content=\"es_ES\" \/>\n<meta property=\"og:type\" content=\"article\" \/>\n<meta property=\"og:title\" content=\"Reale Avintia Academy va camino de Estoril, antes del par\u00f3n veraniego del FIM CEV - Esponsorama\" \/>\n<meta property=\"og:description\" content=\"El equipo de Reale Avintia Academy pone el rumbo a Portugal, para la cita este fin de semana en Estoril, antes del descanso veraniego del FIM CEV. Para los pilotos, excepto Vicente P\u00e9rez, es un trazado nuevo y esto supone un reto muy interesante. En Moto3, Vicente P\u00e9rez viene reforzado de Valencia despu\u00e9s del podio [&hellip;]\" \/>\n<meta property=\"og:url\" content=\"http:\/\/esponsorama.ad\/es\/reale-avintia-academy-va-camino-estoril-del-paron-veraniego-del-fim-cev\/\" \/>\n<meta property=\"og:site_name\" content=\"Esponsorama\" \/>\n<meta property=\"article:published_time\" content=\"2017-07-19T16:41:22+00:00\" \/>\n<meta property=\"article:modified_time\" content=\"2017-07-23T16:14:27+00:00\" \/>\n<meta property=\"og:image\" content=\"http:\/\/esponsorama.ad\/wp-content\/uploads\/2017\/07\/MG_8290-1024x548.jpg\" \/>\n\t<meta property=\"og:image:width\" content=\"1024\" \/>\n\t<meta property=\"og:image:height\" content=\"548\" \/>\n\t<meta property=\"og:image:type\" content=\"image\/jpeg\" \/>\n<meta name=\"author\" content=\"Xavi Andornet\" \/>\n<meta name=\"twitter:card\" content=\"summary_large_image\" \/>\n<meta name=\"twitter:label1\" content=\"Escrito por\" \/>\n\t<meta name=\"twitter:data1\" content=\"Xavi Andornet\" \/>\n\t<meta name=\"twitter:label2\" content=\"Tiempo de lectura\" \/>\n\t<meta name=\"twitter:data2\" content=\"3 minutos\" \/>\n<script type=\"application\/ld+json\" class=\"yoast-schema-graph\">{\"@context\":\"https:\/\/schema.org\",\"@graph\":[{\"@type\":\"Article\",\"@id\":\"http:\/\/esponsorama.ad\/es\/reale-avintia-academy-va-camino-estoril-del-paron-veraniego-del-fim-cev\/#article\",\"isPartOf\":{\"@id\":\"http:\/\/esponsorama.ad\/es\/reale-avintia-academy-va-camino-estoril-del-paron-veraniego-del-fim-cev\/\"},\"author\":{\"name\":\"Xavi Andornet\",\"@id\":\"http:\/\/esponsorama.ad\/es\/#\/schema\/person\/a5cde74945183d737066e46b61c6f9c4\"},\"headline\":\"Reale Avintia Academy va camino de Estoril, antes del par\u00f3n veraniego del FIM CEV\",\"datePublished\":\"2017-07-19T16:41:22+00:00\",\"dateModified\":\"2017-07-23T16:14:27+00:00\",\"mainEntityOfPage\":{\"@id\":\"http:\/\/esponsorama.ad\/es\/reale-avintia-academy-va-camino-estoril-del-paron-veraniego-del-fim-cev\/\"},\"wordCount\":636,\"image\":{\"@id\":\"http:\/\/esponsorama.ad\/es\/reale-avintia-academy-va-camino-estoril-del-paron-veraniego-del-fim-cev\/#primaryimage\"},\"thumbnailUrl\":\"http:\/\/esponsorama.ad\/wp-content\/uploads\/2017\/07\/MG_8290.jpg\",\"articleSection\":[\"FIM CEV\"],\"inLanguage\":\"es\"},{\"@type\":\"WebPage\",\"@id\":\"http:\/\/esponsorama.ad\/es\/reale-avintia-academy-va-camino-estoril-del-paron-veraniego-del-fim-cev\/\",\"url\":\"http:\/\/esponsorama.ad\/es\/reale-avintia-academy-va-camino-estoril-del-paron-veraniego-del-fim-cev\/\",\"name\":\"Reale Avintia Academy va camino de Estoril, antes del par\u00f3n veraniego del FIM CEV - Esponsorama\",\"isPartOf\":{\"@id\":\"http:\/\/esponsorama.ad\/es\/#website\"},\"primaryImageOfPage\":{\"@id\":\"http:\/\/esponsorama.ad\/es\/reale-avintia-academy-va-camino-estoril-del-paron-veraniego-del-fim-cev\/#primaryimage\"},\"image\":{\"@id\":\"http:\/\/esponsorama.ad\/es\/reale-avintia-academy-va-camino-estoril-del-paron-veraniego-del-fim-cev\/#primaryimage\"},\"thumbnailUrl\":\"http:\/\/esponsorama.ad\/wp-content\/uploads\/2017\/07\/MG_8290.jpg\",\"datePublished\":\"2017-07-19T16:41:22+00:00\",\"dateModified\":\"2017-07-23T16:14:27+00:00\",\"author\":{\"@id\":\"http:\/\/esponsorama.ad\/es\/#\/schema\/person\/a5cde74945183d737066e46b61c6f9c4\"},\"breadcrumb\":{\"@id\":\"http:\/\/esponsorama.ad\/es\/reale-avintia-academy-va-camino-estoril-del-paron-veraniego-del-fim-cev\/#breadcrumb\"},\"inLanguage\":\"es\",\"potentialAction\":[{\"@type\":\"ReadAction\",\"target\":[\"http:\/\/esponsorama.ad\/es\/reale-avintia-academy-va-camino-estoril-del-paron-veraniego-del-fim-cev\/\"]}]},{\"@type\":\"ImageObject\",\"inLanguage\":\"es\",\"@id\":\"http:\/\/esponsorama.ad\/es\/reale-avintia-academy-va-camino-estoril-del-paron-veraniego-del-fim-cev\/#primaryimage\",\"url\":\"http:\/\/esponsorama.ad\/wp-content\/uploads\/2017\/07\/MG_8290.jpg\",\"contentUrl\":\"http:\/\/esponsorama.ad\/wp-content\/uploads\/2017\/07\/MG_8290.jpg\",\"width\":4272,\"height\":2287},{\"@type\":\"BreadcrumbList\",\"@id\":\"http:\/\/esponsorama.ad\/es\/reale-avintia-academy-va-camino-estoril-del-paron-veraniego-del-fim-cev\/#breadcrumb\",\"itemListElement\":[{\"@type\":\"ListItem\",\"position\":1,\"name\":\"Home\",\"item\":\"http:\/\/esponsorama.ad\/es\/\"},{\"@type\":\"ListItem\",\"position\":2,\"name\":\"Reale Avintia Academy va camino de Estoril, antes del par\u00f3n veraniego del FIM CEV\"}]},{\"@type\":\"WebSite\",\"@id\":\"http:\/\/esponsorama.ad\/es\/#website\",\"url\":\"http:\/\/esponsorama.ad\/es\/\",\"name\":\"Esponsorama\",\"description\":\"Specialist in motorsport sponsorship and event promotions\",\"potentialAction\":[{\"@type\":\"SearchAction\",\"target\":{\"@type\":\"EntryPoint\",\"urlTemplate\":\"http:\/\/esponsorama.ad\/es\/?s={search_term_string}\"},\"query-input\":{\"@type\":\"PropertyValueSpecification\",\"valueRequired\":true,\"valueName\":\"search_term_string\"}}],\"inLanguage\":\"es\"},{\"@type\":\"Person\",\"@id\":\"http:\/\/esponsorama.ad\/es\/#\/schema\/person\/a5cde74945183d737066e46b61c6f9c4\",\"name\":\"Xavi Andornet\",\"image\":{\"@type\":\"ImageObject\",\"inLanguage\":\"es\",\"@id\":\"http:\/\/esponsorama.ad\/es\/#\/schema\/person\/image\/\",\"url\":\"https:\/\/secure.gravatar.com\/avatar\/f10eaf9ad601244a2357c9fd7cd9805ed166cfaaf76d5d9ab08a9d873e70147a?s=96&d=mm&r=g\",\"contentUrl\":\"https:\/\/secure.gravatar.com\/avatar\/f10eaf9ad601244a2357c9fd7cd9805ed166cfaaf76d5d9ab08a9d873e70147a?s=96&d=mm&r=g\",\"caption\":\"Xavi Andornet\"},\"sameAs\":[\"http:\/\/www.andornet.ad\"],\"url\":\"http:\/\/esponsorama.ad\/es\/author\/andornet\/\"}]}<\/script>\n<!-- \/ Yoast SEO plugin. -->","yoast_head_json":{"title":"Reale Avintia Academy va camino de Estoril, antes del par\u00f3n veraniego del FIM CEV - Esponsorama","robots":{"index":"index","follow":"follow","max-snippet":"max-snippet:-1","max-image-preview":"max-image-preview:large","max-video-preview":"max-video-preview:-1"},"canonical":"http:\/\/esponsorama.ad\/es\/reale-avintia-academy-va-camino-estoril-del-paron-veraniego-del-fim-cev\/","og_locale":"es_ES","og_type":"article","og_title":"Reale Avintia Academy va camino de Estoril, antes del par\u00f3n veraniego del FIM CEV - Esponsorama","og_description":"El equipo de Reale Avintia Academy pone el rumbo a Portugal, para la cita este fin de semana en Estoril, antes del descanso veraniego del FIM CEV. Para los pilotos, excepto Vicente P\u00e9rez, es un trazado nuevo y esto supone un reto muy interesante. En Moto3, Vicente P\u00e9rez viene reforzado de Valencia despu\u00e9s del podio [&hellip;]","og_url":"http:\/\/esponsorama.ad\/es\/reale-avintia-academy-va-camino-estoril-del-paron-veraniego-del-fim-cev\/","og_site_name":"Esponsorama","article_published_time":"2017-07-19T16:41:22+00:00","article_modified_time":"2017-07-23T16:14:27+00:00","og_image":[{"width":1024,"height":548,"url":"http:\/\/esponsorama.ad\/wp-content\/uploads\/2017\/07\/MG_8290-1024x548.jpg","type":"image\/jpeg"}],"author":"Xavi Andornet","twitter_card":"summary_large_image","twitter_misc":{"Escrito por":"Xavi Andornet","Tiempo de lectura":"3 minutos"},"schema":{"@context":"https:\/\/schema.org","@graph":[{"@type":"Article","@id":"http:\/\/esponsorama.ad\/es\/reale-avintia-academy-va-camino-estoril-del-paron-veraniego-del-fim-cev\/#article","isPartOf":{"@id":"http:\/\/esponsorama.ad\/es\/reale-avintia-academy-va-camino-estoril-del-paron-veraniego-del-fim-cev\/"},"author":{"name":"Xavi Andornet","@id":"http:\/\/esponsorama.ad\/es\/#\/schema\/person\/a5cde74945183d737066e46b61c6f9c4"},"headline":"Reale Avintia Academy va camino de Estoril, antes del par\u00f3n veraniego del FIM CEV","datePublished":"2017-07-19T16:41:22+00:00","dateModified":"2017-07-23T16:14:27+00:00","mainEntityOfPage":{"@id":"http:\/\/esponsorama.ad\/es\/reale-avintia-academy-va-camino-estoril-del-paron-veraniego-del-fim-cev\/"},"wordCount":636,"image":{"@id":"http:\/\/esponsorama.ad\/es\/reale-avintia-academy-va-camino-estoril-del-paron-veraniego-del-fim-cev\/#primaryimage"},"thumbnailUrl":"http:\/\/esponsorama.ad\/wp-content\/uploads\/2017\/07\/MG_8290.jpg","articleSection":["FIM CEV"],"inLanguage":"es"},{"@type":"WebPage","@id":"http:\/\/esponsorama.ad\/es\/reale-avintia-academy-va-camino-estoril-del-paron-veraniego-del-fim-cev\/","url":"http:\/\/esponsorama.ad\/es\/reale-avintia-academy-va-camino-estoril-del-paron-veraniego-del-fim-cev\/","name":"Reale Avintia Academy va camino de Estoril, antes del par\u00f3n veraniego del FIM CEV - Esponsorama","isPartOf":{"@id":"http:\/\/esponsorama.ad\/es\/#website"},"primaryImageOfPage":{"@id":"http:\/\/esponsorama.ad\/es\/reale-avintia-academy-va-camino-estoril-del-paron-veraniego-del-fim-cev\/#primaryimage"},"image":{"@id":"http:\/\/esponsorama.ad\/es\/reale-avintia-academy-va-camino-estoril-del-paron-veraniego-del-fim-cev\/#primaryimage"},"thumbnailUrl":"http:\/\/esponsorama.ad\/wp-content\/uploads\/2017\/07\/MG_8290.jpg","datePublished":"2017-07-19T16:41:22+00:00","dateModified":"2017-07-23T16:14:27+00:00","author":{"@id":"http:\/\/esponsorama.ad\/es\/#\/schema\/person\/a5cde74945183d737066e46b61c6f9c4"},"breadcrumb":{"@id":"http:\/\/esponsorama.ad\/es\/reale-avintia-academy-va-camino-estoril-del-paron-veraniego-del-fim-cev\/#breadcrumb"},"inLanguage":"es","potentialAction":[{"@type":"ReadAction","target":["http:\/\/esponsorama.ad\/es\/reale-avintia-academy-va-camino-estoril-del-paron-veraniego-del-fim-cev\/"]}]},{"@type":"ImageObject","inLanguage":"es","@id":"http:\/\/esponsorama.ad\/es\/reale-avintia-academy-va-camino-estoril-del-paron-veraniego-del-fim-cev\/#primaryimage","url":"http:\/\/esponsorama.ad\/wp-content\/uploads\/2017\/07\/MG_8290.jpg","contentUrl":"http:\/\/esponsorama.ad\/wp-content\/uploads\/2017\/07\/MG_8290.jpg","width":4272,"height":2287},{"@type":"BreadcrumbList","@id":"http:\/\/esponsorama.ad\/es\/reale-avintia-academy-va-camino-estoril-del-paron-veraniego-del-fim-cev\/#breadcrumb","itemListElement":[{"@type":"ListItem","position":1,"name":"Home","item":"http:\/\/esponsorama.ad\/es\/"},{"@type":"ListItem","position":2,"name":"Reale Avintia Academy va camino de Estoril, antes del par\u00f3n veraniego del FIM CEV"}]},{"@type":"WebSite","@id":"http:\/\/esponsorama.ad\/es\/#website","url":"http:\/\/esponsorama.ad\/es\/","name":"Esponsorama","description":"Specialist in motorsport sponsorship and event promotions","potentialAction":[{"@type":"SearchAction","target":{"@type":"EntryPoint","urlTemplate":"http:\/\/esponsorama.ad\/es\/?s={search_term_string}"},"query-input":{"@type":"PropertyValueSpecification","valueRequired":true,"valueName":"search_term_string"}}],"inLanguage":"es"},{"@type":"Person","@id":"http:\/\/esponsorama.ad\/es\/#\/schema\/person\/a5cde74945183d737066e46b61c6f9c4","name":"Xavi Andornet","image":{"@type":"ImageObject","inLanguage":"es","@id":"http:\/\/esponsorama.ad\/es\/#\/schema\/person\/image\/","url":"https:\/\/secure.gravatar.com\/avatar\/f10eaf9ad601244a2357c9fd7cd9805ed166cfaaf76d5d9ab08a9d873e70147a?s=96&d=mm&r=g","contentUrl":"https:\/\/secure.gravatar.com\/avatar\/f10eaf9ad601244a2357c9fd7cd9805ed166cfaaf76d5d9ab08a9d873e70147a?s=96&d=mm&r=g","caption":"Xavi Andornet"},"sameAs":["http:\/\/www.andornet.ad"],"url":"http:\/\/esponsorama.ad\/es\/author\/andornet\/"}]}},"_links":{"self":[{"href":"http:\/\/esponsorama.ad\/es\/wp-json\/wp\/v2\/posts\/5089","targetHints":{"allow":["GET"]}}],"collection":[{"href":"http:\/\/esponsorama.ad\/es\/wp-json\/wp\/v2\/posts"}],"about":[{"href":"http:\/\/esponsorama.ad\/es\/wp-json\/wp\/v2\/types\/post"}],"author":[{"embeddable":true,"href":"http:\/\/esponsorama.ad\/es\/wp-json\/wp\/v2\/users\/6"}],"replies":[{"embeddable":true,"href":"http:\/\/esponsorama.ad\/es\/wp-json\/wp\/v2\/comments?post=5089"}],"version-history":[{"count":0,"href":"http:\/\/esponsorama.ad\/es\/wp-json\/wp\/v2\/posts\/5089\/revisions"}],"wp:featuredmedia":[{"embeddable":true,"href":"http:\/\/esponsorama.ad\/es\/wp-json\/wp\/v2\/media\/5093"}],"wp:attachment":[{"href":"http:\/\/esponsorama.ad\/es\/wp-json\/wp\/v2\/media?parent=5089"}],"wp:term":[{"taxonomy":"category","embeddable":true,"href":"http:\/\/esponsorama.ad\/es\/wp-json\/wp\/v2\/categories?post=5089"},{"taxonomy":"post_tag","embeddable":true,"href":"http:\/\/esponsorama.ad\/es\/wp-json\/wp\/v2\/tags?post=5089"}],"curies":[{"name":"wp","href":"https:\/\/api.w.org\/{rel}","templated":true}]}}