{"id":509,"date":"2016-07-17T17:00:07","date_gmt":"2016-07-17T15:00:07","guid":{"rendered":"http:\/\/esponsorama.ad\/?p=509"},"modified":"2016-07-22T18:16:01","modified_gmt":"2016-07-22T16:16:01","slug":"un-noveno-puesto-que-sabe-a-poco-para-barbera-y-avintia-racing-2","status":"publish","type":"post","link":"http:\/\/esponsorama.ad\/es\/un-noveno-puesto-que-sabe-a-poco-para-barbera-y-avintia-racing-2\/","title":{"rendered":"Un noveno puesto que sabe a poco para Barber\u00e1 y Avintia Racing"},"content":{"rendered":"<p>Las condiciones climatol\u00f3gicas han sido una vez m\u00e1s protagonistas en Sachsenring, y han impedido a H\u00e9ctor Barber\u00e1 y al equipo Avintia Racing, lograr un grand\u00edsimo resultado. Despu\u00e9s de conseguir la segunda posici\u00f3n de la parrilla en los entrenamientos cronometrados disputados en seco, hoy Barber\u00e1, ha demostrado en el warm-up, que bajo la lluvia tambi\u00e9n pod\u00eda ser muy competitivo. Al apagarse el sem\u00e1foro rojo, ha podido confirmar las buenas sensaciones de la ma\u00f1ana sobre el asfalto mojado peleando en el grupo de cabeza, y cuando la pista se ha ido secando ha pasado al ataque hasta colocarse segundo, por detr\u00e1s de Andrea Dovizioso y por delante de Valentino Rossi. A falta de siete vueltas para el final ha parado a cambiar de moto, y aunque su ritmo en condiciones mixtas tampoco ha sido malo, ha perdido unas preciosas posiciones hasta cruzar la meta noveno. Un buen resultado, pero que sin duda sabe a poco despu\u00e9s de estar delante. Aun as\u00ed, el balance de la primera mitad del a\u00f1o es muy positivo, porque Barber\u00e1 sigue s\u00e9ptimo en el campeonato, y como primera Ducati.<\/p>\n<p>Loris Baz tambi\u00e9n ha comenzado la carrera con muchas expectativas despu\u00e9s de mostrar un gran ritmo en el warm-up. Pero el piloto franc\u00e9s de Avintia Racing no ha acertado con la elecci\u00f3n de neum\u00e1ticos cuando la pista estaba mojada, y tampoco al cambiar de moto, lo que le ha obligado a pasar una vez m\u00e1s por boxes. Baz ha terminado 17\u00ba, y lo m\u00e1s positivo del fin de semana de su retorno, es que su pie no le ha molestado encima de la moto.<\/p>\n<p>Barber\u00e1 y Baz viajar\u00e1n ahora a Spielberg para entrenar durante dos d\u00edas en el Red Bull Ring, escenario del pr\u00f3ximo Gran Premio de Austria del 12 al 14 de agosto.<\/p>\n<p><strong>8 HECTOR BARBERA @hectorbarbera P9<\/strong><\/p>\n<p>\u201cHa sido una carrera loca y no hemos tenido suerte. Despu\u00e9s de 15 vueltas las pista se ha secado y la condici\u00f3n mixta a m\u00ed siempre me cuesta m\u00e1s. Mientras estaba mojado he dado el m\u00e1ximo y est\u00e1bamos muy bien clasificados, pero despu\u00e9s del cambio de moto no ha ido tan bien. En la primera vuelta he perdido mucho tiempo, ven\u00eda gente lanzada que hab\u00eda cambiado de moto unas vueltas antes y hemos perdido posiciones. Al final, lo positivo es que ha sido una de las carreras en las que m\u00e1s cerca hemos entrado de los de delante y el equipo ha hecho un grand\u00edsimo trabajo durante todo el fin de semana. Ayer nos metimos segundos en la parrilla y hoy hemos estado ah\u00ed hasta pr\u00e1cticamente el final de la carrera. Ha sido una l\u00e1stima que al final no se haya visto el resultado, pero el noveno puesto no est\u00e1 tan mal. Volvemos a ser competitivos en agua y en seco, por lo que antes o despu\u00e9s los resultados llegar\u00e1n. Nos vamos al par\u00f3n clasificados s\u00e9ptimos y como primera Ducati, as\u00ed que debemos estar contentos\u201d.<\/p>\n<p><strong>76 LORIS BAZ @lorisbaz<\/strong><\/p>\n<p>\u201cLa carrera ha sido un desastre desde la primera a la \u00faltima vuelta. Ten\u00eda que mojarse la pista y al final se ha secado. En esas condiciones no ten\u00edamos la mejor goma delantera y ten\u00eda que arriesgar mucho al no poder hacer paso por curva. He entrado a cambiar de moto pronto, pero cre\u00eda que era imposible ir con slick detr\u00e1s, y he tenido que parar de nuevo para salir con el mixto. Cuando he dado una vuelta, he visto que con el slick ya se pod\u00eda ir, pero la condici\u00f3n de la pista cambiaba tan r\u00e1pido que era imposible acertar. Al final no iba tan mal, pero ya hab\u00eda perdido dos vueltas y no ten\u00eda sentido arriesgar. Lo positivo es que, aunque la pierna ahora me duele bastante, no me ha molestado nada encima de la moto. Ahora nos vamos a Austria para el test, a ver si podemos aprender algo que nos ayude, porque ha sido la peor primera mitad de temporada de mi vida. Solo espero que la segunda vaya mejor\u201d.<\/p>\n<p>&nbsp;<\/p>\n","protected":false},"excerpt":{"rendered":"<p>Las condiciones climatol\u00f3gicas han sido una vez m\u00e1s protagonistas en Sachsenring, y han impedido a H\u00e9ctor Barber\u00e1 y al equipo Avintia Racing, lograr un grand\u00edsimo resultado. Despu\u00e9s de conseguir la segunda posici\u00f3n de la parrilla en los entrenamientos cronometrados disputados en seco, hoy Barber\u00e1, ha demostrado en el warm-up, que bajo la lluvia tambi\u00e9n pod\u00eda [&hellip;]<\/p>\n","protected":false},"author":6,"featured_media":505,"comment_status":"closed","ping_status":"closed","sticky":false,"template":"","format":"standard","meta":{"footnotes":""},"categories":[3],"tags":[],"class_list":["post-509","post","type-post","status-publish","format-standard","has-post-thumbnail","hentry","category-motogp"],"yoast_head":"<!-- This site is optimized with the Yoast SEO plugin v27.1.1 - https:\/\/yoast.com\/product\/yoast-seo-wordpress\/ -->\n<title>Un noveno puesto que sabe a poco para Barber\u00e1 y Avintia Racing - Esponsorama<\/title>\n<meta name=\"robots\" content=\"index, follow, max-snippet:-1, max-image-preview:large, max-video-preview:-1\" \/>\n<link rel=\"canonical\" href=\"http:\/\/esponsorama.ad\/es\/un-noveno-puesto-que-sabe-a-poco-para-barbera-y-avintia-racing-2\/\" \/>\n<meta property=\"og:locale\" content=\"es_ES\" \/>\n<meta property=\"og:type\" content=\"article\" \/>\n<meta property=\"og:title\" content=\"Un noveno puesto que sabe a poco para Barber\u00e1 y Avintia Racing - Esponsorama\" \/>\n<meta property=\"og:description\" content=\"Las condiciones climatol\u00f3gicas han sido una vez m\u00e1s protagonistas en Sachsenring, y han impedido a H\u00e9ctor Barber\u00e1 y al equipo Avintia Racing, lograr un grand\u00edsimo resultado. Despu\u00e9s de conseguir la segunda posici\u00f3n de la parrilla en los entrenamientos cronometrados disputados en seco, hoy Barber\u00e1, ha demostrado en el warm-up, que bajo la lluvia tambi\u00e9n pod\u00eda [&hellip;]\" \/>\n<meta property=\"og:url\" content=\"http:\/\/esponsorama.ad\/es\/un-noveno-puesto-que-sabe-a-poco-para-barbera-y-avintia-racing-2\/\" \/>\n<meta property=\"og:site_name\" content=\"Esponsorama\" \/>\n<meta property=\"article:published_time\" content=\"2016-07-17T15:00:07+00:00\" \/>\n<meta property=\"article:modified_time\" content=\"2016-07-22T16:16:01+00:00\" \/>\n<meta property=\"og:image\" content=\"http:\/\/esponsorama.ad\/wp-content\/uploads\/2016\/07\/09_SACHSEN_MGP_AVINTIA-0170.jpg\" \/>\n\t<meta property=\"og:image:width\" content=\"3882\" \/>\n\t<meta property=\"og:image:height\" content=\"2588\" \/>\n\t<meta property=\"og:image:type\" content=\"image\/jpeg\" \/>\n<meta name=\"author\" content=\"Xavi Andornet\" \/>\n<meta name=\"twitter:card\" content=\"summary_large_image\" \/>\n<meta name=\"twitter:label1\" content=\"Escrito por\" \/>\n\t<meta name=\"twitter:data1\" content=\"Xavi Andornet\" \/>\n\t<meta name=\"twitter:label2\" content=\"Tiempo de lectura\" \/>\n\t<meta name=\"twitter:data2\" content=\"4 minutos\" \/>\n<script type=\"application\/ld+json\" class=\"yoast-schema-graph\">{\"@context\":\"https:\/\/schema.org\",\"@graph\":[{\"@type\":\"Article\",\"@id\":\"http:\/\/esponsorama.ad\/es\/un-noveno-puesto-que-sabe-a-poco-para-barbera-y-avintia-racing-2\/#article\",\"isPartOf\":{\"@id\":\"http:\/\/esponsorama.ad\/es\/un-noveno-puesto-que-sabe-a-poco-para-barbera-y-avintia-racing-2\/\"},\"author\":{\"name\":\"Xavi Andornet\",\"@id\":\"http:\/\/esponsorama.ad\/es\/#\/schema\/person\/a5cde74945183d737066e46b61c6f9c4\"},\"headline\":\"Un noveno puesto que sabe a poco para Barber\u00e1 y Avintia Racing\",\"datePublished\":\"2016-07-17T15:00:07+00:00\",\"dateModified\":\"2016-07-22T16:16:01+00:00\",\"mainEntityOfPage\":{\"@id\":\"http:\/\/esponsorama.ad\/es\/un-noveno-puesto-que-sabe-a-poco-para-barbera-y-avintia-racing-2\/\"},\"wordCount\":720,\"image\":{\"@id\":\"http:\/\/esponsorama.ad\/es\/un-noveno-puesto-que-sabe-a-poco-para-barbera-y-avintia-racing-2\/#primaryimage\"},\"thumbnailUrl\":\"http:\/\/esponsorama.ad\/wp-content\/uploads\/2016\/07\/09_SACHSEN_MGP_AVINTIA-0170.jpg\",\"articleSection\":[\"MotoGP\"],\"inLanguage\":\"es\"},{\"@type\":\"WebPage\",\"@id\":\"http:\/\/esponsorama.ad\/es\/un-noveno-puesto-que-sabe-a-poco-para-barbera-y-avintia-racing-2\/\",\"url\":\"http:\/\/esponsorama.ad\/es\/un-noveno-puesto-que-sabe-a-poco-para-barbera-y-avintia-racing-2\/\",\"name\":\"Un noveno puesto que sabe a poco para Barber\u00e1 y Avintia Racing - Esponsorama\",\"isPartOf\":{\"@id\":\"http:\/\/esponsorama.ad\/es\/#website\"},\"primaryImageOfPage\":{\"@id\":\"http:\/\/esponsorama.ad\/es\/un-noveno-puesto-que-sabe-a-poco-para-barbera-y-avintia-racing-2\/#primaryimage\"},\"image\":{\"@id\":\"http:\/\/esponsorama.ad\/es\/un-noveno-puesto-que-sabe-a-poco-para-barbera-y-avintia-racing-2\/#primaryimage\"},\"thumbnailUrl\":\"http:\/\/esponsorama.ad\/wp-content\/uploads\/2016\/07\/09_SACHSEN_MGP_AVINTIA-0170.jpg\",\"datePublished\":\"2016-07-17T15:00:07+00:00\",\"dateModified\":\"2016-07-22T16:16:01+00:00\",\"author\":{\"@id\":\"http:\/\/esponsorama.ad\/es\/#\/schema\/person\/a5cde74945183d737066e46b61c6f9c4\"},\"breadcrumb\":{\"@id\":\"http:\/\/esponsorama.ad\/es\/un-noveno-puesto-que-sabe-a-poco-para-barbera-y-avintia-racing-2\/#breadcrumb\"},\"inLanguage\":\"es\",\"potentialAction\":[{\"@type\":\"ReadAction\",\"target\":[\"http:\/\/esponsorama.ad\/es\/un-noveno-puesto-que-sabe-a-poco-para-barbera-y-avintia-racing-2\/\"]}]},{\"@type\":\"ImageObject\",\"inLanguage\":\"es\",\"@id\":\"http:\/\/esponsorama.ad\/es\/un-noveno-puesto-que-sabe-a-poco-para-barbera-y-avintia-racing-2\/#primaryimage\",\"url\":\"http:\/\/esponsorama.ad\/wp-content\/uploads\/2016\/07\/09_SACHSEN_MGP_AVINTIA-0170.jpg\",\"contentUrl\":\"http:\/\/esponsorama.ad\/wp-content\/uploads\/2016\/07\/09_SACHSEN_MGP_AVINTIA-0170.jpg\",\"width\":3882,\"height\":2588},{\"@type\":\"BreadcrumbList\",\"@id\":\"http:\/\/esponsorama.ad\/es\/un-noveno-puesto-que-sabe-a-poco-para-barbera-y-avintia-racing-2\/#breadcrumb\",\"itemListElement\":[{\"@type\":\"ListItem\",\"position\":1,\"name\":\"Home\",\"item\":\"http:\/\/esponsorama.ad\/es\/\"},{\"@type\":\"ListItem\",\"position\":2,\"name\":\"Un noveno puesto que sabe a poco para Barber\u00e1 y Avintia Racing\"}]},{\"@type\":\"WebSite\",\"@id\":\"http:\/\/esponsorama.ad\/es\/#website\",\"url\":\"http:\/\/esponsorama.ad\/es\/\",\"name\":\"Esponsorama\",\"description\":\"Specialist in motorsport sponsorship and event promotions\",\"potentialAction\":[{\"@type\":\"SearchAction\",\"target\":{\"@type\":\"EntryPoint\",\"urlTemplate\":\"http:\/\/esponsorama.ad\/es\/?s={search_term_string}\"},\"query-input\":{\"@type\":\"PropertyValueSpecification\",\"valueRequired\":true,\"valueName\":\"search_term_string\"}}],\"inLanguage\":\"es\"},{\"@type\":\"Person\",\"@id\":\"http:\/\/esponsorama.ad\/es\/#\/schema\/person\/a5cde74945183d737066e46b61c6f9c4\",\"name\":\"Xavi Andornet\",\"image\":{\"@type\":\"ImageObject\",\"inLanguage\":\"es\",\"@id\":\"http:\/\/esponsorama.ad\/es\/#\/schema\/person\/image\/\",\"url\":\"https:\/\/secure.gravatar.com\/avatar\/f10eaf9ad601244a2357c9fd7cd9805ed166cfaaf76d5d9ab08a9d873e70147a?s=96&d=mm&r=g\",\"contentUrl\":\"https:\/\/secure.gravatar.com\/avatar\/f10eaf9ad601244a2357c9fd7cd9805ed166cfaaf76d5d9ab08a9d873e70147a?s=96&d=mm&r=g\",\"caption\":\"Xavi Andornet\"},\"sameAs\":[\"http:\/\/www.andornet.ad\"],\"url\":\"http:\/\/esponsorama.ad\/es\/author\/andornet\/\"}]}<\/script>\n<!-- \/ Yoast SEO plugin. -->","yoast_head_json":{"title":"Un noveno puesto que sabe a poco para Barber\u00e1 y Avintia Racing - Esponsorama","robots":{"index":"index","follow":"follow","max-snippet":"max-snippet:-1","max-image-preview":"max-image-preview:large","max-video-preview":"max-video-preview:-1"},"canonical":"http:\/\/esponsorama.ad\/es\/un-noveno-puesto-que-sabe-a-poco-para-barbera-y-avintia-racing-2\/","og_locale":"es_ES","og_type":"article","og_title":"Un noveno puesto que sabe a poco para Barber\u00e1 y Avintia Racing - Esponsorama","og_description":"Las condiciones climatol\u00f3gicas han sido una vez m\u00e1s protagonistas en Sachsenring, y han impedido a H\u00e9ctor Barber\u00e1 y al equipo Avintia Racing, lograr un grand\u00edsimo resultado. Despu\u00e9s de conseguir la segunda posici\u00f3n de la parrilla en los entrenamientos cronometrados disputados en seco, hoy Barber\u00e1, ha demostrado en el warm-up, que bajo la lluvia tambi\u00e9n pod\u00eda [&hellip;]","og_url":"http:\/\/esponsorama.ad\/es\/un-noveno-puesto-que-sabe-a-poco-para-barbera-y-avintia-racing-2\/","og_site_name":"Esponsorama","article_published_time":"2016-07-17T15:00:07+00:00","article_modified_time":"2016-07-22T16:16:01+00:00","og_image":[{"width":3882,"height":2588,"url":"http:\/\/esponsorama.ad\/wp-content\/uploads\/2016\/07\/09_SACHSEN_MGP_AVINTIA-0170.jpg","type":"image\/jpeg"}],"author":"Xavi Andornet","twitter_card":"summary_large_image","twitter_misc":{"Escrito por":"Xavi Andornet","Tiempo de lectura":"4 minutos"},"schema":{"@context":"https:\/\/schema.org","@graph":[{"@type":"Article","@id":"http:\/\/esponsorama.ad\/es\/un-noveno-puesto-que-sabe-a-poco-para-barbera-y-avintia-racing-2\/#article","isPartOf":{"@id":"http:\/\/esponsorama.ad\/es\/un-noveno-puesto-que-sabe-a-poco-para-barbera-y-avintia-racing-2\/"},"author":{"name":"Xavi Andornet","@id":"http:\/\/esponsorama.ad\/es\/#\/schema\/person\/a5cde74945183d737066e46b61c6f9c4"},"headline":"Un noveno puesto que sabe a poco para Barber\u00e1 y Avintia Racing","datePublished":"2016-07-17T15:00:07+00:00","dateModified":"2016-07-22T16:16:01+00:00","mainEntityOfPage":{"@id":"http:\/\/esponsorama.ad\/es\/un-noveno-puesto-que-sabe-a-poco-para-barbera-y-avintia-racing-2\/"},"wordCount":720,"image":{"@id":"http:\/\/esponsorama.ad\/es\/un-noveno-puesto-que-sabe-a-poco-para-barbera-y-avintia-racing-2\/#primaryimage"},"thumbnailUrl":"http:\/\/esponsorama.ad\/wp-content\/uploads\/2016\/07\/09_SACHSEN_MGP_AVINTIA-0170.jpg","articleSection":["MotoGP"],"inLanguage":"es"},{"@type":"WebPage","@id":"http:\/\/esponsorama.ad\/es\/un-noveno-puesto-que-sabe-a-poco-para-barbera-y-avintia-racing-2\/","url":"http:\/\/esponsorama.ad\/es\/un-noveno-puesto-que-sabe-a-poco-para-barbera-y-avintia-racing-2\/","name":"Un noveno puesto que sabe a poco para Barber\u00e1 y Avintia Racing - Esponsorama","isPartOf":{"@id":"http:\/\/esponsorama.ad\/es\/#website"},"primaryImageOfPage":{"@id":"http:\/\/esponsorama.ad\/es\/un-noveno-puesto-que-sabe-a-poco-para-barbera-y-avintia-racing-2\/#primaryimage"},"image":{"@id":"http:\/\/esponsorama.ad\/es\/un-noveno-puesto-que-sabe-a-poco-para-barbera-y-avintia-racing-2\/#primaryimage"},"thumbnailUrl":"http:\/\/esponsorama.ad\/wp-content\/uploads\/2016\/07\/09_SACHSEN_MGP_AVINTIA-0170.jpg","datePublished":"2016-07-17T15:00:07+00:00","dateModified":"2016-07-22T16:16:01+00:00","author":{"@id":"http:\/\/esponsorama.ad\/es\/#\/schema\/person\/a5cde74945183d737066e46b61c6f9c4"},"breadcrumb":{"@id":"http:\/\/esponsorama.ad\/es\/un-noveno-puesto-que-sabe-a-poco-para-barbera-y-avintia-racing-2\/#breadcrumb"},"inLanguage":"es","potentialAction":[{"@type":"ReadAction","target":["http:\/\/esponsorama.ad\/es\/un-noveno-puesto-que-sabe-a-poco-para-barbera-y-avintia-racing-2\/"]}]},{"@type":"ImageObject","inLanguage":"es","@id":"http:\/\/esponsorama.ad\/es\/un-noveno-puesto-que-sabe-a-poco-para-barbera-y-avintia-racing-2\/#primaryimage","url":"http:\/\/esponsorama.ad\/wp-content\/uploads\/2016\/07\/09_SACHSEN_MGP_AVINTIA-0170.jpg","contentUrl":"http:\/\/esponsorama.ad\/wp-content\/uploads\/2016\/07\/09_SACHSEN_MGP_AVINTIA-0170.jpg","width":3882,"height":2588},{"@type":"BreadcrumbList","@id":"http:\/\/esponsorama.ad\/es\/un-noveno-puesto-que-sabe-a-poco-para-barbera-y-avintia-racing-2\/#breadcrumb","itemListElement":[{"@type":"ListItem","position":1,"name":"Home","item":"http:\/\/esponsorama.ad\/es\/"},{"@type":"ListItem","position":2,"name":"Un noveno puesto que sabe a poco para Barber\u00e1 y Avintia Racing"}]},{"@type":"WebSite","@id":"http:\/\/esponsorama.ad\/es\/#website","url":"http:\/\/esponsorama.ad\/es\/","name":"Esponsorama","description":"Specialist in motorsport sponsorship and event promotions","potentialAction":[{"@type":"SearchAction","target":{"@type":"EntryPoint","urlTemplate":"http:\/\/esponsorama.ad\/es\/?s={search_term_string}"},"query-input":{"@type":"PropertyValueSpecification","valueRequired":true,"valueName":"search_term_string"}}],"inLanguage":"es"},{"@type":"Person","@id":"http:\/\/esponsorama.ad\/es\/#\/schema\/person\/a5cde74945183d737066e46b61c6f9c4","name":"Xavi Andornet","image":{"@type":"ImageObject","inLanguage":"es","@id":"http:\/\/esponsorama.ad\/es\/#\/schema\/person\/image\/","url":"https:\/\/secure.gravatar.com\/avatar\/f10eaf9ad601244a2357c9fd7cd9805ed166cfaaf76d5d9ab08a9d873e70147a?s=96&d=mm&r=g","contentUrl":"https:\/\/secure.gravatar.com\/avatar\/f10eaf9ad601244a2357c9fd7cd9805ed166cfaaf76d5d9ab08a9d873e70147a?s=96&d=mm&r=g","caption":"Xavi Andornet"},"sameAs":["http:\/\/www.andornet.ad"],"url":"http:\/\/esponsorama.ad\/es\/author\/andornet\/"}]}},"_links":{"self":[{"href":"http:\/\/esponsorama.ad\/es\/wp-json\/wp\/v2\/posts\/509","targetHints":{"allow":["GET"]}}],"collection":[{"href":"http:\/\/esponsorama.ad\/es\/wp-json\/wp\/v2\/posts"}],"about":[{"href":"http:\/\/esponsorama.ad\/es\/wp-json\/wp\/v2\/types\/post"}],"author":[{"embeddable":true,"href":"http:\/\/esponsorama.ad\/es\/wp-json\/wp\/v2\/users\/6"}],"replies":[{"embeddable":true,"href":"http:\/\/esponsorama.ad\/es\/wp-json\/wp\/v2\/comments?post=509"}],"version-history":[{"count":0,"href":"http:\/\/esponsorama.ad\/es\/wp-json\/wp\/v2\/posts\/509\/revisions"}],"wp:featuredmedia":[{"embeddable":true,"href":"http:\/\/esponsorama.ad\/es\/wp-json\/wp\/v2\/media\/505"}],"wp:attachment":[{"href":"http:\/\/esponsorama.ad\/es\/wp-json\/wp\/v2\/media?parent=509"}],"wp:term":[{"taxonomy":"category","embeddable":true,"href":"http:\/\/esponsorama.ad\/es\/wp-json\/wp\/v2\/categories?post=509"},{"taxonomy":"post_tag","embeddable":true,"href":"http:\/\/esponsorama.ad\/es\/wp-json\/wp\/v2\/tags?post=509"}],"curies":[{"name":"wp","href":"https:\/\/api.w.org\/{rel}","templated":true}]}}