{"id":5606,"date":"2017-08-25T18:39:12","date_gmt":"2017-08-25T16:39:12","guid":{"rendered":"http:\/\/esponsorama.ad\/?p=5606"},"modified":"2017-08-25T18:52:15","modified_gmt":"2017-08-25T16:52:15","slug":"primer-dia-trabajo-silverstone-baz-barbera-2","status":"publish","type":"post","link":"http:\/\/esponsorama.ad\/es\/primer-dia-trabajo-silverstone-baz-barbera-2\/","title":{"rendered":"Primer d\u00eda de trabajo en Silverstone para Baz y Barber\u00e1"},"content":{"rendered":"<p>Los pilotos del equipo Reale Avintia Racing, H\u00e9ctor Barber\u00e1 y Loris Baz, han completado el primer d\u00eda de entrenamientos libres para el Gran Premio de Gran Breta\u00f1a hoy en Silverstone. El clima, que siempre es un problema en Inglaterra, ha sido perfecto y las dos sesiones de 45 minutos se han disputado bajo un sol radiante.<\/p>\n<p>Loris Baz ha trabajado para mejorar sus sensaciones con la moto de la ma\u00f1ana a la tarde y ha terminado el d\u00eda 15\u00ba. El piloto franc\u00e9s del Reale Avintia Racing est\u00e1 convencido de poder dar otro paso ma\u00f1ana para luchar por entrar en la Q2, algo que ha conseguido en las dos \u00faltimas carreras.<\/p>\n<p>Para H\u00e9ctor Barber\u00e1 el primer d\u00eda en Silverstone ha sido m\u00e1s complicado. El espa\u00f1ol ha tenido problemas por la ma\u00f1ana para lograr un buen tiempo y junto a su equipo ha decidido dar un paso atr\u00e1s y volver a probar la puesta a punto que utiliz\u00f3 en Barcelona. Los resultados han sido inmediatos y ha conseguido mejorar sus tiempos, pero no lo suficiente. Ma\u00f1ana tratar\u00e1 de seguir con su l\u00ednea de mejora para lograr la mejor posici\u00f3n en la parrilla para la carrera del domingo.<\/p>\n\n<p>\u00abSilverstone es un circuito en el que me encanta rodar, pero a la vez es una pista muy complicada porque tiene muchos baches y para ir deprisa tienes que sentirte bien encima de la moto. Esta ma\u00f1ana ha sido un poco complicado, pero hemos mejorado bastante en el segundo libre y nos ha faltado poco para poder estar entre los diez primeros. Para ser un circuito tan largo est\u00e1 todo muy apretado y estamos a solo 3 d\u00e9cimas del \u2018Top 10\u2019. A ver si conseguimos mejorar la moto un poco m\u00e1s, pero ser\u00e1 complicado porque hay curvas largas y ese es el mayor problemas que tenemos de momento. Nosotros saldremos con el objetivo de entrar de nuevo en la Q2, ya veremos qu\u00e9 pasa.\u201d<\/p>\n\n<p>\u00abHa sido un d\u00eda bastante complicado porque, adem\u00e1s de que la pista siempre me suele costar un poco, esta ma\u00f1ana hemos salido con los mismos reglajes de las \u00faltimas carreras en los que busc\u00e1bamos que la puesta a punto me ayudara a cambiar mi estilo de pilotaje. Pero han pasado dos carreras y es muy complicado cambiar todo en media hora. Por eso esta tarde hemos vuelto atr\u00e1s y hemos usado los reglajes que llev\u00e9 en Barcelona donde me encontr\u00e9 c\u00f3modo encima de la moto. Efectivamente han funcionado bien y he logrado mejorar los tiempos, las sensaciones han mejorado y todo ha ido mejor, pero no hemos tenido mucho tiempo. Estoy convencido de que ma\u00f1ana podremos ir m\u00e1s r\u00e1pido y de que en esta carrera podremos aspirar a un mejor resultado.\u201d<\/p>\n","protected":false},"excerpt":{"rendered":"<p>Los pilotos del equipo Reale Avintia Racing, H\u00e9ctor Barber\u00e1 y Loris Baz, han completado el primer d\u00eda de entrenamientos libres para el Gran Premio de Gran Breta\u00f1a hoy en Silverstone. El clima, que siempre es un problema en Inglaterra, ha sido perfecto y las dos sesiones de 45 minutos se han disputado bajo un sol [&hellip;]<\/p>\n","protected":false},"author":6,"featured_media":5615,"comment_status":"closed","ping_status":"closed","sticky":false,"template":"","format":"standard","meta":{"footnotes":""},"categories":[3],"tags":[],"class_list":["post-5606","post","type-post","status-publish","format-standard","has-post-thumbnail","hentry","category-motogp"],"yoast_head":"<!-- This site is optimized with the Yoast SEO plugin v27.1.1 - https:\/\/yoast.com\/product\/yoast-seo-wordpress\/ -->\n<title>Primer d\u00eda de trabajo en Silverstone para Baz y Barber\u00e1 - Esponsorama<\/title>\n<meta name=\"robots\" content=\"index, follow, max-snippet:-1, max-image-preview:large, max-video-preview:-1\" \/>\n<link rel=\"canonical\" href=\"http:\/\/esponsorama.ad\/es\/primer-dia-trabajo-silverstone-baz-barbera-2\/\" \/>\n<meta property=\"og:locale\" content=\"es_ES\" \/>\n<meta property=\"og:type\" content=\"article\" \/>\n<meta property=\"og:title\" content=\"Primer d\u00eda de trabajo en Silverstone para Baz y Barber\u00e1 - Esponsorama\" \/>\n<meta property=\"og:description\" content=\"Los pilotos del equipo Reale Avintia Racing, H\u00e9ctor Barber\u00e1 y Loris Baz, han completado el primer d\u00eda de entrenamientos libres para el Gran Premio de Gran Breta\u00f1a hoy en Silverstone. El clima, que siempre es un problema en Inglaterra, ha sido perfecto y las dos sesiones de 45 minutos se han disputado bajo un sol [&hellip;]\" \/>\n<meta property=\"og:url\" content=\"http:\/\/esponsorama.ad\/es\/primer-dia-trabajo-silverstone-baz-barbera-2\/\" \/>\n<meta property=\"og:site_name\" content=\"Esponsorama\" \/>\n<meta property=\"article:published_time\" content=\"2017-08-25T16:39:12+00:00\" \/>\n<meta property=\"article:modified_time\" content=\"2017-08-25T16:52:15+00:00\" \/>\n<meta property=\"og:image\" content=\"http:\/\/esponsorama.ad\/wp-content\/uploads\/2017\/08\/12Silverstone17MgpRealeAvintia-4372.jpg\" \/>\n\t<meta property=\"og:image:width\" content=\"4536\" \/>\n\t<meta property=\"og:image:height\" content=\"3024\" \/>\n\t<meta property=\"og:image:type\" content=\"image\/jpeg\" \/>\n<meta name=\"author\" content=\"Xavi Andornet\" \/>\n<meta name=\"twitter:card\" content=\"summary_large_image\" \/>\n<meta name=\"twitter:label1\" content=\"Escrito por\" \/>\n\t<meta name=\"twitter:data1\" content=\"Xavi Andornet\" \/>\n\t<meta name=\"twitter:label2\" content=\"Tiempo de lectura\" \/>\n\t<meta name=\"twitter:data2\" content=\"2 minutos\" \/>\n<script type=\"application\/ld+json\" class=\"yoast-schema-graph\">{\"@context\":\"https:\/\/schema.org\",\"@graph\":[{\"@type\":\"Article\",\"@id\":\"http:\/\/esponsorama.ad\/es\/primer-dia-trabajo-silverstone-baz-barbera-2\/#article\",\"isPartOf\":{\"@id\":\"http:\/\/esponsorama.ad\/es\/primer-dia-trabajo-silverstone-baz-barbera-2\/\"},\"author\":{\"name\":\"Xavi Andornet\",\"@id\":\"http:\/\/esponsorama.ad\/es\/#\/schema\/person\/a5cde74945183d737066e46b61c6f9c4\"},\"headline\":\"Primer d\u00eda de trabajo en Silverstone para Baz y Barber\u00e1\",\"datePublished\":\"2017-08-25T16:39:12+00:00\",\"dateModified\":\"2017-08-25T16:52:15+00:00\",\"mainEntityOfPage\":{\"@id\":\"http:\/\/esponsorama.ad\/es\/primer-dia-trabajo-silverstone-baz-barbera-2\/\"},\"wordCount\":495,\"image\":{\"@id\":\"http:\/\/esponsorama.ad\/es\/primer-dia-trabajo-silverstone-baz-barbera-2\/#primaryimage\"},\"thumbnailUrl\":\"http:\/\/esponsorama.ad\/wp-content\/uploads\/2017\/08\/12Silverstone17MgpRealeAvintia-4372.jpg\",\"articleSection\":[\"MotoGP\"],\"inLanguage\":\"es\"},{\"@type\":\"WebPage\",\"@id\":\"http:\/\/esponsorama.ad\/es\/primer-dia-trabajo-silverstone-baz-barbera-2\/\",\"url\":\"http:\/\/esponsorama.ad\/es\/primer-dia-trabajo-silverstone-baz-barbera-2\/\",\"name\":\"Primer d\u00eda de trabajo en Silverstone para Baz y Barber\u00e1 - Esponsorama\",\"isPartOf\":{\"@id\":\"http:\/\/esponsorama.ad\/es\/#website\"},\"primaryImageOfPage\":{\"@id\":\"http:\/\/esponsorama.ad\/es\/primer-dia-trabajo-silverstone-baz-barbera-2\/#primaryimage\"},\"image\":{\"@id\":\"http:\/\/esponsorama.ad\/es\/primer-dia-trabajo-silverstone-baz-barbera-2\/#primaryimage\"},\"thumbnailUrl\":\"http:\/\/esponsorama.ad\/wp-content\/uploads\/2017\/08\/12Silverstone17MgpRealeAvintia-4372.jpg\",\"datePublished\":\"2017-08-25T16:39:12+00:00\",\"dateModified\":\"2017-08-25T16:52:15+00:00\",\"author\":{\"@id\":\"http:\/\/esponsorama.ad\/es\/#\/schema\/person\/a5cde74945183d737066e46b61c6f9c4\"},\"breadcrumb\":{\"@id\":\"http:\/\/esponsorama.ad\/es\/primer-dia-trabajo-silverstone-baz-barbera-2\/#breadcrumb\"},\"inLanguage\":\"es\",\"potentialAction\":[{\"@type\":\"ReadAction\",\"target\":[\"http:\/\/esponsorama.ad\/es\/primer-dia-trabajo-silverstone-baz-barbera-2\/\"]}]},{\"@type\":\"ImageObject\",\"inLanguage\":\"es\",\"@id\":\"http:\/\/esponsorama.ad\/es\/primer-dia-trabajo-silverstone-baz-barbera-2\/#primaryimage\",\"url\":\"http:\/\/esponsorama.ad\/wp-content\/uploads\/2017\/08\/12Silverstone17MgpRealeAvintia-4372.jpg\",\"contentUrl\":\"http:\/\/esponsorama.ad\/wp-content\/uploads\/2017\/08\/12Silverstone17MgpRealeAvintia-4372.jpg\",\"width\":4536,\"height\":3024},{\"@type\":\"BreadcrumbList\",\"@id\":\"http:\/\/esponsorama.ad\/es\/primer-dia-trabajo-silverstone-baz-barbera-2\/#breadcrumb\",\"itemListElement\":[{\"@type\":\"ListItem\",\"position\":1,\"name\":\"Home\",\"item\":\"http:\/\/esponsorama.ad\/es\/\"},{\"@type\":\"ListItem\",\"position\":2,\"name\":\"Primer d\u00eda de trabajo en Silverstone para Baz y Barber\u00e1\"}]},{\"@type\":\"WebSite\",\"@id\":\"http:\/\/esponsorama.ad\/es\/#website\",\"url\":\"http:\/\/esponsorama.ad\/es\/\",\"name\":\"Esponsorama\",\"description\":\"Specialist in motorsport sponsorship and event promotions\",\"potentialAction\":[{\"@type\":\"SearchAction\",\"target\":{\"@type\":\"EntryPoint\",\"urlTemplate\":\"http:\/\/esponsorama.ad\/es\/?s={search_term_string}\"},\"query-input\":{\"@type\":\"PropertyValueSpecification\",\"valueRequired\":true,\"valueName\":\"search_term_string\"}}],\"inLanguage\":\"es\"},{\"@type\":\"Person\",\"@id\":\"http:\/\/esponsorama.ad\/es\/#\/schema\/person\/a5cde74945183d737066e46b61c6f9c4\",\"name\":\"Xavi Andornet\",\"image\":{\"@type\":\"ImageObject\",\"inLanguage\":\"es\",\"@id\":\"http:\/\/esponsorama.ad\/es\/#\/schema\/person\/image\/\",\"url\":\"https:\/\/secure.gravatar.com\/avatar\/f10eaf9ad601244a2357c9fd7cd9805ed166cfaaf76d5d9ab08a9d873e70147a?s=96&d=mm&r=g\",\"contentUrl\":\"https:\/\/secure.gravatar.com\/avatar\/f10eaf9ad601244a2357c9fd7cd9805ed166cfaaf76d5d9ab08a9d873e70147a?s=96&d=mm&r=g\",\"caption\":\"Xavi Andornet\"},\"sameAs\":[\"http:\/\/www.andornet.ad\"],\"url\":\"http:\/\/esponsorama.ad\/es\/author\/andornet\/\"}]}<\/script>\n<!-- \/ Yoast SEO plugin. -->","yoast_head_json":{"title":"Primer d\u00eda de trabajo en Silverstone para Baz y Barber\u00e1 - Esponsorama","robots":{"index":"index","follow":"follow","max-snippet":"max-snippet:-1","max-image-preview":"max-image-preview:large","max-video-preview":"max-video-preview:-1"},"canonical":"http:\/\/esponsorama.ad\/es\/primer-dia-trabajo-silverstone-baz-barbera-2\/","og_locale":"es_ES","og_type":"article","og_title":"Primer d\u00eda de trabajo en Silverstone para Baz y Barber\u00e1 - Esponsorama","og_description":"Los pilotos del equipo Reale Avintia Racing, H\u00e9ctor Barber\u00e1 y Loris Baz, han completado el primer d\u00eda de entrenamientos libres para el Gran Premio de Gran Breta\u00f1a hoy en Silverstone. El clima, que siempre es un problema en Inglaterra, ha sido perfecto y las dos sesiones de 45 minutos se han disputado bajo un sol [&hellip;]","og_url":"http:\/\/esponsorama.ad\/es\/primer-dia-trabajo-silverstone-baz-barbera-2\/","og_site_name":"Esponsorama","article_published_time":"2017-08-25T16:39:12+00:00","article_modified_time":"2017-08-25T16:52:15+00:00","og_image":[{"width":4536,"height":3024,"url":"http:\/\/esponsorama.ad\/wp-content\/uploads\/2017\/08\/12Silverstone17MgpRealeAvintia-4372.jpg","type":"image\/jpeg"}],"author":"Xavi Andornet","twitter_card":"summary_large_image","twitter_misc":{"Escrito por":"Xavi Andornet","Tiempo de lectura":"2 minutos"},"schema":{"@context":"https:\/\/schema.org","@graph":[{"@type":"Article","@id":"http:\/\/esponsorama.ad\/es\/primer-dia-trabajo-silverstone-baz-barbera-2\/#article","isPartOf":{"@id":"http:\/\/esponsorama.ad\/es\/primer-dia-trabajo-silverstone-baz-barbera-2\/"},"author":{"name":"Xavi Andornet","@id":"http:\/\/esponsorama.ad\/es\/#\/schema\/person\/a5cde74945183d737066e46b61c6f9c4"},"headline":"Primer d\u00eda de trabajo en Silverstone para Baz y Barber\u00e1","datePublished":"2017-08-25T16:39:12+00:00","dateModified":"2017-08-25T16:52:15+00:00","mainEntityOfPage":{"@id":"http:\/\/esponsorama.ad\/es\/primer-dia-trabajo-silverstone-baz-barbera-2\/"},"wordCount":495,"image":{"@id":"http:\/\/esponsorama.ad\/es\/primer-dia-trabajo-silverstone-baz-barbera-2\/#primaryimage"},"thumbnailUrl":"http:\/\/esponsorama.ad\/wp-content\/uploads\/2017\/08\/12Silverstone17MgpRealeAvintia-4372.jpg","articleSection":["MotoGP"],"inLanguage":"es"},{"@type":"WebPage","@id":"http:\/\/esponsorama.ad\/es\/primer-dia-trabajo-silverstone-baz-barbera-2\/","url":"http:\/\/esponsorama.ad\/es\/primer-dia-trabajo-silverstone-baz-barbera-2\/","name":"Primer d\u00eda de trabajo en Silverstone para Baz y Barber\u00e1 - Esponsorama","isPartOf":{"@id":"http:\/\/esponsorama.ad\/es\/#website"},"primaryImageOfPage":{"@id":"http:\/\/esponsorama.ad\/es\/primer-dia-trabajo-silverstone-baz-barbera-2\/#primaryimage"},"image":{"@id":"http:\/\/esponsorama.ad\/es\/primer-dia-trabajo-silverstone-baz-barbera-2\/#primaryimage"},"thumbnailUrl":"http:\/\/esponsorama.ad\/wp-content\/uploads\/2017\/08\/12Silverstone17MgpRealeAvintia-4372.jpg","datePublished":"2017-08-25T16:39:12+00:00","dateModified":"2017-08-25T16:52:15+00:00","author":{"@id":"http:\/\/esponsorama.ad\/es\/#\/schema\/person\/a5cde74945183d737066e46b61c6f9c4"},"breadcrumb":{"@id":"http:\/\/esponsorama.ad\/es\/primer-dia-trabajo-silverstone-baz-barbera-2\/#breadcrumb"},"inLanguage":"es","potentialAction":[{"@type":"ReadAction","target":["http:\/\/esponsorama.ad\/es\/primer-dia-trabajo-silverstone-baz-barbera-2\/"]}]},{"@type":"ImageObject","inLanguage":"es","@id":"http:\/\/esponsorama.ad\/es\/primer-dia-trabajo-silverstone-baz-barbera-2\/#primaryimage","url":"http:\/\/esponsorama.ad\/wp-content\/uploads\/2017\/08\/12Silverstone17MgpRealeAvintia-4372.jpg","contentUrl":"http:\/\/esponsorama.ad\/wp-content\/uploads\/2017\/08\/12Silverstone17MgpRealeAvintia-4372.jpg","width":4536,"height":3024},{"@type":"BreadcrumbList","@id":"http:\/\/esponsorama.ad\/es\/primer-dia-trabajo-silverstone-baz-barbera-2\/#breadcrumb","itemListElement":[{"@type":"ListItem","position":1,"name":"Home","item":"http:\/\/esponsorama.ad\/es\/"},{"@type":"ListItem","position":2,"name":"Primer d\u00eda de trabajo en Silverstone para Baz y Barber\u00e1"}]},{"@type":"WebSite","@id":"http:\/\/esponsorama.ad\/es\/#website","url":"http:\/\/esponsorama.ad\/es\/","name":"Esponsorama","description":"Specialist in motorsport sponsorship and event promotions","potentialAction":[{"@type":"SearchAction","target":{"@type":"EntryPoint","urlTemplate":"http:\/\/esponsorama.ad\/es\/?s={search_term_string}"},"query-input":{"@type":"PropertyValueSpecification","valueRequired":true,"valueName":"search_term_string"}}],"inLanguage":"es"},{"@type":"Person","@id":"http:\/\/esponsorama.ad\/es\/#\/schema\/person\/a5cde74945183d737066e46b61c6f9c4","name":"Xavi Andornet","image":{"@type":"ImageObject","inLanguage":"es","@id":"http:\/\/esponsorama.ad\/es\/#\/schema\/person\/image\/","url":"https:\/\/secure.gravatar.com\/avatar\/f10eaf9ad601244a2357c9fd7cd9805ed166cfaaf76d5d9ab08a9d873e70147a?s=96&d=mm&r=g","contentUrl":"https:\/\/secure.gravatar.com\/avatar\/f10eaf9ad601244a2357c9fd7cd9805ed166cfaaf76d5d9ab08a9d873e70147a?s=96&d=mm&r=g","caption":"Xavi Andornet"},"sameAs":["http:\/\/www.andornet.ad"],"url":"http:\/\/esponsorama.ad\/es\/author\/andornet\/"}]}},"_links":{"self":[{"href":"http:\/\/esponsorama.ad\/es\/wp-json\/wp\/v2\/posts\/5606","targetHints":{"allow":["GET"]}}],"collection":[{"href":"http:\/\/esponsorama.ad\/es\/wp-json\/wp\/v2\/posts"}],"about":[{"href":"http:\/\/esponsorama.ad\/es\/wp-json\/wp\/v2\/types\/post"}],"author":[{"embeddable":true,"href":"http:\/\/esponsorama.ad\/es\/wp-json\/wp\/v2\/users\/6"}],"replies":[{"embeddable":true,"href":"http:\/\/esponsorama.ad\/es\/wp-json\/wp\/v2\/comments?post=5606"}],"version-history":[{"count":0,"href":"http:\/\/esponsorama.ad\/es\/wp-json\/wp\/v2\/posts\/5606\/revisions"}],"wp:featuredmedia":[{"embeddable":true,"href":"http:\/\/esponsorama.ad\/es\/wp-json\/wp\/v2\/media\/5615"}],"wp:attachment":[{"href":"http:\/\/esponsorama.ad\/es\/wp-json\/wp\/v2\/media?parent=5606"}],"wp:term":[{"taxonomy":"category","embeddable":true,"href":"http:\/\/esponsorama.ad\/es\/wp-json\/wp\/v2\/categories?post=5606"},{"taxonomy":"post_tag","embeddable":true,"href":"http:\/\/esponsorama.ad\/es\/wp-json\/wp\/v2\/tags?post=5606"}],"curies":[{"name":"wp","href":"https:\/\/api.w.org\/{rel}","templated":true}]}}