{"id":6031,"date":"2017-09-17T18:44:08","date_gmt":"2017-09-17T16:44:08","guid":{"rendered":"http:\/\/esponsorama.ad\/?p=6031"},"modified":"2017-09-17T18:49:40","modified_gmt":"2017-09-17T16:49:40","slug":"victoria-la-european-talent-cup-podio-moto3-reale-avintia-academy-2","status":"publish","type":"post","link":"http:\/\/esponsorama.ad\/es\/victoria-la-european-talent-cup-podio-moto3-reale-avintia-academy-2\/","title":{"rendered":"Victoria en la European Talent Cup y doble podio en Moto3, para Reale Avintia Academy"},"content":{"rendered":"<p>El circuito jerezano ha amanecido el domingo con buena temperatura, \u00f3ptima para disfrutar de un d\u00eda intenso de carreras en Reale Avintia Academy. Los pilotos nos han hecho vivir momentos muy especiales gracias al buen trabajo de ellos y el equipo.<\/p>\n<p>Vicente P\u00e9rez, que se clasificaba quinto ayer, hoy ha mostrado su talento en la segunda carrera de Moto3. El piloto valenciano ha sido segundo, despu\u00e9s de una lucha muy dura durante toda la carrera. En la primera no ha tenido tanta suerte, durante la mayor parte de ella ha estado peleando entre los tres puestos del podio, pero finalmente no ha podido llegar a m\u00e1s y ha sido relegado a la quinta plaza.<\/p>\n<p>Makar Yurchenko ha subido al podio en la segunda carrera, junto a su compa\u00f1ero Vicente. El piloto kazajo, por fin ha dejado atr\u00e1s su racha de mala suerte y ha vuelto a estar en su \u201clugar\u201d. En la primera, sal\u00eda s\u00e9ptimo desde la parrilla y ha intentado mejorar posiciones, pero la cabeza de carrera estaba muy lejos para alcanzarla y se ha clasificado noveno.<\/p>\n<p>Andreas P\u00e9rez, que se estrenaba en Moto3 en este circuito, no ha podido terminar la primera carrera, pero le ha servido para rodar con la KTM.<\/p>\n<p>En la European Talent Cup , es donde mayor alegr\u00eda ha tenido el equipo, con la victoria de Andreas P\u00e9rez que sal\u00eda desde la pole y su superioridad ha sido incontestable. Pero en la segunda carrera no ha podido ni iniciarla desde la parrilla. El piloto se encuentra ahora s\u00e9ptimo de la general, con 81 puntos.<\/p>\n<p>Iker Garc\u00eda, que sal\u00eda desde la 25\u00aa posici\u00f3n, no ha tenido buen fin de semana y no ha podido terminar ninguna de las dos carreras. Ahora, el piloto est\u00e1 duod\u00e9cimo de la clasificaci\u00f3n, con 33 puntos.<\/p>\n<p>Jos\u00e9 Su\u00e1rez, que arrancaba en la 28\u00aa plaza, ha finalizado en ambas carreras el 23\u00ba. El piloto murciano va poco a poco en su evoluci\u00f3n y aprendiendo de cada trazado.<\/p>\n<p>La pr\u00f3xima cita ser\u00e1 en el circuito aragon\u00e9s de Motorland del 6 al 8 de octubre.<\/p>\n\n<p>\u00abFin de semana muy bueno para el equipo; dos podium en Moto3 y victoria en la ETC. Quiero felicitar a los pilotos y el equipo por su gran trabajo\u00bb<\/p>\n\n<p><strong>\u00a0<\/strong><em>\u201c<\/em>Estoy muy contento con el fin de semana en Jerez. La primera carrera ha sido luchada, pero hay mucha igualdad y no he podido rematar la faena. En la segunda he podido dar todo de m\u00ed y ese segundo puesto ha sabido a victoria. Estoy feliz con esa tercera plaza en la clasificaci\u00f3n general. La siguientes a luchar por el subcampeonato. <strong>\u00a0<\/strong><\/p>\n\n<p>\u201cPor fin he podido conseguir el resultado que necesitaba despu\u00e9s de mucha mala suerte. En la primera carrera ha sido dif\u00edcil acceder a la cabeza pero en la segunda he podido estar con el grupo l\u00edder y as\u00ed optar por este podio tan esperado.\u201d<\/p>\n\n<p>\u201cHa sido un fin de semana con mezcla de sensaciones. La victoria en la primera carrera me ha dado un plus de confianza y aprendizaje, pero he tenido mala suerte no poder empezar con la segunda carrera. Aun as\u00ed, muy satisfecho estoy con el trabajo de todo el equipo; gracias por el apoyo.\u201d<\/p>\n\n<p>\u201cHa sido un fin de semana dif\u00edcil porque no he conseguido tener feeling con mi moto, a pesar de todos los esfuerzos, por parte del equipo, para que se alcanzase el objetivo en el trazado andaluz. Ahora a pensar en la pr\u00f3xima cita en<\/p>\n\n<p><strong>\u00a0<\/strong>\u201c El fin de semana ha ido como esperaba, ya que tengo mucho que aprender y este circuito est\u00e1 siendo tambi\u00e9n nuevo para m\u00ed. Tengo muchas ganas de seguir en mi proceso de piloto y llegar al top 10.\u201d<\/p>\n","protected":false},"excerpt":{"rendered":"<p>El circuito jerezano ha amanecido el domingo con buena temperatura, \u00f3ptima para disfrutar de un d\u00eda intenso de carreras en Reale Avintia Academy. Los pilotos nos han hecho vivir momentos muy especiales gracias al buen trabajo de ellos y el equipo. Vicente P\u00e9rez, que se clasificaba quinto ayer, hoy ha mostrado su talento en la [&hellip;]<\/p>\n","protected":false},"author":6,"featured_media":6075,"comment_status":"closed","ping_status":"closed","sticky":false,"template":"","format":"standard","meta":{"footnotes":""},"categories":[10],"tags":[],"class_list":["post-6031","post","type-post","status-publish","format-standard","has-post-thumbnail","hentry","category-fim-cev"],"yoast_head":"<!-- This site is optimized with the Yoast SEO plugin v27.1.1 - https:\/\/yoast.com\/product\/yoast-seo-wordpress\/ -->\n<title>Victoria en la European Talent Cup y doble podio en Moto3, para Reale Avintia Academy - Esponsorama<\/title>\n<meta name=\"robots\" content=\"index, follow, max-snippet:-1, max-image-preview:large, max-video-preview:-1\" \/>\n<link rel=\"canonical\" href=\"http:\/\/esponsorama.ad\/es\/victoria-la-european-talent-cup-podio-moto3-reale-avintia-academy-2\/\" \/>\n<meta property=\"og:locale\" content=\"es_ES\" \/>\n<meta property=\"og:type\" content=\"article\" \/>\n<meta property=\"og:title\" content=\"Victoria en la European Talent Cup y doble podio en Moto3, para Reale Avintia Academy - Esponsorama\" \/>\n<meta property=\"og:description\" content=\"El circuito jerezano ha amanecido el domingo con buena temperatura, \u00f3ptima para disfrutar de un d\u00eda intenso de carreras en Reale Avintia Academy. Los pilotos nos han hecho vivir momentos muy especiales gracias al buen trabajo de ellos y el equipo. Vicente P\u00e9rez, que se clasificaba quinto ayer, hoy ha mostrado su talento en la [&hellip;]\" \/>\n<meta property=\"og:url\" content=\"http:\/\/esponsorama.ad\/es\/victoria-la-european-talent-cup-podio-moto3-reale-avintia-academy-2\/\" \/>\n<meta property=\"og:site_name\" content=\"Esponsorama\" \/>\n<meta property=\"article:published_time\" content=\"2017-09-17T16:44:08+00:00\" \/>\n<meta property=\"article:modified_time\" content=\"2017-09-17T16:49:40+00:00\" \/>\n<meta property=\"og:image\" content=\"http:\/\/esponsorama.ad\/wp-content\/uploads\/2017\/09\/MG_2099-1024x683.jpg\" \/>\n\t<meta property=\"og:image:width\" content=\"1024\" \/>\n\t<meta property=\"og:image:height\" content=\"683\" \/>\n\t<meta property=\"og:image:type\" content=\"image\/jpeg\" \/>\n<meta name=\"author\" content=\"Xavi Andornet\" \/>\n<meta name=\"twitter:card\" content=\"summary_large_image\" \/>\n<meta name=\"twitter:label1\" content=\"Escrito por\" \/>\n\t<meta name=\"twitter:data1\" content=\"Xavi Andornet\" \/>\n\t<meta name=\"twitter:label2\" content=\"Tiempo de lectura\" \/>\n\t<meta name=\"twitter:data2\" content=\"3 minutos\" \/>\n<script type=\"application\/ld+json\" class=\"yoast-schema-graph\">{\"@context\":\"https:\/\/schema.org\",\"@graph\":[{\"@type\":\"Article\",\"@id\":\"http:\/\/esponsorama.ad\/es\/victoria-la-european-talent-cup-podio-moto3-reale-avintia-academy-2\/#article\",\"isPartOf\":{\"@id\":\"http:\/\/esponsorama.ad\/es\/victoria-la-european-talent-cup-podio-moto3-reale-avintia-academy-2\/\"},\"author\":{\"name\":\"Xavi Andornet\",\"@id\":\"http:\/\/esponsorama.ad\/es\/#\/schema\/person\/a5cde74945183d737066e46b61c6f9c4\"},\"headline\":\"Victoria en la European Talent Cup y doble podio en Moto3, para Reale Avintia Academy\",\"datePublished\":\"2017-09-17T16:44:08+00:00\",\"dateModified\":\"2017-09-17T16:49:40+00:00\",\"mainEntityOfPage\":{\"@id\":\"http:\/\/esponsorama.ad\/es\/victoria-la-european-talent-cup-podio-moto3-reale-avintia-academy-2\/\"},\"wordCount\":667,\"image\":{\"@id\":\"http:\/\/esponsorama.ad\/es\/victoria-la-european-talent-cup-podio-moto3-reale-avintia-academy-2\/#primaryimage\"},\"thumbnailUrl\":\"http:\/\/esponsorama.ad\/wp-content\/uploads\/2017\/09\/MG_2099.jpg\",\"articleSection\":[\"FIM CEV\"],\"inLanguage\":\"es\"},{\"@type\":\"WebPage\",\"@id\":\"http:\/\/esponsorama.ad\/es\/victoria-la-european-talent-cup-podio-moto3-reale-avintia-academy-2\/\",\"url\":\"http:\/\/esponsorama.ad\/es\/victoria-la-european-talent-cup-podio-moto3-reale-avintia-academy-2\/\",\"name\":\"Victoria en la European Talent Cup y doble podio en Moto3, para Reale Avintia Academy - Esponsorama\",\"isPartOf\":{\"@id\":\"http:\/\/esponsorama.ad\/es\/#website\"},\"primaryImageOfPage\":{\"@id\":\"http:\/\/esponsorama.ad\/es\/victoria-la-european-talent-cup-podio-moto3-reale-avintia-academy-2\/#primaryimage\"},\"image\":{\"@id\":\"http:\/\/esponsorama.ad\/es\/victoria-la-european-talent-cup-podio-moto3-reale-avintia-academy-2\/#primaryimage\"},\"thumbnailUrl\":\"http:\/\/esponsorama.ad\/wp-content\/uploads\/2017\/09\/MG_2099.jpg\",\"datePublished\":\"2017-09-17T16:44:08+00:00\",\"dateModified\":\"2017-09-17T16:49:40+00:00\",\"author\":{\"@id\":\"http:\/\/esponsorama.ad\/es\/#\/schema\/person\/a5cde74945183d737066e46b61c6f9c4\"},\"breadcrumb\":{\"@id\":\"http:\/\/esponsorama.ad\/es\/victoria-la-european-talent-cup-podio-moto3-reale-avintia-academy-2\/#breadcrumb\"},\"inLanguage\":\"es\",\"potentialAction\":[{\"@type\":\"ReadAction\",\"target\":[\"http:\/\/esponsorama.ad\/es\/victoria-la-european-talent-cup-podio-moto3-reale-avintia-academy-2\/\"]}]},{\"@type\":\"ImageObject\",\"inLanguage\":\"es\",\"@id\":\"http:\/\/esponsorama.ad\/es\/victoria-la-european-talent-cup-podio-moto3-reale-avintia-academy-2\/#primaryimage\",\"url\":\"http:\/\/esponsorama.ad\/wp-content\/uploads\/2017\/09\/MG_2099.jpg\",\"contentUrl\":\"http:\/\/esponsorama.ad\/wp-content\/uploads\/2017\/09\/MG_2099.jpg\",\"width\":4272,\"height\":2848},{\"@type\":\"BreadcrumbList\",\"@id\":\"http:\/\/esponsorama.ad\/es\/victoria-la-european-talent-cup-podio-moto3-reale-avintia-academy-2\/#breadcrumb\",\"itemListElement\":[{\"@type\":\"ListItem\",\"position\":1,\"name\":\"Home\",\"item\":\"http:\/\/esponsorama.ad\/en\/\"},{\"@type\":\"ListItem\",\"position\":2,\"name\":\"Victoria en la European Talent Cup y doble podio en Moto3, para Reale Avintia Academy\"}]},{\"@type\":\"WebSite\",\"@id\":\"http:\/\/esponsorama.ad\/es\/#website\",\"url\":\"http:\/\/esponsorama.ad\/es\/\",\"name\":\"Esponsorama\",\"description\":\"Specialist in motorsport sponsorship and event promotions\",\"potentialAction\":[{\"@type\":\"SearchAction\",\"target\":{\"@type\":\"EntryPoint\",\"urlTemplate\":\"http:\/\/esponsorama.ad\/es\/?s={search_term_string}\"},\"query-input\":{\"@type\":\"PropertyValueSpecification\",\"valueRequired\":true,\"valueName\":\"search_term_string\"}}],\"inLanguage\":\"es\"},{\"@type\":\"Person\",\"@id\":\"http:\/\/esponsorama.ad\/es\/#\/schema\/person\/a5cde74945183d737066e46b61c6f9c4\",\"name\":\"Xavi Andornet\",\"image\":{\"@type\":\"ImageObject\",\"inLanguage\":\"es\",\"@id\":\"http:\/\/esponsorama.ad\/es\/#\/schema\/person\/image\/\",\"url\":\"https:\/\/secure.gravatar.com\/avatar\/f10eaf9ad601244a2357c9fd7cd9805ed166cfaaf76d5d9ab08a9d873e70147a?s=96&d=mm&r=g\",\"contentUrl\":\"https:\/\/secure.gravatar.com\/avatar\/f10eaf9ad601244a2357c9fd7cd9805ed166cfaaf76d5d9ab08a9d873e70147a?s=96&d=mm&r=g\",\"caption\":\"Xavi Andornet\"},\"sameAs\":[\"http:\/\/www.andornet.ad\"],\"url\":\"http:\/\/esponsorama.ad\/es\/author\/andornet\/\"}]}<\/script>\n<!-- \/ Yoast SEO plugin. -->","yoast_head_json":{"title":"Victoria en la European Talent Cup y doble podio en Moto3, para Reale Avintia Academy - Esponsorama","robots":{"index":"index","follow":"follow","max-snippet":"max-snippet:-1","max-image-preview":"max-image-preview:large","max-video-preview":"max-video-preview:-1"},"canonical":"http:\/\/esponsorama.ad\/es\/victoria-la-european-talent-cup-podio-moto3-reale-avintia-academy-2\/","og_locale":"es_ES","og_type":"article","og_title":"Victoria en la European Talent Cup y doble podio en Moto3, para Reale Avintia Academy - Esponsorama","og_description":"El circuito jerezano ha amanecido el domingo con buena temperatura, \u00f3ptima para disfrutar de un d\u00eda intenso de carreras en Reale Avintia Academy. Los pilotos nos han hecho vivir momentos muy especiales gracias al buen trabajo de ellos y el equipo. Vicente P\u00e9rez, que se clasificaba quinto ayer, hoy ha mostrado su talento en la [&hellip;]","og_url":"http:\/\/esponsorama.ad\/es\/victoria-la-european-talent-cup-podio-moto3-reale-avintia-academy-2\/","og_site_name":"Esponsorama","article_published_time":"2017-09-17T16:44:08+00:00","article_modified_time":"2017-09-17T16:49:40+00:00","og_image":[{"width":1024,"height":683,"url":"http:\/\/esponsorama.ad\/wp-content\/uploads\/2017\/09\/MG_2099-1024x683.jpg","type":"image\/jpeg"}],"author":"Xavi Andornet","twitter_card":"summary_large_image","twitter_misc":{"Escrito por":"Xavi Andornet","Tiempo de lectura":"3 minutos"},"schema":{"@context":"https:\/\/schema.org","@graph":[{"@type":"Article","@id":"http:\/\/esponsorama.ad\/es\/victoria-la-european-talent-cup-podio-moto3-reale-avintia-academy-2\/#article","isPartOf":{"@id":"http:\/\/esponsorama.ad\/es\/victoria-la-european-talent-cup-podio-moto3-reale-avintia-academy-2\/"},"author":{"name":"Xavi Andornet","@id":"http:\/\/esponsorama.ad\/es\/#\/schema\/person\/a5cde74945183d737066e46b61c6f9c4"},"headline":"Victoria en la European Talent Cup y doble podio en Moto3, para Reale Avintia Academy","datePublished":"2017-09-17T16:44:08+00:00","dateModified":"2017-09-17T16:49:40+00:00","mainEntityOfPage":{"@id":"http:\/\/esponsorama.ad\/es\/victoria-la-european-talent-cup-podio-moto3-reale-avintia-academy-2\/"},"wordCount":667,"image":{"@id":"http:\/\/esponsorama.ad\/es\/victoria-la-european-talent-cup-podio-moto3-reale-avintia-academy-2\/#primaryimage"},"thumbnailUrl":"http:\/\/esponsorama.ad\/wp-content\/uploads\/2017\/09\/MG_2099.jpg","articleSection":["FIM CEV"],"inLanguage":"es"},{"@type":"WebPage","@id":"http:\/\/esponsorama.ad\/es\/victoria-la-european-talent-cup-podio-moto3-reale-avintia-academy-2\/","url":"http:\/\/esponsorama.ad\/es\/victoria-la-european-talent-cup-podio-moto3-reale-avintia-academy-2\/","name":"Victoria en la European Talent Cup y doble podio en Moto3, para Reale Avintia Academy - Esponsorama","isPartOf":{"@id":"http:\/\/esponsorama.ad\/es\/#website"},"primaryImageOfPage":{"@id":"http:\/\/esponsorama.ad\/es\/victoria-la-european-talent-cup-podio-moto3-reale-avintia-academy-2\/#primaryimage"},"image":{"@id":"http:\/\/esponsorama.ad\/es\/victoria-la-european-talent-cup-podio-moto3-reale-avintia-academy-2\/#primaryimage"},"thumbnailUrl":"http:\/\/esponsorama.ad\/wp-content\/uploads\/2017\/09\/MG_2099.jpg","datePublished":"2017-09-17T16:44:08+00:00","dateModified":"2017-09-17T16:49:40+00:00","author":{"@id":"http:\/\/esponsorama.ad\/es\/#\/schema\/person\/a5cde74945183d737066e46b61c6f9c4"},"breadcrumb":{"@id":"http:\/\/esponsorama.ad\/es\/victoria-la-european-talent-cup-podio-moto3-reale-avintia-academy-2\/#breadcrumb"},"inLanguage":"es","potentialAction":[{"@type":"ReadAction","target":["http:\/\/esponsorama.ad\/es\/victoria-la-european-talent-cup-podio-moto3-reale-avintia-academy-2\/"]}]},{"@type":"ImageObject","inLanguage":"es","@id":"http:\/\/esponsorama.ad\/es\/victoria-la-european-talent-cup-podio-moto3-reale-avintia-academy-2\/#primaryimage","url":"http:\/\/esponsorama.ad\/wp-content\/uploads\/2017\/09\/MG_2099.jpg","contentUrl":"http:\/\/esponsorama.ad\/wp-content\/uploads\/2017\/09\/MG_2099.jpg","width":4272,"height":2848},{"@type":"BreadcrumbList","@id":"http:\/\/esponsorama.ad\/es\/victoria-la-european-talent-cup-podio-moto3-reale-avintia-academy-2\/#breadcrumb","itemListElement":[{"@type":"ListItem","position":1,"name":"Home","item":"http:\/\/esponsorama.ad\/en\/"},{"@type":"ListItem","position":2,"name":"Victoria en la European Talent Cup y doble podio en Moto3, para Reale Avintia Academy"}]},{"@type":"WebSite","@id":"http:\/\/esponsorama.ad\/es\/#website","url":"http:\/\/esponsorama.ad\/es\/","name":"Esponsorama","description":"Specialist in motorsport sponsorship and event promotions","potentialAction":[{"@type":"SearchAction","target":{"@type":"EntryPoint","urlTemplate":"http:\/\/esponsorama.ad\/es\/?s={search_term_string}"},"query-input":{"@type":"PropertyValueSpecification","valueRequired":true,"valueName":"search_term_string"}}],"inLanguage":"es"},{"@type":"Person","@id":"http:\/\/esponsorama.ad\/es\/#\/schema\/person\/a5cde74945183d737066e46b61c6f9c4","name":"Xavi Andornet","image":{"@type":"ImageObject","inLanguage":"es","@id":"http:\/\/esponsorama.ad\/es\/#\/schema\/person\/image\/","url":"https:\/\/secure.gravatar.com\/avatar\/f10eaf9ad601244a2357c9fd7cd9805ed166cfaaf76d5d9ab08a9d873e70147a?s=96&d=mm&r=g","contentUrl":"https:\/\/secure.gravatar.com\/avatar\/f10eaf9ad601244a2357c9fd7cd9805ed166cfaaf76d5d9ab08a9d873e70147a?s=96&d=mm&r=g","caption":"Xavi Andornet"},"sameAs":["http:\/\/www.andornet.ad"],"url":"http:\/\/esponsorama.ad\/es\/author\/andornet\/"}]}},"_links":{"self":[{"href":"http:\/\/esponsorama.ad\/es\/wp-json\/wp\/v2\/posts\/6031","targetHints":{"allow":["GET"]}}],"collection":[{"href":"http:\/\/esponsorama.ad\/es\/wp-json\/wp\/v2\/posts"}],"about":[{"href":"http:\/\/esponsorama.ad\/es\/wp-json\/wp\/v2\/types\/post"}],"author":[{"embeddable":true,"href":"http:\/\/esponsorama.ad\/es\/wp-json\/wp\/v2\/users\/6"}],"replies":[{"embeddable":true,"href":"http:\/\/esponsorama.ad\/es\/wp-json\/wp\/v2\/comments?post=6031"}],"version-history":[{"count":0,"href":"http:\/\/esponsorama.ad\/es\/wp-json\/wp\/v2\/posts\/6031\/revisions"}],"wp:featuredmedia":[{"embeddable":true,"href":"http:\/\/esponsorama.ad\/es\/wp-json\/wp\/v2\/media\/6075"}],"wp:attachment":[{"href":"http:\/\/esponsorama.ad\/es\/wp-json\/wp\/v2\/media?parent=6031"}],"wp:term":[{"taxonomy":"category","embeddable":true,"href":"http:\/\/esponsorama.ad\/es\/wp-json\/wp\/v2\/categories?post=6031"},{"taxonomy":"post_tag","embeddable":true,"href":"http:\/\/esponsorama.ad\/es\/wp-json\/wp\/v2\/tags?post=6031"}],"curies":[{"name":"wp","href":"https:\/\/api.w.org\/{rel}","templated":true}]}}