{"id":617,"date":"2016-07-24T15:40:00","date_gmt":"2016-07-24T13:40:00","guid":{"rendered":"http:\/\/esponsorama.ad\/?p=617"},"modified":"2016-07-25T01:29:10","modified_gmt":"2016-07-24T23:29:10","slug":"xevi-pons-brilla-en-la-baja-aragon-y-se-hace-con-el-cuarto-puesto-2","status":"publish","type":"post","link":"http:\/\/esponsorama.ad\/es\/xevi-pons-brilla-en-la-baja-aragon-y-se-hace-con-el-cuarto-puesto-2\/","title":{"rendered":"Xevi Pons brilla en la Baja Arag\u00f3n y se hace con el cuarto puesto"},"content":{"rendered":"<p><strong>Alfambra <\/strong><\/p>\n<p><strong>SS4: 184.8km<\/strong><\/p>\n<p>ALFAMBRA: La Baja Arag\u00f3n ha llegado a su fin con la cuarta y \u00faltima etapa especial de 184.8 kil\u00f3metros en Alfambra. El piloto de Esponsorama, Xevi Pons, ha llevado el Ford Ranger preparado por DMAS South Racing hasta la cuarta posici\u00f3n final despu\u00e9s de recortar la distancia con el argentino Orlando Terranova durante la etapa de hoy. A pesar de que antes de llegar al \u00faltimo parcial Pons ya estaba por delante de Terranova, el piloto argentino no ha respetado las limitaciones de velocidad en algunas zonas para volverse a colocar por delante del espa\u00f1ol antes de la meta, pero la organizaci\u00f3n ha tomado cartas en el asunto y ha penalizado a Terranova con 7 segundos.<\/p>\n<p>Pero quitando este incidente, que ha sido una mera an\u00e9cdota, Xevi Pons ha terminado muy satisfecho con su actuaci\u00f3n en este raid de la Copa del Mundo FIA de Cross Country Rally, en la que se ha enfrentado con los que partir\u00e1n como favoritos en la pr\u00f3xima edici\u00f3n del Dakar. Pons ha terminado a 9 minutos y 57 segundos del vencedor de la prueba, el catar\u00ed Nasser Al-Attiyah. \u201cMuy, muy bien, estamos muy contentos. Hemos hecho una gran etapa y hoy el primer objetivo era poder alcanzar a Terranova para terminar cuartos, que era lo m\u00e1ximo a lo que pod\u00edamos aspirar. He salido fuerte a por ello y en los dos primeros parciales hemos ido muy deprisa, por delante de Sainz e Hirvonen que estaban luchando con Al-Attiyah por ganar la carrera, y est\u00e1bamos a 20 segundos de Nasser,\u201d dice Pons tras llegar a la meta final de la Baja Arag\u00f3n. \u201cDespu\u00e9s he alcanzado a Terranova y le he pasado. Al final me he relajado un poco porque no ten\u00eda sentido forzar m\u00e1s, pero creo que \u00e9l ha jugado un poco sucio y no me ha gustado. Nos ha adelantado en el asfalto y luego con el polvo nos hizo perder m\u00e1s de un minuto. La organizaci\u00f3n le ha penalizado y hemos terminado cuartos. Un gran resultado, pero lo mejor ha sido el ritmo que hemos mostrado. Quiero dar las gracias a Ra\u00fal, a Antonio y a todos los patrocinadores, adem\u00e1s a la gente de DMAS South Racing y Ford, porque sin su apoyo esto no ser\u00eda posible.\u201d<\/p>\n<p>El apoyo de Pons para la Baja Arag\u00f3n llega de la mano de Air Europa, Power Electronics y King Regal. South Racing cuenta con el apoyo de Rudy Project, OMP, TW Steel, Gold Nutrition y Michelin.<\/p>\n<p><strong>Baja\u00a0Arag\u00f3n 2016<\/strong><\/p>\n<ol>\n<li>N. Al-Attiyah (QAT) Toyota Hilux Overdrive 6:59\u201959\u201d<\/li>\n<li>C. Sainz (ESP) Peugeot 2008 DXR 7:00\u201918\u201d<\/li>\n<li>M. Hirvonen (FIN) Mini All4 Racing 7:02\u201929\u201d<\/li>\n<li><strong> X. Pons (ESP) Esponsorama DMAS South Racing Ford Ranger 7:09\u201956\u201d<\/strong><\/li>\n<li>O. Terranova (ARG) Mini All4 Racing 7:15\u201921\u201d<\/li>\n<\/ol>\n","protected":false},"excerpt":{"rendered":"<p>Alfambra SS4: 184.8km ALFAMBRA: La Baja Arag\u00f3n ha llegado a su fin con la cuarta y \u00faltima etapa especial de 184.8 kil\u00f3metros en Alfambra. El piloto de Esponsorama, Xevi Pons, ha llevado el Ford Ranger preparado por DMAS South Racing hasta la cuarta posici\u00f3n final despu\u00e9s de recortar la distancia con el argentino Orlando Terranova [&hellip;]<\/p>\n","protected":false},"author":6,"featured_media":612,"comment_status":"closed","ping_status":"closed","sticky":false,"template":"","format":"standard","meta":{"footnotes":""},"categories":[4],"tags":[],"class_list":["post-617","post","type-post","status-publish","format-standard","has-post-thumbnail","hentry","category-dakar"],"yoast_head":"<!-- This site is optimized with the Yoast SEO plugin v27.1.1 - https:\/\/yoast.com\/product\/yoast-seo-wordpress\/ -->\n<title>Xevi Pons brilla en la Baja Arag\u00f3n y se hace con el cuarto puesto - Esponsorama<\/title>\n<meta name=\"robots\" content=\"index, follow, max-snippet:-1, max-image-preview:large, max-video-preview:-1\" \/>\n<link rel=\"canonical\" href=\"http:\/\/esponsorama.ad\/es\/xevi-pons-brilla-en-la-baja-aragon-y-se-hace-con-el-cuarto-puesto-2\/\" \/>\n<meta property=\"og:locale\" content=\"es_ES\" \/>\n<meta property=\"og:type\" content=\"article\" \/>\n<meta property=\"og:title\" content=\"Xevi Pons brilla en la Baja Arag\u00f3n y se hace con el cuarto puesto - Esponsorama\" \/>\n<meta property=\"og:description\" content=\"Alfambra SS4: 184.8km ALFAMBRA: La Baja Arag\u00f3n ha llegado a su fin con la cuarta y \u00faltima etapa especial de 184.8 kil\u00f3metros en Alfambra. El piloto de Esponsorama, Xevi Pons, ha llevado el Ford Ranger preparado por DMAS South Racing hasta la cuarta posici\u00f3n final despu\u00e9s de recortar la distancia con el argentino Orlando Terranova [&hellip;]\" \/>\n<meta property=\"og:url\" content=\"http:\/\/esponsorama.ad\/es\/xevi-pons-brilla-en-la-baja-aragon-y-se-hace-con-el-cuarto-puesto-2\/\" \/>\n<meta property=\"og:site_name\" content=\"Esponsorama\" \/>\n<meta property=\"article:published_time\" content=\"2016-07-24T13:40:00+00:00\" \/>\n<meta property=\"article:modified_time\" content=\"2016-07-24T23:29:10+00:00\" \/>\n<meta property=\"og:image\" content=\"http:\/\/esponsorama.ad\/wp-content\/uploads\/2016\/07\/5LUS1134.jpg\" \/>\n\t<meta property=\"og:image:width\" content=\"1800\" \/>\n\t<meta property=\"og:image:height\" content=\"1200\" \/>\n\t<meta property=\"og:image:type\" content=\"image\/jpeg\" \/>\n<meta name=\"author\" content=\"Xavi Andornet\" \/>\n<meta name=\"twitter:card\" content=\"summary_large_image\" \/>\n<meta name=\"twitter:label1\" content=\"Escrito por\" \/>\n\t<meta name=\"twitter:data1\" content=\"Xavi Andornet\" \/>\n\t<meta name=\"twitter:label2\" content=\"Tiempo de lectura\" \/>\n\t<meta name=\"twitter:data2\" content=\"2 minutos\" \/>\n<script type=\"application\/ld+json\" class=\"yoast-schema-graph\">{\"@context\":\"https:\/\/schema.org\",\"@graph\":[{\"@type\":\"Article\",\"@id\":\"http:\/\/esponsorama.ad\/es\/xevi-pons-brilla-en-la-baja-aragon-y-se-hace-con-el-cuarto-puesto-2\/#article\",\"isPartOf\":{\"@id\":\"http:\/\/esponsorama.ad\/es\/xevi-pons-brilla-en-la-baja-aragon-y-se-hace-con-el-cuarto-puesto-2\/\"},\"author\":{\"name\":\"Xavi Andornet\",\"@id\":\"http:\/\/esponsorama.ad\/es\/#\/schema\/person\/a5cde74945183d737066e46b61c6f9c4\"},\"headline\":\"Xevi Pons brilla en la Baja Arag\u00f3n y se hace con el cuarto puesto\",\"datePublished\":\"2016-07-24T13:40:00+00:00\",\"dateModified\":\"2016-07-24T23:29:10+00:00\",\"mainEntityOfPage\":{\"@id\":\"http:\/\/esponsorama.ad\/es\/xevi-pons-brilla-en-la-baja-aragon-y-se-hace-con-el-cuarto-puesto-2\/\"},\"wordCount\":482,\"image\":{\"@id\":\"http:\/\/esponsorama.ad\/es\/xevi-pons-brilla-en-la-baja-aragon-y-se-hace-con-el-cuarto-puesto-2\/#primaryimage\"},\"thumbnailUrl\":\"http:\/\/esponsorama.ad\/wp-content\/uploads\/2016\/07\/5LUS1134.jpg\",\"articleSection\":[\"Dakar\"],\"inLanguage\":\"es\"},{\"@type\":\"WebPage\",\"@id\":\"http:\/\/esponsorama.ad\/es\/xevi-pons-brilla-en-la-baja-aragon-y-se-hace-con-el-cuarto-puesto-2\/\",\"url\":\"http:\/\/esponsorama.ad\/es\/xevi-pons-brilla-en-la-baja-aragon-y-se-hace-con-el-cuarto-puesto-2\/\",\"name\":\"Xevi Pons brilla en la Baja Arag\u00f3n y se hace con el cuarto puesto - Esponsorama\",\"isPartOf\":{\"@id\":\"http:\/\/esponsorama.ad\/es\/#website\"},\"primaryImageOfPage\":{\"@id\":\"http:\/\/esponsorama.ad\/es\/xevi-pons-brilla-en-la-baja-aragon-y-se-hace-con-el-cuarto-puesto-2\/#primaryimage\"},\"image\":{\"@id\":\"http:\/\/esponsorama.ad\/es\/xevi-pons-brilla-en-la-baja-aragon-y-se-hace-con-el-cuarto-puesto-2\/#primaryimage\"},\"thumbnailUrl\":\"http:\/\/esponsorama.ad\/wp-content\/uploads\/2016\/07\/5LUS1134.jpg\",\"datePublished\":\"2016-07-24T13:40:00+00:00\",\"dateModified\":\"2016-07-24T23:29:10+00:00\",\"author\":{\"@id\":\"http:\/\/esponsorama.ad\/es\/#\/schema\/person\/a5cde74945183d737066e46b61c6f9c4\"},\"breadcrumb\":{\"@id\":\"http:\/\/esponsorama.ad\/es\/xevi-pons-brilla-en-la-baja-aragon-y-se-hace-con-el-cuarto-puesto-2\/#breadcrumb\"},\"inLanguage\":\"es\",\"potentialAction\":[{\"@type\":\"ReadAction\",\"target\":[\"http:\/\/esponsorama.ad\/es\/xevi-pons-brilla-en-la-baja-aragon-y-se-hace-con-el-cuarto-puesto-2\/\"]}]},{\"@type\":\"ImageObject\",\"inLanguage\":\"es\",\"@id\":\"http:\/\/esponsorama.ad\/es\/xevi-pons-brilla-en-la-baja-aragon-y-se-hace-con-el-cuarto-puesto-2\/#primaryimage\",\"url\":\"http:\/\/esponsorama.ad\/wp-content\/uploads\/2016\/07\/5LUS1134.jpg\",\"contentUrl\":\"http:\/\/esponsorama.ad\/wp-content\/uploads\/2016\/07\/5LUS1134.jpg\",\"width\":1800,\"height\":1200},{\"@type\":\"BreadcrumbList\",\"@id\":\"http:\/\/esponsorama.ad\/es\/xevi-pons-brilla-en-la-baja-aragon-y-se-hace-con-el-cuarto-puesto-2\/#breadcrumb\",\"itemListElement\":[{\"@type\":\"ListItem\",\"position\":1,\"name\":\"Home\",\"item\":\"http:\/\/esponsorama.ad\/ca\/\"},{\"@type\":\"ListItem\",\"position\":2,\"name\":\"Xevi Pons brilla en la Baja Arag\u00f3n y se hace con el cuarto puesto\"}]},{\"@type\":\"WebSite\",\"@id\":\"http:\/\/esponsorama.ad\/es\/#website\",\"url\":\"http:\/\/esponsorama.ad\/es\/\",\"name\":\"Esponsorama\",\"description\":\"Specialist in motorsport sponsorship and event promotions\",\"potentialAction\":[{\"@type\":\"SearchAction\",\"target\":{\"@type\":\"EntryPoint\",\"urlTemplate\":\"http:\/\/esponsorama.ad\/es\/?s={search_term_string}\"},\"query-input\":{\"@type\":\"PropertyValueSpecification\",\"valueRequired\":true,\"valueName\":\"search_term_string\"}}],\"inLanguage\":\"es\"},{\"@type\":\"Person\",\"@id\":\"http:\/\/esponsorama.ad\/es\/#\/schema\/person\/a5cde74945183d737066e46b61c6f9c4\",\"name\":\"Xavi Andornet\",\"image\":{\"@type\":\"ImageObject\",\"inLanguage\":\"es\",\"@id\":\"http:\/\/esponsorama.ad\/es\/#\/schema\/person\/image\/\",\"url\":\"https:\/\/secure.gravatar.com\/avatar\/f10eaf9ad601244a2357c9fd7cd9805ed166cfaaf76d5d9ab08a9d873e70147a?s=96&d=mm&r=g\",\"contentUrl\":\"https:\/\/secure.gravatar.com\/avatar\/f10eaf9ad601244a2357c9fd7cd9805ed166cfaaf76d5d9ab08a9d873e70147a?s=96&d=mm&r=g\",\"caption\":\"Xavi Andornet\"},\"sameAs\":[\"http:\/\/www.andornet.ad\"],\"url\":\"http:\/\/esponsorama.ad\/es\/author\/andornet\/\"}]}<\/script>\n<!-- \/ Yoast SEO plugin. -->","yoast_head_json":{"title":"Xevi Pons brilla en la Baja Arag\u00f3n y se hace con el cuarto puesto - Esponsorama","robots":{"index":"index","follow":"follow","max-snippet":"max-snippet:-1","max-image-preview":"max-image-preview:large","max-video-preview":"max-video-preview:-1"},"canonical":"http:\/\/esponsorama.ad\/es\/xevi-pons-brilla-en-la-baja-aragon-y-se-hace-con-el-cuarto-puesto-2\/","og_locale":"es_ES","og_type":"article","og_title":"Xevi Pons brilla en la Baja Arag\u00f3n y se hace con el cuarto puesto - Esponsorama","og_description":"Alfambra SS4: 184.8km ALFAMBRA: La Baja Arag\u00f3n ha llegado a su fin con la cuarta y \u00faltima etapa especial de 184.8 kil\u00f3metros en Alfambra. El piloto de Esponsorama, Xevi Pons, ha llevado el Ford Ranger preparado por DMAS South Racing hasta la cuarta posici\u00f3n final despu\u00e9s de recortar la distancia con el argentino Orlando Terranova [&hellip;]","og_url":"http:\/\/esponsorama.ad\/es\/xevi-pons-brilla-en-la-baja-aragon-y-se-hace-con-el-cuarto-puesto-2\/","og_site_name":"Esponsorama","article_published_time":"2016-07-24T13:40:00+00:00","article_modified_time":"2016-07-24T23:29:10+00:00","og_image":[{"width":1800,"height":1200,"url":"http:\/\/esponsorama.ad\/wp-content\/uploads\/2016\/07\/5LUS1134.jpg","type":"image\/jpeg"}],"author":"Xavi Andornet","twitter_card":"summary_large_image","twitter_misc":{"Escrito por":"Xavi Andornet","Tiempo de lectura":"2 minutos"},"schema":{"@context":"https:\/\/schema.org","@graph":[{"@type":"Article","@id":"http:\/\/esponsorama.ad\/es\/xevi-pons-brilla-en-la-baja-aragon-y-se-hace-con-el-cuarto-puesto-2\/#article","isPartOf":{"@id":"http:\/\/esponsorama.ad\/es\/xevi-pons-brilla-en-la-baja-aragon-y-se-hace-con-el-cuarto-puesto-2\/"},"author":{"name":"Xavi Andornet","@id":"http:\/\/esponsorama.ad\/es\/#\/schema\/person\/a5cde74945183d737066e46b61c6f9c4"},"headline":"Xevi Pons brilla en la Baja Arag\u00f3n y se hace con el cuarto puesto","datePublished":"2016-07-24T13:40:00+00:00","dateModified":"2016-07-24T23:29:10+00:00","mainEntityOfPage":{"@id":"http:\/\/esponsorama.ad\/es\/xevi-pons-brilla-en-la-baja-aragon-y-se-hace-con-el-cuarto-puesto-2\/"},"wordCount":482,"image":{"@id":"http:\/\/esponsorama.ad\/es\/xevi-pons-brilla-en-la-baja-aragon-y-se-hace-con-el-cuarto-puesto-2\/#primaryimage"},"thumbnailUrl":"http:\/\/esponsorama.ad\/wp-content\/uploads\/2016\/07\/5LUS1134.jpg","articleSection":["Dakar"],"inLanguage":"es"},{"@type":"WebPage","@id":"http:\/\/esponsorama.ad\/es\/xevi-pons-brilla-en-la-baja-aragon-y-se-hace-con-el-cuarto-puesto-2\/","url":"http:\/\/esponsorama.ad\/es\/xevi-pons-brilla-en-la-baja-aragon-y-se-hace-con-el-cuarto-puesto-2\/","name":"Xevi Pons brilla en la Baja Arag\u00f3n y se hace con el cuarto puesto - Esponsorama","isPartOf":{"@id":"http:\/\/esponsorama.ad\/es\/#website"},"primaryImageOfPage":{"@id":"http:\/\/esponsorama.ad\/es\/xevi-pons-brilla-en-la-baja-aragon-y-se-hace-con-el-cuarto-puesto-2\/#primaryimage"},"image":{"@id":"http:\/\/esponsorama.ad\/es\/xevi-pons-brilla-en-la-baja-aragon-y-se-hace-con-el-cuarto-puesto-2\/#primaryimage"},"thumbnailUrl":"http:\/\/esponsorama.ad\/wp-content\/uploads\/2016\/07\/5LUS1134.jpg","datePublished":"2016-07-24T13:40:00+00:00","dateModified":"2016-07-24T23:29:10+00:00","author":{"@id":"http:\/\/esponsorama.ad\/es\/#\/schema\/person\/a5cde74945183d737066e46b61c6f9c4"},"breadcrumb":{"@id":"http:\/\/esponsorama.ad\/es\/xevi-pons-brilla-en-la-baja-aragon-y-se-hace-con-el-cuarto-puesto-2\/#breadcrumb"},"inLanguage":"es","potentialAction":[{"@type":"ReadAction","target":["http:\/\/esponsorama.ad\/es\/xevi-pons-brilla-en-la-baja-aragon-y-se-hace-con-el-cuarto-puesto-2\/"]}]},{"@type":"ImageObject","inLanguage":"es","@id":"http:\/\/esponsorama.ad\/es\/xevi-pons-brilla-en-la-baja-aragon-y-se-hace-con-el-cuarto-puesto-2\/#primaryimage","url":"http:\/\/esponsorama.ad\/wp-content\/uploads\/2016\/07\/5LUS1134.jpg","contentUrl":"http:\/\/esponsorama.ad\/wp-content\/uploads\/2016\/07\/5LUS1134.jpg","width":1800,"height":1200},{"@type":"BreadcrumbList","@id":"http:\/\/esponsorama.ad\/es\/xevi-pons-brilla-en-la-baja-aragon-y-se-hace-con-el-cuarto-puesto-2\/#breadcrumb","itemListElement":[{"@type":"ListItem","position":1,"name":"Home","item":"http:\/\/esponsorama.ad\/ca\/"},{"@type":"ListItem","position":2,"name":"Xevi Pons brilla en la Baja Arag\u00f3n y se hace con el cuarto puesto"}]},{"@type":"WebSite","@id":"http:\/\/esponsorama.ad\/es\/#website","url":"http:\/\/esponsorama.ad\/es\/","name":"Esponsorama","description":"Specialist in motorsport sponsorship and event promotions","potentialAction":[{"@type":"SearchAction","target":{"@type":"EntryPoint","urlTemplate":"http:\/\/esponsorama.ad\/es\/?s={search_term_string}"},"query-input":{"@type":"PropertyValueSpecification","valueRequired":true,"valueName":"search_term_string"}}],"inLanguage":"es"},{"@type":"Person","@id":"http:\/\/esponsorama.ad\/es\/#\/schema\/person\/a5cde74945183d737066e46b61c6f9c4","name":"Xavi Andornet","image":{"@type":"ImageObject","inLanguage":"es","@id":"http:\/\/esponsorama.ad\/es\/#\/schema\/person\/image\/","url":"https:\/\/secure.gravatar.com\/avatar\/f10eaf9ad601244a2357c9fd7cd9805ed166cfaaf76d5d9ab08a9d873e70147a?s=96&d=mm&r=g","contentUrl":"https:\/\/secure.gravatar.com\/avatar\/f10eaf9ad601244a2357c9fd7cd9805ed166cfaaf76d5d9ab08a9d873e70147a?s=96&d=mm&r=g","caption":"Xavi Andornet"},"sameAs":["http:\/\/www.andornet.ad"],"url":"http:\/\/esponsorama.ad\/es\/author\/andornet\/"}]}},"_links":{"self":[{"href":"http:\/\/esponsorama.ad\/es\/wp-json\/wp\/v2\/posts\/617","targetHints":{"allow":["GET"]}}],"collection":[{"href":"http:\/\/esponsorama.ad\/es\/wp-json\/wp\/v2\/posts"}],"about":[{"href":"http:\/\/esponsorama.ad\/es\/wp-json\/wp\/v2\/types\/post"}],"author":[{"embeddable":true,"href":"http:\/\/esponsorama.ad\/es\/wp-json\/wp\/v2\/users\/6"}],"replies":[{"embeddable":true,"href":"http:\/\/esponsorama.ad\/es\/wp-json\/wp\/v2\/comments?post=617"}],"version-history":[{"count":0,"href":"http:\/\/esponsorama.ad\/es\/wp-json\/wp\/v2\/posts\/617\/revisions"}],"wp:featuredmedia":[{"embeddable":true,"href":"http:\/\/esponsorama.ad\/es\/wp-json\/wp\/v2\/media\/612"}],"wp:attachment":[{"href":"http:\/\/esponsorama.ad\/es\/wp-json\/wp\/v2\/media?parent=617"}],"wp:term":[{"taxonomy":"category","embeddable":true,"href":"http:\/\/esponsorama.ad\/es\/wp-json\/wp\/v2\/categories?post=617"},{"taxonomy":"post_tag","embeddable":true,"href":"http:\/\/esponsorama.ad\/es\/wp-json\/wp\/v2\/tags?post=617"}],"curies":[{"name":"wp","href":"https:\/\/api.w.org\/{rel}","templated":true}]}}