{"id":6445,"date":"2017-10-10T09:28:48","date_gmt":"2017-10-10T07:28:48","guid":{"rendered":"http:\/\/esponsorama.ad\/?p=6445"},"modified":"2017-10-10T09:35:16","modified_gmt":"2017-10-10T07:35:16","slug":"equipo-reale-avintia-racing-comienza-triplete-motegi-2","status":"publish","type":"post","link":"http:\/\/esponsorama.ad\/es\/equipo-reale-avintia-racing-comienza-triplete-motegi-2\/","title":{"rendered":"El equipo Reale Avintia Racing comienza el triplete en Motegi"},"content":{"rendered":"<p>El equipo Reale Avintia Racing ya ha puesto rumbo a Motegi para disputar la 15\u00aa prueba del Campeonato del Mundo de MotoGP y la primera de tres carreras consecutivas que tendr\u00e1n lugar en Jap\u00f3n, Australia y Malasia.<\/p>\n<p>H\u00e9ctor Barber\u00e1 y Loris Baz afrontan el final del campeonato con mucha ilusi\u00f3n y con el firme objetivo de lograr un buen resultado con el que despedirse de la categor\u00eda de MotoGP y del Reale Avintia Racing. Motegi ser\u00e1 su primera oportunidad y ambos conf\u00edan en poder sacar partido de la gran potencia del motor V4 de sus Ducati Desmosedici GP.<\/p>\n<p>La climatolog\u00eda volver\u00e1 a ser clave, con lluvias previstas para el fin de semana en el circuito japon\u00e9s. Aunque eso puede venir bien a Barber\u00e1 y Baz, quienes han demostrado en m\u00e1s de una ocasi\u00f3n su habilidad para ir deprisa en condiciones de mojado.<\/p>\n\n<p>\u00abEn Arag\u00f3n no fueron bien las cosas, pero comienzo la gira asi\u00e1tica con muchas ganas y muy motivado. Solo me quedan cuatro carreras en MotoGP y quiero disfrutarlas al m\u00e1ximo, pero para eso tenemos que trabajar bien con la moto para sacarle todo el potencial. Creo que al tener claro que el a\u00f1o que viene estar\u00e9 en Moto2, estas \u00faltimas carreras con mi equipo pueden ir mejor, porque ya no tengo la presi\u00f3n de hacerlo bien, s\u00ed o s\u00ed. Motegi es un circuito que siempre se me ha dado bien y cuenta con muchas aceleraciones fuertes, que son el punto fuerte de nuestra moto. Estoy deseando empezar\u201d.<\/p>\n\n<p>\u00abHan sido tres semanas en las que he estado tranquilo, pero a la vez he estado trabajando para buscar las mejores opciones para el a\u00f1o que viene en Superbike. Pero ahora toca centrarse en lo que queda de campeonato en MotoGP empezando por estas tres carreras consecutivas que tenemos en Jap\u00f3n, Australia y Malasia. Mi objetivo es mejorar todo lo que podamos para volver a puntuar, algo que no hemos conseguido en las dos \u00faltimas carreras. Motegi creo que es un circuito que nos puede ir bastante bien por las caracter\u00edsticas de nuestra moto. Veremos c\u00f3mo est\u00e1 el tiempo pero llego con confianza en poder hacerlo bien\u201d.<\/p>\n","protected":false},"excerpt":{"rendered":"<p>El equipo Reale Avintia Racing ya ha puesto rumbo a Motegi para disputar la 15\u00aa prueba del Campeonato del Mundo de MotoGP y la primera de tres carreras consecutivas que tendr\u00e1n lugar en Jap\u00f3n, Australia y Malasia. H\u00e9ctor Barber\u00e1 y Loris Baz afrontan el final del campeonato con mucha ilusi\u00f3n y con el firme objetivo [&hellip;]<\/p>\n","protected":false},"author":6,"featured_media":6245,"comment_status":"closed","ping_status":"closed","sticky":false,"template":"","format":"standard","meta":{"footnotes":""},"categories":[3],"tags":[],"class_list":["post-6445","post","type-post","status-publish","format-standard","has-post-thumbnail","hentry","category-motogp"],"yoast_head":"<!-- This site is optimized with the Yoast SEO plugin v27.1.1 - https:\/\/yoast.com\/product\/yoast-seo-wordpress\/ -->\n<title>El equipo Reale Avintia Racing comienza el triplete en Motegi - Esponsorama<\/title>\n<meta name=\"robots\" content=\"index, follow, max-snippet:-1, max-image-preview:large, max-video-preview:-1\" \/>\n<link rel=\"canonical\" href=\"http:\/\/esponsorama.ad\/es\/equipo-reale-avintia-racing-comienza-triplete-motegi-2\/\" \/>\n<meta property=\"og:locale\" content=\"es_ES\" \/>\n<meta property=\"og:type\" content=\"article\" \/>\n<meta property=\"og:title\" content=\"El equipo Reale Avintia Racing comienza el triplete en Motegi - Esponsorama\" \/>\n<meta property=\"og:description\" content=\"El equipo Reale Avintia Racing ya ha puesto rumbo a Motegi para disputar la 15\u00aa prueba del Campeonato del Mundo de MotoGP y la primera de tres carreras consecutivas que tendr\u00e1n lugar en Jap\u00f3n, Australia y Malasia. H\u00e9ctor Barber\u00e1 y Loris Baz afrontan el final del campeonato con mucha ilusi\u00f3n y con el firme objetivo [&hellip;]\" \/>\n<meta property=\"og:url\" content=\"http:\/\/esponsorama.ad\/es\/equipo-reale-avintia-racing-comienza-triplete-motegi-2\/\" \/>\n<meta property=\"og:site_name\" content=\"Esponsorama\" \/>\n<meta property=\"article:published_time\" content=\"2017-10-10T07:28:48+00:00\" \/>\n<meta property=\"article:modified_time\" content=\"2017-10-10T07:35:16+00:00\" \/>\n<meta property=\"og:image\" content=\"http:\/\/esponsorama.ad\/wp-content\/uploads\/2017\/09\/14Aragon17MgpESPONSORAMA-5577.jpg\" \/>\n\t<meta property=\"og:image:width\" content=\"3370\" \/>\n\t<meta property=\"og:image:height\" content=\"2247\" \/>\n\t<meta property=\"og:image:type\" content=\"image\/jpeg\" \/>\n<meta name=\"author\" content=\"Xavi Andornet\" \/>\n<meta name=\"twitter:card\" content=\"summary_large_image\" \/>\n<meta name=\"twitter:label1\" content=\"Escrito por\" \/>\n\t<meta name=\"twitter:data1\" content=\"Xavi Andornet\" \/>\n\t<meta name=\"twitter:label2\" content=\"Tiempo de lectura\" \/>\n\t<meta name=\"twitter:data2\" content=\"2 minutos\" \/>\n<script type=\"application\/ld+json\" class=\"yoast-schema-graph\">{\"@context\":\"https:\/\/schema.org\",\"@graph\":[{\"@type\":\"Article\",\"@id\":\"http:\/\/esponsorama.ad\/es\/equipo-reale-avintia-racing-comienza-triplete-motegi-2\/#article\",\"isPartOf\":{\"@id\":\"http:\/\/esponsorama.ad\/es\/equipo-reale-avintia-racing-comienza-triplete-motegi-2\/\"},\"author\":{\"name\":\"Xavi Andornet\",\"@id\":\"http:\/\/esponsorama.ad\/es\/#\/schema\/person\/a5cde74945183d737066e46b61c6f9c4\"},\"headline\":\"El equipo Reale Avintia Racing comienza el triplete en Motegi\",\"datePublished\":\"2017-10-10T07:28:48+00:00\",\"dateModified\":\"2017-10-10T07:35:16+00:00\",\"mainEntityOfPage\":{\"@id\":\"http:\/\/esponsorama.ad\/es\/equipo-reale-avintia-racing-comienza-triplete-motegi-2\/\"},\"wordCount\":388,\"image\":{\"@id\":\"http:\/\/esponsorama.ad\/es\/equipo-reale-avintia-racing-comienza-triplete-motegi-2\/#primaryimage\"},\"thumbnailUrl\":\"http:\/\/esponsorama.ad\/wp-content\/uploads\/2017\/09\/14Aragon17MgpESPONSORAMA-5577.jpg\",\"articleSection\":[\"MotoGP\"],\"inLanguage\":\"es\"},{\"@type\":\"WebPage\",\"@id\":\"http:\/\/esponsorama.ad\/es\/equipo-reale-avintia-racing-comienza-triplete-motegi-2\/\",\"url\":\"http:\/\/esponsorama.ad\/es\/equipo-reale-avintia-racing-comienza-triplete-motegi-2\/\",\"name\":\"El equipo Reale Avintia Racing comienza el triplete en Motegi - Esponsorama\",\"isPartOf\":{\"@id\":\"http:\/\/esponsorama.ad\/es\/#website\"},\"primaryImageOfPage\":{\"@id\":\"http:\/\/esponsorama.ad\/es\/equipo-reale-avintia-racing-comienza-triplete-motegi-2\/#primaryimage\"},\"image\":{\"@id\":\"http:\/\/esponsorama.ad\/es\/equipo-reale-avintia-racing-comienza-triplete-motegi-2\/#primaryimage\"},\"thumbnailUrl\":\"http:\/\/esponsorama.ad\/wp-content\/uploads\/2017\/09\/14Aragon17MgpESPONSORAMA-5577.jpg\",\"datePublished\":\"2017-10-10T07:28:48+00:00\",\"dateModified\":\"2017-10-10T07:35:16+00:00\",\"author\":{\"@id\":\"http:\/\/esponsorama.ad\/es\/#\/schema\/person\/a5cde74945183d737066e46b61c6f9c4\"},\"breadcrumb\":{\"@id\":\"http:\/\/esponsorama.ad\/es\/equipo-reale-avintia-racing-comienza-triplete-motegi-2\/#breadcrumb\"},\"inLanguage\":\"es\",\"potentialAction\":[{\"@type\":\"ReadAction\",\"target\":[\"http:\/\/esponsorama.ad\/es\/equipo-reale-avintia-racing-comienza-triplete-motegi-2\/\"]}]},{\"@type\":\"ImageObject\",\"inLanguage\":\"es\",\"@id\":\"http:\/\/esponsorama.ad\/es\/equipo-reale-avintia-racing-comienza-triplete-motegi-2\/#primaryimage\",\"url\":\"http:\/\/esponsorama.ad\/wp-content\/uploads\/2017\/09\/14Aragon17MgpESPONSORAMA-5577.jpg\",\"contentUrl\":\"http:\/\/esponsorama.ad\/wp-content\/uploads\/2017\/09\/14Aragon17MgpESPONSORAMA-5577.jpg\",\"width\":3370,\"height\":2247},{\"@type\":\"BreadcrumbList\",\"@id\":\"http:\/\/esponsorama.ad\/es\/equipo-reale-avintia-racing-comienza-triplete-motegi-2\/#breadcrumb\",\"itemListElement\":[{\"@type\":\"ListItem\",\"position\":1,\"name\":\"Home\",\"item\":\"http:\/\/esponsorama.ad\/es\/\"},{\"@type\":\"ListItem\",\"position\":2,\"name\":\"El equipo Reale Avintia Racing comienza el triplete en Motegi\"}]},{\"@type\":\"WebSite\",\"@id\":\"http:\/\/esponsorama.ad\/es\/#website\",\"url\":\"http:\/\/esponsorama.ad\/es\/\",\"name\":\"Esponsorama\",\"description\":\"Specialist in motorsport sponsorship and event promotions\",\"potentialAction\":[{\"@type\":\"SearchAction\",\"target\":{\"@type\":\"EntryPoint\",\"urlTemplate\":\"http:\/\/esponsorama.ad\/es\/?s={search_term_string}\"},\"query-input\":{\"@type\":\"PropertyValueSpecification\",\"valueRequired\":true,\"valueName\":\"search_term_string\"}}],\"inLanguage\":\"es\"},{\"@type\":\"Person\",\"@id\":\"http:\/\/esponsorama.ad\/es\/#\/schema\/person\/a5cde74945183d737066e46b61c6f9c4\",\"name\":\"Xavi Andornet\",\"image\":{\"@type\":\"ImageObject\",\"inLanguage\":\"es\",\"@id\":\"http:\/\/esponsorama.ad\/es\/#\/schema\/person\/image\/\",\"url\":\"https:\/\/secure.gravatar.com\/avatar\/f10eaf9ad601244a2357c9fd7cd9805ed166cfaaf76d5d9ab08a9d873e70147a?s=96&d=mm&r=g\",\"contentUrl\":\"https:\/\/secure.gravatar.com\/avatar\/f10eaf9ad601244a2357c9fd7cd9805ed166cfaaf76d5d9ab08a9d873e70147a?s=96&d=mm&r=g\",\"caption\":\"Xavi Andornet\"},\"sameAs\":[\"http:\/\/www.andornet.ad\"],\"url\":\"http:\/\/esponsorama.ad\/es\/author\/andornet\/\"}]}<\/script>\n<!-- \/ Yoast SEO plugin. -->","yoast_head_json":{"title":"El equipo Reale Avintia Racing comienza el triplete en Motegi - Esponsorama","robots":{"index":"index","follow":"follow","max-snippet":"max-snippet:-1","max-image-preview":"max-image-preview:large","max-video-preview":"max-video-preview:-1"},"canonical":"http:\/\/esponsorama.ad\/es\/equipo-reale-avintia-racing-comienza-triplete-motegi-2\/","og_locale":"es_ES","og_type":"article","og_title":"El equipo Reale Avintia Racing comienza el triplete en Motegi - Esponsorama","og_description":"El equipo Reale Avintia Racing ya ha puesto rumbo a Motegi para disputar la 15\u00aa prueba del Campeonato del Mundo de MotoGP y la primera de tres carreras consecutivas que tendr\u00e1n lugar en Jap\u00f3n, Australia y Malasia. H\u00e9ctor Barber\u00e1 y Loris Baz afrontan el final del campeonato con mucha ilusi\u00f3n y con el firme objetivo [&hellip;]","og_url":"http:\/\/esponsorama.ad\/es\/equipo-reale-avintia-racing-comienza-triplete-motegi-2\/","og_site_name":"Esponsorama","article_published_time":"2017-10-10T07:28:48+00:00","article_modified_time":"2017-10-10T07:35:16+00:00","og_image":[{"width":3370,"height":2247,"url":"http:\/\/esponsorama.ad\/wp-content\/uploads\/2017\/09\/14Aragon17MgpESPONSORAMA-5577.jpg","type":"image\/jpeg"}],"author":"Xavi Andornet","twitter_card":"summary_large_image","twitter_misc":{"Escrito por":"Xavi Andornet","Tiempo de lectura":"2 minutos"},"schema":{"@context":"https:\/\/schema.org","@graph":[{"@type":"Article","@id":"http:\/\/esponsorama.ad\/es\/equipo-reale-avintia-racing-comienza-triplete-motegi-2\/#article","isPartOf":{"@id":"http:\/\/esponsorama.ad\/es\/equipo-reale-avintia-racing-comienza-triplete-motegi-2\/"},"author":{"name":"Xavi Andornet","@id":"http:\/\/esponsorama.ad\/es\/#\/schema\/person\/a5cde74945183d737066e46b61c6f9c4"},"headline":"El equipo Reale Avintia Racing comienza el triplete en Motegi","datePublished":"2017-10-10T07:28:48+00:00","dateModified":"2017-10-10T07:35:16+00:00","mainEntityOfPage":{"@id":"http:\/\/esponsorama.ad\/es\/equipo-reale-avintia-racing-comienza-triplete-motegi-2\/"},"wordCount":388,"image":{"@id":"http:\/\/esponsorama.ad\/es\/equipo-reale-avintia-racing-comienza-triplete-motegi-2\/#primaryimage"},"thumbnailUrl":"http:\/\/esponsorama.ad\/wp-content\/uploads\/2017\/09\/14Aragon17MgpESPONSORAMA-5577.jpg","articleSection":["MotoGP"],"inLanguage":"es"},{"@type":"WebPage","@id":"http:\/\/esponsorama.ad\/es\/equipo-reale-avintia-racing-comienza-triplete-motegi-2\/","url":"http:\/\/esponsorama.ad\/es\/equipo-reale-avintia-racing-comienza-triplete-motegi-2\/","name":"El equipo Reale Avintia Racing comienza el triplete en Motegi - Esponsorama","isPartOf":{"@id":"http:\/\/esponsorama.ad\/es\/#website"},"primaryImageOfPage":{"@id":"http:\/\/esponsorama.ad\/es\/equipo-reale-avintia-racing-comienza-triplete-motegi-2\/#primaryimage"},"image":{"@id":"http:\/\/esponsorama.ad\/es\/equipo-reale-avintia-racing-comienza-triplete-motegi-2\/#primaryimage"},"thumbnailUrl":"http:\/\/esponsorama.ad\/wp-content\/uploads\/2017\/09\/14Aragon17MgpESPONSORAMA-5577.jpg","datePublished":"2017-10-10T07:28:48+00:00","dateModified":"2017-10-10T07:35:16+00:00","author":{"@id":"http:\/\/esponsorama.ad\/es\/#\/schema\/person\/a5cde74945183d737066e46b61c6f9c4"},"breadcrumb":{"@id":"http:\/\/esponsorama.ad\/es\/equipo-reale-avintia-racing-comienza-triplete-motegi-2\/#breadcrumb"},"inLanguage":"es","potentialAction":[{"@type":"ReadAction","target":["http:\/\/esponsorama.ad\/es\/equipo-reale-avintia-racing-comienza-triplete-motegi-2\/"]}]},{"@type":"ImageObject","inLanguage":"es","@id":"http:\/\/esponsorama.ad\/es\/equipo-reale-avintia-racing-comienza-triplete-motegi-2\/#primaryimage","url":"http:\/\/esponsorama.ad\/wp-content\/uploads\/2017\/09\/14Aragon17MgpESPONSORAMA-5577.jpg","contentUrl":"http:\/\/esponsorama.ad\/wp-content\/uploads\/2017\/09\/14Aragon17MgpESPONSORAMA-5577.jpg","width":3370,"height":2247},{"@type":"BreadcrumbList","@id":"http:\/\/esponsorama.ad\/es\/equipo-reale-avintia-racing-comienza-triplete-motegi-2\/#breadcrumb","itemListElement":[{"@type":"ListItem","position":1,"name":"Home","item":"http:\/\/esponsorama.ad\/es\/"},{"@type":"ListItem","position":2,"name":"El equipo Reale Avintia Racing comienza el triplete en Motegi"}]},{"@type":"WebSite","@id":"http:\/\/esponsorama.ad\/es\/#website","url":"http:\/\/esponsorama.ad\/es\/","name":"Esponsorama","description":"Specialist in motorsport sponsorship and event promotions","potentialAction":[{"@type":"SearchAction","target":{"@type":"EntryPoint","urlTemplate":"http:\/\/esponsorama.ad\/es\/?s={search_term_string}"},"query-input":{"@type":"PropertyValueSpecification","valueRequired":true,"valueName":"search_term_string"}}],"inLanguage":"es"},{"@type":"Person","@id":"http:\/\/esponsorama.ad\/es\/#\/schema\/person\/a5cde74945183d737066e46b61c6f9c4","name":"Xavi Andornet","image":{"@type":"ImageObject","inLanguage":"es","@id":"http:\/\/esponsorama.ad\/es\/#\/schema\/person\/image\/","url":"https:\/\/secure.gravatar.com\/avatar\/f10eaf9ad601244a2357c9fd7cd9805ed166cfaaf76d5d9ab08a9d873e70147a?s=96&d=mm&r=g","contentUrl":"https:\/\/secure.gravatar.com\/avatar\/f10eaf9ad601244a2357c9fd7cd9805ed166cfaaf76d5d9ab08a9d873e70147a?s=96&d=mm&r=g","caption":"Xavi Andornet"},"sameAs":["http:\/\/www.andornet.ad"],"url":"http:\/\/esponsorama.ad\/es\/author\/andornet\/"}]}},"_links":{"self":[{"href":"http:\/\/esponsorama.ad\/es\/wp-json\/wp\/v2\/posts\/6445","targetHints":{"allow":["GET"]}}],"collection":[{"href":"http:\/\/esponsorama.ad\/es\/wp-json\/wp\/v2\/posts"}],"about":[{"href":"http:\/\/esponsorama.ad\/es\/wp-json\/wp\/v2\/types\/post"}],"author":[{"embeddable":true,"href":"http:\/\/esponsorama.ad\/es\/wp-json\/wp\/v2\/users\/6"}],"replies":[{"embeddable":true,"href":"http:\/\/esponsorama.ad\/es\/wp-json\/wp\/v2\/comments?post=6445"}],"version-history":[{"count":0,"href":"http:\/\/esponsorama.ad\/es\/wp-json\/wp\/v2\/posts\/6445\/revisions"}],"wp:featuredmedia":[{"embeddable":true,"href":"http:\/\/esponsorama.ad\/es\/wp-json\/wp\/v2\/media\/6245"}],"wp:attachment":[{"href":"http:\/\/esponsorama.ad\/es\/wp-json\/wp\/v2\/media?parent=6445"}],"wp:term":[{"taxonomy":"category","embeddable":true,"href":"http:\/\/esponsorama.ad\/es\/wp-json\/wp\/v2\/categories?post=6445"},{"taxonomy":"post_tag","embeddable":true,"href":"http:\/\/esponsorama.ad\/es\/wp-json\/wp\/v2\/tags?post=6445"}],"curies":[{"name":"wp","href":"https:\/\/api.w.org\/{rel}","templated":true}]}}