{"id":647,"date":"2016-08-14T11:28:31","date_gmt":"2016-08-14T09:28:31","guid":{"rendered":"http:\/\/esponsorama.ad\/?p=647"},"modified":"2016-08-18T15:14:54","modified_gmt":"2016-08-18T13:14:54","slug":"hector-barbera-y-loris-baz-renuevan-un-ano-mas-con-avintia-racing-2","status":"publish","type":"post","link":"http:\/\/esponsorama.ad\/es\/hector-barbera-y-loris-baz-renuevan-un-ano-mas-con-avintia-racing-2\/","title":{"rendered":"H\u00e9ctor Barber\u00e1 y Loris Baz renuevan un a\u00f1o m\u00e1s con Avintia Racing"},"content":{"rendered":"<p>Avintia Racing tiene el placer de anunciar que H\u00e9ctor Barber\u00e1 y Loris Baz seguir\u00e1n defendiendo los colores del equipo en el Campeonato del Mundo de MotoGP en 2017. H\u00e9ctor Barber\u00e1 ha demostrado un gran nivel en la primera parte de la temporada, llegando al ecuador del campeonato como mejor piloto Ducati, y s\u00e9ptimo en la clasificaci\u00f3n, con una Desmosedici GP14.2. Para el espa\u00f1ol de 29 a\u00f1os, ser\u00e1 si quinta temporada con Avintia Racing y gracias a sus buenos resultados, en 2017 dispondr\u00e1 de una Ducati Desmosedici GP como las que llevan este a\u00f1o los pilotos de f\u00e1brica.<\/p>\n<p>Loris Baz est\u00e1 disputando su primera temporada con Avintia Racing despu\u00e9s de luchar con Barber\u00e1 en 2015 por el t\u00edtulo de la categor\u00eda Open y, aunque no ha obtenido buenos resultados en la primera parte de la temporada, el franc\u00e9s de 23 a\u00f1os mostr\u00f3 un gran potencial en la pretemporada y en las primeras carreras. El equipo est\u00e1 convencido de que puede luchar regularmente por estar en el Top 10, y el a\u00f1o que viene, con una moto m\u00e1s evolucionada, tendr\u00e1 la oportunidad de demostrarlo.<\/p>\n<p><strong>H\u00c9CTOR BARBER\u00c1 #8 <\/strong><\/p>\n<p>\u201cEstoy muy contento porque creo que en los a\u00f1os que llevamos juntos hemos demostrado una gran progresi\u00f3n, y en apenas tres a\u00f1os, hemos pasado de estar vig\u00e9simos a estar s\u00e9ptimos en el campeonato, y con esta moto. El equipo ha crecido much\u00edsimo, lo hemos hecho juntos y estoy content\u00edsimo de renovar un a\u00f1o m\u00e1s, especialmente porque por fin tendremos una moto realmente competitiva, una moto con la que podemos so\u00f1ar en hacer algo grande. Tengo un equipo muy competente, somos como una familia y siempre se busca la perfecci\u00f3n en todo lo que hacemos. Ayud\u00e1ndonos todos hemos crecido much\u00edsimo y lo hemos hecho juntos. Ra\u00fal es un so\u00f1ador, se adelanta al futuro y sin su pasi\u00f3n por todo lo que hace, la experiencia que aporta al equipo Bocha, y el soporte que nos da siempre Antonio todo esto no ser\u00eda posible\u201d.<\/p>\n<p><strong>LORIS BAZ #76 <\/strong><\/p>\n<p>\u201cLo primero es dar las gracias al equipo por quererme un a\u00f1o m\u00e1s, porque con las mal\u00edsimas carreras que hemos hecho este a\u00f1o, lo m\u00e1s normal habr\u00eda sido no darme otra oportunidad. Pero creo que empezamos bien en la pretemporada y tambi\u00e9n en las primeras carreras, he demostrado que tan malo no soy. Ahora hay que intentar volver a donde est\u00e1bamos y tratar de luchar con H\u00e9ctor. Tener el futuro claro para el a\u00f1o que viene me quita mucha presi\u00f3n, porque despu\u00e9s de la lesi\u00f3n ha sido muy complicado y por eso quiero dar las gracias, a Ra\u00fal, a Bocha y a Antonio, porque es un equipo donde me siento muy bien y creo que tenemos muchas cosas que demostrar. Me lesion\u00e9 en el peor momento, pero ellos lo que han hecho es tranquilizarme y quitarme la presi\u00f3n. Solo espero poder agradec\u00e9rselo haciendo lo mejor en las nueve carreras que faltan y todav\u00eda mejor en 2017.\u201d<\/p>\n<p><strong>AGUST\u00cdN ESCOBAR #TEAM MANAGER<\/strong><\/p>\n<p>\u201cEstamos muy contentos de seguir un a\u00f1o m\u00e1s con H\u00e9ctor y Loris, porque adem\u00e1s de buenos pilotos son dos grandes personas. Tenemos un equipo profesional, pero que tambi\u00e9n es una gran familia y por eso queremos continuar un a\u00f1o m\u00e1s. H\u00e9ctor ya est\u00e1 demostrando el potencial que tiene, y Loris creo que este a\u00f1o puede volver a recuperar las buenas sensaciones de la pretemporada y que tiene mucho m\u00e1s gas que el que ha demostrado hasta ahora. Y el a\u00f1o que viene con las motos nuevas, seguro que los dos lo har\u00e1n mucho mejor. Tambi\u00e9n quiero dar las gracias a Ducati por seguir apoy\u00e1ndonos un a\u00f1o m\u00e1s y esperamos poder recompens\u00e1rselo con buenos resultados.\u201d<\/p>\n<div id='gallery-1' class='gallery galleryid-647 gallery-columns-4 gallery-size-thumbnail'><figure class='gallery-item'>\n\t\t\t<div class='gallery-icon landscape'>\n\t\t\t\t<a href='http:\/\/esponsorama.ad\/wp-content\/uploads\/2016\/08\/10_AUSTRIA-6343.jpg' title=\"\" data-rl_title=\"\" class=\"rl-gallery-link\" data-rl_caption=\"\" data-rel=\"lightbox-gallery-1\"><img loading=\"lazy\" decoding=\"async\" width=\"150\" height=\"150\" src=\"http:\/\/esponsorama.ad\/wp-content\/uploads\/2016\/08\/10_AUSTRIA-6343-150x150.jpg\" class=\"attachment-thumbnail size-thumbnail\" alt=\"\" \/><\/a>\n\t\t\t<\/div><\/figure><figure class='gallery-item'>\n\t\t\t<div class='gallery-icon landscape'>\n\t\t\t\t<a href='http:\/\/esponsorama.ad\/wp-content\/uploads\/2016\/08\/10_AUSTRIA-6356.jpg' title=\"\" data-rl_title=\"\" class=\"rl-gallery-link\" data-rl_caption=\"\" data-rel=\"lightbox-gallery-1\"><img loading=\"lazy\" decoding=\"async\" width=\"150\" height=\"150\" src=\"http:\/\/esponsorama.ad\/wp-content\/uploads\/2016\/08\/10_AUSTRIA-6356-150x150.jpg\" class=\"attachment-thumbnail size-thumbnail\" alt=\"\" \/><\/a>\n\t\t\t<\/div><\/figure><figure class='gallery-item'>\n\t\t\t<div class='gallery-icon landscape'>\n\t\t\t\t<a href='http:\/\/esponsorama.ad\/wp-content\/uploads\/2016\/08\/10_AUSTRIA-6374.jpg' title=\"\" data-rl_title=\"\" class=\"rl-gallery-link\" data-rl_caption=\"\" data-rel=\"lightbox-gallery-1\"><img loading=\"lazy\" decoding=\"async\" width=\"150\" height=\"150\" src=\"http:\/\/esponsorama.ad\/wp-content\/uploads\/2016\/08\/10_AUSTRIA-6374-150x150.jpg\" class=\"attachment-thumbnail size-thumbnail\" alt=\"\" \/><\/a>\n\t\t\t<\/div><\/figure><figure class='gallery-item'>\n\t\t\t<div class='gallery-icon landscape'>\n\t\t\t\t<a href='http:\/\/esponsorama.ad\/wp-content\/uploads\/2016\/08\/10_AUSTRIA-6379.jpg' title=\"\" data-rl_title=\"\" class=\"rl-gallery-link\" data-rl_caption=\"\" data-rel=\"lightbox-gallery-1\"><img loading=\"lazy\" decoding=\"async\" width=\"150\" height=\"150\" src=\"http:\/\/esponsorama.ad\/wp-content\/uploads\/2016\/08\/10_AUSTRIA-6379-150x150.jpg\" class=\"attachment-thumbnail size-thumbnail\" alt=\"\" \/><\/a>\n\t\t\t<\/div><\/figure><figure class='gallery-item'>\n\t\t\t<div class='gallery-icon landscape'>\n\t\t\t\t<a href='http:\/\/esponsorama.ad\/wp-content\/uploads\/2016\/08\/10_AUSTRIA-6392.jpg' title=\"\" data-rl_title=\"\" class=\"rl-gallery-link\" data-rl_caption=\"\" data-rel=\"lightbox-gallery-1\"><img loading=\"lazy\" decoding=\"async\" width=\"150\" height=\"150\" src=\"http:\/\/esponsorama.ad\/wp-content\/uploads\/2016\/08\/10_AUSTRIA-6392-150x150.jpg\" class=\"attachment-thumbnail size-thumbnail\" alt=\"\" \/><\/a>\n\t\t\t<\/div><\/figure><figure class='gallery-item'>\n\t\t\t<div class='gallery-icon landscape'>\n\t\t\t\t<a href='http:\/\/esponsorama.ad\/wp-content\/uploads\/2016\/08\/10_AUSTRIA-6409.jpg' title=\"\" data-rl_title=\"\" class=\"rl-gallery-link\" data-rl_caption=\"\" data-rel=\"lightbox-gallery-1\"><img loading=\"lazy\" decoding=\"async\" width=\"150\" height=\"150\" src=\"http:\/\/esponsorama.ad\/wp-content\/uploads\/2016\/08\/10_AUSTRIA-6409-150x150.jpg\" class=\"attachment-thumbnail size-thumbnail\" alt=\"\" \/><\/a>\n\t\t\t<\/div><\/figure><figure class='gallery-item'>\n\t\t\t<div class='gallery-icon landscape'>\n\t\t\t\t<a href='http:\/\/esponsorama.ad\/wp-content\/uploads\/2016\/08\/10_AUSTRIA-6402.jpg' title=\"\" data-rl_title=\"\" class=\"rl-gallery-link\" data-rl_caption=\"\" data-rel=\"lightbox-gallery-1\"><img loading=\"lazy\" decoding=\"async\" width=\"150\" height=\"150\" src=\"http:\/\/esponsorama.ad\/wp-content\/uploads\/2016\/08\/10_AUSTRIA-6402-150x150.jpg\" class=\"attachment-thumbnail size-thumbnail\" alt=\"\" \/><\/a>\n\t\t\t<\/div><\/figure><figure class='gallery-item'>\n\t\t\t<div class='gallery-icon landscape'>\n\t\t\t\t<a href='http:\/\/esponsorama.ad\/wp-content\/uploads\/2016\/08\/10_AUSTRIA-6394.jpg' title=\"\" data-rl_title=\"\" class=\"rl-gallery-link\" data-rl_caption=\"\" data-rel=\"lightbox-gallery-1\"><img loading=\"lazy\" decoding=\"async\" width=\"150\" height=\"150\" src=\"http:\/\/esponsorama.ad\/wp-content\/uploads\/2016\/08\/10_AUSTRIA-6394-150x150.jpg\" class=\"attachment-thumbnail size-thumbnail\" alt=\"\" \/><\/a>\n\t\t\t<\/div><\/figure>\n\t\t<\/div>\n\n","protected":false},"excerpt":{"rendered":"<p>Avintia Racing tiene el placer de anunciar que H\u00e9ctor Barber\u00e1 y Loris Baz seguir\u00e1n defendiendo los colores del equipo en el Campeonato del Mundo de MotoGP en 2017. H\u00e9ctor Barber\u00e1 ha demostrado un gran nivel en la primera parte de la temporada, llegando al ecuador del campeonato como mejor piloto Ducati, y s\u00e9ptimo en la [&hellip;]<\/p>\n","protected":false},"author":6,"featured_media":628,"comment_status":"closed","ping_status":"closed","sticky":false,"template":"","format":"standard","meta":{"footnotes":""},"categories":[3],"tags":[],"class_list":["post-647","post","type-post","status-publish","format-standard","has-post-thumbnail","hentry","category-motogp"],"yoast_head":"<!-- This site is optimized with the Yoast SEO plugin v27.1.1 - https:\/\/yoast.com\/product\/yoast-seo-wordpress\/ -->\n<title>H\u00e9ctor Barber\u00e1 y Loris Baz renuevan un a\u00f1o m\u00e1s con Avintia Racing - Esponsorama<\/title>\n<meta name=\"robots\" content=\"index, follow, max-snippet:-1, max-image-preview:large, max-video-preview:-1\" \/>\n<link rel=\"canonical\" href=\"http:\/\/esponsorama.ad\/es\/hector-barbera-y-loris-baz-renuevan-un-ano-mas-con-avintia-racing-2\/\" \/>\n<meta property=\"og:locale\" content=\"es_ES\" \/>\n<meta property=\"og:type\" content=\"article\" \/>\n<meta property=\"og:title\" content=\"H\u00e9ctor Barber\u00e1 y Loris Baz renuevan un a\u00f1o m\u00e1s con Avintia Racing - Esponsorama\" \/>\n<meta property=\"og:description\" content=\"Avintia Racing tiene el placer de anunciar que H\u00e9ctor Barber\u00e1 y Loris Baz seguir\u00e1n defendiendo los colores del equipo en el Campeonato del Mundo de MotoGP en 2017. H\u00e9ctor Barber\u00e1 ha demostrado un gran nivel en la primera parte de la temporada, llegando al ecuador del campeonato como mejor piloto Ducati, y s\u00e9ptimo en la [&hellip;]\" \/>\n<meta property=\"og:url\" content=\"http:\/\/esponsorama.ad\/es\/hector-barbera-y-loris-baz-renuevan-un-ano-mas-con-avintia-racing-2\/\" \/>\n<meta property=\"og:site_name\" content=\"Esponsorama\" \/>\n<meta property=\"article:published_time\" content=\"2016-08-14T09:28:31+00:00\" \/>\n<meta property=\"article:modified_time\" content=\"2016-08-18T13:14:54+00:00\" \/>\n<meta property=\"og:image\" content=\"http:\/\/esponsorama.ad\/wp-content\/uploads\/2016\/08\/10_AUSTRIA-6343.jpg\" \/>\n\t<meta property=\"og:image:width\" content=\"4596\" \/>\n\t<meta property=\"og:image:height\" content=\"3064\" \/>\n\t<meta property=\"og:image:type\" content=\"image\/jpeg\" \/>\n<meta name=\"author\" content=\"Xavi Andornet\" \/>\n<meta name=\"twitter:card\" content=\"summary_large_image\" \/>\n<meta name=\"twitter:label1\" content=\"Escrito por\" \/>\n\t<meta name=\"twitter:data1\" content=\"Xavi Andornet\" \/>\n\t<meta name=\"twitter:label2\" content=\"Tiempo de lectura\" \/>\n\t<meta name=\"twitter:data2\" content=\"3 minutos\" \/>\n<script type=\"application\/ld+json\" class=\"yoast-schema-graph\">{\"@context\":\"https:\/\/schema.org\",\"@graph\":[{\"@type\":\"Article\",\"@id\":\"http:\/\/esponsorama.ad\/es\/hector-barbera-y-loris-baz-renuevan-un-ano-mas-con-avintia-racing-2\/#article\",\"isPartOf\":{\"@id\":\"http:\/\/esponsorama.ad\/es\/hector-barbera-y-loris-baz-renuevan-un-ano-mas-con-avintia-racing-2\/\"},\"author\":{\"name\":\"Xavi Andornet\",\"@id\":\"http:\/\/esponsorama.ad\/es\/#\/schema\/person\/a5cde74945183d737066e46b61c6f9c4\"},\"headline\":\"H\u00e9ctor Barber\u00e1 y Loris Baz renuevan un a\u00f1o m\u00e1s con Avintia Racing\",\"datePublished\":\"2016-08-14T09:28:31+00:00\",\"dateModified\":\"2016-08-18T13:14:54+00:00\",\"mainEntityOfPage\":{\"@id\":\"http:\/\/esponsorama.ad\/es\/hector-barbera-y-loris-baz-renuevan-un-ano-mas-con-avintia-racing-2\/\"},\"wordCount\":681,\"image\":{\"@id\":\"http:\/\/esponsorama.ad\/es\/hector-barbera-y-loris-baz-renuevan-un-ano-mas-con-avintia-racing-2\/#primaryimage\"},\"thumbnailUrl\":\"http:\/\/esponsorama.ad\/wp-content\/uploads\/2016\/08\/10_AUSTRIA-6343.jpg\",\"articleSection\":[\"MotoGP\"],\"inLanguage\":\"es\"},{\"@type\":\"WebPage\",\"@id\":\"http:\/\/esponsorama.ad\/es\/hector-barbera-y-loris-baz-renuevan-un-ano-mas-con-avintia-racing-2\/\",\"url\":\"http:\/\/esponsorama.ad\/es\/hector-barbera-y-loris-baz-renuevan-un-ano-mas-con-avintia-racing-2\/\",\"name\":\"H\u00e9ctor Barber\u00e1 y Loris Baz renuevan un a\u00f1o m\u00e1s con Avintia Racing - Esponsorama\",\"isPartOf\":{\"@id\":\"http:\/\/esponsorama.ad\/es\/#website\"},\"primaryImageOfPage\":{\"@id\":\"http:\/\/esponsorama.ad\/es\/hector-barbera-y-loris-baz-renuevan-un-ano-mas-con-avintia-racing-2\/#primaryimage\"},\"image\":{\"@id\":\"http:\/\/esponsorama.ad\/es\/hector-barbera-y-loris-baz-renuevan-un-ano-mas-con-avintia-racing-2\/#primaryimage\"},\"thumbnailUrl\":\"http:\/\/esponsorama.ad\/wp-content\/uploads\/2016\/08\/10_AUSTRIA-6343.jpg\",\"datePublished\":\"2016-08-14T09:28:31+00:00\",\"dateModified\":\"2016-08-18T13:14:54+00:00\",\"author\":{\"@id\":\"http:\/\/esponsorama.ad\/es\/#\/schema\/person\/a5cde74945183d737066e46b61c6f9c4\"},\"breadcrumb\":{\"@id\":\"http:\/\/esponsorama.ad\/es\/hector-barbera-y-loris-baz-renuevan-un-ano-mas-con-avintia-racing-2\/#breadcrumb\"},\"inLanguage\":\"es\",\"potentialAction\":[{\"@type\":\"ReadAction\",\"target\":[\"http:\/\/esponsorama.ad\/es\/hector-barbera-y-loris-baz-renuevan-un-ano-mas-con-avintia-racing-2\/\"]}]},{\"@type\":\"ImageObject\",\"inLanguage\":\"es\",\"@id\":\"http:\/\/esponsorama.ad\/es\/hector-barbera-y-loris-baz-renuevan-un-ano-mas-con-avintia-racing-2\/#primaryimage\",\"url\":\"http:\/\/esponsorama.ad\/wp-content\/uploads\/2016\/08\/10_AUSTRIA-6343.jpg\",\"contentUrl\":\"http:\/\/esponsorama.ad\/wp-content\/uploads\/2016\/08\/10_AUSTRIA-6343.jpg\",\"width\":4596,\"height\":3064},{\"@type\":\"BreadcrumbList\",\"@id\":\"http:\/\/esponsorama.ad\/es\/hector-barbera-y-loris-baz-renuevan-un-ano-mas-con-avintia-racing-2\/#breadcrumb\",\"itemListElement\":[{\"@type\":\"ListItem\",\"position\":1,\"name\":\"Home\",\"item\":\"http:\/\/esponsorama.ad\/ca\/\"},{\"@type\":\"ListItem\",\"position\":2,\"name\":\"H\u00e9ctor Barber\u00e1 y Loris Baz renuevan un a\u00f1o m\u00e1s con Avintia Racing\"}]},{\"@type\":\"WebSite\",\"@id\":\"http:\/\/esponsorama.ad\/es\/#website\",\"url\":\"http:\/\/esponsorama.ad\/es\/\",\"name\":\"Esponsorama\",\"description\":\"Specialist in motorsport sponsorship and event promotions\",\"potentialAction\":[{\"@type\":\"SearchAction\",\"target\":{\"@type\":\"EntryPoint\",\"urlTemplate\":\"http:\/\/esponsorama.ad\/es\/?s={search_term_string}\"},\"query-input\":{\"@type\":\"PropertyValueSpecification\",\"valueRequired\":true,\"valueName\":\"search_term_string\"}}],\"inLanguage\":\"es\"},{\"@type\":\"Person\",\"@id\":\"http:\/\/esponsorama.ad\/es\/#\/schema\/person\/a5cde74945183d737066e46b61c6f9c4\",\"name\":\"Xavi Andornet\",\"image\":{\"@type\":\"ImageObject\",\"inLanguage\":\"es\",\"@id\":\"http:\/\/esponsorama.ad\/es\/#\/schema\/person\/image\/\",\"url\":\"https:\/\/secure.gravatar.com\/avatar\/f10eaf9ad601244a2357c9fd7cd9805ed166cfaaf76d5d9ab08a9d873e70147a?s=96&d=mm&r=g\",\"contentUrl\":\"https:\/\/secure.gravatar.com\/avatar\/f10eaf9ad601244a2357c9fd7cd9805ed166cfaaf76d5d9ab08a9d873e70147a?s=96&d=mm&r=g\",\"caption\":\"Xavi Andornet\"},\"sameAs\":[\"http:\/\/www.andornet.ad\"],\"url\":\"http:\/\/esponsorama.ad\/es\/author\/andornet\/\"}]}<\/script>\n<!-- \/ Yoast SEO plugin. -->","yoast_head_json":{"title":"H\u00e9ctor Barber\u00e1 y Loris Baz renuevan un a\u00f1o m\u00e1s con Avintia Racing - Esponsorama","robots":{"index":"index","follow":"follow","max-snippet":"max-snippet:-1","max-image-preview":"max-image-preview:large","max-video-preview":"max-video-preview:-1"},"canonical":"http:\/\/esponsorama.ad\/es\/hector-barbera-y-loris-baz-renuevan-un-ano-mas-con-avintia-racing-2\/","og_locale":"es_ES","og_type":"article","og_title":"H\u00e9ctor Barber\u00e1 y Loris Baz renuevan un a\u00f1o m\u00e1s con Avintia Racing - Esponsorama","og_description":"Avintia Racing tiene el placer de anunciar que H\u00e9ctor Barber\u00e1 y Loris Baz seguir\u00e1n defendiendo los colores del equipo en el Campeonato del Mundo de MotoGP en 2017. H\u00e9ctor Barber\u00e1 ha demostrado un gran nivel en la primera parte de la temporada, llegando al ecuador del campeonato como mejor piloto Ducati, y s\u00e9ptimo en la [&hellip;]","og_url":"http:\/\/esponsorama.ad\/es\/hector-barbera-y-loris-baz-renuevan-un-ano-mas-con-avintia-racing-2\/","og_site_name":"Esponsorama","article_published_time":"2016-08-14T09:28:31+00:00","article_modified_time":"2016-08-18T13:14:54+00:00","og_image":[{"width":4596,"height":3064,"url":"http:\/\/esponsorama.ad\/wp-content\/uploads\/2016\/08\/10_AUSTRIA-6343.jpg","type":"image\/jpeg"}],"author":"Xavi Andornet","twitter_card":"summary_large_image","twitter_misc":{"Escrito por":"Xavi Andornet","Tiempo de lectura":"3 minutos"},"schema":{"@context":"https:\/\/schema.org","@graph":[{"@type":"Article","@id":"http:\/\/esponsorama.ad\/es\/hector-barbera-y-loris-baz-renuevan-un-ano-mas-con-avintia-racing-2\/#article","isPartOf":{"@id":"http:\/\/esponsorama.ad\/es\/hector-barbera-y-loris-baz-renuevan-un-ano-mas-con-avintia-racing-2\/"},"author":{"name":"Xavi Andornet","@id":"http:\/\/esponsorama.ad\/es\/#\/schema\/person\/a5cde74945183d737066e46b61c6f9c4"},"headline":"H\u00e9ctor Barber\u00e1 y Loris Baz renuevan un a\u00f1o m\u00e1s con Avintia Racing","datePublished":"2016-08-14T09:28:31+00:00","dateModified":"2016-08-18T13:14:54+00:00","mainEntityOfPage":{"@id":"http:\/\/esponsorama.ad\/es\/hector-barbera-y-loris-baz-renuevan-un-ano-mas-con-avintia-racing-2\/"},"wordCount":681,"image":{"@id":"http:\/\/esponsorama.ad\/es\/hector-barbera-y-loris-baz-renuevan-un-ano-mas-con-avintia-racing-2\/#primaryimage"},"thumbnailUrl":"http:\/\/esponsorama.ad\/wp-content\/uploads\/2016\/08\/10_AUSTRIA-6343.jpg","articleSection":["MotoGP"],"inLanguage":"es"},{"@type":"WebPage","@id":"http:\/\/esponsorama.ad\/es\/hector-barbera-y-loris-baz-renuevan-un-ano-mas-con-avintia-racing-2\/","url":"http:\/\/esponsorama.ad\/es\/hector-barbera-y-loris-baz-renuevan-un-ano-mas-con-avintia-racing-2\/","name":"H\u00e9ctor Barber\u00e1 y Loris Baz renuevan un a\u00f1o m\u00e1s con Avintia Racing - Esponsorama","isPartOf":{"@id":"http:\/\/esponsorama.ad\/es\/#website"},"primaryImageOfPage":{"@id":"http:\/\/esponsorama.ad\/es\/hector-barbera-y-loris-baz-renuevan-un-ano-mas-con-avintia-racing-2\/#primaryimage"},"image":{"@id":"http:\/\/esponsorama.ad\/es\/hector-barbera-y-loris-baz-renuevan-un-ano-mas-con-avintia-racing-2\/#primaryimage"},"thumbnailUrl":"http:\/\/esponsorama.ad\/wp-content\/uploads\/2016\/08\/10_AUSTRIA-6343.jpg","datePublished":"2016-08-14T09:28:31+00:00","dateModified":"2016-08-18T13:14:54+00:00","author":{"@id":"http:\/\/esponsorama.ad\/es\/#\/schema\/person\/a5cde74945183d737066e46b61c6f9c4"},"breadcrumb":{"@id":"http:\/\/esponsorama.ad\/es\/hector-barbera-y-loris-baz-renuevan-un-ano-mas-con-avintia-racing-2\/#breadcrumb"},"inLanguage":"es","potentialAction":[{"@type":"ReadAction","target":["http:\/\/esponsorama.ad\/es\/hector-barbera-y-loris-baz-renuevan-un-ano-mas-con-avintia-racing-2\/"]}]},{"@type":"ImageObject","inLanguage":"es","@id":"http:\/\/esponsorama.ad\/es\/hector-barbera-y-loris-baz-renuevan-un-ano-mas-con-avintia-racing-2\/#primaryimage","url":"http:\/\/esponsorama.ad\/wp-content\/uploads\/2016\/08\/10_AUSTRIA-6343.jpg","contentUrl":"http:\/\/esponsorama.ad\/wp-content\/uploads\/2016\/08\/10_AUSTRIA-6343.jpg","width":4596,"height":3064},{"@type":"BreadcrumbList","@id":"http:\/\/esponsorama.ad\/es\/hector-barbera-y-loris-baz-renuevan-un-ano-mas-con-avintia-racing-2\/#breadcrumb","itemListElement":[{"@type":"ListItem","position":1,"name":"Home","item":"http:\/\/esponsorama.ad\/ca\/"},{"@type":"ListItem","position":2,"name":"H\u00e9ctor Barber\u00e1 y Loris Baz renuevan un a\u00f1o m\u00e1s con Avintia Racing"}]},{"@type":"WebSite","@id":"http:\/\/esponsorama.ad\/es\/#website","url":"http:\/\/esponsorama.ad\/es\/","name":"Esponsorama","description":"Specialist in motorsport sponsorship and event promotions","potentialAction":[{"@type":"SearchAction","target":{"@type":"EntryPoint","urlTemplate":"http:\/\/esponsorama.ad\/es\/?s={search_term_string}"},"query-input":{"@type":"PropertyValueSpecification","valueRequired":true,"valueName":"search_term_string"}}],"inLanguage":"es"},{"@type":"Person","@id":"http:\/\/esponsorama.ad\/es\/#\/schema\/person\/a5cde74945183d737066e46b61c6f9c4","name":"Xavi Andornet","image":{"@type":"ImageObject","inLanguage":"es","@id":"http:\/\/esponsorama.ad\/es\/#\/schema\/person\/image\/","url":"https:\/\/secure.gravatar.com\/avatar\/f10eaf9ad601244a2357c9fd7cd9805ed166cfaaf76d5d9ab08a9d873e70147a?s=96&d=mm&r=g","contentUrl":"https:\/\/secure.gravatar.com\/avatar\/f10eaf9ad601244a2357c9fd7cd9805ed166cfaaf76d5d9ab08a9d873e70147a?s=96&d=mm&r=g","caption":"Xavi Andornet"},"sameAs":["http:\/\/www.andornet.ad"],"url":"http:\/\/esponsorama.ad\/es\/author\/andornet\/"}]}},"_links":{"self":[{"href":"http:\/\/esponsorama.ad\/es\/wp-json\/wp\/v2\/posts\/647","targetHints":{"allow":["GET"]}}],"collection":[{"href":"http:\/\/esponsorama.ad\/es\/wp-json\/wp\/v2\/posts"}],"about":[{"href":"http:\/\/esponsorama.ad\/es\/wp-json\/wp\/v2\/types\/post"}],"author":[{"embeddable":true,"href":"http:\/\/esponsorama.ad\/es\/wp-json\/wp\/v2\/users\/6"}],"replies":[{"embeddable":true,"href":"http:\/\/esponsorama.ad\/es\/wp-json\/wp\/v2\/comments?post=647"}],"version-history":[{"count":0,"href":"http:\/\/esponsorama.ad\/es\/wp-json\/wp\/v2\/posts\/647\/revisions"}],"wp:featuredmedia":[{"embeddable":true,"href":"http:\/\/esponsorama.ad\/es\/wp-json\/wp\/v2\/media\/628"}],"wp:attachment":[{"href":"http:\/\/esponsorama.ad\/es\/wp-json\/wp\/v2\/media?parent=647"}],"wp:term":[{"taxonomy":"category","embeddable":true,"href":"http:\/\/esponsorama.ad\/es\/wp-json\/wp\/v2\/categories?post=647"},{"taxonomy":"post_tag","embeddable":true,"href":"http:\/\/esponsorama.ad\/es\/wp-json\/wp\/v2\/tags?post=647"}],"curies":[{"name":"wp","href":"https:\/\/api.w.org\/{rel}","templated":true}]}}