{"id":660,"date":"2016-08-14T17:20:23","date_gmt":"2016-08-14T15:20:23","guid":{"rendered":"http:\/\/esponsorama.ad\/?p=660"},"modified":"2016-08-18T15:12:49","modified_gmt":"2016-08-18T13:12:49","slug":"baz-suma-tres-puntos-bandera-negra-para-barbera-2","status":"publish","type":"post","link":"http:\/\/esponsorama.ad\/es\/baz-suma-tres-puntos-bandera-negra-para-barbera-2\/","title":{"rendered":"Baz suma tres puntos, bandera negra para Barber\u00e1"},"content":{"rendered":"<p>El Gran Premio de Austria ha dejado un sabor agridulce en el Avintia Racing. H\u00e9ctor Barber\u00e1 sal\u00eda desde la cuarta l\u00ednea tras lograr el d\u00e9cimo mejor tiempo en los cronometrados, y en la primera curva ha conseguido ganar cuatro posiciones para colocarse sexto. Pero la alegr\u00eda a durado poco, y tras comprobar que se hab\u00eda movido unos cent\u00edmetros en la salida, Direcci\u00f3n de Carrera le ha sancionado con un \u201cRide Through\u201d. Barber\u00e1 no ha visto las indicaciones de su pizarra para cumplir la penalizaci\u00f3n, y al no funcionar el display de su moto por el que Direcci\u00f3n de Carrera comunica las sanciones con diferentes colores, ha seguido en pista y, al final ha sido descalificado con bandera negra.<\/p>\n<p>La decepci\u00f3n de Barber\u00e1 ha contrastado con la alegr\u00eda de Loris Baz quien, despu\u00e9s de un periodo muy complicado debido a su lesi\u00f3n en el pie derecho y los malos resultados, hoy ha sumado tres puntos. Baz ha hecho una buena remontada desde la \u00faltima posici\u00f3n de la parrilla y ha recuperado bastante el feeling con su moto. En la \u00faltima vuelta ha superado a Tito Rabat tras luchar con el espa\u00f1ol durante buena parte de la carrera.<\/p>\n<p>La pr\u00f3xima semana el Campeonato del Mundo de MotoGP viaja a la Rep\u00fablica Checa, donde Barber\u00e1 tendr\u00e1 oportunidad de resarcirse de su error, y Baz podr\u00e1 seguir ganando confianza.<\/p>\n<p><strong>LORIS BAZ #76 \/ P13<\/strong><\/p>\n<p>\u201cAyer vimos que poco a poco iba recuperando las sensaciones y la confianza, y esta ma\u00f1ana hemos probado algo en el warm up que ha ido muy bien. En carrera he trabajado mucho en mantener la concentraci\u00f3n y apretar fuerte. Ha ido bastante bien, pero en las diez primeras vueltas se bloqueaba la rueda delantera cuando frenaba con la moto recta y he tenido que bajar un poco el ritmo. Pero despu\u00e9s he podido tirar otra vez, la goma delantera iba mejor, y he tratado de recuperar metros con Tito. Y aunque ten\u00edamos un ritmo muy parecido, he cometido menos errores que \u00e9l en las \u00faltimas vueltas y le he podido superar. Todav\u00eda estamos lejos de donde queremos estar, pero es un buen comienzo. F\u00edsicamente no estoy al 100%, pero pronto lo estar\u00e9. Lo m\u00e1s importante es que hemos encontrado el camino. Ahora hay que ir subiendo en las pr\u00f3ximas carreras y tratar de luchar con H\u00e9ctor por estar entre los diez primeros\u201d.<\/p>\n<p><strong>H\u00c9CTOR BARBER\u00c1 #8 \/ Descalificado<\/strong><\/p>\n<p>\u201cUna l\u00e1stima porque de verdad que no he visto el \u2018ride through\u2019, porque sino me habr\u00eda parado. Por lo visto ha habido un error con el display y no se ha encendido la luz blanca; yo estaba buscando esa informaci\u00f3n, pero nunca me ha llegado. Tampoco he visto la pizarra hasta el final y cuando he parado, ha sido tarde. Estoy muy decepcionado porque estaba haciendo la mejor carrera del a\u00f1o, pero no podemos hacer nada m\u00e1s que pensar en la pr\u00f3xima. He salido muy al l\u00edmite, no me he adelantado al sem\u00e1foro, pero quiz\u00e1s s\u00ed que he soltado un poco el embrague, sin duda que ha tenido que ser muy justo. Pero si Direcci\u00f3n de Carrera lo ha visto, seguro que me habr\u00e9 movido. Pido disculpas al equipo porque hab\u00edamos hecho un gran trabajo durante todo el fin de semana y hoy pod\u00edamos haberlo hecho muy bien\u201d.<\/p>\n<p>&nbsp;<\/p>\n<div id='gallery-1' class='gallery galleryid-660 gallery-columns-5 gallery-size-thumbnail'><figure class='gallery-item'>\n\t\t\t<div class='gallery-icon landscape'>\n\t\t\t\t<a href='http:\/\/esponsorama.ad\/wp-content\/uploads\/2016\/08\/10_AUSTRIA-8710.jpg' title=\"\" data-rl_title=\"\" class=\"rl-gallery-link\" data-rl_caption=\"\" data-rel=\"lightbox-gallery-1\"><img loading=\"lazy\" decoding=\"async\" width=\"150\" height=\"150\" src=\"http:\/\/esponsorama.ad\/wp-content\/uploads\/2016\/08\/10_AUSTRIA-8710-150x150.jpg\" class=\"attachment-thumbnail size-thumbnail\" alt=\"\" \/><\/a>\n\t\t\t<\/div><\/figure><figure class='gallery-item'>\n\t\t\t<div class='gallery-icon landscape'>\n\t\t\t\t<a href='http:\/\/esponsorama.ad\/wp-content\/uploads\/2016\/08\/10_AUSTRIA-9110.jpg' title=\"\" data-rl_title=\"\" class=\"rl-gallery-link\" data-rl_caption=\"\" data-rel=\"lightbox-gallery-1\"><img loading=\"lazy\" decoding=\"async\" width=\"150\" height=\"150\" src=\"http:\/\/esponsorama.ad\/wp-content\/uploads\/2016\/08\/10_AUSTRIA-9110-150x150.jpg\" class=\"attachment-thumbnail size-thumbnail\" alt=\"\" \/><\/a>\n\t\t\t<\/div><\/figure><figure class='gallery-item'>\n\t\t\t<div class='gallery-icon landscape'>\n\t\t\t\t<a href='http:\/\/esponsorama.ad\/wp-content\/uploads\/2016\/08\/10_AUSTRIA-9463.jpg' title=\"\" data-rl_title=\"\" class=\"rl-gallery-link\" data-rl_caption=\"\" data-rel=\"lightbox-gallery-1\"><img loading=\"lazy\" decoding=\"async\" width=\"150\" height=\"150\" src=\"http:\/\/esponsorama.ad\/wp-content\/uploads\/2016\/08\/10_AUSTRIA-9463-150x150.jpg\" class=\"attachment-thumbnail size-thumbnail\" alt=\"\" \/><\/a>\n\t\t\t<\/div><\/figure><figure class='gallery-item'>\n\t\t\t<div class='gallery-icon landscape'>\n\t\t\t\t<a href='http:\/\/esponsorama.ad\/wp-content\/uploads\/2016\/08\/10_AUSTRIA-8903.jpg' title=\"\" data-rl_title=\"\" class=\"rl-gallery-link\" data-rl_caption=\"\" data-rel=\"lightbox-gallery-1\"><img loading=\"lazy\" decoding=\"async\" width=\"150\" height=\"150\" src=\"http:\/\/esponsorama.ad\/wp-content\/uploads\/2016\/08\/10_AUSTRIA-8903-150x150.jpg\" class=\"attachment-thumbnail size-thumbnail\" alt=\"\" \/><\/a>\n\t\t\t<\/div><\/figure><figure class='gallery-item'>\n\t\t\t<div class='gallery-icon landscape'>\n\t\t\t\t<a href='http:\/\/esponsorama.ad\/wp-content\/uploads\/2016\/08\/10_AUSTRIA-8800.jpg' title=\"\" data-rl_title=\"\" class=\"rl-gallery-link\" data-rl_caption=\"\" data-rel=\"lightbox-gallery-1\"><img loading=\"lazy\" decoding=\"async\" width=\"150\" height=\"150\" src=\"http:\/\/esponsorama.ad\/wp-content\/uploads\/2016\/08\/10_AUSTRIA-8800-150x150.jpg\" class=\"attachment-thumbnail size-thumbnail\" alt=\"\" \/><\/a>\n\t\t\t<\/div><\/figure>\n\t\t<\/div>\n\n<p>&nbsp;<\/p>\n","protected":false},"excerpt":{"rendered":"<p>El Gran Premio de Austria ha dejado un sabor agridulce en el Avintia Racing. H\u00e9ctor Barber\u00e1 sal\u00eda desde la cuarta l\u00ednea tras lograr el d\u00e9cimo mejor tiempo en los cronometrados, y en la primera curva ha conseguido ganar cuatro posiciones para colocarse sexto. Pero la alegr\u00eda a durado poco, y tras comprobar que se hab\u00eda [&hellip;]<\/p>\n","protected":false},"author":6,"featured_media":652,"comment_status":"closed","ping_status":"closed","sticky":false,"template":"","format":"standard","meta":{"footnotes":""},"categories":[3],"tags":[],"class_list":["post-660","post","type-post","status-publish","format-standard","has-post-thumbnail","hentry","category-motogp"],"yoast_head":"<!-- This site is optimized with the Yoast SEO plugin v27.1.1 - https:\/\/yoast.com\/product\/yoast-seo-wordpress\/ -->\n<title>Baz suma tres puntos, bandera negra para Barber\u00e1 - Esponsorama<\/title>\n<meta name=\"robots\" content=\"index, follow, max-snippet:-1, max-image-preview:large, max-video-preview:-1\" \/>\n<link rel=\"canonical\" href=\"http:\/\/esponsorama.ad\/es\/baz-suma-tres-puntos-bandera-negra-para-barbera-2\/\" \/>\n<meta property=\"og:locale\" content=\"es_ES\" \/>\n<meta property=\"og:type\" content=\"article\" \/>\n<meta property=\"og:title\" content=\"Baz suma tres puntos, bandera negra para Barber\u00e1 - Esponsorama\" \/>\n<meta property=\"og:description\" content=\"El Gran Premio de Austria ha dejado un sabor agridulce en el Avintia Racing. H\u00e9ctor Barber\u00e1 sal\u00eda desde la cuarta l\u00ednea tras lograr el d\u00e9cimo mejor tiempo en los cronometrados, y en la primera curva ha conseguido ganar cuatro posiciones para colocarse sexto. Pero la alegr\u00eda a durado poco, y tras comprobar que se hab\u00eda [&hellip;]\" \/>\n<meta property=\"og:url\" content=\"http:\/\/esponsorama.ad\/es\/baz-suma-tres-puntos-bandera-negra-para-barbera-2\/\" \/>\n<meta property=\"og:site_name\" content=\"Esponsorama\" \/>\n<meta property=\"article:published_time\" content=\"2016-08-14T15:20:23+00:00\" \/>\n<meta property=\"article:modified_time\" content=\"2016-08-18T13:12:49+00:00\" \/>\n<meta property=\"og:image\" content=\"http:\/\/esponsorama.ad\/wp-content\/uploads\/2016\/08\/10_AUSTRIA-8752.jpg\" \/>\n\t<meta property=\"og:image:width\" content=\"4422\" \/>\n\t<meta property=\"og:image:height\" content=\"2948\" \/>\n\t<meta property=\"og:image:type\" content=\"image\/jpeg\" \/>\n<meta name=\"author\" content=\"Xavi Andornet\" \/>\n<meta name=\"twitter:card\" content=\"summary_large_image\" \/>\n<meta name=\"twitter:label1\" content=\"Escrito por\" \/>\n\t<meta name=\"twitter:data1\" content=\"Xavi Andornet\" \/>\n\t<meta name=\"twitter:label2\" content=\"Tiempo de lectura\" \/>\n\t<meta name=\"twitter:data2\" content=\"3 minutos\" \/>\n<script type=\"application\/ld+json\" class=\"yoast-schema-graph\">{\"@context\":\"https:\/\/schema.org\",\"@graph\":[{\"@type\":\"Article\",\"@id\":\"http:\/\/esponsorama.ad\/es\/baz-suma-tres-puntos-bandera-negra-para-barbera-2\/#article\",\"isPartOf\":{\"@id\":\"http:\/\/esponsorama.ad\/es\/baz-suma-tres-puntos-bandera-negra-para-barbera-2\/\"},\"author\":{\"name\":\"Xavi Andornet\",\"@id\":\"http:\/\/esponsorama.ad\/es\/#\/schema\/person\/a5cde74945183d737066e46b61c6f9c4\"},\"headline\":\"Baz suma tres puntos, bandera negra para Barber\u00e1\",\"datePublished\":\"2016-08-14T15:20:23+00:00\",\"dateModified\":\"2016-08-18T13:12:49+00:00\",\"mainEntityOfPage\":{\"@id\":\"http:\/\/esponsorama.ad\/es\/baz-suma-tres-puntos-bandera-negra-para-barbera-2\/\"},\"wordCount\":594,\"image\":{\"@id\":\"http:\/\/esponsorama.ad\/es\/baz-suma-tres-puntos-bandera-negra-para-barbera-2\/#primaryimage\"},\"thumbnailUrl\":\"http:\/\/esponsorama.ad\/wp-content\/uploads\/2016\/08\/10_AUSTRIA-8752.jpg\",\"articleSection\":[\"MotoGP\"],\"inLanguage\":\"es\"},{\"@type\":\"WebPage\",\"@id\":\"http:\/\/esponsorama.ad\/es\/baz-suma-tres-puntos-bandera-negra-para-barbera-2\/\",\"url\":\"http:\/\/esponsorama.ad\/es\/baz-suma-tres-puntos-bandera-negra-para-barbera-2\/\",\"name\":\"Baz suma tres puntos, bandera negra para Barber\u00e1 - Esponsorama\",\"isPartOf\":{\"@id\":\"http:\/\/esponsorama.ad\/es\/#website\"},\"primaryImageOfPage\":{\"@id\":\"http:\/\/esponsorama.ad\/es\/baz-suma-tres-puntos-bandera-negra-para-barbera-2\/#primaryimage\"},\"image\":{\"@id\":\"http:\/\/esponsorama.ad\/es\/baz-suma-tres-puntos-bandera-negra-para-barbera-2\/#primaryimage\"},\"thumbnailUrl\":\"http:\/\/esponsorama.ad\/wp-content\/uploads\/2016\/08\/10_AUSTRIA-8752.jpg\",\"datePublished\":\"2016-08-14T15:20:23+00:00\",\"dateModified\":\"2016-08-18T13:12:49+00:00\",\"author\":{\"@id\":\"http:\/\/esponsorama.ad\/es\/#\/schema\/person\/a5cde74945183d737066e46b61c6f9c4\"},\"breadcrumb\":{\"@id\":\"http:\/\/esponsorama.ad\/es\/baz-suma-tres-puntos-bandera-negra-para-barbera-2\/#breadcrumb\"},\"inLanguage\":\"es\",\"potentialAction\":[{\"@type\":\"ReadAction\",\"target\":[\"http:\/\/esponsorama.ad\/es\/baz-suma-tres-puntos-bandera-negra-para-barbera-2\/\"]}]},{\"@type\":\"ImageObject\",\"inLanguage\":\"es\",\"@id\":\"http:\/\/esponsorama.ad\/es\/baz-suma-tres-puntos-bandera-negra-para-barbera-2\/#primaryimage\",\"url\":\"http:\/\/esponsorama.ad\/wp-content\/uploads\/2016\/08\/10_AUSTRIA-8752.jpg\",\"contentUrl\":\"http:\/\/esponsorama.ad\/wp-content\/uploads\/2016\/08\/10_AUSTRIA-8752.jpg\",\"width\":4422,\"height\":2948},{\"@type\":\"BreadcrumbList\",\"@id\":\"http:\/\/esponsorama.ad\/es\/baz-suma-tres-puntos-bandera-negra-para-barbera-2\/#breadcrumb\",\"itemListElement\":[{\"@type\":\"ListItem\",\"position\":1,\"name\":\"Home\",\"item\":\"http:\/\/esponsorama.ad\/ca\/\"},{\"@type\":\"ListItem\",\"position\":2,\"name\":\"Baz suma tres puntos, bandera negra para Barber\u00e1\"}]},{\"@type\":\"WebSite\",\"@id\":\"http:\/\/esponsorama.ad\/es\/#website\",\"url\":\"http:\/\/esponsorama.ad\/es\/\",\"name\":\"Esponsorama\",\"description\":\"Specialist in motorsport sponsorship and event promotions\",\"potentialAction\":[{\"@type\":\"SearchAction\",\"target\":{\"@type\":\"EntryPoint\",\"urlTemplate\":\"http:\/\/esponsorama.ad\/es\/?s={search_term_string}\"},\"query-input\":{\"@type\":\"PropertyValueSpecification\",\"valueRequired\":true,\"valueName\":\"search_term_string\"}}],\"inLanguage\":\"es\"},{\"@type\":\"Person\",\"@id\":\"http:\/\/esponsorama.ad\/es\/#\/schema\/person\/a5cde74945183d737066e46b61c6f9c4\",\"name\":\"Xavi Andornet\",\"image\":{\"@type\":\"ImageObject\",\"inLanguage\":\"es\",\"@id\":\"http:\/\/esponsorama.ad\/es\/#\/schema\/person\/image\/\",\"url\":\"https:\/\/secure.gravatar.com\/avatar\/f10eaf9ad601244a2357c9fd7cd9805ed166cfaaf76d5d9ab08a9d873e70147a?s=96&d=mm&r=g\",\"contentUrl\":\"https:\/\/secure.gravatar.com\/avatar\/f10eaf9ad601244a2357c9fd7cd9805ed166cfaaf76d5d9ab08a9d873e70147a?s=96&d=mm&r=g\",\"caption\":\"Xavi Andornet\"},\"sameAs\":[\"http:\/\/www.andornet.ad\"],\"url\":\"http:\/\/esponsorama.ad\/es\/author\/andornet\/\"}]}<\/script>\n<!-- \/ Yoast SEO plugin. -->","yoast_head_json":{"title":"Baz suma tres puntos, bandera negra para Barber\u00e1 - Esponsorama","robots":{"index":"index","follow":"follow","max-snippet":"max-snippet:-1","max-image-preview":"max-image-preview:large","max-video-preview":"max-video-preview:-1"},"canonical":"http:\/\/esponsorama.ad\/es\/baz-suma-tres-puntos-bandera-negra-para-barbera-2\/","og_locale":"es_ES","og_type":"article","og_title":"Baz suma tres puntos, bandera negra para Barber\u00e1 - Esponsorama","og_description":"El Gran Premio de Austria ha dejado un sabor agridulce en el Avintia Racing. H\u00e9ctor Barber\u00e1 sal\u00eda desde la cuarta l\u00ednea tras lograr el d\u00e9cimo mejor tiempo en los cronometrados, y en la primera curva ha conseguido ganar cuatro posiciones para colocarse sexto. Pero la alegr\u00eda a durado poco, y tras comprobar que se hab\u00eda [&hellip;]","og_url":"http:\/\/esponsorama.ad\/es\/baz-suma-tres-puntos-bandera-negra-para-barbera-2\/","og_site_name":"Esponsorama","article_published_time":"2016-08-14T15:20:23+00:00","article_modified_time":"2016-08-18T13:12:49+00:00","og_image":[{"width":4422,"height":2948,"url":"http:\/\/esponsorama.ad\/wp-content\/uploads\/2016\/08\/10_AUSTRIA-8752.jpg","type":"image\/jpeg"}],"author":"Xavi Andornet","twitter_card":"summary_large_image","twitter_misc":{"Escrito por":"Xavi Andornet","Tiempo de lectura":"3 minutos"},"schema":{"@context":"https:\/\/schema.org","@graph":[{"@type":"Article","@id":"http:\/\/esponsorama.ad\/es\/baz-suma-tres-puntos-bandera-negra-para-barbera-2\/#article","isPartOf":{"@id":"http:\/\/esponsorama.ad\/es\/baz-suma-tres-puntos-bandera-negra-para-barbera-2\/"},"author":{"name":"Xavi Andornet","@id":"http:\/\/esponsorama.ad\/es\/#\/schema\/person\/a5cde74945183d737066e46b61c6f9c4"},"headline":"Baz suma tres puntos, bandera negra para Barber\u00e1","datePublished":"2016-08-14T15:20:23+00:00","dateModified":"2016-08-18T13:12:49+00:00","mainEntityOfPage":{"@id":"http:\/\/esponsorama.ad\/es\/baz-suma-tres-puntos-bandera-negra-para-barbera-2\/"},"wordCount":594,"image":{"@id":"http:\/\/esponsorama.ad\/es\/baz-suma-tres-puntos-bandera-negra-para-barbera-2\/#primaryimage"},"thumbnailUrl":"http:\/\/esponsorama.ad\/wp-content\/uploads\/2016\/08\/10_AUSTRIA-8752.jpg","articleSection":["MotoGP"],"inLanguage":"es"},{"@type":"WebPage","@id":"http:\/\/esponsorama.ad\/es\/baz-suma-tres-puntos-bandera-negra-para-barbera-2\/","url":"http:\/\/esponsorama.ad\/es\/baz-suma-tres-puntos-bandera-negra-para-barbera-2\/","name":"Baz suma tres puntos, bandera negra para Barber\u00e1 - Esponsorama","isPartOf":{"@id":"http:\/\/esponsorama.ad\/es\/#website"},"primaryImageOfPage":{"@id":"http:\/\/esponsorama.ad\/es\/baz-suma-tres-puntos-bandera-negra-para-barbera-2\/#primaryimage"},"image":{"@id":"http:\/\/esponsorama.ad\/es\/baz-suma-tres-puntos-bandera-negra-para-barbera-2\/#primaryimage"},"thumbnailUrl":"http:\/\/esponsorama.ad\/wp-content\/uploads\/2016\/08\/10_AUSTRIA-8752.jpg","datePublished":"2016-08-14T15:20:23+00:00","dateModified":"2016-08-18T13:12:49+00:00","author":{"@id":"http:\/\/esponsorama.ad\/es\/#\/schema\/person\/a5cde74945183d737066e46b61c6f9c4"},"breadcrumb":{"@id":"http:\/\/esponsorama.ad\/es\/baz-suma-tres-puntos-bandera-negra-para-barbera-2\/#breadcrumb"},"inLanguage":"es","potentialAction":[{"@type":"ReadAction","target":["http:\/\/esponsorama.ad\/es\/baz-suma-tres-puntos-bandera-negra-para-barbera-2\/"]}]},{"@type":"ImageObject","inLanguage":"es","@id":"http:\/\/esponsorama.ad\/es\/baz-suma-tres-puntos-bandera-negra-para-barbera-2\/#primaryimage","url":"http:\/\/esponsorama.ad\/wp-content\/uploads\/2016\/08\/10_AUSTRIA-8752.jpg","contentUrl":"http:\/\/esponsorama.ad\/wp-content\/uploads\/2016\/08\/10_AUSTRIA-8752.jpg","width":4422,"height":2948},{"@type":"BreadcrumbList","@id":"http:\/\/esponsorama.ad\/es\/baz-suma-tres-puntos-bandera-negra-para-barbera-2\/#breadcrumb","itemListElement":[{"@type":"ListItem","position":1,"name":"Home","item":"http:\/\/esponsorama.ad\/ca\/"},{"@type":"ListItem","position":2,"name":"Baz suma tres puntos, bandera negra para Barber\u00e1"}]},{"@type":"WebSite","@id":"http:\/\/esponsorama.ad\/es\/#website","url":"http:\/\/esponsorama.ad\/es\/","name":"Esponsorama","description":"Specialist in motorsport sponsorship and event promotions","potentialAction":[{"@type":"SearchAction","target":{"@type":"EntryPoint","urlTemplate":"http:\/\/esponsorama.ad\/es\/?s={search_term_string}"},"query-input":{"@type":"PropertyValueSpecification","valueRequired":true,"valueName":"search_term_string"}}],"inLanguage":"es"},{"@type":"Person","@id":"http:\/\/esponsorama.ad\/es\/#\/schema\/person\/a5cde74945183d737066e46b61c6f9c4","name":"Xavi Andornet","image":{"@type":"ImageObject","inLanguage":"es","@id":"http:\/\/esponsorama.ad\/es\/#\/schema\/person\/image\/","url":"https:\/\/secure.gravatar.com\/avatar\/f10eaf9ad601244a2357c9fd7cd9805ed166cfaaf76d5d9ab08a9d873e70147a?s=96&d=mm&r=g","contentUrl":"https:\/\/secure.gravatar.com\/avatar\/f10eaf9ad601244a2357c9fd7cd9805ed166cfaaf76d5d9ab08a9d873e70147a?s=96&d=mm&r=g","caption":"Xavi Andornet"},"sameAs":["http:\/\/www.andornet.ad"],"url":"http:\/\/esponsorama.ad\/es\/author\/andornet\/"}]}},"_links":{"self":[{"href":"http:\/\/esponsorama.ad\/es\/wp-json\/wp\/v2\/posts\/660","targetHints":{"allow":["GET"]}}],"collection":[{"href":"http:\/\/esponsorama.ad\/es\/wp-json\/wp\/v2\/posts"}],"about":[{"href":"http:\/\/esponsorama.ad\/es\/wp-json\/wp\/v2\/types\/post"}],"author":[{"embeddable":true,"href":"http:\/\/esponsorama.ad\/es\/wp-json\/wp\/v2\/users\/6"}],"replies":[{"embeddable":true,"href":"http:\/\/esponsorama.ad\/es\/wp-json\/wp\/v2\/comments?post=660"}],"version-history":[{"count":0,"href":"http:\/\/esponsorama.ad\/es\/wp-json\/wp\/v2\/posts\/660\/revisions"}],"wp:featuredmedia":[{"embeddable":true,"href":"http:\/\/esponsorama.ad\/es\/wp-json\/wp\/v2\/media\/652"}],"wp:attachment":[{"href":"http:\/\/esponsorama.ad\/es\/wp-json\/wp\/v2\/media?parent=660"}],"wp:term":[{"taxonomy":"category","embeddable":true,"href":"http:\/\/esponsorama.ad\/es\/wp-json\/wp\/v2\/categories?post=660"},{"taxonomy":"post_tag","embeddable":true,"href":"http:\/\/esponsorama.ad\/es\/wp-json\/wp\/v2\/tags?post=660"}],"curies":[{"name":"wp","href":"https:\/\/api.w.org\/{rel}","templated":true}]}}