{"id":6814,"date":"2017-10-28T10:32:37","date_gmt":"2017-10-28T08:32:37","guid":{"rendered":"http:\/\/esponsorama.ad\/?p=6814"},"modified":"2017-10-28T13:27:03","modified_gmt":"2017-10-28T11:27:03","slug":"los-pilotos-reale-avintia-preparados-combatir-calor-sepang-3","status":"publish","type":"post","link":"http:\/\/esponsorama.ad\/es\/los-pilotos-reale-avintia-preparados-combatir-calor-sepang-3\/","title":{"rendered":"Los pilotos de Reale Avintia preparados para combatir el calor en Sepang"},"content":{"rendered":"<p>Los pilotos del equipo Reale Avintia Racing, Loris Baz y H\u00e9ctor Barber\u00e1, han terminado 17\u00ba y 20\u00ba, respectivamente, en los entrenamientos cronometrados para el Gran Premio de Malasia disputados hoy bajo un calor asfixiante en el Circuito Internacional de Sepang.<\/p>\n<p>Loris Baz ha luchado con todas sus fuerzas en la Q1 y en su primer ataque al crono ha mejorado su mejor vuelta de ayer en m\u00e1s de un 1.4 segundos. Despu\u00e9s ven\u00eda a\u00fan m\u00e1s fuerte y con opciones de pasar a la Q2, pero ha forzado demasiado y ha sufrido una ca\u00edda tras perder la rueda delantera de su Ducati.<\/p>\n<p>Para H\u00e9ctor Barber\u00e1 ha sido al contrario. El espa\u00f1ol, que ayer en seco logr\u00f3 terminar octavo, no ha conseguido bajar sus tiempos en la Q1 y ma\u00f1ana saldr\u00e1 desde la pen\u00faltima l\u00ednea de la parrilla. Lo m\u00e1s positivo es que el ritmo de carrera no es malo y conf\u00eda en poder remontar para sumar algunos puntos.<\/p>\n\n<p>\u00abHoy de nuevo ha sido complicado. Desde ayer vimos que iba a ser dif\u00edcil y nos cost\u00f3 mucho en seco y en mojado, no hemos encontrado la manera de hacer la moto competitiva con neum\u00e1ticos gastados y tenemos que buscar una soluci\u00f3n. Con neum\u00e1ticos nuevos no ha ido mal, he hecho una vuelta buena al principio de los cronometrados. Despu\u00e9s ten\u00eda una buena rueda con \u00c1lex (Rins) y creo que podr\u00eda haber pasado con \u00e9l a la Q2, pero me he ido un poco largo en una curva y al frenar un poco m\u00e1s me he ido al suelo. Es una pena, porque la vuelta era muy buena. Aunque siendo sincero lo que cuenta es la carrera y todav\u00eda no estamos preparados. Espero que no llueva porque ayer fue un desastre.\u201d<\/p>\n\n<p>\u00abSepang es un circuito donde rodamos mucho y donde contamos con buenas referencias. Habitualmente suelo ir r\u00e1pido en esta pista, pero hoy me ha costado mucho. Se ha repetido un poco la t\u00f3nica de toda la temporada, empiezo bien el viernes y despu\u00e9s es como si chocara contra un muro y no puedo mejorar. Hoy hemos hecho un cambio grande en la moto y hemos mejorado el \u2018chatter\u2019, pero hemos perdido en otros aspectos y tenemos que buscar otra soluci\u00f3n. Ma\u00f1ana parece que dan lluvia para la carrera, el a\u00f1o pasado en mojado acab\u00e9 cuarto, pero este a\u00f1o tambi\u00e9n nos est\u00e1 costando. A ver c\u00f3mo hace ma\u00f1ana y sea en seco o en mojado intentar\u00e9 dar lo mejor.\u201d<\/p>\n","protected":false},"excerpt":{"rendered":"<p>Los pilotos del equipo Reale Avintia Racing, Loris Baz y H\u00e9ctor Barber\u00e1, han terminado 17\u00ba y 20\u00ba, respectivamente, en los entrenamientos cronometrados para el Gran Premio de Malasia disputados hoy bajo un calor asfixiante en el Circuito Internacional de Sepang. Loris Baz ha luchado con todas sus fuerzas en la Q1 y en su primer [&hellip;]<\/p>\n","protected":false},"author":6,"featured_media":6785,"comment_status":"closed","ping_status":"closed","sticky":false,"template":"","format":"standard","meta":{"footnotes":""},"categories":[3],"tags":[],"class_list":["post-6814","post","type-post","status-publish","format-standard","has-post-thumbnail","hentry","category-motogp"],"yoast_head":"<!-- This site is optimized with the Yoast SEO plugin v27.1.1 - https:\/\/yoast.com\/product\/yoast-seo-wordpress\/ -->\n<title>Los pilotos de Reale Avintia preparados para combatir el calor en Sepang - Esponsorama<\/title>\n<meta name=\"robots\" content=\"index, follow, max-snippet:-1, max-image-preview:large, max-video-preview:-1\" \/>\n<link rel=\"canonical\" href=\"http:\/\/esponsorama.ad\/es\/los-pilotos-reale-avintia-preparados-combatir-calor-sepang-3\/\" \/>\n<meta property=\"og:locale\" content=\"es_ES\" \/>\n<meta property=\"og:type\" content=\"article\" \/>\n<meta property=\"og:title\" content=\"Los pilotos de Reale Avintia preparados para combatir el calor en Sepang - Esponsorama\" \/>\n<meta property=\"og:description\" content=\"Los pilotos del equipo Reale Avintia Racing, Loris Baz y H\u00e9ctor Barber\u00e1, han terminado 17\u00ba y 20\u00ba, respectivamente, en los entrenamientos cronometrados para el Gran Premio de Malasia disputados hoy bajo un calor asfixiante en el Circuito Internacional de Sepang. Loris Baz ha luchado con todas sus fuerzas en la Q1 y en su primer [&hellip;]\" \/>\n<meta property=\"og:url\" content=\"http:\/\/esponsorama.ad\/es\/los-pilotos-reale-avintia-preparados-combatir-calor-sepang-3\/\" \/>\n<meta property=\"og:site_name\" content=\"Esponsorama\" \/>\n<meta property=\"article:published_time\" content=\"2017-10-28T08:32:37+00:00\" \/>\n<meta property=\"article:modified_time\" content=\"2017-10-28T11:27:03+00:00\" \/>\n<meta property=\"og:image\" content=\"http:\/\/esponsorama.ad\/wp-content\/uploads\/2017\/10\/17SEPANG17MgpREALE_AVINTIA-1813-1024x683.jpg\" \/>\n\t<meta property=\"og:image:width\" content=\"1024\" \/>\n\t<meta property=\"og:image:height\" content=\"683\" \/>\n\t<meta property=\"og:image:type\" content=\"image\/jpeg\" \/>\n<meta name=\"author\" content=\"Xavi Andornet\" \/>\n<meta name=\"twitter:card\" content=\"summary_large_image\" \/>\n<meta name=\"twitter:label1\" content=\"Escrito por\" \/>\n\t<meta name=\"twitter:data1\" content=\"Xavi Andornet\" \/>\n\t<meta name=\"twitter:label2\" content=\"Tiempo de lectura\" \/>\n\t<meta name=\"twitter:data2\" content=\"2 minutos\" \/>\n<script type=\"application\/ld+json\" class=\"yoast-schema-graph\">{\"@context\":\"https:\/\/schema.org\",\"@graph\":[{\"@type\":\"Article\",\"@id\":\"http:\/\/esponsorama.ad\/es\/los-pilotos-reale-avintia-preparados-combatir-calor-sepang-3\/#article\",\"isPartOf\":{\"@id\":\"http:\/\/esponsorama.ad\/es\/los-pilotos-reale-avintia-preparados-combatir-calor-sepang-3\/\"},\"author\":{\"name\":\"Xavi Andornet\",\"@id\":\"http:\/\/esponsorama.ad\/es\/#\/schema\/person\/a5cde74945183d737066e46b61c6f9c4\"},\"headline\":\"Los pilotos de Reale Avintia preparados para combatir el calor en Sepang\",\"datePublished\":\"2017-10-28T08:32:37+00:00\",\"dateModified\":\"2017-10-28T11:27:03+00:00\",\"mainEntityOfPage\":{\"@id\":\"http:\/\/esponsorama.ad\/es\/los-pilotos-reale-avintia-preparados-combatir-calor-sepang-3\/\"},\"wordCount\":458,\"image\":{\"@id\":\"http:\/\/esponsorama.ad\/es\/los-pilotos-reale-avintia-preparados-combatir-calor-sepang-3\/#primaryimage\"},\"thumbnailUrl\":\"http:\/\/esponsorama.ad\/wp-content\/uploads\/2017\/10\/17SEPANG17MgpREALE_AVINTIA-1813.jpg\",\"articleSection\":[\"MotoGP\"],\"inLanguage\":\"es\"},{\"@type\":\"WebPage\",\"@id\":\"http:\/\/esponsorama.ad\/es\/los-pilotos-reale-avintia-preparados-combatir-calor-sepang-3\/\",\"url\":\"http:\/\/esponsorama.ad\/es\/los-pilotos-reale-avintia-preparados-combatir-calor-sepang-3\/\",\"name\":\"Los pilotos de Reale Avintia preparados para combatir el calor en Sepang - Esponsorama\",\"isPartOf\":{\"@id\":\"http:\/\/esponsorama.ad\/es\/#website\"},\"primaryImageOfPage\":{\"@id\":\"http:\/\/esponsorama.ad\/es\/los-pilotos-reale-avintia-preparados-combatir-calor-sepang-3\/#primaryimage\"},\"image\":{\"@id\":\"http:\/\/esponsorama.ad\/es\/los-pilotos-reale-avintia-preparados-combatir-calor-sepang-3\/#primaryimage\"},\"thumbnailUrl\":\"http:\/\/esponsorama.ad\/wp-content\/uploads\/2017\/10\/17SEPANG17MgpREALE_AVINTIA-1813.jpg\",\"datePublished\":\"2017-10-28T08:32:37+00:00\",\"dateModified\":\"2017-10-28T11:27:03+00:00\",\"author\":{\"@id\":\"http:\/\/esponsorama.ad\/es\/#\/schema\/person\/a5cde74945183d737066e46b61c6f9c4\"},\"breadcrumb\":{\"@id\":\"http:\/\/esponsorama.ad\/es\/los-pilotos-reale-avintia-preparados-combatir-calor-sepang-3\/#breadcrumb\"},\"inLanguage\":\"es\",\"potentialAction\":[{\"@type\":\"ReadAction\",\"target\":[\"http:\/\/esponsorama.ad\/es\/los-pilotos-reale-avintia-preparados-combatir-calor-sepang-3\/\"]}]},{\"@type\":\"ImageObject\",\"inLanguage\":\"es\",\"@id\":\"http:\/\/esponsorama.ad\/es\/los-pilotos-reale-avintia-preparados-combatir-calor-sepang-3\/#primaryimage\",\"url\":\"http:\/\/esponsorama.ad\/wp-content\/uploads\/2017\/10\/17SEPANG17MgpREALE_AVINTIA-1813.jpg\",\"contentUrl\":\"http:\/\/esponsorama.ad\/wp-content\/uploads\/2017\/10\/17SEPANG17MgpREALE_AVINTIA-1813.jpg\",\"width\":5023,\"height\":3349},{\"@type\":\"BreadcrumbList\",\"@id\":\"http:\/\/esponsorama.ad\/es\/los-pilotos-reale-avintia-preparados-combatir-calor-sepang-3\/#breadcrumb\",\"itemListElement\":[{\"@type\":\"ListItem\",\"position\":1,\"name\":\"Home\",\"item\":\"http:\/\/esponsorama.ad\/es\/\"},{\"@type\":\"ListItem\",\"position\":2,\"name\":\"Los pilotos de Reale Avintia preparados para combatir el calor en Sepang\"}]},{\"@type\":\"WebSite\",\"@id\":\"http:\/\/esponsorama.ad\/es\/#website\",\"url\":\"http:\/\/esponsorama.ad\/es\/\",\"name\":\"Esponsorama\",\"description\":\"Specialist in motorsport sponsorship and event promotions\",\"potentialAction\":[{\"@type\":\"SearchAction\",\"target\":{\"@type\":\"EntryPoint\",\"urlTemplate\":\"http:\/\/esponsorama.ad\/es\/?s={search_term_string}\"},\"query-input\":{\"@type\":\"PropertyValueSpecification\",\"valueRequired\":true,\"valueName\":\"search_term_string\"}}],\"inLanguage\":\"es\"},{\"@type\":\"Person\",\"@id\":\"http:\/\/esponsorama.ad\/es\/#\/schema\/person\/a5cde74945183d737066e46b61c6f9c4\",\"name\":\"Xavi Andornet\",\"image\":{\"@type\":\"ImageObject\",\"inLanguage\":\"es\",\"@id\":\"http:\/\/esponsorama.ad\/es\/#\/schema\/person\/image\/\",\"url\":\"https:\/\/secure.gravatar.com\/avatar\/f10eaf9ad601244a2357c9fd7cd9805ed166cfaaf76d5d9ab08a9d873e70147a?s=96&d=mm&r=g\",\"contentUrl\":\"https:\/\/secure.gravatar.com\/avatar\/f10eaf9ad601244a2357c9fd7cd9805ed166cfaaf76d5d9ab08a9d873e70147a?s=96&d=mm&r=g\",\"caption\":\"Xavi Andornet\"},\"sameAs\":[\"http:\/\/www.andornet.ad\"],\"url\":\"http:\/\/esponsorama.ad\/es\/author\/andornet\/\"}]}<\/script>\n<!-- \/ Yoast SEO plugin. -->","yoast_head_json":{"title":"Los pilotos de Reale Avintia preparados para combatir el calor en Sepang - Esponsorama","robots":{"index":"index","follow":"follow","max-snippet":"max-snippet:-1","max-image-preview":"max-image-preview:large","max-video-preview":"max-video-preview:-1"},"canonical":"http:\/\/esponsorama.ad\/es\/los-pilotos-reale-avintia-preparados-combatir-calor-sepang-3\/","og_locale":"es_ES","og_type":"article","og_title":"Los pilotos de Reale Avintia preparados para combatir el calor en Sepang - Esponsorama","og_description":"Los pilotos del equipo Reale Avintia Racing, Loris Baz y H\u00e9ctor Barber\u00e1, han terminado 17\u00ba y 20\u00ba, respectivamente, en los entrenamientos cronometrados para el Gran Premio de Malasia disputados hoy bajo un calor asfixiante en el Circuito Internacional de Sepang. Loris Baz ha luchado con todas sus fuerzas en la Q1 y en su primer [&hellip;]","og_url":"http:\/\/esponsorama.ad\/es\/los-pilotos-reale-avintia-preparados-combatir-calor-sepang-3\/","og_site_name":"Esponsorama","article_published_time":"2017-10-28T08:32:37+00:00","article_modified_time":"2017-10-28T11:27:03+00:00","og_image":[{"width":1024,"height":683,"url":"http:\/\/esponsorama.ad\/wp-content\/uploads\/2017\/10\/17SEPANG17MgpREALE_AVINTIA-1813-1024x683.jpg","type":"image\/jpeg"}],"author":"Xavi Andornet","twitter_card":"summary_large_image","twitter_misc":{"Escrito por":"Xavi Andornet","Tiempo de lectura":"2 minutos"},"schema":{"@context":"https:\/\/schema.org","@graph":[{"@type":"Article","@id":"http:\/\/esponsorama.ad\/es\/los-pilotos-reale-avintia-preparados-combatir-calor-sepang-3\/#article","isPartOf":{"@id":"http:\/\/esponsorama.ad\/es\/los-pilotos-reale-avintia-preparados-combatir-calor-sepang-3\/"},"author":{"name":"Xavi Andornet","@id":"http:\/\/esponsorama.ad\/es\/#\/schema\/person\/a5cde74945183d737066e46b61c6f9c4"},"headline":"Los pilotos de Reale Avintia preparados para combatir el calor en Sepang","datePublished":"2017-10-28T08:32:37+00:00","dateModified":"2017-10-28T11:27:03+00:00","mainEntityOfPage":{"@id":"http:\/\/esponsorama.ad\/es\/los-pilotos-reale-avintia-preparados-combatir-calor-sepang-3\/"},"wordCount":458,"image":{"@id":"http:\/\/esponsorama.ad\/es\/los-pilotos-reale-avintia-preparados-combatir-calor-sepang-3\/#primaryimage"},"thumbnailUrl":"http:\/\/esponsorama.ad\/wp-content\/uploads\/2017\/10\/17SEPANG17MgpREALE_AVINTIA-1813.jpg","articleSection":["MotoGP"],"inLanguage":"es"},{"@type":"WebPage","@id":"http:\/\/esponsorama.ad\/es\/los-pilotos-reale-avintia-preparados-combatir-calor-sepang-3\/","url":"http:\/\/esponsorama.ad\/es\/los-pilotos-reale-avintia-preparados-combatir-calor-sepang-3\/","name":"Los pilotos de Reale Avintia preparados para combatir el calor en Sepang - Esponsorama","isPartOf":{"@id":"http:\/\/esponsorama.ad\/es\/#website"},"primaryImageOfPage":{"@id":"http:\/\/esponsorama.ad\/es\/los-pilotos-reale-avintia-preparados-combatir-calor-sepang-3\/#primaryimage"},"image":{"@id":"http:\/\/esponsorama.ad\/es\/los-pilotos-reale-avintia-preparados-combatir-calor-sepang-3\/#primaryimage"},"thumbnailUrl":"http:\/\/esponsorama.ad\/wp-content\/uploads\/2017\/10\/17SEPANG17MgpREALE_AVINTIA-1813.jpg","datePublished":"2017-10-28T08:32:37+00:00","dateModified":"2017-10-28T11:27:03+00:00","author":{"@id":"http:\/\/esponsorama.ad\/es\/#\/schema\/person\/a5cde74945183d737066e46b61c6f9c4"},"breadcrumb":{"@id":"http:\/\/esponsorama.ad\/es\/los-pilotos-reale-avintia-preparados-combatir-calor-sepang-3\/#breadcrumb"},"inLanguage":"es","potentialAction":[{"@type":"ReadAction","target":["http:\/\/esponsorama.ad\/es\/los-pilotos-reale-avintia-preparados-combatir-calor-sepang-3\/"]}]},{"@type":"ImageObject","inLanguage":"es","@id":"http:\/\/esponsorama.ad\/es\/los-pilotos-reale-avintia-preparados-combatir-calor-sepang-3\/#primaryimage","url":"http:\/\/esponsorama.ad\/wp-content\/uploads\/2017\/10\/17SEPANG17MgpREALE_AVINTIA-1813.jpg","contentUrl":"http:\/\/esponsorama.ad\/wp-content\/uploads\/2017\/10\/17SEPANG17MgpREALE_AVINTIA-1813.jpg","width":5023,"height":3349},{"@type":"BreadcrumbList","@id":"http:\/\/esponsorama.ad\/es\/los-pilotos-reale-avintia-preparados-combatir-calor-sepang-3\/#breadcrumb","itemListElement":[{"@type":"ListItem","position":1,"name":"Home","item":"http:\/\/esponsorama.ad\/es\/"},{"@type":"ListItem","position":2,"name":"Los pilotos de Reale Avintia preparados para combatir el calor en Sepang"}]},{"@type":"WebSite","@id":"http:\/\/esponsorama.ad\/es\/#website","url":"http:\/\/esponsorama.ad\/es\/","name":"Esponsorama","description":"Specialist in motorsport sponsorship and event promotions","potentialAction":[{"@type":"SearchAction","target":{"@type":"EntryPoint","urlTemplate":"http:\/\/esponsorama.ad\/es\/?s={search_term_string}"},"query-input":{"@type":"PropertyValueSpecification","valueRequired":true,"valueName":"search_term_string"}}],"inLanguage":"es"},{"@type":"Person","@id":"http:\/\/esponsorama.ad\/es\/#\/schema\/person\/a5cde74945183d737066e46b61c6f9c4","name":"Xavi Andornet","image":{"@type":"ImageObject","inLanguage":"es","@id":"http:\/\/esponsorama.ad\/es\/#\/schema\/person\/image\/","url":"https:\/\/secure.gravatar.com\/avatar\/f10eaf9ad601244a2357c9fd7cd9805ed166cfaaf76d5d9ab08a9d873e70147a?s=96&d=mm&r=g","contentUrl":"https:\/\/secure.gravatar.com\/avatar\/f10eaf9ad601244a2357c9fd7cd9805ed166cfaaf76d5d9ab08a9d873e70147a?s=96&d=mm&r=g","caption":"Xavi Andornet"},"sameAs":["http:\/\/www.andornet.ad"],"url":"http:\/\/esponsorama.ad\/es\/author\/andornet\/"}]}},"_links":{"self":[{"href":"http:\/\/esponsorama.ad\/es\/wp-json\/wp\/v2\/posts\/6814","targetHints":{"allow":["GET"]}}],"collection":[{"href":"http:\/\/esponsorama.ad\/es\/wp-json\/wp\/v2\/posts"}],"about":[{"href":"http:\/\/esponsorama.ad\/es\/wp-json\/wp\/v2\/types\/post"}],"author":[{"embeddable":true,"href":"http:\/\/esponsorama.ad\/es\/wp-json\/wp\/v2\/users\/6"}],"replies":[{"embeddable":true,"href":"http:\/\/esponsorama.ad\/es\/wp-json\/wp\/v2\/comments?post=6814"}],"version-history":[{"count":0,"href":"http:\/\/esponsorama.ad\/es\/wp-json\/wp\/v2\/posts\/6814\/revisions"}],"wp:featuredmedia":[{"embeddable":true,"href":"http:\/\/esponsorama.ad\/es\/wp-json\/wp\/v2\/media\/6785"}],"wp:attachment":[{"href":"http:\/\/esponsorama.ad\/es\/wp-json\/wp\/v2\/media?parent=6814"}],"wp:term":[{"taxonomy":"category","embeddable":true,"href":"http:\/\/esponsorama.ad\/es\/wp-json\/wp\/v2\/categories?post=6814"},{"taxonomy":"post_tag","embeddable":true,"href":"http:\/\/esponsorama.ad\/es\/wp-json\/wp\/v2\/tags?post=6814"}],"curies":[{"name":"wp","href":"https:\/\/api.w.org\/{rel}","templated":true}]}}