{"id":6986,"date":"2017-11-12T17:57:11","date_gmt":"2017-11-12T15:57:11","guid":{"rendered":"http:\/\/esponsorama.ad\/?p=6986"},"modified":"2017-11-13T10:11:18","modified_gmt":"2017-11-13T08:11:18","slug":"barbera-baz-disfrutan-ultima-carrera-equipo-reale-avintia-racing-2","status":"publish","type":"post","link":"http:\/\/esponsorama.ad\/es\/barbera-baz-disfrutan-ultima-carrera-equipo-reale-avintia-racing-2\/","title":{"rendered":"Barber\u00e1 y Baz disfrutan de su \u00faltima carrera con el equipo Reale Avintia Racing"},"content":{"rendered":"<p>La \u00faltima carrera del a\u00f1o siempre es especial para todos, pero este Gran Premio de Valencia lo ha sido, m\u00e1s a\u00fan, para los pilotos del equipo Reale Avintia Racing. Tanto para H\u00e9ctor Barber\u00e1, como Loris Baz, el fin de semana ha supuesto el punto y aparte en el equipo espa\u00f1ol y eso se ha visto reflejado en la intensa jornada de domingo.<\/p>\n<p>Barber\u00e1, corriendo en casa, esperaba tener un buen resultado de carrera para despedirse del equipo, pero al menos ha salido con un punto tras cruzar la meta 15\u00ba justo por delante de su compa\u00f1ero en Reale Avintia, Loris Baz. El franc\u00e9s que ha pasado buena parte de la carrera en los puntos, ha disfrutado de la pelea con Barber\u00e1 en las \u00faltimas vueltas, y aunque no ha podido batirle, se lo ha pasado en grande.<\/p>\n<p>Todos en el equipo Reale Avintia Racing deseamos lo mejor en el futuro para H\u00e9ctor y Loris, dos grandes pilotos, pero sobre todo dos grandes personas. \u00a1Os estaremos animando en Moto2 y Superbike!<\/p>\n\n<p>\u201cEn esta \u00faltima carrera la t\u00f3nica ha sido la misma que la de toda la temporada y aunque el resultado no ha sido bueno, correr delante de la afici\u00f3n en Valencia es algo impresionante. Echar\u00e9 de menos al equipo, pero no me ha sabido como una despedida o el fin de algo, sino como un cambio de etapa. Quiero dar las gracias al equipo: sobre todo a Ra\u00fal (Romero), Bocha (Escobar) y el resto de componentes, que han conseguido que en estos cinco a\u00f1os logr\u00e1ramos grandes cosas. Tambi\u00e9n tengo que dar las gracias a todos los patrocinadores, pero en especial a Avintia, porque siempre han estado ah\u00ed apoy\u00e1ndonos. Este a\u00f1o no ha sido el que dese\u00e1bamos y ha sido muy duro para todos. Ahora nuestros caminos se separan pero seguro que nos reencontraremos en el futuro.\u201d<\/p>\n\n<p>\u201cHa sido una carrera un poco complicada, pero ha sido as\u00ed para todas las Ducati en general. He luchado hasta el final con H\u00e9ctor, como ha pasado en casi toda la temporada y me ha encantado, porque \u00e9ste ha sido un poco el esp\u00edritu que hab\u00eda en el equipo. Ha sido una carrera divertida, me cost\u00f3 pasar a Van Der Mark, pero al final y despu\u00e9s de tocarnos varias veces, lo he conseguido. Me he escapado y despu\u00e9s he estado peleando con H\u00e9ctor unas cuantas vueltas. Me ha pasado, le he vuelto a pasar otra vez en la \u00faltima curva, pero acelerando me ha ganado. Le he dejado ganar porque corr\u00eda en cada\u2026 Ahora en serio, es un poco triste porque nos vamos los dos pilotos del equipo, pero sabemos que el pr\u00f3ximo a\u00f1o tendremos opciones de estar luchando por el podio y eso nos va a motivar bastante.\u201d<\/p>\n","protected":false},"excerpt":{"rendered":"<p>La \u00faltima carrera del a\u00f1o siempre es especial para todos, pero este Gran Premio de Valencia lo ha sido, m\u00e1s a\u00fan, para los pilotos del equipo Reale Avintia Racing. Tanto para H\u00e9ctor Barber\u00e1, como Loris Baz, el fin de semana ha supuesto el punto y aparte en el equipo espa\u00f1ol y eso se ha visto [&hellip;]<\/p>\n","protected":false},"author":6,"featured_media":6954,"comment_status":"closed","ping_status":"closed","sticky":false,"template":"","format":"standard","meta":{"footnotes":""},"categories":[3],"tags":[],"class_list":["post-6986","post","type-post","status-publish","format-standard","has-post-thumbnail","hentry","category-motogp"],"yoast_head":"<!-- This site is optimized with the Yoast SEO plugin v27.1.1 - https:\/\/yoast.com\/product\/yoast-seo-wordpress\/ -->\n<title>Barber\u00e1 y Baz disfrutan de su \u00faltima carrera con el equipo Reale Avintia Racing - Esponsorama<\/title>\n<meta name=\"robots\" content=\"index, follow, max-snippet:-1, max-image-preview:large, max-video-preview:-1\" \/>\n<link rel=\"canonical\" href=\"http:\/\/esponsorama.ad\/es\/barbera-baz-disfrutan-ultima-carrera-equipo-reale-avintia-racing-2\/\" \/>\n<meta property=\"og:locale\" content=\"es_ES\" \/>\n<meta property=\"og:type\" content=\"article\" \/>\n<meta property=\"og:title\" content=\"Barber\u00e1 y Baz disfrutan de su \u00faltima carrera con el equipo Reale Avintia Racing - Esponsorama\" \/>\n<meta property=\"og:description\" content=\"La \u00faltima carrera del a\u00f1o siempre es especial para todos, pero este Gran Premio de Valencia lo ha sido, m\u00e1s a\u00fan, para los pilotos del equipo Reale Avintia Racing. Tanto para H\u00e9ctor Barber\u00e1, como Loris Baz, el fin de semana ha supuesto el punto y aparte en el equipo espa\u00f1ol y eso se ha visto [&hellip;]\" \/>\n<meta property=\"og:url\" content=\"http:\/\/esponsorama.ad\/es\/barbera-baz-disfrutan-ultima-carrera-equipo-reale-avintia-racing-2\/\" \/>\n<meta property=\"og:site_name\" content=\"Esponsorama\" \/>\n<meta property=\"article:published_time\" content=\"2017-11-12T15:57:11+00:00\" \/>\n<meta property=\"article:modified_time\" content=\"2017-11-13T08:11:18+00:00\" \/>\n<meta property=\"og:image\" content=\"http:\/\/esponsorama.ad\/wp-content\/uploads\/2017\/11\/18VALENCIA17MgpAVINTIA_REALE-7732-1024x683.jpg\" \/>\n\t<meta property=\"og:image:width\" content=\"1024\" \/>\n\t<meta property=\"og:image:height\" content=\"683\" \/>\n\t<meta property=\"og:image:type\" content=\"image\/jpeg\" \/>\n<meta name=\"author\" content=\"Xavi Andornet\" \/>\n<meta name=\"twitter:card\" content=\"summary_large_image\" \/>\n<meta name=\"twitter:label1\" content=\"Escrito por\" \/>\n\t<meta name=\"twitter:data1\" content=\"Xavi Andornet\" \/>\n\t<meta name=\"twitter:label2\" content=\"Tiempo de lectura\" \/>\n\t<meta name=\"twitter:data2\" content=\"2 minutos\" \/>\n<script type=\"application\/ld+json\" class=\"yoast-schema-graph\">{\"@context\":\"https:\/\/schema.org\",\"@graph\":[{\"@type\":\"Article\",\"@id\":\"http:\/\/esponsorama.ad\/es\/barbera-baz-disfrutan-ultima-carrera-equipo-reale-avintia-racing-2\/#article\",\"isPartOf\":{\"@id\":\"http:\/\/esponsorama.ad\/es\/barbera-baz-disfrutan-ultima-carrera-equipo-reale-avintia-racing-2\/\"},\"author\":{\"name\":\"Xavi Andornet\",\"@id\":\"http:\/\/esponsorama.ad\/es\/#\/schema\/person\/a5cde74945183d737066e46b61c6f9c4\"},\"headline\":\"Barber\u00e1 y Baz disfrutan de su \u00faltima carrera con el equipo Reale Avintia Racing\",\"datePublished\":\"2017-11-12T15:57:11+00:00\",\"dateModified\":\"2017-11-13T08:11:18+00:00\",\"mainEntityOfPage\":{\"@id\":\"http:\/\/esponsorama.ad\/es\/barbera-baz-disfrutan-ultima-carrera-equipo-reale-avintia-racing-2\/\"},\"wordCount\":500,\"image\":{\"@id\":\"http:\/\/esponsorama.ad\/es\/barbera-baz-disfrutan-ultima-carrera-equipo-reale-avintia-racing-2\/#primaryimage\"},\"thumbnailUrl\":\"http:\/\/esponsorama.ad\/wp-content\/uploads\/2017\/11\/18VALENCIA17MgpAVINTIA_REALE-7732.jpg\",\"articleSection\":[\"MotoGP\"],\"inLanguage\":\"es\"},{\"@type\":\"WebPage\",\"@id\":\"http:\/\/esponsorama.ad\/es\/barbera-baz-disfrutan-ultima-carrera-equipo-reale-avintia-racing-2\/\",\"url\":\"http:\/\/esponsorama.ad\/es\/barbera-baz-disfrutan-ultima-carrera-equipo-reale-avintia-racing-2\/\",\"name\":\"Barber\u00e1 y Baz disfrutan de su \u00faltima carrera con el equipo Reale Avintia Racing - Esponsorama\",\"isPartOf\":{\"@id\":\"http:\/\/esponsorama.ad\/es\/#website\"},\"primaryImageOfPage\":{\"@id\":\"http:\/\/esponsorama.ad\/es\/barbera-baz-disfrutan-ultima-carrera-equipo-reale-avintia-racing-2\/#primaryimage\"},\"image\":{\"@id\":\"http:\/\/esponsorama.ad\/es\/barbera-baz-disfrutan-ultima-carrera-equipo-reale-avintia-racing-2\/#primaryimage\"},\"thumbnailUrl\":\"http:\/\/esponsorama.ad\/wp-content\/uploads\/2017\/11\/18VALENCIA17MgpAVINTIA_REALE-7732.jpg\",\"datePublished\":\"2017-11-12T15:57:11+00:00\",\"dateModified\":\"2017-11-13T08:11:18+00:00\",\"author\":{\"@id\":\"http:\/\/esponsorama.ad\/es\/#\/schema\/person\/a5cde74945183d737066e46b61c6f9c4\"},\"breadcrumb\":{\"@id\":\"http:\/\/esponsorama.ad\/es\/barbera-baz-disfrutan-ultima-carrera-equipo-reale-avintia-racing-2\/#breadcrumb\"},\"inLanguage\":\"es\",\"potentialAction\":[{\"@type\":\"ReadAction\",\"target\":[\"http:\/\/esponsorama.ad\/es\/barbera-baz-disfrutan-ultima-carrera-equipo-reale-avintia-racing-2\/\"]}]},{\"@type\":\"ImageObject\",\"inLanguage\":\"es\",\"@id\":\"http:\/\/esponsorama.ad\/es\/barbera-baz-disfrutan-ultima-carrera-equipo-reale-avintia-racing-2\/#primaryimage\",\"url\":\"http:\/\/esponsorama.ad\/wp-content\/uploads\/2017\/11\/18VALENCIA17MgpAVINTIA_REALE-7732.jpg\",\"contentUrl\":\"http:\/\/esponsorama.ad\/wp-content\/uploads\/2017\/11\/18VALENCIA17MgpAVINTIA_REALE-7732.jpg\",\"width\":4542,\"height\":3028},{\"@type\":\"BreadcrumbList\",\"@id\":\"http:\/\/esponsorama.ad\/es\/barbera-baz-disfrutan-ultima-carrera-equipo-reale-avintia-racing-2\/#breadcrumb\",\"itemListElement\":[{\"@type\":\"ListItem\",\"position\":1,\"name\":\"Home\",\"item\":\"http:\/\/esponsorama.ad\/es\/\"},{\"@type\":\"ListItem\",\"position\":2,\"name\":\"Barber\u00e1 y Baz disfrutan de su \u00faltima carrera con el equipo Reale Avintia Racing\"}]},{\"@type\":\"WebSite\",\"@id\":\"http:\/\/esponsorama.ad\/es\/#website\",\"url\":\"http:\/\/esponsorama.ad\/es\/\",\"name\":\"Esponsorama\",\"description\":\"Specialist in motorsport sponsorship and event promotions\",\"potentialAction\":[{\"@type\":\"SearchAction\",\"target\":{\"@type\":\"EntryPoint\",\"urlTemplate\":\"http:\/\/esponsorama.ad\/es\/?s={search_term_string}\"},\"query-input\":{\"@type\":\"PropertyValueSpecification\",\"valueRequired\":true,\"valueName\":\"search_term_string\"}}],\"inLanguage\":\"es\"},{\"@type\":\"Person\",\"@id\":\"http:\/\/esponsorama.ad\/es\/#\/schema\/person\/a5cde74945183d737066e46b61c6f9c4\",\"name\":\"Xavi Andornet\",\"image\":{\"@type\":\"ImageObject\",\"inLanguage\":\"es\",\"@id\":\"http:\/\/esponsorama.ad\/es\/#\/schema\/person\/image\/\",\"url\":\"https:\/\/secure.gravatar.com\/avatar\/f10eaf9ad601244a2357c9fd7cd9805ed166cfaaf76d5d9ab08a9d873e70147a?s=96&d=mm&r=g\",\"contentUrl\":\"https:\/\/secure.gravatar.com\/avatar\/f10eaf9ad601244a2357c9fd7cd9805ed166cfaaf76d5d9ab08a9d873e70147a?s=96&d=mm&r=g\",\"caption\":\"Xavi Andornet\"},\"sameAs\":[\"http:\/\/www.andornet.ad\"],\"url\":\"http:\/\/esponsorama.ad\/es\/author\/andornet\/\"}]}<\/script>\n<!-- \/ Yoast SEO plugin. -->","yoast_head_json":{"title":"Barber\u00e1 y Baz disfrutan de su \u00faltima carrera con el equipo Reale Avintia Racing - Esponsorama","robots":{"index":"index","follow":"follow","max-snippet":"max-snippet:-1","max-image-preview":"max-image-preview:large","max-video-preview":"max-video-preview:-1"},"canonical":"http:\/\/esponsorama.ad\/es\/barbera-baz-disfrutan-ultima-carrera-equipo-reale-avintia-racing-2\/","og_locale":"es_ES","og_type":"article","og_title":"Barber\u00e1 y Baz disfrutan de su \u00faltima carrera con el equipo Reale Avintia Racing - Esponsorama","og_description":"La \u00faltima carrera del a\u00f1o siempre es especial para todos, pero este Gran Premio de Valencia lo ha sido, m\u00e1s a\u00fan, para los pilotos del equipo Reale Avintia Racing. Tanto para H\u00e9ctor Barber\u00e1, como Loris Baz, el fin de semana ha supuesto el punto y aparte en el equipo espa\u00f1ol y eso se ha visto [&hellip;]","og_url":"http:\/\/esponsorama.ad\/es\/barbera-baz-disfrutan-ultima-carrera-equipo-reale-avintia-racing-2\/","og_site_name":"Esponsorama","article_published_time":"2017-11-12T15:57:11+00:00","article_modified_time":"2017-11-13T08:11:18+00:00","og_image":[{"width":1024,"height":683,"url":"http:\/\/esponsorama.ad\/wp-content\/uploads\/2017\/11\/18VALENCIA17MgpAVINTIA_REALE-7732-1024x683.jpg","type":"image\/jpeg"}],"author":"Xavi Andornet","twitter_card":"summary_large_image","twitter_misc":{"Escrito por":"Xavi Andornet","Tiempo de lectura":"2 minutos"},"schema":{"@context":"https:\/\/schema.org","@graph":[{"@type":"Article","@id":"http:\/\/esponsorama.ad\/es\/barbera-baz-disfrutan-ultima-carrera-equipo-reale-avintia-racing-2\/#article","isPartOf":{"@id":"http:\/\/esponsorama.ad\/es\/barbera-baz-disfrutan-ultima-carrera-equipo-reale-avintia-racing-2\/"},"author":{"name":"Xavi Andornet","@id":"http:\/\/esponsorama.ad\/es\/#\/schema\/person\/a5cde74945183d737066e46b61c6f9c4"},"headline":"Barber\u00e1 y Baz disfrutan de su \u00faltima carrera con el equipo Reale Avintia Racing","datePublished":"2017-11-12T15:57:11+00:00","dateModified":"2017-11-13T08:11:18+00:00","mainEntityOfPage":{"@id":"http:\/\/esponsorama.ad\/es\/barbera-baz-disfrutan-ultima-carrera-equipo-reale-avintia-racing-2\/"},"wordCount":500,"image":{"@id":"http:\/\/esponsorama.ad\/es\/barbera-baz-disfrutan-ultima-carrera-equipo-reale-avintia-racing-2\/#primaryimage"},"thumbnailUrl":"http:\/\/esponsorama.ad\/wp-content\/uploads\/2017\/11\/18VALENCIA17MgpAVINTIA_REALE-7732.jpg","articleSection":["MotoGP"],"inLanguage":"es"},{"@type":"WebPage","@id":"http:\/\/esponsorama.ad\/es\/barbera-baz-disfrutan-ultima-carrera-equipo-reale-avintia-racing-2\/","url":"http:\/\/esponsorama.ad\/es\/barbera-baz-disfrutan-ultima-carrera-equipo-reale-avintia-racing-2\/","name":"Barber\u00e1 y Baz disfrutan de su \u00faltima carrera con el equipo Reale Avintia Racing - Esponsorama","isPartOf":{"@id":"http:\/\/esponsorama.ad\/es\/#website"},"primaryImageOfPage":{"@id":"http:\/\/esponsorama.ad\/es\/barbera-baz-disfrutan-ultima-carrera-equipo-reale-avintia-racing-2\/#primaryimage"},"image":{"@id":"http:\/\/esponsorama.ad\/es\/barbera-baz-disfrutan-ultima-carrera-equipo-reale-avintia-racing-2\/#primaryimage"},"thumbnailUrl":"http:\/\/esponsorama.ad\/wp-content\/uploads\/2017\/11\/18VALENCIA17MgpAVINTIA_REALE-7732.jpg","datePublished":"2017-11-12T15:57:11+00:00","dateModified":"2017-11-13T08:11:18+00:00","author":{"@id":"http:\/\/esponsorama.ad\/es\/#\/schema\/person\/a5cde74945183d737066e46b61c6f9c4"},"breadcrumb":{"@id":"http:\/\/esponsorama.ad\/es\/barbera-baz-disfrutan-ultima-carrera-equipo-reale-avintia-racing-2\/#breadcrumb"},"inLanguage":"es","potentialAction":[{"@type":"ReadAction","target":["http:\/\/esponsorama.ad\/es\/barbera-baz-disfrutan-ultima-carrera-equipo-reale-avintia-racing-2\/"]}]},{"@type":"ImageObject","inLanguage":"es","@id":"http:\/\/esponsorama.ad\/es\/barbera-baz-disfrutan-ultima-carrera-equipo-reale-avintia-racing-2\/#primaryimage","url":"http:\/\/esponsorama.ad\/wp-content\/uploads\/2017\/11\/18VALENCIA17MgpAVINTIA_REALE-7732.jpg","contentUrl":"http:\/\/esponsorama.ad\/wp-content\/uploads\/2017\/11\/18VALENCIA17MgpAVINTIA_REALE-7732.jpg","width":4542,"height":3028},{"@type":"BreadcrumbList","@id":"http:\/\/esponsorama.ad\/es\/barbera-baz-disfrutan-ultima-carrera-equipo-reale-avintia-racing-2\/#breadcrumb","itemListElement":[{"@type":"ListItem","position":1,"name":"Home","item":"http:\/\/esponsorama.ad\/es\/"},{"@type":"ListItem","position":2,"name":"Barber\u00e1 y Baz disfrutan de su \u00faltima carrera con el equipo Reale Avintia Racing"}]},{"@type":"WebSite","@id":"http:\/\/esponsorama.ad\/es\/#website","url":"http:\/\/esponsorama.ad\/es\/","name":"Esponsorama","description":"Specialist in motorsport sponsorship and event promotions","potentialAction":[{"@type":"SearchAction","target":{"@type":"EntryPoint","urlTemplate":"http:\/\/esponsorama.ad\/es\/?s={search_term_string}"},"query-input":{"@type":"PropertyValueSpecification","valueRequired":true,"valueName":"search_term_string"}}],"inLanguage":"es"},{"@type":"Person","@id":"http:\/\/esponsorama.ad\/es\/#\/schema\/person\/a5cde74945183d737066e46b61c6f9c4","name":"Xavi Andornet","image":{"@type":"ImageObject","inLanguage":"es","@id":"http:\/\/esponsorama.ad\/es\/#\/schema\/person\/image\/","url":"https:\/\/secure.gravatar.com\/avatar\/f10eaf9ad601244a2357c9fd7cd9805ed166cfaaf76d5d9ab08a9d873e70147a?s=96&d=mm&r=g","contentUrl":"https:\/\/secure.gravatar.com\/avatar\/f10eaf9ad601244a2357c9fd7cd9805ed166cfaaf76d5d9ab08a9d873e70147a?s=96&d=mm&r=g","caption":"Xavi Andornet"},"sameAs":["http:\/\/www.andornet.ad"],"url":"http:\/\/esponsorama.ad\/es\/author\/andornet\/"}]}},"_links":{"self":[{"href":"http:\/\/esponsorama.ad\/es\/wp-json\/wp\/v2\/posts\/6986","targetHints":{"allow":["GET"]}}],"collection":[{"href":"http:\/\/esponsorama.ad\/es\/wp-json\/wp\/v2\/posts"}],"about":[{"href":"http:\/\/esponsorama.ad\/es\/wp-json\/wp\/v2\/types\/post"}],"author":[{"embeddable":true,"href":"http:\/\/esponsorama.ad\/es\/wp-json\/wp\/v2\/users\/6"}],"replies":[{"embeddable":true,"href":"http:\/\/esponsorama.ad\/es\/wp-json\/wp\/v2\/comments?post=6986"}],"version-history":[{"count":0,"href":"http:\/\/esponsorama.ad\/es\/wp-json\/wp\/v2\/posts\/6986\/revisions"}],"wp:featuredmedia":[{"embeddable":true,"href":"http:\/\/esponsorama.ad\/es\/wp-json\/wp\/v2\/media\/6954"}],"wp:attachment":[{"href":"http:\/\/esponsorama.ad\/es\/wp-json\/wp\/v2\/media?parent=6986"}],"wp:term":[{"taxonomy":"category","embeddable":true,"href":"http:\/\/esponsorama.ad\/es\/wp-json\/wp\/v2\/categories?post=6986"},{"taxonomy":"post_tag","embeddable":true,"href":"http:\/\/esponsorama.ad\/es\/wp-json\/wp\/v2\/tags?post=6986"}],"curies":[{"name":"wp","href":"https:\/\/api.w.org\/{rel}","templated":true}]}}