{"id":701,"date":"2016-08-21T17:58:12","date_gmt":"2016-08-21T15:58:12","guid":{"rendered":"http:\/\/esponsorama.ad\/?p=701"},"modified":"2016-08-23T12:02:03","modified_gmt":"2016-08-23T10:02:03","slug":"baz-cuarto-barbera-quinto-completan-fin-semana-ensueno-avintia-racing-2","status":"publish","type":"post","link":"http:\/\/esponsorama.ad\/es\/baz-cuarto-barbera-quinto-completan-fin-semana-ensueno-avintia-racing-2\/","title":{"rendered":"Baz cuarto y Barber\u00e1 quinto, completan un fin de semana de ensue\u00f1o para Avintia Racing"},"content":{"rendered":"<p>El equipo Avintia Racing comenzaba el Gran Premio de la Rep\u00fablica Checa con las expectativas muy altas. H\u00e9ctor Barber\u00e1 hab\u00eda demostrado su velocidad desde el viernes y ayer s\u00e1bado logr\u00f3 meterse en la segunda l\u00ednea de la parrilla tras marcar el quinto mejor tiempo. Loris Baz sal\u00eda m\u00e1s atr\u00e1s, en la sexta l\u00ednea con el 17\u00ba mejor registro, pero las previsiones de lluvia para la carrera le hac\u00edan ser optimista. Las previsiones se han cumplido y ha llovido con fuerza en Brno. Baz ha confirmado sus expectativas esta ma\u00f1ana con un excelente tercer puesto en el warm-up, pero justo antes de la carrera, a 22 vueltas de MotoGP, la lluvia ha parado y esto ha generado muchas dudas con la elecci\u00f3n del neum\u00e1tico para la carrera.<\/p>\n<p>H\u00e9ctor Barber\u00e1 ha salido bien y poco a poco ha ido superando a los pilotos que ten\u00eda por delante hasta llegar a colocarse segundo. Pero a falta de diez vueltas ha notado que algo fallaba en su moto. Al final ha conseguido terminar, a pesar de las vibraciones y la falta de potencia, aunque hoy podr\u00eda haber aspirado a un resultado aun mejor. Baz ha esperado a que la pista se secara m\u00e1s y ha llegado remontado desde atr\u00e1s, para a falta de dos vueltas, superar a su compa\u00f1ero y hacerse con un grand\u00edsimo cuarto puesto. Con este resultado Baz confirma que Avintia Racing no se equivoc\u00f3 renov\u00e1ndole para 2017, y le ha dado una gran confianza para las siete carreras que faltan del campeonato.<\/p>\n<p>Loris Baz y H\u00e9ctor Barber\u00e1 han dado a Avintia Racing el mejor resultado conjunto para el equipo en MotoGP y adem\u00e1s han sido los mejores pilotos de Ducati en Brno, cerrando un fin de semana de ensue\u00f1o para el equipo espa\u00f1ol.<\/p>\n<p><strong>LORIS BAZ #76 P4<\/strong><\/p>\n<p>\u201cHemos hecho una carrera muy buena y hemos tomado la decisi\u00f3n acertada con las gomas. Como yo peso mucho m\u00e1s que los dem\u00e1s, tengo que ir con neum\u00e1ticos m\u00e1s duros, antes de carrera se ha decidido poner la trasera dura y era algo que me parec\u00eda correcto; nunca sabes si es una decisi\u00f3n acertada sin saber si llover\u00e1. Hemos ido remontando poco a poco y nos ha faltado un poco para llegar m\u00e1s arriba. Creo que nos faltaba un poco de experiencia con este neum\u00e1tico, la moto era un poco dura y me costaba mucho adelantar. Estoy muy contento y esta es la mejor manera de dar las gracias al equipo por el contrato para el a\u00f1o que viene. Adem\u00e1s estaba deseando hacer una buena carrera para dedic\u00e1rsela a Luis Salom\u201d.<\/p>\n<p><strong>H\u00c9CTOR BARBER\u00c1 #8 P5<\/strong><\/p>\n<p>\u201cEstoy contento porque hemos hecho una buena carrera. En la vuelta doce he tenido un problema mec\u00e1nico y he ido un poco limitado las otras diez vueltas. He intentado hacer lo m\u00e1ximo posible; salvar los neum\u00e1ticos, tratar de ser lo m\u00e1s fino posible, pero al final de carrera he llegado con algunas dificultades. De todos modos, estoy contento porque cada vez estamos m\u00e1s cerca y antes o despu\u00e9s llegar\u00e1 el buen resultado. Quiero dar las gracias al equipo porque sin su esfuerzo esto no ser\u00eda posible. Y felicitar a Loris, me alegro mucho por \u00e9l, porque adem\u00e1s de ser buen piloto, es muy buena persona y esto le hac\u00eda falta. La verdad es que se le hab\u00eda empezado a complicar la temporada. Yo como piloto le animo, estoy al lado, pero cuando te metes en estos baches la mejor forma de salir es as\u00ed, con un buen resultado\u201d.<\/p>\n<div id='gallery-1' class='gallery galleryid-701 gallery-columns-5 gallery-size-thumbnail'><figure class='gallery-item'>\n\t\t\t<div class='gallery-icon landscape'>\n\t\t\t\t<a href='http:\/\/esponsorama.ad\/wp-content\/uploads\/2016\/08\/11_BRNO-7786.jpg' title=\"\" data-rl_title=\"\" class=\"rl-gallery-link\" data-rl_caption=\"\" data-rel=\"lightbox-gallery-1\"><img loading=\"lazy\" decoding=\"async\" width=\"150\" height=\"150\" src=\"http:\/\/esponsorama.ad\/wp-content\/uploads\/2016\/08\/11_BRNO-7786-150x150.jpg\" class=\"attachment-thumbnail size-thumbnail\" alt=\"\" \/><\/a>\n\t\t\t<\/div><\/figure><figure class='gallery-item'>\n\t\t\t<div class='gallery-icon landscape'>\n\t\t\t\t<a href='http:\/\/esponsorama.ad\/wp-content\/uploads\/2016\/08\/11_BRNO-8193.jpg' title=\"\" data-rl_title=\"\" class=\"rl-gallery-link\" data-rl_caption=\"\" data-rel=\"lightbox-gallery-1\"><img loading=\"lazy\" decoding=\"async\" width=\"150\" height=\"150\" src=\"http:\/\/esponsorama.ad\/wp-content\/uploads\/2016\/08\/11_BRNO-8193-150x150.jpg\" class=\"attachment-thumbnail size-thumbnail\" alt=\"\" \/><\/a>\n\t\t\t<\/div><\/figure><figure class='gallery-item'>\n\t\t\t<div class='gallery-icon landscape'>\n\t\t\t\t<a href='http:\/\/esponsorama.ad\/wp-content\/uploads\/2016\/08\/11_BRNO-8324.jpg' title=\"\" data-rl_title=\"\" class=\"rl-gallery-link\" data-rl_caption=\"\" data-rel=\"lightbox-gallery-1\"><img loading=\"lazy\" decoding=\"async\" width=\"150\" height=\"150\" src=\"http:\/\/esponsorama.ad\/wp-content\/uploads\/2016\/08\/11_BRNO-8324-150x150.jpg\" class=\"attachment-thumbnail size-thumbnail\" alt=\"\" \/><\/a>\n\t\t\t<\/div><\/figure><figure class='gallery-item'>\n\t\t\t<div class='gallery-icon landscape'>\n\t\t\t\t<a href='http:\/\/esponsorama.ad\/wp-content\/uploads\/2016\/08\/11_BRNO-8404.jpg' title=\"\" data-rl_title=\"\" class=\"rl-gallery-link\" data-rl_caption=\"\" data-rel=\"lightbox-gallery-1\"><img loading=\"lazy\" decoding=\"async\" width=\"150\" height=\"150\" src=\"http:\/\/esponsorama.ad\/wp-content\/uploads\/2016\/08\/11_BRNO-8404-150x150.jpg\" class=\"attachment-thumbnail size-thumbnail\" alt=\"\" \/><\/a>\n\t\t\t<\/div><\/figure><figure class='gallery-item'>\n\t\t\t<div class='gallery-icon landscape'>\n\t\t\t\t<a href='http:\/\/esponsorama.ad\/wp-content\/uploads\/2016\/08\/11_BRNO-8493.jpg' title=\"\" data-rl_title=\"\" class=\"rl-gallery-link\" data-rl_caption=\"\" data-rel=\"lightbox-gallery-1\"><img loading=\"lazy\" decoding=\"async\" width=\"150\" height=\"150\" src=\"http:\/\/esponsorama.ad\/wp-content\/uploads\/2016\/08\/11_BRNO-8493-150x150.jpg\" class=\"attachment-thumbnail size-thumbnail\" alt=\"\" \/><\/a>\n\t\t\t<\/div><\/figure>\n\t\t<\/div>\n\n","protected":false},"excerpt":{"rendered":"<p>El equipo Avintia Racing comenzaba el Gran Premio de la Rep\u00fablica Checa con las expectativas muy altas. H\u00e9ctor Barber\u00e1 hab\u00eda demostrado su velocidad desde el viernes y ayer s\u00e1bado logr\u00f3 meterse en la segunda l\u00ednea de la parrilla tras marcar el quinto mejor tiempo. Loris Baz sal\u00eda m\u00e1s atr\u00e1s, en la sexta l\u00ednea con el [&hellip;]<\/p>\n","protected":false},"author":6,"featured_media":669,"comment_status":"closed","ping_status":"closed","sticky":false,"template":"","format":"standard","meta":{"footnotes":""},"categories":[3],"tags":[],"class_list":["post-701","post","type-post","status-publish","format-standard","has-post-thumbnail","hentry","category-motogp"],"yoast_head":"<!-- This site is optimized with the Yoast SEO plugin v27.1.1 - https:\/\/yoast.com\/product\/yoast-seo-wordpress\/ -->\n<title>Baz cuarto y Barber\u00e1 quinto, completan un fin de semana de ensue\u00f1o para Avintia Racing - Esponsorama<\/title>\n<meta name=\"robots\" content=\"index, follow, max-snippet:-1, max-image-preview:large, max-video-preview:-1\" \/>\n<link rel=\"canonical\" href=\"http:\/\/esponsorama.ad\/es\/baz-cuarto-barbera-quinto-completan-fin-semana-ensueno-avintia-racing-2\/\" \/>\n<meta property=\"og:locale\" content=\"es_ES\" \/>\n<meta property=\"og:type\" content=\"article\" \/>\n<meta property=\"og:title\" content=\"Baz cuarto y Barber\u00e1 quinto, completan un fin de semana de ensue\u00f1o para Avintia Racing - Esponsorama\" \/>\n<meta property=\"og:description\" content=\"El equipo Avintia Racing comenzaba el Gran Premio de la Rep\u00fablica Checa con las expectativas muy altas. H\u00e9ctor Barber\u00e1 hab\u00eda demostrado su velocidad desde el viernes y ayer s\u00e1bado logr\u00f3 meterse en la segunda l\u00ednea de la parrilla tras marcar el quinto mejor tiempo. Loris Baz sal\u00eda m\u00e1s atr\u00e1s, en la sexta l\u00ednea con el [&hellip;]\" \/>\n<meta property=\"og:url\" content=\"http:\/\/esponsorama.ad\/es\/baz-cuarto-barbera-quinto-completan-fin-semana-ensueno-avintia-racing-2\/\" \/>\n<meta property=\"og:site_name\" content=\"Esponsorama\" \/>\n<meta property=\"article:published_time\" content=\"2016-08-21T15:58:12+00:00\" \/>\n<meta property=\"article:modified_time\" content=\"2016-08-23T10:02:03+00:00\" \/>\n<meta property=\"og:image\" content=\"http:\/\/esponsorama.ad\/wp-content\/uploads\/2016\/08\/11_BRNO-8493.jpg\" \/>\n\t<meta property=\"og:image:width\" content=\"5184\" \/>\n\t<meta property=\"og:image:height\" content=\"3456\" \/>\n\t<meta property=\"og:image:type\" content=\"image\/jpeg\" \/>\n<meta name=\"author\" content=\"Xavi Andornet\" \/>\n<meta name=\"twitter:card\" content=\"summary_large_image\" \/>\n<meta name=\"twitter:label1\" content=\"Escrito por\" \/>\n\t<meta name=\"twitter:data1\" content=\"Xavi Andornet\" \/>\n\t<meta name=\"twitter:label2\" content=\"Tiempo de lectura\" \/>\n\t<meta name=\"twitter:data2\" content=\"3 minutos\" \/>\n<script type=\"application\/ld+json\" class=\"yoast-schema-graph\">{\"@context\":\"https:\/\/schema.org\",\"@graph\":[{\"@type\":\"Article\",\"@id\":\"http:\/\/esponsorama.ad\/es\/baz-cuarto-barbera-quinto-completan-fin-semana-ensueno-avintia-racing-2\/#article\",\"isPartOf\":{\"@id\":\"http:\/\/esponsorama.ad\/es\/baz-cuarto-barbera-quinto-completan-fin-semana-ensueno-avintia-racing-2\/\"},\"author\":{\"name\":\"Xavi Andornet\",\"@id\":\"http:\/\/esponsorama.ad\/es\/#\/schema\/person\/a5cde74945183d737066e46b61c6f9c4\"},\"headline\":\"Baz cuarto y Barber\u00e1 quinto, completan un fin de semana de ensue\u00f1o para Avintia Racing\",\"datePublished\":\"2016-08-21T15:58:12+00:00\",\"dateModified\":\"2016-08-23T10:02:03+00:00\",\"mainEntityOfPage\":{\"@id\":\"http:\/\/esponsorama.ad\/es\/baz-cuarto-barbera-quinto-completan-fin-semana-ensueno-avintia-racing-2\/\"},\"wordCount\":641,\"image\":{\"@id\":\"http:\/\/esponsorama.ad\/es\/baz-cuarto-barbera-quinto-completan-fin-semana-ensueno-avintia-racing-2\/#primaryimage\"},\"thumbnailUrl\":\"http:\/\/esponsorama.ad\/wp-content\/uploads\/2016\/08\/11_BRNO-8493.jpg\",\"articleSection\":[\"MotoGP\"],\"inLanguage\":\"es\"},{\"@type\":\"WebPage\",\"@id\":\"http:\/\/esponsorama.ad\/es\/baz-cuarto-barbera-quinto-completan-fin-semana-ensueno-avintia-racing-2\/\",\"url\":\"http:\/\/esponsorama.ad\/es\/baz-cuarto-barbera-quinto-completan-fin-semana-ensueno-avintia-racing-2\/\",\"name\":\"Baz cuarto y Barber\u00e1 quinto, completan un fin de semana de ensue\u00f1o para Avintia Racing - Esponsorama\",\"isPartOf\":{\"@id\":\"http:\/\/esponsorama.ad\/es\/#website\"},\"primaryImageOfPage\":{\"@id\":\"http:\/\/esponsorama.ad\/es\/baz-cuarto-barbera-quinto-completan-fin-semana-ensueno-avintia-racing-2\/#primaryimage\"},\"image\":{\"@id\":\"http:\/\/esponsorama.ad\/es\/baz-cuarto-barbera-quinto-completan-fin-semana-ensueno-avintia-racing-2\/#primaryimage\"},\"thumbnailUrl\":\"http:\/\/esponsorama.ad\/wp-content\/uploads\/2016\/08\/11_BRNO-8493.jpg\",\"datePublished\":\"2016-08-21T15:58:12+00:00\",\"dateModified\":\"2016-08-23T10:02:03+00:00\",\"author\":{\"@id\":\"http:\/\/esponsorama.ad\/es\/#\/schema\/person\/a5cde74945183d737066e46b61c6f9c4\"},\"breadcrumb\":{\"@id\":\"http:\/\/esponsorama.ad\/es\/baz-cuarto-barbera-quinto-completan-fin-semana-ensueno-avintia-racing-2\/#breadcrumb\"},\"inLanguage\":\"es\",\"potentialAction\":[{\"@type\":\"ReadAction\",\"target\":[\"http:\/\/esponsorama.ad\/es\/baz-cuarto-barbera-quinto-completan-fin-semana-ensueno-avintia-racing-2\/\"]}]},{\"@type\":\"ImageObject\",\"inLanguage\":\"es\",\"@id\":\"http:\/\/esponsorama.ad\/es\/baz-cuarto-barbera-quinto-completan-fin-semana-ensueno-avintia-racing-2\/#primaryimage\",\"url\":\"http:\/\/esponsorama.ad\/wp-content\/uploads\/2016\/08\/11_BRNO-8493.jpg\",\"contentUrl\":\"http:\/\/esponsorama.ad\/wp-content\/uploads\/2016\/08\/11_BRNO-8493.jpg\",\"width\":5184,\"height\":3456},{\"@type\":\"BreadcrumbList\",\"@id\":\"http:\/\/esponsorama.ad\/es\/baz-cuarto-barbera-quinto-completan-fin-semana-ensueno-avintia-racing-2\/#breadcrumb\",\"itemListElement\":[{\"@type\":\"ListItem\",\"position\":1,\"name\":\"Home\",\"item\":\"http:\/\/esponsorama.ad\/ca\/\"},{\"@type\":\"ListItem\",\"position\":2,\"name\":\"Baz cuarto y Barber\u00e1 quinto, completan un fin de semana de ensue\u00f1o para Avintia Racing\"}]},{\"@type\":\"WebSite\",\"@id\":\"http:\/\/esponsorama.ad\/es\/#website\",\"url\":\"http:\/\/esponsorama.ad\/es\/\",\"name\":\"Esponsorama\",\"description\":\"Specialist in motorsport sponsorship and event promotions\",\"potentialAction\":[{\"@type\":\"SearchAction\",\"target\":{\"@type\":\"EntryPoint\",\"urlTemplate\":\"http:\/\/esponsorama.ad\/es\/?s={search_term_string}\"},\"query-input\":{\"@type\":\"PropertyValueSpecification\",\"valueRequired\":true,\"valueName\":\"search_term_string\"}}],\"inLanguage\":\"es\"},{\"@type\":\"Person\",\"@id\":\"http:\/\/esponsorama.ad\/es\/#\/schema\/person\/a5cde74945183d737066e46b61c6f9c4\",\"name\":\"Xavi Andornet\",\"image\":{\"@type\":\"ImageObject\",\"inLanguage\":\"es\",\"@id\":\"http:\/\/esponsorama.ad\/es\/#\/schema\/person\/image\/\",\"url\":\"https:\/\/secure.gravatar.com\/avatar\/f10eaf9ad601244a2357c9fd7cd9805ed166cfaaf76d5d9ab08a9d873e70147a?s=96&d=mm&r=g\",\"contentUrl\":\"https:\/\/secure.gravatar.com\/avatar\/f10eaf9ad601244a2357c9fd7cd9805ed166cfaaf76d5d9ab08a9d873e70147a?s=96&d=mm&r=g\",\"caption\":\"Xavi Andornet\"},\"sameAs\":[\"http:\/\/www.andornet.ad\"],\"url\":\"http:\/\/esponsorama.ad\/es\/author\/andornet\/\"}]}<\/script>\n<!-- \/ Yoast SEO plugin. -->","yoast_head_json":{"title":"Baz cuarto y Barber\u00e1 quinto, completan un fin de semana de ensue\u00f1o para Avintia Racing - Esponsorama","robots":{"index":"index","follow":"follow","max-snippet":"max-snippet:-1","max-image-preview":"max-image-preview:large","max-video-preview":"max-video-preview:-1"},"canonical":"http:\/\/esponsorama.ad\/es\/baz-cuarto-barbera-quinto-completan-fin-semana-ensueno-avintia-racing-2\/","og_locale":"es_ES","og_type":"article","og_title":"Baz cuarto y Barber\u00e1 quinto, completan un fin de semana de ensue\u00f1o para Avintia Racing - Esponsorama","og_description":"El equipo Avintia Racing comenzaba el Gran Premio de la Rep\u00fablica Checa con las expectativas muy altas. H\u00e9ctor Barber\u00e1 hab\u00eda demostrado su velocidad desde el viernes y ayer s\u00e1bado logr\u00f3 meterse en la segunda l\u00ednea de la parrilla tras marcar el quinto mejor tiempo. Loris Baz sal\u00eda m\u00e1s atr\u00e1s, en la sexta l\u00ednea con el [&hellip;]","og_url":"http:\/\/esponsorama.ad\/es\/baz-cuarto-barbera-quinto-completan-fin-semana-ensueno-avintia-racing-2\/","og_site_name":"Esponsorama","article_published_time":"2016-08-21T15:58:12+00:00","article_modified_time":"2016-08-23T10:02:03+00:00","og_image":[{"width":5184,"height":3456,"url":"http:\/\/esponsorama.ad\/wp-content\/uploads\/2016\/08\/11_BRNO-8493.jpg","type":"image\/jpeg"}],"author":"Xavi Andornet","twitter_card":"summary_large_image","twitter_misc":{"Escrito por":"Xavi Andornet","Tiempo de lectura":"3 minutos"},"schema":{"@context":"https:\/\/schema.org","@graph":[{"@type":"Article","@id":"http:\/\/esponsorama.ad\/es\/baz-cuarto-barbera-quinto-completan-fin-semana-ensueno-avintia-racing-2\/#article","isPartOf":{"@id":"http:\/\/esponsorama.ad\/es\/baz-cuarto-barbera-quinto-completan-fin-semana-ensueno-avintia-racing-2\/"},"author":{"name":"Xavi Andornet","@id":"http:\/\/esponsorama.ad\/es\/#\/schema\/person\/a5cde74945183d737066e46b61c6f9c4"},"headline":"Baz cuarto y Barber\u00e1 quinto, completan un fin de semana de ensue\u00f1o para Avintia Racing","datePublished":"2016-08-21T15:58:12+00:00","dateModified":"2016-08-23T10:02:03+00:00","mainEntityOfPage":{"@id":"http:\/\/esponsorama.ad\/es\/baz-cuarto-barbera-quinto-completan-fin-semana-ensueno-avintia-racing-2\/"},"wordCount":641,"image":{"@id":"http:\/\/esponsorama.ad\/es\/baz-cuarto-barbera-quinto-completan-fin-semana-ensueno-avintia-racing-2\/#primaryimage"},"thumbnailUrl":"http:\/\/esponsorama.ad\/wp-content\/uploads\/2016\/08\/11_BRNO-8493.jpg","articleSection":["MotoGP"],"inLanguage":"es"},{"@type":"WebPage","@id":"http:\/\/esponsorama.ad\/es\/baz-cuarto-barbera-quinto-completan-fin-semana-ensueno-avintia-racing-2\/","url":"http:\/\/esponsorama.ad\/es\/baz-cuarto-barbera-quinto-completan-fin-semana-ensueno-avintia-racing-2\/","name":"Baz cuarto y Barber\u00e1 quinto, completan un fin de semana de ensue\u00f1o para Avintia Racing - Esponsorama","isPartOf":{"@id":"http:\/\/esponsorama.ad\/es\/#website"},"primaryImageOfPage":{"@id":"http:\/\/esponsorama.ad\/es\/baz-cuarto-barbera-quinto-completan-fin-semana-ensueno-avintia-racing-2\/#primaryimage"},"image":{"@id":"http:\/\/esponsorama.ad\/es\/baz-cuarto-barbera-quinto-completan-fin-semana-ensueno-avintia-racing-2\/#primaryimage"},"thumbnailUrl":"http:\/\/esponsorama.ad\/wp-content\/uploads\/2016\/08\/11_BRNO-8493.jpg","datePublished":"2016-08-21T15:58:12+00:00","dateModified":"2016-08-23T10:02:03+00:00","author":{"@id":"http:\/\/esponsorama.ad\/es\/#\/schema\/person\/a5cde74945183d737066e46b61c6f9c4"},"breadcrumb":{"@id":"http:\/\/esponsorama.ad\/es\/baz-cuarto-barbera-quinto-completan-fin-semana-ensueno-avintia-racing-2\/#breadcrumb"},"inLanguage":"es","potentialAction":[{"@type":"ReadAction","target":["http:\/\/esponsorama.ad\/es\/baz-cuarto-barbera-quinto-completan-fin-semana-ensueno-avintia-racing-2\/"]}]},{"@type":"ImageObject","inLanguage":"es","@id":"http:\/\/esponsorama.ad\/es\/baz-cuarto-barbera-quinto-completan-fin-semana-ensueno-avintia-racing-2\/#primaryimage","url":"http:\/\/esponsorama.ad\/wp-content\/uploads\/2016\/08\/11_BRNO-8493.jpg","contentUrl":"http:\/\/esponsorama.ad\/wp-content\/uploads\/2016\/08\/11_BRNO-8493.jpg","width":5184,"height":3456},{"@type":"BreadcrumbList","@id":"http:\/\/esponsorama.ad\/es\/baz-cuarto-barbera-quinto-completan-fin-semana-ensueno-avintia-racing-2\/#breadcrumb","itemListElement":[{"@type":"ListItem","position":1,"name":"Home","item":"http:\/\/esponsorama.ad\/ca\/"},{"@type":"ListItem","position":2,"name":"Baz cuarto y Barber\u00e1 quinto, completan un fin de semana de ensue\u00f1o para Avintia Racing"}]},{"@type":"WebSite","@id":"http:\/\/esponsorama.ad\/es\/#website","url":"http:\/\/esponsorama.ad\/es\/","name":"Esponsorama","description":"Specialist in motorsport sponsorship and event promotions","potentialAction":[{"@type":"SearchAction","target":{"@type":"EntryPoint","urlTemplate":"http:\/\/esponsorama.ad\/es\/?s={search_term_string}"},"query-input":{"@type":"PropertyValueSpecification","valueRequired":true,"valueName":"search_term_string"}}],"inLanguage":"es"},{"@type":"Person","@id":"http:\/\/esponsorama.ad\/es\/#\/schema\/person\/a5cde74945183d737066e46b61c6f9c4","name":"Xavi Andornet","image":{"@type":"ImageObject","inLanguage":"es","@id":"http:\/\/esponsorama.ad\/es\/#\/schema\/person\/image\/","url":"https:\/\/secure.gravatar.com\/avatar\/f10eaf9ad601244a2357c9fd7cd9805ed166cfaaf76d5d9ab08a9d873e70147a?s=96&d=mm&r=g","contentUrl":"https:\/\/secure.gravatar.com\/avatar\/f10eaf9ad601244a2357c9fd7cd9805ed166cfaaf76d5d9ab08a9d873e70147a?s=96&d=mm&r=g","caption":"Xavi Andornet"},"sameAs":["http:\/\/www.andornet.ad"],"url":"http:\/\/esponsorama.ad\/es\/author\/andornet\/"}]}},"_links":{"self":[{"href":"http:\/\/esponsorama.ad\/es\/wp-json\/wp\/v2\/posts\/701","targetHints":{"allow":["GET"]}}],"collection":[{"href":"http:\/\/esponsorama.ad\/es\/wp-json\/wp\/v2\/posts"}],"about":[{"href":"http:\/\/esponsorama.ad\/es\/wp-json\/wp\/v2\/types\/post"}],"author":[{"embeddable":true,"href":"http:\/\/esponsorama.ad\/es\/wp-json\/wp\/v2\/users\/6"}],"replies":[{"embeddable":true,"href":"http:\/\/esponsorama.ad\/es\/wp-json\/wp\/v2\/comments?post=701"}],"version-history":[{"count":0,"href":"http:\/\/esponsorama.ad\/es\/wp-json\/wp\/v2\/posts\/701\/revisions"}],"wp:featuredmedia":[{"embeddable":true,"href":"http:\/\/esponsorama.ad\/es\/wp-json\/wp\/v2\/media\/669"}],"wp:attachment":[{"href":"http:\/\/esponsorama.ad\/es\/wp-json\/wp\/v2\/media?parent=701"}],"wp:term":[{"taxonomy":"category","embeddable":true,"href":"http:\/\/esponsorama.ad\/es\/wp-json\/wp\/v2\/categories?post=701"},{"taxonomy":"post_tag","embeddable":true,"href":"http:\/\/esponsorama.ad\/es\/wp-json\/wp\/v2\/tags?post=701"}],"curies":[{"name":"wp","href":"https:\/\/api.w.org\/{rel}","templated":true}]}}