{"id":7105,"date":"2017-11-15T20:48:23","date_gmt":"2017-11-15T18:48:23","guid":{"rendered":"http:\/\/esponsorama.ad\/?p=7105"},"modified":"2017-11-15T21:07:56","modified_gmt":"2017-11-15T19:07:56","slug":"tito-rabat-xavier-simeon-terminan-test-valencia-buenas-sensaciones-2","status":"publish","type":"post","link":"http:\/\/esponsorama.ad\/es\/tito-rabat-xavier-simeon-terminan-test-valencia-buenas-sensaciones-2\/","title":{"rendered":"Tito Rabat y Xavier Sim\u00e9on terminan el test de Valencia con buenas sensaciones"},"content":{"rendered":"<p><strong>15\/11\/17 Valencia MotoGP Test \u2013 Circuit Ricardo Tormo<br \/>\n<\/strong><\/p>\n<p>Los nuevos pilotos del equipo Reale Avintia Racing, Tito Rabat y Xavier Sim\u00e9on han completado el segundo y \u00faltimo d\u00eda de test de MotoGP hoy en Valencia con sensaciones muy positivas.<\/p>\n<p>Tito Rabat ha vuelto a terminar en la posici\u00f3n \u201812+1\u2019 pero lo m\u00e1s importante es que cada vez se encuentra m\u00e1s c\u00f3modo con la Ducati Desmosedici GP17 y su nuevo equipo t\u00e9cnico. El ex campe\u00f3n del mundo de Moto2, ha mejorado en cada salida y ha logrado imponer un ritmo muy constante. Rabat ha marcado un tiempo de 1\u201931.386, mejorando en m\u00e1s de un segundo su vuelta r\u00e1pida en la carrera del pasado domingo y, terminando a menos de dos d\u00e9cimas de su tiempo en los cronometrados para el Gran Premio.<\/p>\n<p>Su compa\u00f1ero Xavier Sim\u00e9on tambi\u00e9n ha repetido la posici\u00f3n final del primer d\u00eda, pero ha rebajado m\u00e1s de un segundo y medio su mejor vuelta de ayer. El piloto belga ha seguido trabajando para conocer mejor el funcionamiento de la electr\u00f3nica y los neum\u00e1ticos Michelin, adem\u00e1s de acostumbrase a la gran velocidad y la frenada de su Desmosedici GP16. Pero sobre todo ha mejorado mucho su estilo de pilotaje y su posici\u00f3n sobre la moto.<\/p>\n<p>Los pilotos del Reale Avintia Racing volver\u00e1n a la acci\u00f3n la pr\u00f3xima semana en Jerez, donde completar\u00e1n los dos \u00faltimos d\u00edas de entrenamientos de 2017.<\/p>\n<p><strong><\/strong><\/p>\n<p>\u00abHa sido otro d\u00eda muy positivo porque hemos bajado un poco el tiempo, pero lo m\u00e1s importante es que hemos hecho ritmo de 1\u201931 constante, me he sentido muy bien encima de la moto. Estoy muy contento con el equipo, con la moto y con Ducati. Ahora toca organizar todo un poquito para y revisar bien todos los datos de este test para seguir trabajando la pr\u00f3xima semana en Jerez. No veo la hora de volver a subirme en mi Desmosecidi y seguir mejorando.\u201d<\/p>\n<p><strong><\/strong><\/p>\n<p>\u201cHe terminado el test muy contento hoy ha sido un d\u00eda muy bueno y he podido progresar mucho m\u00e1s de lo que me esperaba. Hemos trabajado mucho para mejorar mi posici\u00f3n encima de la moto y estoy muy contento de la forma en la que hemos trabajado. Estos dos primeros d\u00edas de test en MotoGP han sido incre\u00edbles y ahora solo tengo ganas de seguir mejorando. S\u00e9 que todav\u00eda me queda mucho por aprender, pero ya estoy deseando llegar a Jerez para seguir conociendo mejor la moto y los neum\u00e1ticos.\u201d<\/p>\n","protected":false},"excerpt":{"rendered":"<p>15\/11\/17 Valencia MotoGP Test \u2013 Circuit Ricardo Tormo Los nuevos pilotos del equipo Reale Avintia Racing, Tito Rabat y Xavier Sim\u00e9on han completado el segundo y \u00faltimo d\u00eda de test de MotoGP hoy en Valencia con sensaciones muy positivas. Tito Rabat ha vuelto a terminar en la posici\u00f3n \u201812+1\u2019 pero lo m\u00e1s importante es que [&hellip;]<\/p>\n","protected":false},"author":6,"featured_media":7144,"comment_status":"closed","ping_status":"closed","sticky":false,"template":"","format":"standard","meta":{"footnotes":""},"categories":[3],"tags":[],"class_list":["post-7105","post","type-post","status-publish","format-standard","has-post-thumbnail","hentry","category-motogp"],"yoast_head":"<!-- This site is optimized with the Yoast SEO plugin v27.1.1 - https:\/\/yoast.com\/product\/yoast-seo-wordpress\/ -->\n<title>Tito Rabat y Xavier Sim\u00e9on terminan el test de Valencia con buenas sensaciones - Esponsorama<\/title>\n<meta name=\"robots\" content=\"index, follow, max-snippet:-1, max-image-preview:large, max-video-preview:-1\" \/>\n<link rel=\"canonical\" href=\"http:\/\/esponsorama.ad\/es\/tito-rabat-xavier-simeon-terminan-test-valencia-buenas-sensaciones-2\/\" \/>\n<meta property=\"og:locale\" content=\"es_ES\" \/>\n<meta property=\"og:type\" content=\"article\" \/>\n<meta property=\"og:title\" content=\"Tito Rabat y Xavier Sim\u00e9on terminan el test de Valencia con buenas sensaciones - Esponsorama\" \/>\n<meta property=\"og:description\" content=\"15\/11\/17 Valencia MotoGP Test \u2013 Circuit Ricardo Tormo Los nuevos pilotos del equipo Reale Avintia Racing, Tito Rabat y Xavier Sim\u00e9on han completado el segundo y \u00faltimo d\u00eda de test de MotoGP hoy en Valencia con sensaciones muy positivas. Tito Rabat ha vuelto a terminar en la posici\u00f3n \u201812+1\u2019 pero lo m\u00e1s importante es que [&hellip;]\" \/>\n<meta property=\"og:url\" content=\"http:\/\/esponsorama.ad\/es\/tito-rabat-xavier-simeon-terminan-test-valencia-buenas-sensaciones-2\/\" \/>\n<meta property=\"og:site_name\" content=\"Esponsorama\" \/>\n<meta property=\"article:published_time\" content=\"2017-11-15T18:48:23+00:00\" \/>\n<meta property=\"article:modified_time\" content=\"2017-11-15T19:07:56+00:00\" \/>\n<meta property=\"og:image\" content=\"http:\/\/esponsorama.ad\/wp-content\/uploads\/2017\/11\/MG_6172-1.jpg\" \/>\n\t<meta property=\"og:image:width\" content=\"1970\" \/>\n\t<meta property=\"og:image:height\" content=\"1316\" \/>\n\t<meta property=\"og:image:type\" content=\"image\/jpeg\" \/>\n<meta name=\"author\" content=\"Xavi Andornet\" \/>\n<meta name=\"twitter:card\" content=\"summary_large_image\" \/>\n<meta name=\"twitter:label1\" content=\"Escrito por\" \/>\n\t<meta name=\"twitter:data1\" content=\"Xavi Andornet\" \/>\n\t<meta name=\"twitter:label2\" content=\"Tiempo de lectura\" \/>\n\t<meta name=\"twitter:data2\" content=\"2 minutos\" \/>\n<script type=\"application\/ld+json\" class=\"yoast-schema-graph\">{\"@context\":\"https:\/\/schema.org\",\"@graph\":[{\"@type\":\"Article\",\"@id\":\"http:\/\/esponsorama.ad\/es\/tito-rabat-xavier-simeon-terminan-test-valencia-buenas-sensaciones-2\/#article\",\"isPartOf\":{\"@id\":\"http:\/\/esponsorama.ad\/es\/tito-rabat-xavier-simeon-terminan-test-valencia-buenas-sensaciones-2\/\"},\"author\":{\"name\":\"Xavi Andornet\",\"@id\":\"http:\/\/esponsorama.ad\/es\/#\/schema\/person\/a5cde74945183d737066e46b61c6f9c4\"},\"headline\":\"Tito Rabat y Xavier Sim\u00e9on terminan el test de Valencia con buenas sensaciones\",\"datePublished\":\"2017-11-15T18:48:23+00:00\",\"dateModified\":\"2017-11-15T19:07:56+00:00\",\"mainEntityOfPage\":{\"@id\":\"http:\/\/esponsorama.ad\/es\/tito-rabat-xavier-simeon-terminan-test-valencia-buenas-sensaciones-2\/\"},\"wordCount\":458,\"image\":{\"@id\":\"http:\/\/esponsorama.ad\/es\/tito-rabat-xavier-simeon-terminan-test-valencia-buenas-sensaciones-2\/#primaryimage\"},\"thumbnailUrl\":\"http:\/\/esponsorama.ad\/wp-content\/uploads\/2017\/11\/MG_6172-1.jpg\",\"articleSection\":[\"MotoGP\"],\"inLanguage\":\"es\"},{\"@type\":\"WebPage\",\"@id\":\"http:\/\/esponsorama.ad\/es\/tito-rabat-xavier-simeon-terminan-test-valencia-buenas-sensaciones-2\/\",\"url\":\"http:\/\/esponsorama.ad\/es\/tito-rabat-xavier-simeon-terminan-test-valencia-buenas-sensaciones-2\/\",\"name\":\"Tito Rabat y Xavier Sim\u00e9on terminan el test de Valencia con buenas sensaciones - Esponsorama\",\"isPartOf\":{\"@id\":\"http:\/\/esponsorama.ad\/es\/#website\"},\"primaryImageOfPage\":{\"@id\":\"http:\/\/esponsorama.ad\/es\/tito-rabat-xavier-simeon-terminan-test-valencia-buenas-sensaciones-2\/#primaryimage\"},\"image\":{\"@id\":\"http:\/\/esponsorama.ad\/es\/tito-rabat-xavier-simeon-terminan-test-valencia-buenas-sensaciones-2\/#primaryimage\"},\"thumbnailUrl\":\"http:\/\/esponsorama.ad\/wp-content\/uploads\/2017\/11\/MG_6172-1.jpg\",\"datePublished\":\"2017-11-15T18:48:23+00:00\",\"dateModified\":\"2017-11-15T19:07:56+00:00\",\"author\":{\"@id\":\"http:\/\/esponsorama.ad\/es\/#\/schema\/person\/a5cde74945183d737066e46b61c6f9c4\"},\"breadcrumb\":{\"@id\":\"http:\/\/esponsorama.ad\/es\/tito-rabat-xavier-simeon-terminan-test-valencia-buenas-sensaciones-2\/#breadcrumb\"},\"inLanguage\":\"es\",\"potentialAction\":[{\"@type\":\"ReadAction\",\"target\":[\"http:\/\/esponsorama.ad\/es\/tito-rabat-xavier-simeon-terminan-test-valencia-buenas-sensaciones-2\/\"]}]},{\"@type\":\"ImageObject\",\"inLanguage\":\"es\",\"@id\":\"http:\/\/esponsorama.ad\/es\/tito-rabat-xavier-simeon-terminan-test-valencia-buenas-sensaciones-2\/#primaryimage\",\"url\":\"http:\/\/esponsorama.ad\/wp-content\/uploads\/2017\/11\/MG_6172-1.jpg\",\"contentUrl\":\"http:\/\/esponsorama.ad\/wp-content\/uploads\/2017\/11\/MG_6172-1.jpg\",\"width\":1970,\"height\":1316},{\"@type\":\"BreadcrumbList\",\"@id\":\"http:\/\/esponsorama.ad\/es\/tito-rabat-xavier-simeon-terminan-test-valencia-buenas-sensaciones-2\/#breadcrumb\",\"itemListElement\":[{\"@type\":\"ListItem\",\"position\":1,\"name\":\"Home\",\"item\":\"http:\/\/esponsorama.ad\/es\/\"},{\"@type\":\"ListItem\",\"position\":2,\"name\":\"Tito Rabat y Xavier Sim\u00e9on terminan el test de Valencia con buenas sensaciones\"}]},{\"@type\":\"WebSite\",\"@id\":\"http:\/\/esponsorama.ad\/es\/#website\",\"url\":\"http:\/\/esponsorama.ad\/es\/\",\"name\":\"Esponsorama\",\"description\":\"Specialist in motorsport sponsorship and event promotions\",\"potentialAction\":[{\"@type\":\"SearchAction\",\"target\":{\"@type\":\"EntryPoint\",\"urlTemplate\":\"http:\/\/esponsorama.ad\/es\/?s={search_term_string}\"},\"query-input\":{\"@type\":\"PropertyValueSpecification\",\"valueRequired\":true,\"valueName\":\"search_term_string\"}}],\"inLanguage\":\"es\"},{\"@type\":\"Person\",\"@id\":\"http:\/\/esponsorama.ad\/es\/#\/schema\/person\/a5cde74945183d737066e46b61c6f9c4\",\"name\":\"Xavi Andornet\",\"image\":{\"@type\":\"ImageObject\",\"inLanguage\":\"es\",\"@id\":\"http:\/\/esponsorama.ad\/es\/#\/schema\/person\/image\/\",\"url\":\"https:\/\/secure.gravatar.com\/avatar\/f10eaf9ad601244a2357c9fd7cd9805ed166cfaaf76d5d9ab08a9d873e70147a?s=96&d=mm&r=g\",\"contentUrl\":\"https:\/\/secure.gravatar.com\/avatar\/f10eaf9ad601244a2357c9fd7cd9805ed166cfaaf76d5d9ab08a9d873e70147a?s=96&d=mm&r=g\",\"caption\":\"Xavi Andornet\"},\"sameAs\":[\"http:\/\/www.andornet.ad\"],\"url\":\"http:\/\/esponsorama.ad\/es\/author\/andornet\/\"}]}<\/script>\n<!-- \/ Yoast SEO plugin. -->","yoast_head_json":{"title":"Tito Rabat y Xavier Sim\u00e9on terminan el test de Valencia con buenas sensaciones - Esponsorama","robots":{"index":"index","follow":"follow","max-snippet":"max-snippet:-1","max-image-preview":"max-image-preview:large","max-video-preview":"max-video-preview:-1"},"canonical":"http:\/\/esponsorama.ad\/es\/tito-rabat-xavier-simeon-terminan-test-valencia-buenas-sensaciones-2\/","og_locale":"es_ES","og_type":"article","og_title":"Tito Rabat y Xavier Sim\u00e9on terminan el test de Valencia con buenas sensaciones - Esponsorama","og_description":"15\/11\/17 Valencia MotoGP Test \u2013 Circuit Ricardo Tormo Los nuevos pilotos del equipo Reale Avintia Racing, Tito Rabat y Xavier Sim\u00e9on han completado el segundo y \u00faltimo d\u00eda de test de MotoGP hoy en Valencia con sensaciones muy positivas. Tito Rabat ha vuelto a terminar en la posici\u00f3n \u201812+1\u2019 pero lo m\u00e1s importante es que [&hellip;]","og_url":"http:\/\/esponsorama.ad\/es\/tito-rabat-xavier-simeon-terminan-test-valencia-buenas-sensaciones-2\/","og_site_name":"Esponsorama","article_published_time":"2017-11-15T18:48:23+00:00","article_modified_time":"2017-11-15T19:07:56+00:00","og_image":[{"width":1970,"height":1316,"url":"http:\/\/esponsorama.ad\/wp-content\/uploads\/2017\/11\/MG_6172-1.jpg","type":"image\/jpeg"}],"author":"Xavi Andornet","twitter_card":"summary_large_image","twitter_misc":{"Escrito por":"Xavi Andornet","Tiempo de lectura":"2 minutos"},"schema":{"@context":"https:\/\/schema.org","@graph":[{"@type":"Article","@id":"http:\/\/esponsorama.ad\/es\/tito-rabat-xavier-simeon-terminan-test-valencia-buenas-sensaciones-2\/#article","isPartOf":{"@id":"http:\/\/esponsorama.ad\/es\/tito-rabat-xavier-simeon-terminan-test-valencia-buenas-sensaciones-2\/"},"author":{"name":"Xavi Andornet","@id":"http:\/\/esponsorama.ad\/es\/#\/schema\/person\/a5cde74945183d737066e46b61c6f9c4"},"headline":"Tito Rabat y Xavier Sim\u00e9on terminan el test de Valencia con buenas sensaciones","datePublished":"2017-11-15T18:48:23+00:00","dateModified":"2017-11-15T19:07:56+00:00","mainEntityOfPage":{"@id":"http:\/\/esponsorama.ad\/es\/tito-rabat-xavier-simeon-terminan-test-valencia-buenas-sensaciones-2\/"},"wordCount":458,"image":{"@id":"http:\/\/esponsorama.ad\/es\/tito-rabat-xavier-simeon-terminan-test-valencia-buenas-sensaciones-2\/#primaryimage"},"thumbnailUrl":"http:\/\/esponsorama.ad\/wp-content\/uploads\/2017\/11\/MG_6172-1.jpg","articleSection":["MotoGP"],"inLanguage":"es"},{"@type":"WebPage","@id":"http:\/\/esponsorama.ad\/es\/tito-rabat-xavier-simeon-terminan-test-valencia-buenas-sensaciones-2\/","url":"http:\/\/esponsorama.ad\/es\/tito-rabat-xavier-simeon-terminan-test-valencia-buenas-sensaciones-2\/","name":"Tito Rabat y Xavier Sim\u00e9on terminan el test de Valencia con buenas sensaciones - Esponsorama","isPartOf":{"@id":"http:\/\/esponsorama.ad\/es\/#website"},"primaryImageOfPage":{"@id":"http:\/\/esponsorama.ad\/es\/tito-rabat-xavier-simeon-terminan-test-valencia-buenas-sensaciones-2\/#primaryimage"},"image":{"@id":"http:\/\/esponsorama.ad\/es\/tito-rabat-xavier-simeon-terminan-test-valencia-buenas-sensaciones-2\/#primaryimage"},"thumbnailUrl":"http:\/\/esponsorama.ad\/wp-content\/uploads\/2017\/11\/MG_6172-1.jpg","datePublished":"2017-11-15T18:48:23+00:00","dateModified":"2017-11-15T19:07:56+00:00","author":{"@id":"http:\/\/esponsorama.ad\/es\/#\/schema\/person\/a5cde74945183d737066e46b61c6f9c4"},"breadcrumb":{"@id":"http:\/\/esponsorama.ad\/es\/tito-rabat-xavier-simeon-terminan-test-valencia-buenas-sensaciones-2\/#breadcrumb"},"inLanguage":"es","potentialAction":[{"@type":"ReadAction","target":["http:\/\/esponsorama.ad\/es\/tito-rabat-xavier-simeon-terminan-test-valencia-buenas-sensaciones-2\/"]}]},{"@type":"ImageObject","inLanguage":"es","@id":"http:\/\/esponsorama.ad\/es\/tito-rabat-xavier-simeon-terminan-test-valencia-buenas-sensaciones-2\/#primaryimage","url":"http:\/\/esponsorama.ad\/wp-content\/uploads\/2017\/11\/MG_6172-1.jpg","contentUrl":"http:\/\/esponsorama.ad\/wp-content\/uploads\/2017\/11\/MG_6172-1.jpg","width":1970,"height":1316},{"@type":"BreadcrumbList","@id":"http:\/\/esponsorama.ad\/es\/tito-rabat-xavier-simeon-terminan-test-valencia-buenas-sensaciones-2\/#breadcrumb","itemListElement":[{"@type":"ListItem","position":1,"name":"Home","item":"http:\/\/esponsorama.ad\/es\/"},{"@type":"ListItem","position":2,"name":"Tito Rabat y Xavier Sim\u00e9on terminan el test de Valencia con buenas sensaciones"}]},{"@type":"WebSite","@id":"http:\/\/esponsorama.ad\/es\/#website","url":"http:\/\/esponsorama.ad\/es\/","name":"Esponsorama","description":"Specialist in motorsport sponsorship and event promotions","potentialAction":[{"@type":"SearchAction","target":{"@type":"EntryPoint","urlTemplate":"http:\/\/esponsorama.ad\/es\/?s={search_term_string}"},"query-input":{"@type":"PropertyValueSpecification","valueRequired":true,"valueName":"search_term_string"}}],"inLanguage":"es"},{"@type":"Person","@id":"http:\/\/esponsorama.ad\/es\/#\/schema\/person\/a5cde74945183d737066e46b61c6f9c4","name":"Xavi Andornet","image":{"@type":"ImageObject","inLanguage":"es","@id":"http:\/\/esponsorama.ad\/es\/#\/schema\/person\/image\/","url":"https:\/\/secure.gravatar.com\/avatar\/f10eaf9ad601244a2357c9fd7cd9805ed166cfaaf76d5d9ab08a9d873e70147a?s=96&d=mm&r=g","contentUrl":"https:\/\/secure.gravatar.com\/avatar\/f10eaf9ad601244a2357c9fd7cd9805ed166cfaaf76d5d9ab08a9d873e70147a?s=96&d=mm&r=g","caption":"Xavi Andornet"},"sameAs":["http:\/\/www.andornet.ad"],"url":"http:\/\/esponsorama.ad\/es\/author\/andornet\/"}]}},"_links":{"self":[{"href":"http:\/\/esponsorama.ad\/es\/wp-json\/wp\/v2\/posts\/7105","targetHints":{"allow":["GET"]}}],"collection":[{"href":"http:\/\/esponsorama.ad\/es\/wp-json\/wp\/v2\/posts"}],"about":[{"href":"http:\/\/esponsorama.ad\/es\/wp-json\/wp\/v2\/types\/post"}],"author":[{"embeddable":true,"href":"http:\/\/esponsorama.ad\/es\/wp-json\/wp\/v2\/users\/6"}],"replies":[{"embeddable":true,"href":"http:\/\/esponsorama.ad\/es\/wp-json\/wp\/v2\/comments?post=7105"}],"version-history":[{"count":0,"href":"http:\/\/esponsorama.ad\/es\/wp-json\/wp\/v2\/posts\/7105\/revisions"}],"wp:featuredmedia":[{"embeddable":true,"href":"http:\/\/esponsorama.ad\/es\/wp-json\/wp\/v2\/media\/7144"}],"wp:attachment":[{"href":"http:\/\/esponsorama.ad\/es\/wp-json\/wp\/v2\/media?parent=7105"}],"wp:term":[{"taxonomy":"category","embeddable":true,"href":"http:\/\/esponsorama.ad\/es\/wp-json\/wp\/v2\/categories?post=7105"},{"taxonomy":"post_tag","embeddable":true,"href":"http:\/\/esponsorama.ad\/es\/wp-json\/wp\/v2\/tags?post=7105"}],"curies":[{"name":"wp","href":"https:\/\/api.w.org\/{rel}","templated":true}]}}