{"id":726,"date":"2016-09-06T08:55:59","date_gmt":"2016-09-06T06:55:59","guid":{"rendered":"http:\/\/esponsorama.ad\/?p=726"},"modified":"2016-09-06T08:57:53","modified_gmt":"2016-09-06T06:57:53","slug":"baz-esta-bien-barbera-termina-14o-fin-semana-complicado","status":"publish","type":"post","link":"http:\/\/esponsorama.ad\/es\/baz-esta-bien-barbera-termina-14o-fin-semana-complicado\/","title":{"rendered":"Baz est\u00e1 bien, Barber\u00e1 termina 14\u00ba en un fin de semana complicado"},"content":{"rendered":"<p>El fin de semana del Gran Premio de Gran Breta\u00f1a comenz\u00f3 mal para los pilotos de Avintia Racing, y ha terminado de la misma manera. En la primera vuelta Loris Baz ha protagonizado una espectacular ca\u00edda al tocarse con Pol Espargar\u00f3 en la curva dos, que ha obligado a detener la carrera. El piloto franc\u00e9s de Avintia Racing ha sido trasladado en ambulancia al centro m\u00e9dico del circuito de Silverstone tras perder la consciencia, pero afortunadamente despu\u00e9s de realizarle diversas pruebas se ha descartado cualquier lesi\u00f3n y solo le han diagnosticado un fuerte esguince en el tobillo derecho. Ma\u00f1ana se har\u00e1 un TAC en el hospital de Ginebra, Suiza, para descartar cualquier problema derivado del fuerte golpe sufrido en la cabeza, pero en principio Baz volver\u00e1 a la acci\u00f3n el pr\u00f3ximo fin de semana en Misano.<\/p>\n<p>H\u00e9ctor Barber\u00e1 ha terminado la carrera, pero nunca ha llegado a encontrarse c\u00f3modo encima de la moto y, a pesar de que ha llegado a rodar duod\u00e9cimo, finalmente ha perdido dos posiciones y ha cruzado la meta en 14\u00aa posici\u00f3n.<\/p>\n<p>Un fin de semana para olvidar en Avintia Racing, pero todo el equipo ya est\u00e1 pensando en la pr\u00f3xima cita del Campeonato del Mundo de MotoGP, que tendr\u00e1 lugar el pr\u00f3ximo fin de semana en el circuito de Misano.<\/p>\n<p><strong>H\u00c9CTOR BARBER\u00c1 #8 P14<\/strong><\/p>\n<p>\u201cEste fin de semana ha sido un desastre. Hac\u00eda tiempo que no hab\u00eda tenido uno tan malo. No me he encontrado bien, no ten\u00eda feeling. La t\u00f3nica del fin de semana ha sido la de falta de confianza; es un circuito que tiene mucho grip. Yo no s\u00e9 si es por mi estilo o por qu\u00e9, \u00a0pero no he estado c\u00f3modo. No puedo aprender, ni sacar nada positivo de este Gran Premio. Ha sido una carrera muy psicol\u00f3gica porque cuando vas encima de la moto tan mal es un desastre el resultado. Hemos tenido un gran susto con Loris, pero lo importante es que est\u00e1 bien.\u00bb<\/p>\n<p><strong>LORIS BAZ #76 DNF<\/strong><\/p>\n<p>\u00abHasta que ha llegado la carrera el fin de semana iba bastante bien. Ten\u00eda mucha confianza para la carrera y la ca\u00edda ha sido una l\u00e1stima, porque lo pod\u00eda haber hecho bien. Cuando he llegado a la segunda curva estaba en paralelo con Pol para intentar adelantarle, pero entonces\u00a0han frenado muy pronto delante, sobre todo Petrucci; me he desviado un poco a la derecha para no darme contra \u00e9l, pero Pol ya estaba entrando en la curva por fuera y nos hemos tocado. Despu\u00e9s del golpe no me acuerdo mucho de lo que pas\u00f3. Despert\u00e9 justo ante de subir en la ambulancia. No me acuerdo de la ca\u00edda, pero pod\u00eda haber sido peor porque tiene pinta de haber sido fea. Tengo en un esguince en el pie de la operaci\u00f3n; \u00a0me han hecho una radiograf\u00eda y no tengo nada roto, pero me duele cuando lo apoyo. Lo importante es que Pol, que tampoco tiene nada roto, y yo estemos bien. Ha sido un incidente de carrera que no tendr\u00eda que haber pasado, pero esa curva es muy estrecha. Creo que no he hecho ninguna locura.\u201d<\/p>\n<div id='gallery-1' class='gallery galleryid-726 gallery-columns-5 gallery-size-thumbnail'><figure class='gallery-item'>\n\t\t\t<div class='gallery-icon landscape'>\n\t\t\t\t<a href='http:\/\/esponsorama.ad\/wp-content\/uploads\/2016\/09\/12_SILVER-6312.jpg' title=\"\" data-rl_title=\"\" class=\"rl-gallery-link\" data-rl_caption=\"\" data-rel=\"lightbox-gallery-1\"><img loading=\"lazy\" decoding=\"async\" width=\"150\" height=\"150\" src=\"http:\/\/esponsorama.ad\/wp-content\/uploads\/2016\/09\/12_SILVER-6312-150x150.jpg\" class=\"attachment-thumbnail size-thumbnail\" alt=\"\" \/><\/a>\n\t\t\t<\/div><\/figure><figure class='gallery-item'>\n\t\t\t<div class='gallery-icon portrait'>\n\t\t\t\t<a href='http:\/\/esponsorama.ad\/wp-content\/uploads\/2016\/09\/12_SILVER-5946.jpg' title=\"\" data-rl_title=\"\" class=\"rl-gallery-link\" data-rl_caption=\"\" data-rel=\"lightbox-gallery-1\"><img loading=\"lazy\" decoding=\"async\" width=\"150\" height=\"150\" src=\"http:\/\/esponsorama.ad\/wp-content\/uploads\/2016\/09\/12_SILVER-5946-150x150.jpg\" class=\"attachment-thumbnail size-thumbnail\" alt=\"\" \/><\/a>\n\t\t\t<\/div><\/figure><figure class='gallery-item'>\n\t\t\t<div class='gallery-icon landscape'>\n\t\t\t\t<a href='http:\/\/esponsorama.ad\/wp-content\/uploads\/2016\/09\/12_SILVER_AVINTIA-1163.jpg' title=\"\" data-rl_title=\"\" class=\"rl-gallery-link\" data-rl_caption=\"\" data-rel=\"lightbox-gallery-1\"><img loading=\"lazy\" decoding=\"async\" width=\"150\" height=\"150\" src=\"http:\/\/esponsorama.ad\/wp-content\/uploads\/2016\/09\/12_SILVER_AVINTIA-1163-150x150.jpg\" class=\"attachment-thumbnail size-thumbnail\" alt=\"\" \/><\/a>\n\t\t\t<\/div><\/figure><figure class='gallery-item'>\n\t\t\t<div class='gallery-icon landscape'>\n\t\t\t\t<a href='http:\/\/esponsorama.ad\/wp-content\/uploads\/2016\/09\/click.jpg' title=\"\" data-rl_title=\"\" class=\"rl-gallery-link\" data-rl_caption=\"\" data-rel=\"lightbox-gallery-1\"><img loading=\"lazy\" decoding=\"async\" width=\"150\" height=\"150\" src=\"http:\/\/esponsorama.ad\/wp-content\/uploads\/2016\/09\/click-150x150.jpg\" class=\"attachment-thumbnail size-thumbnail\" alt=\"\" \/><\/a>\n\t\t\t<\/div><\/figure><figure class='gallery-item'>\n\t\t\t<div class='gallery-icon landscape'>\n\t\t\t\t<a href='http:\/\/esponsorama.ad\/wp-content\/uploads\/2016\/09\/12_SILVER-6037.jpg' title=\"\" data-rl_title=\"\" class=\"rl-gallery-link\" data-rl_caption=\"\" data-rel=\"lightbox-gallery-1\"><img loading=\"lazy\" decoding=\"async\" width=\"150\" height=\"150\" src=\"http:\/\/esponsorama.ad\/wp-content\/uploads\/2016\/09\/12_SILVER-6037-150x150.jpg\" class=\"attachment-thumbnail size-thumbnail\" alt=\"\" \/><\/a>\n\t\t\t<\/div><\/figure><figure class='gallery-item'>\n\t\t\t<div class='gallery-icon landscape'>\n\t\t\t\t<a href='http:\/\/esponsorama.ad\/wp-content\/uploads\/2016\/09\/12GBretana16Mgp_JOC4813.jpg' title=\"\" data-rl_title=\"\" class=\"rl-gallery-link\" data-rl_caption=\"\" data-rel=\"lightbox-gallery-1\"><img loading=\"lazy\" decoding=\"async\" width=\"150\" height=\"150\" src=\"http:\/\/esponsorama.ad\/wp-content\/uploads\/2016\/09\/12GBretana16Mgp_JOC4813-150x150.jpg\" class=\"attachment-thumbnail size-thumbnail\" alt=\"\" \/><\/a>\n\t\t\t<\/div><\/figure><figure class='gallery-item'>\n\t\t\t<div class='gallery-icon landscape'>\n\t\t\t\t<a href='http:\/\/esponsorama.ad\/wp-content\/uploads\/2016\/09\/12_SILVER-6338.jpg' title=\"\" data-rl_title=\"\" class=\"rl-gallery-link\" data-rl_caption=\"\" data-rel=\"lightbox-gallery-1\"><img loading=\"lazy\" decoding=\"async\" width=\"150\" height=\"150\" src=\"http:\/\/esponsorama.ad\/wp-content\/uploads\/2016\/09\/12_SILVER-6338-150x150.jpg\" class=\"attachment-thumbnail size-thumbnail\" alt=\"\" \/><\/a>\n\t\t\t<\/div><\/figure><figure class='gallery-item'>\n\t\t\t<div class='gallery-icon landscape'>\n\t\t\t\t<a href='http:\/\/esponsorama.ad\/wp-content\/uploads\/2016\/09\/12_SILVER-5980.jpg' title=\"\" data-rl_title=\"\" class=\"rl-gallery-link\" data-rl_caption=\"\" data-rel=\"lightbox-gallery-1\"><img loading=\"lazy\" decoding=\"async\" width=\"150\" height=\"150\" src=\"http:\/\/esponsorama.ad\/wp-content\/uploads\/2016\/09\/12_SILVER-5980-150x150.jpg\" class=\"attachment-thumbnail size-thumbnail\" alt=\"\" \/><\/a>\n\t\t\t<\/div><\/figure><figure class='gallery-item'>\n\t\t\t<div class='gallery-icon portrait'>\n\t\t\t\t<a href='http:\/\/esponsorama.ad\/wp-content\/uploads\/2016\/09\/12_SILVER-5960.jpg' title=\"\" data-rl_title=\"\" class=\"rl-gallery-link\" data-rl_caption=\"\" data-rel=\"lightbox-gallery-1\"><img loading=\"lazy\" decoding=\"async\" width=\"150\" height=\"150\" src=\"http:\/\/esponsorama.ad\/wp-content\/uploads\/2016\/09\/12_SILVER-5960-150x150.jpg\" class=\"attachment-thumbnail size-thumbnail\" alt=\"\" \/><\/a>\n\t\t\t<\/div><\/figure><figure class='gallery-item'>\n\t\t\t<div class='gallery-icon landscape'>\n\t\t\t\t<a href='http:\/\/esponsorama.ad\/wp-content\/uploads\/2016\/09\/12_SILVER_AVINTIA-9982.jpg' title=\"\" data-rl_title=\"\" class=\"rl-gallery-link\" data-rl_caption=\"\" data-rel=\"lightbox-gallery-1\"><img loading=\"lazy\" decoding=\"async\" width=\"150\" height=\"150\" src=\"http:\/\/esponsorama.ad\/wp-content\/uploads\/2016\/09\/12_SILVER_AVINTIA-9982-150x150.jpg\" class=\"attachment-thumbnail size-thumbnail\" alt=\"\" \/><\/a>\n\t\t\t<\/div><\/figure>\n\t\t<\/div>\n\n","protected":false},"excerpt":{"rendered":"<p>El fin de semana del Gran Premio de Gran Breta\u00f1a comenz\u00f3 mal para los pilotos de Avintia Racing, y ha terminado de la misma manera. En la primera vuelta Loris Baz ha protagonizado una espectacular ca\u00edda al tocarse con Pol Espargar\u00f3 en la curva dos, que ha obligado a detener la carrera. El piloto franc\u00e9s [&hellip;]<\/p>\n","protected":false},"author":6,"featured_media":717,"comment_status":"closed","ping_status":"closed","sticky":false,"template":"","format":"standard","meta":{"footnotes":""},"categories":[3],"tags":[],"class_list":["post-726","post","type-post","status-publish","format-standard","has-post-thumbnail","hentry","category-motogp"],"yoast_head":"<!-- This site is optimized with the Yoast SEO plugin v27.1.1 - https:\/\/yoast.com\/product\/yoast-seo-wordpress\/ -->\n<title>Baz est\u00e1 bien, Barber\u00e1 termina 14\u00ba en un fin de semana complicado - Esponsorama<\/title>\n<meta name=\"robots\" content=\"index, follow, max-snippet:-1, max-image-preview:large, max-video-preview:-1\" \/>\n<link rel=\"canonical\" href=\"http:\/\/esponsorama.ad\/es\/baz-esta-bien-barbera-termina-14o-fin-semana-complicado\/\" \/>\n<meta property=\"og:locale\" content=\"es_ES\" \/>\n<meta property=\"og:type\" content=\"article\" \/>\n<meta property=\"og:title\" content=\"Baz est\u00e1 bien, Barber\u00e1 termina 14\u00ba en un fin de semana complicado - Esponsorama\" \/>\n<meta property=\"og:description\" content=\"El fin de semana del Gran Premio de Gran Breta\u00f1a comenz\u00f3 mal para los pilotos de Avintia Racing, y ha terminado de la misma manera. En la primera vuelta Loris Baz ha protagonizado una espectacular ca\u00edda al tocarse con Pol Espargar\u00f3 en la curva dos, que ha obligado a detener la carrera. El piloto franc\u00e9s [&hellip;]\" \/>\n<meta property=\"og:url\" content=\"http:\/\/esponsorama.ad\/es\/baz-esta-bien-barbera-termina-14o-fin-semana-complicado\/\" \/>\n<meta property=\"og:site_name\" content=\"Esponsorama\" \/>\n<meta property=\"article:published_time\" content=\"2016-09-06T06:55:59+00:00\" \/>\n<meta property=\"article:modified_time\" content=\"2016-09-06T06:57:53+00:00\" \/>\n<meta property=\"og:image\" content=\"http:\/\/esponsorama.ad\/wp-content\/uploads\/2016\/09\/12GBretana16Mgp_JOC4813.jpg\" \/>\n\t<meta property=\"og:image:width\" content=\"5184\" \/>\n\t<meta property=\"og:image:height\" content=\"3456\" \/>\n\t<meta property=\"og:image:type\" content=\"image\/jpeg\" \/>\n<meta name=\"author\" content=\"Xavi Andornet\" \/>\n<meta name=\"twitter:card\" content=\"summary_large_image\" \/>\n<meta name=\"twitter:label1\" content=\"Escrito por\" \/>\n\t<meta name=\"twitter:data1\" content=\"Xavi Andornet\" \/>\n\t<meta name=\"twitter:label2\" content=\"Tiempo de lectura\" \/>\n\t<meta name=\"twitter:data2\" content=\"3 minutos\" \/>\n<script type=\"application\/ld+json\" class=\"yoast-schema-graph\">{\"@context\":\"https:\/\/schema.org\",\"@graph\":[{\"@type\":\"Article\",\"@id\":\"http:\/\/esponsorama.ad\/es\/baz-esta-bien-barbera-termina-14o-fin-semana-complicado\/#article\",\"isPartOf\":{\"@id\":\"http:\/\/esponsorama.ad\/es\/baz-esta-bien-barbera-termina-14o-fin-semana-complicado\/\"},\"author\":{\"name\":\"Xavi Andornet\",\"@id\":\"http:\/\/esponsorama.ad\/es\/#\/schema\/person\/a5cde74945183d737066e46b61c6f9c4\"},\"headline\":\"Baz est\u00e1 bien, Barber\u00e1 termina 14\u00ba en un fin de semana complicado\",\"datePublished\":\"2016-09-06T06:55:59+00:00\",\"dateModified\":\"2016-09-06T06:57:53+00:00\",\"mainEntityOfPage\":{\"@id\":\"http:\/\/esponsorama.ad\/es\/baz-esta-bien-barbera-termina-14o-fin-semana-complicado\/\"},\"wordCount\":558,\"image\":{\"@id\":\"http:\/\/esponsorama.ad\/es\/baz-esta-bien-barbera-termina-14o-fin-semana-complicado\/#primaryimage\"},\"thumbnailUrl\":\"http:\/\/esponsorama.ad\/wp-content\/uploads\/2016\/09\/12GBretana16Mgp_JOC4813.jpg\",\"articleSection\":[\"MotoGP\"],\"inLanguage\":\"es\"},{\"@type\":\"WebPage\",\"@id\":\"http:\/\/esponsorama.ad\/es\/baz-esta-bien-barbera-termina-14o-fin-semana-complicado\/\",\"url\":\"http:\/\/esponsorama.ad\/es\/baz-esta-bien-barbera-termina-14o-fin-semana-complicado\/\",\"name\":\"Baz est\u00e1 bien, Barber\u00e1 termina 14\u00ba en un fin de semana complicado - Esponsorama\",\"isPartOf\":{\"@id\":\"http:\/\/esponsorama.ad\/es\/#website\"},\"primaryImageOfPage\":{\"@id\":\"http:\/\/esponsorama.ad\/es\/baz-esta-bien-barbera-termina-14o-fin-semana-complicado\/#primaryimage\"},\"image\":{\"@id\":\"http:\/\/esponsorama.ad\/es\/baz-esta-bien-barbera-termina-14o-fin-semana-complicado\/#primaryimage\"},\"thumbnailUrl\":\"http:\/\/esponsorama.ad\/wp-content\/uploads\/2016\/09\/12GBretana16Mgp_JOC4813.jpg\",\"datePublished\":\"2016-09-06T06:55:59+00:00\",\"dateModified\":\"2016-09-06T06:57:53+00:00\",\"author\":{\"@id\":\"http:\/\/esponsorama.ad\/es\/#\/schema\/person\/a5cde74945183d737066e46b61c6f9c4\"},\"breadcrumb\":{\"@id\":\"http:\/\/esponsorama.ad\/es\/baz-esta-bien-barbera-termina-14o-fin-semana-complicado\/#breadcrumb\"},\"inLanguage\":\"es\",\"potentialAction\":[{\"@type\":\"ReadAction\",\"target\":[\"http:\/\/esponsorama.ad\/es\/baz-esta-bien-barbera-termina-14o-fin-semana-complicado\/\"]}]},{\"@type\":\"ImageObject\",\"inLanguage\":\"es\",\"@id\":\"http:\/\/esponsorama.ad\/es\/baz-esta-bien-barbera-termina-14o-fin-semana-complicado\/#primaryimage\",\"url\":\"http:\/\/esponsorama.ad\/wp-content\/uploads\/2016\/09\/12GBretana16Mgp_JOC4813.jpg\",\"contentUrl\":\"http:\/\/esponsorama.ad\/wp-content\/uploads\/2016\/09\/12GBretana16Mgp_JOC4813.jpg\",\"width\":5184,\"height\":3456},{\"@type\":\"BreadcrumbList\",\"@id\":\"http:\/\/esponsorama.ad\/es\/baz-esta-bien-barbera-termina-14o-fin-semana-complicado\/#breadcrumb\",\"itemListElement\":[{\"@type\":\"ListItem\",\"position\":1,\"name\":\"Home\",\"item\":\"http:\/\/esponsorama.ad\/es\/\"},{\"@type\":\"ListItem\",\"position\":2,\"name\":\"Baz est\u00e1 bien, Barber\u00e1 termina 14\u00ba en un fin de semana complicado\"}]},{\"@type\":\"WebSite\",\"@id\":\"http:\/\/esponsorama.ad\/es\/#website\",\"url\":\"http:\/\/esponsorama.ad\/es\/\",\"name\":\"Esponsorama\",\"description\":\"Specialist in motorsport sponsorship and event promotions\",\"potentialAction\":[{\"@type\":\"SearchAction\",\"target\":{\"@type\":\"EntryPoint\",\"urlTemplate\":\"http:\/\/esponsorama.ad\/es\/?s={search_term_string}\"},\"query-input\":{\"@type\":\"PropertyValueSpecification\",\"valueRequired\":true,\"valueName\":\"search_term_string\"}}],\"inLanguage\":\"es\"},{\"@type\":\"Person\",\"@id\":\"http:\/\/esponsorama.ad\/es\/#\/schema\/person\/a5cde74945183d737066e46b61c6f9c4\",\"name\":\"Xavi Andornet\",\"image\":{\"@type\":\"ImageObject\",\"inLanguage\":\"es\",\"@id\":\"http:\/\/esponsorama.ad\/es\/#\/schema\/person\/image\/\",\"url\":\"https:\/\/secure.gravatar.com\/avatar\/f10eaf9ad601244a2357c9fd7cd9805ed166cfaaf76d5d9ab08a9d873e70147a?s=96&d=mm&r=g\",\"contentUrl\":\"https:\/\/secure.gravatar.com\/avatar\/f10eaf9ad601244a2357c9fd7cd9805ed166cfaaf76d5d9ab08a9d873e70147a?s=96&d=mm&r=g\",\"caption\":\"Xavi Andornet\"},\"sameAs\":[\"http:\/\/www.andornet.ad\"],\"url\":\"http:\/\/esponsorama.ad\/es\/author\/andornet\/\"}]}<\/script>\n<!-- \/ Yoast SEO plugin. -->","yoast_head_json":{"title":"Baz est\u00e1 bien, Barber\u00e1 termina 14\u00ba en un fin de semana complicado - Esponsorama","robots":{"index":"index","follow":"follow","max-snippet":"max-snippet:-1","max-image-preview":"max-image-preview:large","max-video-preview":"max-video-preview:-1"},"canonical":"http:\/\/esponsorama.ad\/es\/baz-esta-bien-barbera-termina-14o-fin-semana-complicado\/","og_locale":"es_ES","og_type":"article","og_title":"Baz est\u00e1 bien, Barber\u00e1 termina 14\u00ba en un fin de semana complicado - Esponsorama","og_description":"El fin de semana del Gran Premio de Gran Breta\u00f1a comenz\u00f3 mal para los pilotos de Avintia Racing, y ha terminado de la misma manera. En la primera vuelta Loris Baz ha protagonizado una espectacular ca\u00edda al tocarse con Pol Espargar\u00f3 en la curva dos, que ha obligado a detener la carrera. El piloto franc\u00e9s [&hellip;]","og_url":"http:\/\/esponsorama.ad\/es\/baz-esta-bien-barbera-termina-14o-fin-semana-complicado\/","og_site_name":"Esponsorama","article_published_time":"2016-09-06T06:55:59+00:00","article_modified_time":"2016-09-06T06:57:53+00:00","og_image":[{"width":5184,"height":3456,"url":"http:\/\/esponsorama.ad\/wp-content\/uploads\/2016\/09\/12GBretana16Mgp_JOC4813.jpg","type":"image\/jpeg"}],"author":"Xavi Andornet","twitter_card":"summary_large_image","twitter_misc":{"Escrito por":"Xavi Andornet","Tiempo de lectura":"3 minutos"},"schema":{"@context":"https:\/\/schema.org","@graph":[{"@type":"Article","@id":"http:\/\/esponsorama.ad\/es\/baz-esta-bien-barbera-termina-14o-fin-semana-complicado\/#article","isPartOf":{"@id":"http:\/\/esponsorama.ad\/es\/baz-esta-bien-barbera-termina-14o-fin-semana-complicado\/"},"author":{"name":"Xavi Andornet","@id":"http:\/\/esponsorama.ad\/es\/#\/schema\/person\/a5cde74945183d737066e46b61c6f9c4"},"headline":"Baz est\u00e1 bien, Barber\u00e1 termina 14\u00ba en un fin de semana complicado","datePublished":"2016-09-06T06:55:59+00:00","dateModified":"2016-09-06T06:57:53+00:00","mainEntityOfPage":{"@id":"http:\/\/esponsorama.ad\/es\/baz-esta-bien-barbera-termina-14o-fin-semana-complicado\/"},"wordCount":558,"image":{"@id":"http:\/\/esponsorama.ad\/es\/baz-esta-bien-barbera-termina-14o-fin-semana-complicado\/#primaryimage"},"thumbnailUrl":"http:\/\/esponsorama.ad\/wp-content\/uploads\/2016\/09\/12GBretana16Mgp_JOC4813.jpg","articleSection":["MotoGP"],"inLanguage":"es"},{"@type":"WebPage","@id":"http:\/\/esponsorama.ad\/es\/baz-esta-bien-barbera-termina-14o-fin-semana-complicado\/","url":"http:\/\/esponsorama.ad\/es\/baz-esta-bien-barbera-termina-14o-fin-semana-complicado\/","name":"Baz est\u00e1 bien, Barber\u00e1 termina 14\u00ba en un fin de semana complicado - Esponsorama","isPartOf":{"@id":"http:\/\/esponsorama.ad\/es\/#website"},"primaryImageOfPage":{"@id":"http:\/\/esponsorama.ad\/es\/baz-esta-bien-barbera-termina-14o-fin-semana-complicado\/#primaryimage"},"image":{"@id":"http:\/\/esponsorama.ad\/es\/baz-esta-bien-barbera-termina-14o-fin-semana-complicado\/#primaryimage"},"thumbnailUrl":"http:\/\/esponsorama.ad\/wp-content\/uploads\/2016\/09\/12GBretana16Mgp_JOC4813.jpg","datePublished":"2016-09-06T06:55:59+00:00","dateModified":"2016-09-06T06:57:53+00:00","author":{"@id":"http:\/\/esponsorama.ad\/es\/#\/schema\/person\/a5cde74945183d737066e46b61c6f9c4"},"breadcrumb":{"@id":"http:\/\/esponsorama.ad\/es\/baz-esta-bien-barbera-termina-14o-fin-semana-complicado\/#breadcrumb"},"inLanguage":"es","potentialAction":[{"@type":"ReadAction","target":["http:\/\/esponsorama.ad\/es\/baz-esta-bien-barbera-termina-14o-fin-semana-complicado\/"]}]},{"@type":"ImageObject","inLanguage":"es","@id":"http:\/\/esponsorama.ad\/es\/baz-esta-bien-barbera-termina-14o-fin-semana-complicado\/#primaryimage","url":"http:\/\/esponsorama.ad\/wp-content\/uploads\/2016\/09\/12GBretana16Mgp_JOC4813.jpg","contentUrl":"http:\/\/esponsorama.ad\/wp-content\/uploads\/2016\/09\/12GBretana16Mgp_JOC4813.jpg","width":5184,"height":3456},{"@type":"BreadcrumbList","@id":"http:\/\/esponsorama.ad\/es\/baz-esta-bien-barbera-termina-14o-fin-semana-complicado\/#breadcrumb","itemListElement":[{"@type":"ListItem","position":1,"name":"Home","item":"http:\/\/esponsorama.ad\/es\/"},{"@type":"ListItem","position":2,"name":"Baz est\u00e1 bien, Barber\u00e1 termina 14\u00ba en un fin de semana complicado"}]},{"@type":"WebSite","@id":"http:\/\/esponsorama.ad\/es\/#website","url":"http:\/\/esponsorama.ad\/es\/","name":"Esponsorama","description":"Specialist in motorsport sponsorship and event promotions","potentialAction":[{"@type":"SearchAction","target":{"@type":"EntryPoint","urlTemplate":"http:\/\/esponsorama.ad\/es\/?s={search_term_string}"},"query-input":{"@type":"PropertyValueSpecification","valueRequired":true,"valueName":"search_term_string"}}],"inLanguage":"es"},{"@type":"Person","@id":"http:\/\/esponsorama.ad\/es\/#\/schema\/person\/a5cde74945183d737066e46b61c6f9c4","name":"Xavi Andornet","image":{"@type":"ImageObject","inLanguage":"es","@id":"http:\/\/esponsorama.ad\/es\/#\/schema\/person\/image\/","url":"https:\/\/secure.gravatar.com\/avatar\/f10eaf9ad601244a2357c9fd7cd9805ed166cfaaf76d5d9ab08a9d873e70147a?s=96&d=mm&r=g","contentUrl":"https:\/\/secure.gravatar.com\/avatar\/f10eaf9ad601244a2357c9fd7cd9805ed166cfaaf76d5d9ab08a9d873e70147a?s=96&d=mm&r=g","caption":"Xavi Andornet"},"sameAs":["http:\/\/www.andornet.ad"],"url":"http:\/\/esponsorama.ad\/es\/author\/andornet\/"}]}},"_links":{"self":[{"href":"http:\/\/esponsorama.ad\/es\/wp-json\/wp\/v2\/posts\/726","targetHints":{"allow":["GET"]}}],"collection":[{"href":"http:\/\/esponsorama.ad\/es\/wp-json\/wp\/v2\/posts"}],"about":[{"href":"http:\/\/esponsorama.ad\/es\/wp-json\/wp\/v2\/types\/post"}],"author":[{"embeddable":true,"href":"http:\/\/esponsorama.ad\/es\/wp-json\/wp\/v2\/users\/6"}],"replies":[{"embeddable":true,"href":"http:\/\/esponsorama.ad\/es\/wp-json\/wp\/v2\/comments?post=726"}],"version-history":[{"count":0,"href":"http:\/\/esponsorama.ad\/es\/wp-json\/wp\/v2\/posts\/726\/revisions"}],"wp:featuredmedia":[{"embeddable":true,"href":"http:\/\/esponsorama.ad\/es\/wp-json\/wp\/v2\/media\/717"}],"wp:attachment":[{"href":"http:\/\/esponsorama.ad\/es\/wp-json\/wp\/v2\/media?parent=726"}],"wp:term":[{"taxonomy":"category","embeddable":true,"href":"http:\/\/esponsorama.ad\/es\/wp-json\/wp\/v2\/categories?post=726"},{"taxonomy":"post_tag","embeddable":true,"href":"http:\/\/esponsorama.ad\/es\/wp-json\/wp\/v2\/tags?post=726"}],"curies":[{"name":"wp","href":"https:\/\/api.w.org\/{rel}","templated":true}]}}