{"id":738,"date":"2016-09-13T08:43:45","date_gmt":"2016-09-13T06:43:45","guid":{"rendered":"http:\/\/esponsorama.ad\/?p=738"},"modified":"2016-09-14T09:50:33","modified_gmt":"2016-09-14T07:50:33","slug":"barbera-suma-tres-puntos-misano-fores-no-termina-la-carrera-2","status":"publish","type":"post","link":"http:\/\/esponsorama.ad\/es\/barbera-suma-tres-puntos-misano-fores-no-termina-la-carrera-2\/","title":{"rendered":"Barber\u00e1 suma tres puntos en Misano, For\u00e9s no termina la carrera"},"content":{"rendered":"<p>El Gran Premio de San Marino ha tenido un sabor agridulce para el equipo Avintia Racing, porque en general el rendimiento de H\u00e9ctor Barber\u00e1 en los entrenamientos hab\u00eda sido muy bueno, pero la falta de sensaciones del valenciano en las primeras vueltas, le han llevado a terminar la carrera 13\u00ba. Barber\u00e1 ha sumado tres puntos importantes para la clasificaci\u00f3n del Campeonato del Mundo de MotoGP, en la que ocupa la d\u00e9cima posici\u00f3n a falta de cinco citas. La pr\u00f3xima tendr\u00e1 lugar en Arag\u00f3n dentro de un par de semanas, y all\u00ed espera volver a estar luchando entre los diez primeros.<\/p>\n<p>Xavi For\u00e9s tampoco ha tenido una carrera sencilla en su primera participaci\u00f3n en MotoGP sustituyendo a Loris Baz, y despu\u00e9s de 16 vueltas, se ha visto forzado a tomar el camino de los boxes con problemas en su antebrazo derecho. Durante todo el fin de semana ha sufrido para adaptarse a los frenos de carbono y a una moto muy diferente a la que pilota en el Mundial de Superbike. Y todo esto, sumado a la tensi\u00f3n de la carrera, al final le ha pasado factura. En Arag\u00f3n Baz quiere volver a la acci\u00f3n, pero todo depender\u00e1 de la evoluci\u00f3n de sus lesiones.<\/p>\n<p><strong>H\u00c9CTOR BARBER\u00c1 #8 P13<\/strong><\/p>\n<p>\u00abHa sido una carrera bastante complicada, al inicio no ten\u00eda buenas sensaciones, no pod\u00eda frenar y parec\u00eda que la suspensi\u00f3n delantera no estaba funcionando de lo blanda que iba. Se me ha cerrado la direcci\u00f3n dos veces y he tenido que levantar la moto con el codo, porque he estado a punto de caerme. Pero luego, conforme se ha ido vaciando el dep\u00f3sito he empezado a ir cada vez mejor y a rodar m\u00e1s r\u00e1pido; el problema es que he perdido tanto en las primeras cinco vueltas, que el grupo de Bautista, Petrucci y Bradl se me ha escapado. Lo m\u00e1s positivo es que este fin de semana hemos vuelto a recuperar el camino para volver a las posiciones que est\u00e1bamos antes de Silverstone. Ahora toca prepararse bien para la pr\u00f3xima carrera, que adem\u00e1s ser\u00e1 en casa.\u201d<\/p>\n<p><strong>XAVI FOR\u00c9S #12 DNF<\/strong><\/p>\n<p>\u00abHe salido bastante bien, pero ya desde la segunda curva he notado que el agarre detr\u00e1s ha ca\u00eddo mucho en comparaci\u00f3n con el resto del fin de semana, y de hecho, los tiempos que he hecho en carrera han sido bastante m\u00e1s lentos. Al no encontrarme igual, he tenido que forzar mucho con el freno delantero, he hecho sufrir mucho el neum\u00e1tico, y adem\u00e1s, el brazo derecho se me ha agarrotado. He tenido un par de sustos porque se me cerraba la direcci\u00f3n y cada vez iba alargando m\u00e1s las trayectorias, por lo que al final he decidido parar porque pod\u00eda ser peligroso. Ha sido un fin de semana complicado, pero tambi\u00e9n he disfrutado much\u00edsimo pilotando la Desmosedici. Si llegar\u00e1 otra oportunidad, creo que ya conociendo la moto y al equipo, podr\u00eda hacerlo mejor. Quiero agradecer al equipo la oportunidad que me han dado, porque ha sido una experiencia incre\u00edble.\u201d<\/p>\n<div id='gallery-1' class='gallery galleryid-738 gallery-columns-5 gallery-size-thumbnail'><figure class='gallery-item'>\n\t\t\t<div class='gallery-icon landscape'>\n\t\t\t\t<a href='http:\/\/esponsorama.ad\/wp-content\/uploads\/2016\/09\/13_MISANO-4679.jpg' title=\"\" data-rl_title=\"\" class=\"rl-gallery-link\" data-rl_caption=\"\" data-rel=\"lightbox-gallery-1\"><img loading=\"lazy\" decoding=\"async\" width=\"150\" height=\"150\" src=\"http:\/\/esponsorama.ad\/wp-content\/uploads\/2016\/09\/13_MISANO-4679-150x150.jpg\" class=\"attachment-thumbnail size-thumbnail\" alt=\"\" \/><\/a>\n\t\t\t<\/div><\/figure><figure class='gallery-item'>\n\t\t\t<div class='gallery-icon landscape'>\n\t\t\t\t<a href='http:\/\/esponsorama.ad\/wp-content\/uploads\/2016\/09\/13_MISANO-4897.jpg' title=\"\" data-rl_title=\"\" class=\"rl-gallery-link\" data-rl_caption=\"\" data-rel=\"lightbox-gallery-1\"><img loading=\"lazy\" decoding=\"async\" width=\"150\" height=\"150\" src=\"http:\/\/esponsorama.ad\/wp-content\/uploads\/2016\/09\/13_MISANO-4897-150x150.jpg\" class=\"attachment-thumbnail size-thumbnail\" alt=\"\" \/><\/a>\n\t\t\t<\/div><\/figure><figure class='gallery-item'>\n\t\t\t<div class='gallery-icon landscape'>\n\t\t\t\t<a href='http:\/\/esponsorama.ad\/wp-content\/uploads\/2016\/09\/13_MISANO-5287.jpg' title=\"\" data-rl_title=\"\" class=\"rl-gallery-link\" data-rl_caption=\"\" data-rel=\"lightbox-gallery-1\"><img loading=\"lazy\" decoding=\"async\" width=\"150\" height=\"150\" src=\"http:\/\/esponsorama.ad\/wp-content\/uploads\/2016\/09\/13_MISANO-5287-150x150.jpg\" class=\"attachment-thumbnail size-thumbnail\" alt=\"\" \/><\/a>\n\t\t\t<\/div><\/figure><figure class='gallery-item'>\n\t\t\t<div class='gallery-icon landscape'>\n\t\t\t\t<a href='http:\/\/esponsorama.ad\/wp-content\/uploads\/2016\/09\/13_MISANO-5190.jpg' title=\"\" data-rl_title=\"\" class=\"rl-gallery-link\" data-rl_caption=\"\" data-rel=\"lightbox-gallery-1\"><img loading=\"lazy\" decoding=\"async\" width=\"150\" height=\"150\" src=\"http:\/\/esponsorama.ad\/wp-content\/uploads\/2016\/09\/13_MISANO-5190-150x150.jpg\" class=\"attachment-thumbnail size-thumbnail\" alt=\"\" \/><\/a>\n\t\t\t<\/div><\/figure><figure class='gallery-item'>\n\t\t\t<div class='gallery-icon landscape'>\n\t\t\t\t<a href='http:\/\/esponsorama.ad\/wp-content\/uploads\/2016\/09\/13_MISANO-4779.jpg' title=\"\" data-rl_title=\"\" class=\"rl-gallery-link\" data-rl_caption=\"\" data-rel=\"lightbox-gallery-1\"><img loading=\"lazy\" decoding=\"async\" width=\"150\" height=\"150\" src=\"http:\/\/esponsorama.ad\/wp-content\/uploads\/2016\/09\/13_MISANO-4779-150x150.jpg\" class=\"attachment-thumbnail size-thumbnail\" alt=\"\" \/><\/a>\n\t\t\t<\/div><\/figure>\n\t\t<\/div>\n\n","protected":false},"excerpt":{"rendered":"<p>El Gran Premio de San Marino ha tenido un sabor agridulce para el equipo Avintia Racing, porque en general el rendimiento de H\u00e9ctor Barber\u00e1 en los entrenamientos hab\u00eda sido muy bueno, pero la falta de sensaciones del valenciano en las primeras vueltas, le han llevado a terminar la carrera 13\u00ba. Barber\u00e1 ha sumado tres puntos [&hellip;]<\/p>\n","protected":false},"author":6,"featured_media":732,"comment_status":"closed","ping_status":"closed","sticky":false,"template":"","format":"standard","meta":{"footnotes":""},"categories":[3],"tags":[],"class_list":["post-738","post","type-post","status-publish","format-standard","has-post-thumbnail","hentry","category-motogp"],"yoast_head":"<!-- This site is optimized with the Yoast SEO plugin v27.1.1 - https:\/\/yoast.com\/product\/yoast-seo-wordpress\/ -->\n<title>Barber\u00e1 suma tres puntos en Misano, For\u00e9s no termina la carrera - Esponsorama<\/title>\n<meta name=\"robots\" content=\"index, follow, max-snippet:-1, max-image-preview:large, max-video-preview:-1\" \/>\n<link rel=\"canonical\" href=\"http:\/\/esponsorama.ad\/es\/barbera-suma-tres-puntos-misano-fores-no-termina-la-carrera-2\/\" \/>\n<meta property=\"og:locale\" content=\"es_ES\" \/>\n<meta property=\"og:type\" content=\"article\" \/>\n<meta property=\"og:title\" content=\"Barber\u00e1 suma tres puntos en Misano, For\u00e9s no termina la carrera - Esponsorama\" \/>\n<meta property=\"og:description\" content=\"El Gran Premio de San Marino ha tenido un sabor agridulce para el equipo Avintia Racing, porque en general el rendimiento de H\u00e9ctor Barber\u00e1 en los entrenamientos hab\u00eda sido muy bueno, pero la falta de sensaciones del valenciano en las primeras vueltas, le han llevado a terminar la carrera 13\u00ba. Barber\u00e1 ha sumado tres puntos [&hellip;]\" \/>\n<meta property=\"og:url\" content=\"http:\/\/esponsorama.ad\/es\/barbera-suma-tres-puntos-misano-fores-no-termina-la-carrera-2\/\" \/>\n<meta property=\"og:site_name\" content=\"Esponsorama\" \/>\n<meta property=\"article:published_time\" content=\"2016-09-13T06:43:45+00:00\" \/>\n<meta property=\"article:modified_time\" content=\"2016-09-14T07:50:33+00:00\" \/>\n<meta property=\"og:image\" content=\"http:\/\/esponsorama.ad\/wp-content\/uploads\/2016\/09\/13_MISANO-4679.jpg\" \/>\n\t<meta property=\"og:image:width\" content=\"4398\" \/>\n\t<meta property=\"og:image:height\" content=\"2932\" \/>\n\t<meta property=\"og:image:type\" content=\"image\/jpeg\" \/>\n<meta name=\"author\" content=\"Xavi Andornet\" \/>\n<meta name=\"twitter:card\" content=\"summary_large_image\" \/>\n<meta name=\"twitter:label1\" content=\"Escrito por\" \/>\n\t<meta name=\"twitter:data1\" content=\"Xavi Andornet\" \/>\n\t<meta name=\"twitter:label2\" content=\"Tiempo de lectura\" \/>\n\t<meta name=\"twitter:data2\" content=\"3 minutos\" \/>\n<script type=\"application\/ld+json\" class=\"yoast-schema-graph\">{\"@context\":\"https:\/\/schema.org\",\"@graph\":[{\"@type\":\"Article\",\"@id\":\"http:\/\/esponsorama.ad\/es\/barbera-suma-tres-puntos-misano-fores-no-termina-la-carrera-2\/#article\",\"isPartOf\":{\"@id\":\"http:\/\/esponsorama.ad\/es\/barbera-suma-tres-puntos-misano-fores-no-termina-la-carrera-2\/\"},\"author\":{\"name\":\"Xavi Andornet\",\"@id\":\"http:\/\/esponsorama.ad\/es\/#\/schema\/person\/a5cde74945183d737066e46b61c6f9c4\"},\"headline\":\"Barber\u00e1 suma tres puntos en Misano, For\u00e9s no termina la carrera\",\"datePublished\":\"2016-09-13T06:43:45+00:00\",\"dateModified\":\"2016-09-14T07:50:33+00:00\",\"mainEntityOfPage\":{\"@id\":\"http:\/\/esponsorama.ad\/es\/barbera-suma-tres-puntos-misano-fores-no-termina-la-carrera-2\/\"},\"wordCount\":550,\"image\":{\"@id\":\"http:\/\/esponsorama.ad\/es\/barbera-suma-tres-puntos-misano-fores-no-termina-la-carrera-2\/#primaryimage\"},\"thumbnailUrl\":\"http:\/\/esponsorama.ad\/wp-content\/uploads\/2016\/09\/13_MISANO-4679.jpg\",\"articleSection\":[\"MotoGP\"],\"inLanguage\":\"es\"},{\"@type\":\"WebPage\",\"@id\":\"http:\/\/esponsorama.ad\/es\/barbera-suma-tres-puntos-misano-fores-no-termina-la-carrera-2\/\",\"url\":\"http:\/\/esponsorama.ad\/es\/barbera-suma-tres-puntos-misano-fores-no-termina-la-carrera-2\/\",\"name\":\"Barber\u00e1 suma tres puntos en Misano, For\u00e9s no termina la carrera - Esponsorama\",\"isPartOf\":{\"@id\":\"http:\/\/esponsorama.ad\/es\/#website\"},\"primaryImageOfPage\":{\"@id\":\"http:\/\/esponsorama.ad\/es\/barbera-suma-tres-puntos-misano-fores-no-termina-la-carrera-2\/#primaryimage\"},\"image\":{\"@id\":\"http:\/\/esponsorama.ad\/es\/barbera-suma-tres-puntos-misano-fores-no-termina-la-carrera-2\/#primaryimage\"},\"thumbnailUrl\":\"http:\/\/esponsorama.ad\/wp-content\/uploads\/2016\/09\/13_MISANO-4679.jpg\",\"datePublished\":\"2016-09-13T06:43:45+00:00\",\"dateModified\":\"2016-09-14T07:50:33+00:00\",\"author\":{\"@id\":\"http:\/\/esponsorama.ad\/es\/#\/schema\/person\/a5cde74945183d737066e46b61c6f9c4\"},\"breadcrumb\":{\"@id\":\"http:\/\/esponsorama.ad\/es\/barbera-suma-tres-puntos-misano-fores-no-termina-la-carrera-2\/#breadcrumb\"},\"inLanguage\":\"es\",\"potentialAction\":[{\"@type\":\"ReadAction\",\"target\":[\"http:\/\/esponsorama.ad\/es\/barbera-suma-tres-puntos-misano-fores-no-termina-la-carrera-2\/\"]}]},{\"@type\":\"ImageObject\",\"inLanguage\":\"es\",\"@id\":\"http:\/\/esponsorama.ad\/es\/barbera-suma-tres-puntos-misano-fores-no-termina-la-carrera-2\/#primaryimage\",\"url\":\"http:\/\/esponsorama.ad\/wp-content\/uploads\/2016\/09\/13_MISANO-4679.jpg\",\"contentUrl\":\"http:\/\/esponsorama.ad\/wp-content\/uploads\/2016\/09\/13_MISANO-4679.jpg\",\"width\":4398,\"height\":2932},{\"@type\":\"BreadcrumbList\",\"@id\":\"http:\/\/esponsorama.ad\/es\/barbera-suma-tres-puntos-misano-fores-no-termina-la-carrera-2\/#breadcrumb\",\"itemListElement\":[{\"@type\":\"ListItem\",\"position\":1,\"name\":\"Home\",\"item\":\"http:\/\/esponsorama.ad\/ca\/\"},{\"@type\":\"ListItem\",\"position\":2,\"name\":\"Barber\u00e1 suma tres puntos en Misano, For\u00e9s no termina la carrera\"}]},{\"@type\":\"WebSite\",\"@id\":\"http:\/\/esponsorama.ad\/es\/#website\",\"url\":\"http:\/\/esponsorama.ad\/es\/\",\"name\":\"Esponsorama\",\"description\":\"Specialist in motorsport sponsorship and event promotions\",\"potentialAction\":[{\"@type\":\"SearchAction\",\"target\":{\"@type\":\"EntryPoint\",\"urlTemplate\":\"http:\/\/esponsorama.ad\/es\/?s={search_term_string}\"},\"query-input\":{\"@type\":\"PropertyValueSpecification\",\"valueRequired\":true,\"valueName\":\"search_term_string\"}}],\"inLanguage\":\"es\"},{\"@type\":\"Person\",\"@id\":\"http:\/\/esponsorama.ad\/es\/#\/schema\/person\/a5cde74945183d737066e46b61c6f9c4\",\"name\":\"Xavi Andornet\",\"image\":{\"@type\":\"ImageObject\",\"inLanguage\":\"es\",\"@id\":\"http:\/\/esponsorama.ad\/es\/#\/schema\/person\/image\/\",\"url\":\"https:\/\/secure.gravatar.com\/avatar\/f10eaf9ad601244a2357c9fd7cd9805ed166cfaaf76d5d9ab08a9d873e70147a?s=96&d=mm&r=g\",\"contentUrl\":\"https:\/\/secure.gravatar.com\/avatar\/f10eaf9ad601244a2357c9fd7cd9805ed166cfaaf76d5d9ab08a9d873e70147a?s=96&d=mm&r=g\",\"caption\":\"Xavi Andornet\"},\"sameAs\":[\"http:\/\/www.andornet.ad\"],\"url\":\"http:\/\/esponsorama.ad\/es\/author\/andornet\/\"}]}<\/script>\n<!-- \/ Yoast SEO plugin. -->","yoast_head_json":{"title":"Barber\u00e1 suma tres puntos en Misano, For\u00e9s no termina la carrera - Esponsorama","robots":{"index":"index","follow":"follow","max-snippet":"max-snippet:-1","max-image-preview":"max-image-preview:large","max-video-preview":"max-video-preview:-1"},"canonical":"http:\/\/esponsorama.ad\/es\/barbera-suma-tres-puntos-misano-fores-no-termina-la-carrera-2\/","og_locale":"es_ES","og_type":"article","og_title":"Barber\u00e1 suma tres puntos en Misano, For\u00e9s no termina la carrera - Esponsorama","og_description":"El Gran Premio de San Marino ha tenido un sabor agridulce para el equipo Avintia Racing, porque en general el rendimiento de H\u00e9ctor Barber\u00e1 en los entrenamientos hab\u00eda sido muy bueno, pero la falta de sensaciones del valenciano en las primeras vueltas, le han llevado a terminar la carrera 13\u00ba. Barber\u00e1 ha sumado tres puntos [&hellip;]","og_url":"http:\/\/esponsorama.ad\/es\/barbera-suma-tres-puntos-misano-fores-no-termina-la-carrera-2\/","og_site_name":"Esponsorama","article_published_time":"2016-09-13T06:43:45+00:00","article_modified_time":"2016-09-14T07:50:33+00:00","og_image":[{"width":4398,"height":2932,"url":"http:\/\/esponsorama.ad\/wp-content\/uploads\/2016\/09\/13_MISANO-4679.jpg","type":"image\/jpeg"}],"author":"Xavi Andornet","twitter_card":"summary_large_image","twitter_misc":{"Escrito por":"Xavi Andornet","Tiempo de lectura":"3 minutos"},"schema":{"@context":"https:\/\/schema.org","@graph":[{"@type":"Article","@id":"http:\/\/esponsorama.ad\/es\/barbera-suma-tres-puntos-misano-fores-no-termina-la-carrera-2\/#article","isPartOf":{"@id":"http:\/\/esponsorama.ad\/es\/barbera-suma-tres-puntos-misano-fores-no-termina-la-carrera-2\/"},"author":{"name":"Xavi Andornet","@id":"http:\/\/esponsorama.ad\/es\/#\/schema\/person\/a5cde74945183d737066e46b61c6f9c4"},"headline":"Barber\u00e1 suma tres puntos en Misano, For\u00e9s no termina la carrera","datePublished":"2016-09-13T06:43:45+00:00","dateModified":"2016-09-14T07:50:33+00:00","mainEntityOfPage":{"@id":"http:\/\/esponsorama.ad\/es\/barbera-suma-tres-puntos-misano-fores-no-termina-la-carrera-2\/"},"wordCount":550,"image":{"@id":"http:\/\/esponsorama.ad\/es\/barbera-suma-tres-puntos-misano-fores-no-termina-la-carrera-2\/#primaryimage"},"thumbnailUrl":"http:\/\/esponsorama.ad\/wp-content\/uploads\/2016\/09\/13_MISANO-4679.jpg","articleSection":["MotoGP"],"inLanguage":"es"},{"@type":"WebPage","@id":"http:\/\/esponsorama.ad\/es\/barbera-suma-tres-puntos-misano-fores-no-termina-la-carrera-2\/","url":"http:\/\/esponsorama.ad\/es\/barbera-suma-tres-puntos-misano-fores-no-termina-la-carrera-2\/","name":"Barber\u00e1 suma tres puntos en Misano, For\u00e9s no termina la carrera - Esponsorama","isPartOf":{"@id":"http:\/\/esponsorama.ad\/es\/#website"},"primaryImageOfPage":{"@id":"http:\/\/esponsorama.ad\/es\/barbera-suma-tres-puntos-misano-fores-no-termina-la-carrera-2\/#primaryimage"},"image":{"@id":"http:\/\/esponsorama.ad\/es\/barbera-suma-tres-puntos-misano-fores-no-termina-la-carrera-2\/#primaryimage"},"thumbnailUrl":"http:\/\/esponsorama.ad\/wp-content\/uploads\/2016\/09\/13_MISANO-4679.jpg","datePublished":"2016-09-13T06:43:45+00:00","dateModified":"2016-09-14T07:50:33+00:00","author":{"@id":"http:\/\/esponsorama.ad\/es\/#\/schema\/person\/a5cde74945183d737066e46b61c6f9c4"},"breadcrumb":{"@id":"http:\/\/esponsorama.ad\/es\/barbera-suma-tres-puntos-misano-fores-no-termina-la-carrera-2\/#breadcrumb"},"inLanguage":"es","potentialAction":[{"@type":"ReadAction","target":["http:\/\/esponsorama.ad\/es\/barbera-suma-tres-puntos-misano-fores-no-termina-la-carrera-2\/"]}]},{"@type":"ImageObject","inLanguage":"es","@id":"http:\/\/esponsorama.ad\/es\/barbera-suma-tres-puntos-misano-fores-no-termina-la-carrera-2\/#primaryimage","url":"http:\/\/esponsorama.ad\/wp-content\/uploads\/2016\/09\/13_MISANO-4679.jpg","contentUrl":"http:\/\/esponsorama.ad\/wp-content\/uploads\/2016\/09\/13_MISANO-4679.jpg","width":4398,"height":2932},{"@type":"BreadcrumbList","@id":"http:\/\/esponsorama.ad\/es\/barbera-suma-tres-puntos-misano-fores-no-termina-la-carrera-2\/#breadcrumb","itemListElement":[{"@type":"ListItem","position":1,"name":"Home","item":"http:\/\/esponsorama.ad\/ca\/"},{"@type":"ListItem","position":2,"name":"Barber\u00e1 suma tres puntos en Misano, For\u00e9s no termina la carrera"}]},{"@type":"WebSite","@id":"http:\/\/esponsorama.ad\/es\/#website","url":"http:\/\/esponsorama.ad\/es\/","name":"Esponsorama","description":"Specialist in motorsport sponsorship and event promotions","potentialAction":[{"@type":"SearchAction","target":{"@type":"EntryPoint","urlTemplate":"http:\/\/esponsorama.ad\/es\/?s={search_term_string}"},"query-input":{"@type":"PropertyValueSpecification","valueRequired":true,"valueName":"search_term_string"}}],"inLanguage":"es"},{"@type":"Person","@id":"http:\/\/esponsorama.ad\/es\/#\/schema\/person\/a5cde74945183d737066e46b61c6f9c4","name":"Xavi Andornet","image":{"@type":"ImageObject","inLanguage":"es","@id":"http:\/\/esponsorama.ad\/es\/#\/schema\/person\/image\/","url":"https:\/\/secure.gravatar.com\/avatar\/f10eaf9ad601244a2357c9fd7cd9805ed166cfaaf76d5d9ab08a9d873e70147a?s=96&d=mm&r=g","contentUrl":"https:\/\/secure.gravatar.com\/avatar\/f10eaf9ad601244a2357c9fd7cd9805ed166cfaaf76d5d9ab08a9d873e70147a?s=96&d=mm&r=g","caption":"Xavi Andornet"},"sameAs":["http:\/\/www.andornet.ad"],"url":"http:\/\/esponsorama.ad\/es\/author\/andornet\/"}]}},"_links":{"self":[{"href":"http:\/\/esponsorama.ad\/es\/wp-json\/wp\/v2\/posts\/738","targetHints":{"allow":["GET"]}}],"collection":[{"href":"http:\/\/esponsorama.ad\/es\/wp-json\/wp\/v2\/posts"}],"about":[{"href":"http:\/\/esponsorama.ad\/es\/wp-json\/wp\/v2\/types\/post"}],"author":[{"embeddable":true,"href":"http:\/\/esponsorama.ad\/es\/wp-json\/wp\/v2\/users\/6"}],"replies":[{"embeddable":true,"href":"http:\/\/esponsorama.ad\/es\/wp-json\/wp\/v2\/comments?post=738"}],"version-history":[{"count":0,"href":"http:\/\/esponsorama.ad\/es\/wp-json\/wp\/v2\/posts\/738\/revisions"}],"wp:featuredmedia":[{"embeddable":true,"href":"http:\/\/esponsorama.ad\/es\/wp-json\/wp\/v2\/media\/732"}],"wp:attachment":[{"href":"http:\/\/esponsorama.ad\/es\/wp-json\/wp\/v2\/media?parent=738"}],"wp:term":[{"taxonomy":"category","embeddable":true,"href":"http:\/\/esponsorama.ad\/es\/wp-json\/wp\/v2\/categories?post=738"},{"taxonomy":"post_tag","embeddable":true,"href":"http:\/\/esponsorama.ad\/es\/wp-json\/wp\/v2\/tags?post=738"}],"curies":[{"name":"wp","href":"https:\/\/api.w.org\/{rel}","templated":true}]}}