{"id":763,"date":"2016-10-16T10:33:56","date_gmt":"2016-10-16T08:33:56","guid":{"rendered":"http:\/\/esponsorama.ad\/?p=763"},"modified":"2016-10-18T10:38:44","modified_gmt":"2016-10-18T08:38:44","slug":"els-pilots-davintia-racing-es-queden-sense-premi-al-japo-2","status":"publish","type":"post","link":"http:\/\/esponsorama.ad\/es\/els-pilots-davintia-racing-es-queden-sense-premi-al-japo-2\/","title":{"rendered":"Los pilotos de Avintia Racing se quedan sin premio en Jap\u00f3n"},"content":{"rendered":"<p>El Gran Premio de Jap\u00f3n comenzaba con grandes expectativas para los pilotos de Avintia Racing, sobre todo para H\u00e9ctor Barber\u00e1 que, como premio a su gran temporada, ha podido disfrutar tres d\u00edas sobre la Desmosedici GP del lesionado Andrea Iannone en el Ducati Team. Tras clasificarse octavo en los entrenamientos, Barber\u00e1 estaba decidido a luchar en la carrera por un buen resultado, pero al comienzo de la novena vuelta, ha perdido la rueda delantera de su moto y se ha ido al suelo cuando luchaba con Pol Espargar\u00f3 por la s\u00e9ptima posici\u00f3n. Se ha levantado para terminar la carrera, pero ya sin opciones. En Australia tendr\u00e1 una nueva oportunidad con el Ducati Team.<\/p>\n<p>Tampoco han ido bien las cosas para Loris Baz, que saliendo desde atr\u00e1s ha ido cogiendo ritmo y poco a poco ha ido recuperando m\u00e1s de tres segundos de distancia con Hiroshi Aoyama para entrar en los puntos. El piloto de Avintia Racing ha llegado a estar a 0.8s del japon\u00e9s en la vuelta 19, pero despu\u00e9s le ha pasado factura su forma f\u00edsica, tras dos lesiones consecutivas y ha terminado 16\u00ba. Lo positivo es que Loris ha recuperado un poco la confianza y llegamos a su circuito preferido, Phillip Island, donde brill\u00f3 con su Desmosedici GP14.2 durante la pretemporada.<\/p>\n<p>El sustituto de H\u00e9ctor Barber\u00e1 en esta carrera, Mike Jones, ha terminado su primera carrera en MotoGP despu\u00e9s de sorprender a muchos durante el fin de semana. El piloto australiano de 22 a\u00f1os ha terminado 18\u00ba, pero muy contento con la experiencia vivida en Motegi. La pr\u00f3xima semana en Phillip Island \u201cMad Mike\u201d Jones volver\u00e1 a subirse a la moto de Barber\u00e1.<\/p>\n<p>H\u00c9CTOR BARBER\u00c1 #8 P17<\/p>\n<p>\u201cPara m\u00ed ha sido una oportunidad fant\u00e1stica poder pilotar la Desmosedicii GP 2016 y correr para un equipo de f\u00e1brica como el Ducati Team y quiero dar las gracias a Avintia Racing por darme esta oportunidad. Para m\u00ed todo era nuevo: de hecho, no conoc\u00eda ni la moto, ni a los chicos del equipo, pero despu\u00e9s de cada sesi\u00f3n la situaci\u00f3n ha mejorado mucho. Desafortunadamente en la carrera no he podido salir bien, especialmente porque el embrague es muy diferente al que habitualmente utilizo, e inmediatamente he perdido dos posiciones. Me ha llevado un poco de tiempo pasar a Petrucci y despu\u00e9s he alcanzado a Pol Espargar\u00f3, al que he tratado de adelantar en numerosas ocasiones, hasta que lo he intentado con m\u00e1s decisi\u00f3n y he tenido la mala suerte de caerme. Me siento mal porque pienso que hoy podr\u00eda haber terminado quinto o sexto. Pero a pesar de todo, he levantado la moto para terminar la carrera, pero en la ca\u00edda las dos alas se han roto y no he podido volver a pilotar bien. En cualquier caso, ha sido una experiencia fant\u00e1stica y estoy muy contento de poder contar con una nueva oportunidad la pr\u00f3xima semana en Phillip Island.\u201d<\/p>\n<p>LORIS BAZ #76 P16<\/p>\n<p>\u201cHe ganado confianza frenando en las diez primeras vueltas, pero cuando voy en la moto siento que voy absolutamente al l\u00edmite cuando en realidad estoy muy lejos. Lo positivo es que tengo mejor feeling y que el ritmo en carrera ha sido mejor que en todo el fin de semana. Lo negativo es que a pesar de todo, vamos lentos y nos sigue faltando mucho. Tambi\u00e9n me he dado cuenta de que f\u00edsicamente todav\u00eda no estoy a tope, porque cuando he llegado a Aoyama estaba fundido. Ahora vamos a Phillip Island que me gusta mucho y donde en la pretemporada lo hicimos muy bien. All\u00ed tengo tiempo para relajarme y entrenar un poco antes de la carrera, as\u00ed que espero que all\u00ed cambien las cosas y podamos volver a ser competitivos.\u201d<\/p>\n<p>MIKE JONES #7 P18<\/p>\n<p>\u201cEstoy muy contento, la experiencia de terminar mi primera carrera en MotoGP ha sido incre\u00edble y sobre todo ha sido fant\u00e1stico formar parte del equipo Avintia Racing Ducati este fin de semana. Han trabajado muy duro para ayudarme a aprender much\u00edsimo, y en la carrera definitivamente he acumulado mucha m\u00e1s experiencia. Mi salida no ha sido buena, esta ma\u00f1ana he practicado en el warm-up y creo que me ha ido realmente bien, pero hemos cambiado el embrague para la carrera y cuando he salido sent\u00eda que algo iba diferente, as\u00f3 que he sufrido en la salida. Pero una vez que he salido, he tratado de seguir a los pilotos que ten\u00eda delante, pero he tenido algunos problemas para frenar la moto como lo hac\u00eda ayer en los cronometrados. Aunque hoy yo solo quer\u00eda terminar la carrera, fuera como fuera, y lo he conseguido. Quiero dar las gracias a Avintia Racing y a Ducati por esta oportunidad y, en Phillip Island espero hacerlo mejor.\u201d<\/p>\n<div id='gallery-1' class='gallery galleryid-763 gallery-columns-5 gallery-size-thumbnail'><figure class='gallery-item'>\n\t\t\t<div class='gallery-icon landscape'>\n\t\t\t\t<a href='http:\/\/esponsorama.ad\/wp-content\/uploads\/2016\/10\/JOC5100.jpg' title=\"\" data-rl_title=\"\" class=\"rl-gallery-link\" data-rl_caption=\"\" data-rel=\"lightbox-gallery-1\"><img loading=\"lazy\" decoding=\"async\" width=\"150\" height=\"150\" src=\"http:\/\/esponsorama.ad\/wp-content\/uploads\/2016\/10\/JOC5100-150x150.jpg\" class=\"attachment-thumbnail size-thumbnail\" alt=\"\" \/><\/a>\n\t\t\t<\/div><\/figure><figure class='gallery-item'>\n\t\t\t<div class='gallery-icon landscape'>\n\t\t\t\t<a href='http:\/\/esponsorama.ad\/wp-content\/uploads\/2016\/10\/15_MOTEGI-3571.jpg' title=\"\" data-rl_title=\"\" class=\"rl-gallery-link\" data-rl_caption=\"\" data-rel=\"lightbox-gallery-1\"><img loading=\"lazy\" decoding=\"async\" width=\"150\" height=\"150\" src=\"http:\/\/esponsorama.ad\/wp-content\/uploads\/2016\/10\/15_MOTEGI-3571-150x150.jpg\" class=\"attachment-thumbnail size-thumbnail\" alt=\"\" \/><\/a>\n\t\t\t<\/div><\/figure><figure class='gallery-item'>\n\t\t\t<div class='gallery-icon landscape'>\n\t\t\t\t<a href='http:\/\/esponsorama.ad\/wp-content\/uploads\/2016\/10\/15_MOTEGI_AVINTIA-5893.jpg' title=\"\" data-rl_title=\"\" class=\"rl-gallery-link\" data-rl_caption=\"\" data-rel=\"lightbox-gallery-1\"><img loading=\"lazy\" decoding=\"async\" width=\"150\" height=\"150\" src=\"http:\/\/esponsorama.ad\/wp-content\/uploads\/2016\/10\/15_MOTEGI_AVINTIA-5893-150x150.jpg\" class=\"attachment-thumbnail size-thumbnail\" alt=\"\" \/><\/a>\n\t\t\t<\/div><\/figure><figure class='gallery-item'>\n\t\t\t<div class='gallery-icon landscape'>\n\t\t\t\t<a href='http:\/\/esponsorama.ad\/wp-content\/uploads\/2016\/10\/15_MOTEGI_AVINTIA-5685.jpg' title=\"\" data-rl_title=\"\" class=\"rl-gallery-link\" data-rl_caption=\"\" data-rel=\"lightbox-gallery-1\"><img loading=\"lazy\" decoding=\"async\" width=\"150\" height=\"150\" src=\"http:\/\/esponsorama.ad\/wp-content\/uploads\/2016\/10\/15_MOTEGI_AVINTIA-5685-150x150.jpg\" class=\"attachment-thumbnail size-thumbnail\" alt=\"\" \/><\/a>\n\t\t\t<\/div><\/figure><figure class='gallery-item'>\n\t\t\t<div class='gallery-icon landscape'>\n\t\t\t\t<a href='http:\/\/esponsorama.ad\/wp-content\/uploads\/2016\/10\/15_MOTEGI_AVINTIA_MGP-0956.jpg' title=\"\" data-rl_title=\"\" class=\"rl-gallery-link\" data-rl_caption=\"\" data-rel=\"lightbox-gallery-1\"><img loading=\"lazy\" decoding=\"async\" width=\"150\" height=\"150\" src=\"http:\/\/esponsorama.ad\/wp-content\/uploads\/2016\/10\/15_MOTEGI_AVINTIA_MGP-0956-150x150.jpg\" class=\"attachment-thumbnail size-thumbnail\" alt=\"\" \/><\/a>\n\t\t\t<\/div><\/figure>\n\t\t<\/div>\n\n<p>&nbsp;<\/p>\n","protected":false},"excerpt":{"rendered":"<p>El Gran Premio de Jap\u00f3n comenzaba con grandes expectativas para los pilotos de Avintia Racing, sobre todo para H\u00e9ctor Barber\u00e1 que, como premio a su gran temporada, ha podido disfrutar tres d\u00edas sobre la Desmosedici GP del lesionado Andrea Iannone en el Ducati Team. Tras clasificarse octavo en los entrenamientos, Barber\u00e1 estaba decidido a luchar [&hellip;]<\/p>\n","protected":false},"author":6,"featured_media":757,"comment_status":"closed","ping_status":"closed","sticky":false,"template":"","format":"standard","meta":{"footnotes":""},"categories":[3],"tags":[],"class_list":["post-763","post","type-post","status-publish","format-standard","has-post-thumbnail","hentry","category-motogp"],"yoast_head":"<!-- This site is optimized with the Yoast SEO plugin v27.1.1 - https:\/\/yoast.com\/product\/yoast-seo-wordpress\/ -->\n<title>Los pilotos de Avintia Racing se quedan sin premio en Jap\u00f3n - Esponsorama<\/title>\n<meta name=\"robots\" content=\"index, follow, max-snippet:-1, max-image-preview:large, max-video-preview:-1\" \/>\n<link rel=\"canonical\" href=\"http:\/\/esponsorama.ad\/es\/els-pilots-davintia-racing-es-queden-sense-premi-al-japo-2\/\" \/>\n<meta property=\"og:locale\" content=\"es_ES\" \/>\n<meta property=\"og:type\" content=\"article\" \/>\n<meta property=\"og:title\" content=\"Los pilotos de Avintia Racing se quedan sin premio en Jap\u00f3n - Esponsorama\" \/>\n<meta property=\"og:description\" content=\"El Gran Premio de Jap\u00f3n comenzaba con grandes expectativas para los pilotos de Avintia Racing, sobre todo para H\u00e9ctor Barber\u00e1 que, como premio a su gran temporada, ha podido disfrutar tres d\u00edas sobre la Desmosedici GP del lesionado Andrea Iannone en el Ducati Team. Tras clasificarse octavo en los entrenamientos, Barber\u00e1 estaba decidido a luchar [&hellip;]\" \/>\n<meta property=\"og:url\" content=\"http:\/\/esponsorama.ad\/es\/els-pilots-davintia-racing-es-queden-sense-premi-al-japo-2\/\" \/>\n<meta property=\"og:site_name\" content=\"Esponsorama\" \/>\n<meta property=\"article:published_time\" content=\"2016-10-16T08:33:56+00:00\" \/>\n<meta property=\"article:modified_time\" content=\"2016-10-18T08:38:44+00:00\" \/>\n<meta property=\"og:image\" content=\"http:\/\/esponsorama.ad\/wp-content\/uploads\/2016\/10\/JOC5100-1024x683.jpg\" \/>\n\t<meta property=\"og:image:width\" content=\"1024\" \/>\n\t<meta property=\"og:image:height\" content=\"683\" \/>\n\t<meta property=\"og:image:type\" content=\"image\/jpeg\" \/>\n<meta name=\"author\" content=\"Xavi Andornet\" \/>\n<meta name=\"twitter:card\" content=\"summary_large_image\" \/>\n<meta name=\"twitter:label1\" content=\"Escrito por\" \/>\n\t<meta name=\"twitter:data1\" content=\"Xavi Andornet\" \/>\n\t<meta name=\"twitter:label2\" content=\"Tiempo de lectura\" \/>\n\t<meta name=\"twitter:data2\" content=\"4 minutos\" \/>\n<script type=\"application\/ld+json\" class=\"yoast-schema-graph\">{\"@context\":\"https:\/\/schema.org\",\"@graph\":[{\"@type\":\"Article\",\"@id\":\"http:\/\/esponsorama.ad\/es\/els-pilots-davintia-racing-es-queden-sense-premi-al-japo-2\/#article\",\"isPartOf\":{\"@id\":\"http:\/\/esponsorama.ad\/es\/els-pilots-davintia-racing-es-queden-sense-premi-al-japo-2\/\"},\"author\":{\"name\":\"Xavi Andornet\",\"@id\":\"http:\/\/esponsorama.ad\/es\/#\/schema\/person\/a5cde74945183d737066e46b61c6f9c4\"},\"headline\":\"Los pilotos de Avintia Racing se quedan sin premio en Jap\u00f3n\",\"datePublished\":\"2016-10-16T08:33:56+00:00\",\"dateModified\":\"2016-10-18T08:38:44+00:00\",\"mainEntityOfPage\":{\"@id\":\"http:\/\/esponsorama.ad\/es\/els-pilots-davintia-racing-es-queden-sense-premi-al-japo-2\/\"},\"wordCount\":831,\"image\":{\"@id\":\"http:\/\/esponsorama.ad\/es\/els-pilots-davintia-racing-es-queden-sense-premi-al-japo-2\/#primaryimage\"},\"thumbnailUrl\":\"http:\/\/esponsorama.ad\/wp-content\/uploads\/2016\/10\/JOC5100.jpg\",\"articleSection\":[\"MotoGP\"],\"inLanguage\":\"es\"},{\"@type\":\"WebPage\",\"@id\":\"http:\/\/esponsorama.ad\/es\/els-pilots-davintia-racing-es-queden-sense-premi-al-japo-2\/\",\"url\":\"http:\/\/esponsorama.ad\/es\/els-pilots-davintia-racing-es-queden-sense-premi-al-japo-2\/\",\"name\":\"Los pilotos de Avintia Racing se quedan sin premio en Jap\u00f3n - Esponsorama\",\"isPartOf\":{\"@id\":\"http:\/\/esponsorama.ad\/es\/#website\"},\"primaryImageOfPage\":{\"@id\":\"http:\/\/esponsorama.ad\/es\/els-pilots-davintia-racing-es-queden-sense-premi-al-japo-2\/#primaryimage\"},\"image\":{\"@id\":\"http:\/\/esponsorama.ad\/es\/els-pilots-davintia-racing-es-queden-sense-premi-al-japo-2\/#primaryimage\"},\"thumbnailUrl\":\"http:\/\/esponsorama.ad\/wp-content\/uploads\/2016\/10\/JOC5100.jpg\",\"datePublished\":\"2016-10-16T08:33:56+00:00\",\"dateModified\":\"2016-10-18T08:38:44+00:00\",\"author\":{\"@id\":\"http:\/\/esponsorama.ad\/es\/#\/schema\/person\/a5cde74945183d737066e46b61c6f9c4\"},\"breadcrumb\":{\"@id\":\"http:\/\/esponsorama.ad\/es\/els-pilots-davintia-racing-es-queden-sense-premi-al-japo-2\/#breadcrumb\"},\"inLanguage\":\"es\",\"potentialAction\":[{\"@type\":\"ReadAction\",\"target\":[\"http:\/\/esponsorama.ad\/es\/els-pilots-davintia-racing-es-queden-sense-premi-al-japo-2\/\"]}]},{\"@type\":\"ImageObject\",\"inLanguage\":\"es\",\"@id\":\"http:\/\/esponsorama.ad\/es\/els-pilots-davintia-racing-es-queden-sense-premi-al-japo-2\/#primaryimage\",\"url\":\"http:\/\/esponsorama.ad\/wp-content\/uploads\/2016\/10\/JOC5100.jpg\",\"contentUrl\":\"http:\/\/esponsorama.ad\/wp-content\/uploads\/2016\/10\/JOC5100.jpg\",\"width\":5184,\"height\":3456},{\"@type\":\"BreadcrumbList\",\"@id\":\"http:\/\/esponsorama.ad\/es\/els-pilots-davintia-racing-es-queden-sense-premi-al-japo-2\/#breadcrumb\",\"itemListElement\":[{\"@type\":\"ListItem\",\"position\":1,\"name\":\"Home\",\"item\":\"http:\/\/esponsorama.ad\/ca\/\"},{\"@type\":\"ListItem\",\"position\":2,\"name\":\"Los pilotos de Avintia Racing se quedan sin premio en Jap\u00f3n\"}]},{\"@type\":\"WebSite\",\"@id\":\"http:\/\/esponsorama.ad\/es\/#website\",\"url\":\"http:\/\/esponsorama.ad\/es\/\",\"name\":\"Esponsorama\",\"description\":\"Specialist in motorsport sponsorship and event promotions\",\"potentialAction\":[{\"@type\":\"SearchAction\",\"target\":{\"@type\":\"EntryPoint\",\"urlTemplate\":\"http:\/\/esponsorama.ad\/es\/?s={search_term_string}\"},\"query-input\":{\"@type\":\"PropertyValueSpecification\",\"valueRequired\":true,\"valueName\":\"search_term_string\"}}],\"inLanguage\":\"es\"},{\"@type\":\"Person\",\"@id\":\"http:\/\/esponsorama.ad\/es\/#\/schema\/person\/a5cde74945183d737066e46b61c6f9c4\",\"name\":\"Xavi Andornet\",\"image\":{\"@type\":\"ImageObject\",\"inLanguage\":\"es\",\"@id\":\"http:\/\/esponsorama.ad\/es\/#\/schema\/person\/image\/\",\"url\":\"https:\/\/secure.gravatar.com\/avatar\/f10eaf9ad601244a2357c9fd7cd9805ed166cfaaf76d5d9ab08a9d873e70147a?s=96&d=mm&r=g\",\"contentUrl\":\"https:\/\/secure.gravatar.com\/avatar\/f10eaf9ad601244a2357c9fd7cd9805ed166cfaaf76d5d9ab08a9d873e70147a?s=96&d=mm&r=g\",\"caption\":\"Xavi Andornet\"},\"sameAs\":[\"http:\/\/www.andornet.ad\"],\"url\":\"http:\/\/esponsorama.ad\/es\/author\/andornet\/\"}]}<\/script>\n<!-- \/ Yoast SEO plugin. -->","yoast_head_json":{"title":"Los pilotos de Avintia Racing se quedan sin premio en Jap\u00f3n - Esponsorama","robots":{"index":"index","follow":"follow","max-snippet":"max-snippet:-1","max-image-preview":"max-image-preview:large","max-video-preview":"max-video-preview:-1"},"canonical":"http:\/\/esponsorama.ad\/es\/els-pilots-davintia-racing-es-queden-sense-premi-al-japo-2\/","og_locale":"es_ES","og_type":"article","og_title":"Los pilotos de Avintia Racing se quedan sin premio en Jap\u00f3n - Esponsorama","og_description":"El Gran Premio de Jap\u00f3n comenzaba con grandes expectativas para los pilotos de Avintia Racing, sobre todo para H\u00e9ctor Barber\u00e1 que, como premio a su gran temporada, ha podido disfrutar tres d\u00edas sobre la Desmosedici GP del lesionado Andrea Iannone en el Ducati Team. Tras clasificarse octavo en los entrenamientos, Barber\u00e1 estaba decidido a luchar [&hellip;]","og_url":"http:\/\/esponsorama.ad\/es\/els-pilots-davintia-racing-es-queden-sense-premi-al-japo-2\/","og_site_name":"Esponsorama","article_published_time":"2016-10-16T08:33:56+00:00","article_modified_time":"2016-10-18T08:38:44+00:00","og_image":[{"width":1024,"height":683,"url":"http:\/\/esponsorama.ad\/wp-content\/uploads\/2016\/10\/JOC5100-1024x683.jpg","type":"image\/jpeg"}],"author":"Xavi Andornet","twitter_card":"summary_large_image","twitter_misc":{"Escrito por":"Xavi Andornet","Tiempo de lectura":"4 minutos"},"schema":{"@context":"https:\/\/schema.org","@graph":[{"@type":"Article","@id":"http:\/\/esponsorama.ad\/es\/els-pilots-davintia-racing-es-queden-sense-premi-al-japo-2\/#article","isPartOf":{"@id":"http:\/\/esponsorama.ad\/es\/els-pilots-davintia-racing-es-queden-sense-premi-al-japo-2\/"},"author":{"name":"Xavi Andornet","@id":"http:\/\/esponsorama.ad\/es\/#\/schema\/person\/a5cde74945183d737066e46b61c6f9c4"},"headline":"Los pilotos de Avintia Racing se quedan sin premio en Jap\u00f3n","datePublished":"2016-10-16T08:33:56+00:00","dateModified":"2016-10-18T08:38:44+00:00","mainEntityOfPage":{"@id":"http:\/\/esponsorama.ad\/es\/els-pilots-davintia-racing-es-queden-sense-premi-al-japo-2\/"},"wordCount":831,"image":{"@id":"http:\/\/esponsorama.ad\/es\/els-pilots-davintia-racing-es-queden-sense-premi-al-japo-2\/#primaryimage"},"thumbnailUrl":"http:\/\/esponsorama.ad\/wp-content\/uploads\/2016\/10\/JOC5100.jpg","articleSection":["MotoGP"],"inLanguage":"es"},{"@type":"WebPage","@id":"http:\/\/esponsorama.ad\/es\/els-pilots-davintia-racing-es-queden-sense-premi-al-japo-2\/","url":"http:\/\/esponsorama.ad\/es\/els-pilots-davintia-racing-es-queden-sense-premi-al-japo-2\/","name":"Los pilotos de Avintia Racing se quedan sin premio en Jap\u00f3n - Esponsorama","isPartOf":{"@id":"http:\/\/esponsorama.ad\/es\/#website"},"primaryImageOfPage":{"@id":"http:\/\/esponsorama.ad\/es\/els-pilots-davintia-racing-es-queden-sense-premi-al-japo-2\/#primaryimage"},"image":{"@id":"http:\/\/esponsorama.ad\/es\/els-pilots-davintia-racing-es-queden-sense-premi-al-japo-2\/#primaryimage"},"thumbnailUrl":"http:\/\/esponsorama.ad\/wp-content\/uploads\/2016\/10\/JOC5100.jpg","datePublished":"2016-10-16T08:33:56+00:00","dateModified":"2016-10-18T08:38:44+00:00","author":{"@id":"http:\/\/esponsorama.ad\/es\/#\/schema\/person\/a5cde74945183d737066e46b61c6f9c4"},"breadcrumb":{"@id":"http:\/\/esponsorama.ad\/es\/els-pilots-davintia-racing-es-queden-sense-premi-al-japo-2\/#breadcrumb"},"inLanguage":"es","potentialAction":[{"@type":"ReadAction","target":["http:\/\/esponsorama.ad\/es\/els-pilots-davintia-racing-es-queden-sense-premi-al-japo-2\/"]}]},{"@type":"ImageObject","inLanguage":"es","@id":"http:\/\/esponsorama.ad\/es\/els-pilots-davintia-racing-es-queden-sense-premi-al-japo-2\/#primaryimage","url":"http:\/\/esponsorama.ad\/wp-content\/uploads\/2016\/10\/JOC5100.jpg","contentUrl":"http:\/\/esponsorama.ad\/wp-content\/uploads\/2016\/10\/JOC5100.jpg","width":5184,"height":3456},{"@type":"BreadcrumbList","@id":"http:\/\/esponsorama.ad\/es\/els-pilots-davintia-racing-es-queden-sense-premi-al-japo-2\/#breadcrumb","itemListElement":[{"@type":"ListItem","position":1,"name":"Home","item":"http:\/\/esponsorama.ad\/ca\/"},{"@type":"ListItem","position":2,"name":"Los pilotos de Avintia Racing se quedan sin premio en Jap\u00f3n"}]},{"@type":"WebSite","@id":"http:\/\/esponsorama.ad\/es\/#website","url":"http:\/\/esponsorama.ad\/es\/","name":"Esponsorama","description":"Specialist in motorsport sponsorship and event promotions","potentialAction":[{"@type":"SearchAction","target":{"@type":"EntryPoint","urlTemplate":"http:\/\/esponsorama.ad\/es\/?s={search_term_string}"},"query-input":{"@type":"PropertyValueSpecification","valueRequired":true,"valueName":"search_term_string"}}],"inLanguage":"es"},{"@type":"Person","@id":"http:\/\/esponsorama.ad\/es\/#\/schema\/person\/a5cde74945183d737066e46b61c6f9c4","name":"Xavi Andornet","image":{"@type":"ImageObject","inLanguage":"es","@id":"http:\/\/esponsorama.ad\/es\/#\/schema\/person\/image\/","url":"https:\/\/secure.gravatar.com\/avatar\/f10eaf9ad601244a2357c9fd7cd9805ed166cfaaf76d5d9ab08a9d873e70147a?s=96&d=mm&r=g","contentUrl":"https:\/\/secure.gravatar.com\/avatar\/f10eaf9ad601244a2357c9fd7cd9805ed166cfaaf76d5d9ab08a9d873e70147a?s=96&d=mm&r=g","caption":"Xavi Andornet"},"sameAs":["http:\/\/www.andornet.ad"],"url":"http:\/\/esponsorama.ad\/es\/author\/andornet\/"}]}},"_links":{"self":[{"href":"http:\/\/esponsorama.ad\/es\/wp-json\/wp\/v2\/posts\/763","targetHints":{"allow":["GET"]}}],"collection":[{"href":"http:\/\/esponsorama.ad\/es\/wp-json\/wp\/v2\/posts"}],"about":[{"href":"http:\/\/esponsorama.ad\/es\/wp-json\/wp\/v2\/types\/post"}],"author":[{"embeddable":true,"href":"http:\/\/esponsorama.ad\/es\/wp-json\/wp\/v2\/users\/6"}],"replies":[{"embeddable":true,"href":"http:\/\/esponsorama.ad\/es\/wp-json\/wp\/v2\/comments?post=763"}],"version-history":[{"count":0,"href":"http:\/\/esponsorama.ad\/es\/wp-json\/wp\/v2\/posts\/763\/revisions"}],"wp:featuredmedia":[{"embeddable":true,"href":"http:\/\/esponsorama.ad\/es\/wp-json\/wp\/v2\/media\/757"}],"wp:attachment":[{"href":"http:\/\/esponsorama.ad\/es\/wp-json\/wp\/v2\/media?parent=763"}],"wp:term":[{"taxonomy":"category","embeddable":true,"href":"http:\/\/esponsorama.ad\/es\/wp-json\/wp\/v2\/categories?post=763"},{"taxonomy":"post_tag","embeddable":true,"href":"http:\/\/esponsorama.ad\/es\/wp-json\/wp\/v2\/tags?post=763"}],"curies":[{"name":"wp","href":"https:\/\/api.w.org\/{rel}","templated":true}]}}