{"id":817,"date":"2016-10-29T04:02:37","date_gmt":"2016-10-29T02:02:37","guid":{"rendered":"http:\/\/esponsorama.ad\/?p=817"},"modified":"2016-10-30T04:12:03","modified_gmt":"2016-10-30T02:12:03","slug":"xevi-pons-termina-segundo-la-baja-portalegre-500-ford-ranger-2","status":"publish","type":"post","link":"http:\/\/esponsorama.ad\/es\/xevi-pons-termina-segundo-la-baja-portalegre-500-ford-ranger-2\/","title":{"rendered":"Xevi Pons termina segundo en la Baja Portalegre 500 con su Ford Ranger"},"content":{"rendered":"<p><strong>FIA World Cup Cross-Country Rallies<\/strong><\/p>\n<p><strong>27-29 de octubre 2016<\/strong><\/p>\n<p>El piloto del equipo Esponsorama South Racing ha sido protagonista en los dos d\u00edas de la Baja Portalegre 500 en Portugal. El espa\u00f1ol ha terminado segundo despu\u00e9s de dos jornadas de acci\u00f3n al volante de su Ford Ranger.<\/p>\n<p>La novena cita puntuable para la Copa del Mundo de Rallies Cross-Country ha servido a Xevi Pons y a su copiloto Rub\u00e9n Garc\u00eda, como preparaci\u00f3n de cara la pr\u00f3xima edici\u00f3n del Dakar, y han terminado a solo 4min 52seg del vencedor de la prueba, el portugu\u00e9s Ricardo P\u00f3rem.<\/p>\n<p>\u201cEl segundo puesto de Xevi Pons es un gran resultado, sobre todo porque lo ha conseguido luchando contra verdaderos especialistas en la Baja Portalegre, de hecho, el vencedor ya hab\u00eda ganado las dos \u00faltimas ediciones\u201d, dice Scott Abraham, director del equipo South Racing. \u201cEste ha sido un gran test para todo el equipo y una gran inyecci\u00f3n de confianza de cara al Dakar. Ahora tenemos varias semanas para preparar bien el pr\u00f3ximo Dakar y realizar otro test antes de viajar a Sudam\u00e9rica\u201d.<\/p>\n<p>\u201cEstoy muy contento con el segundo puesto absoluto en la Baja Portalegre 500, la \u00faltima cita de la Copa del Mundo de Rallies Cross-Country. El equipo ha hecho un trabajo fant\u00e1stico en estos d\u00edas y hemos conseguido nuestro primer podio en el Mundial,\u201d explica el piloto de Esponsorama Xevi Pons. \u201cEl primer d\u00eda encontramos r\u00e1pido el ritmo y mi Ford Ranger se ha portado muy bien y ha evolucionado un mont\u00f3n con respecto al a\u00f1o pasado. Ya estamos listos para afrontar nuestro segundo Dakar.\u201d<\/p>\n<p><strong>Baja Portalegre 500 2016<\/strong><\/p>\n<ol>\n<li>R. Por\u00e9m (POR)\/F. Palmeiro (POR) Mini All4 Racing 5h 38m 16s<\/li>\n<li><strong> X. Pons (ESP)\/R. Garcia (ESP) DMAS South Racing Ford Ranger\u00a0 5 43m 08s<\/strong><\/li>\n<li>N. Matos (POR)\/F. Serra (POR) Opel Mokka Proto 5h 43m 49s<\/li>\n<li>A. Martins (POR)\/J. Marques (POR) Toyota Hilux \u00a05h 44m 32s<\/li>\n<li>R. Varela (BRA)\/G. Gugelmin (BRA) Toyota Hilux\u00a0 5h 46m 45s<\/li>\n<\/ol>\n","protected":false},"excerpt":{"rendered":"<p>FIA World Cup Cross-Country Rallies 27-29 de octubre 2016 El piloto del equipo Esponsorama South Racing ha sido protagonista en los dos d\u00edas de la Baja Portalegre 500 en Portugal. El espa\u00f1ol ha terminado segundo despu\u00e9s de dos jornadas de acci\u00f3n al volante de su Ford Ranger. La novena cita puntuable para la Copa del [&hellip;]<\/p>\n","protected":false},"author":6,"featured_media":804,"comment_status":"closed","ping_status":"closed","sticky":false,"template":"","format":"standard","meta":{"footnotes":""},"categories":[4],"tags":[],"class_list":["post-817","post","type-post","status-publish","format-standard","has-post-thumbnail","hentry","category-dakar"],"yoast_head":"<!-- This site is optimized with the Yoast SEO plugin v27.1.1 - https:\/\/yoast.com\/product\/yoast-seo-wordpress\/ -->\n<title>Xevi Pons termina segundo en la Baja Portalegre 500 con su Ford Ranger - Esponsorama<\/title>\n<meta name=\"robots\" content=\"index, follow, max-snippet:-1, max-image-preview:large, max-video-preview:-1\" \/>\n<link rel=\"canonical\" href=\"http:\/\/esponsorama.ad\/es\/xevi-pons-termina-segundo-la-baja-portalegre-500-ford-ranger-2\/\" \/>\n<meta property=\"og:locale\" content=\"es_ES\" \/>\n<meta property=\"og:type\" content=\"article\" \/>\n<meta property=\"og:title\" content=\"Xevi Pons termina segundo en la Baja Portalegre 500 con su Ford Ranger - Esponsorama\" \/>\n<meta property=\"og:description\" content=\"FIA World Cup Cross-Country Rallies 27-29 de octubre 2016 El piloto del equipo Esponsorama South Racing ha sido protagonista en los dos d\u00edas de la Baja Portalegre 500 en Portugal. El espa\u00f1ol ha terminado segundo despu\u00e9s de dos jornadas de acci\u00f3n al volante de su Ford Ranger. La novena cita puntuable para la Copa del [&hellip;]\" \/>\n<meta property=\"og:url\" content=\"http:\/\/esponsorama.ad\/es\/xevi-pons-termina-segundo-la-baja-portalegre-500-ford-ranger-2\/\" \/>\n<meta property=\"og:site_name\" content=\"Esponsorama\" \/>\n<meta property=\"article:published_time\" content=\"2016-10-29T02:02:37+00:00\" \/>\n<meta property=\"article:modified_time\" content=\"2016-10-30T02:12:03+00:00\" \/>\n<meta property=\"og:image\" content=\"http:\/\/esponsorama.ad\/wp-content\/uploads\/2016\/10\/MCH26305.jpg\" \/>\n\t<meta property=\"og:image:width\" content=\"1620\" \/>\n\t<meta property=\"og:image:height\" content=\"1080\" \/>\n\t<meta property=\"og:image:type\" content=\"image\/jpeg\" \/>\n<meta name=\"author\" content=\"Xavi Andornet\" \/>\n<meta name=\"twitter:card\" content=\"summary_large_image\" \/>\n<meta name=\"twitter:label1\" content=\"Escrito por\" \/>\n\t<meta name=\"twitter:data1\" content=\"Xavi Andornet\" \/>\n\t<meta name=\"twitter:label2\" content=\"Tiempo de lectura\" \/>\n\t<meta name=\"twitter:data2\" content=\"2 minutos\" \/>\n<script type=\"application\/ld+json\" class=\"yoast-schema-graph\">{\"@context\":\"https:\/\/schema.org\",\"@graph\":[{\"@type\":\"Article\",\"@id\":\"http:\/\/esponsorama.ad\/es\/xevi-pons-termina-segundo-la-baja-portalegre-500-ford-ranger-2\/#article\",\"isPartOf\":{\"@id\":\"http:\/\/esponsorama.ad\/es\/xevi-pons-termina-segundo-la-baja-portalegre-500-ford-ranger-2\/\"},\"author\":{\"name\":\"Xavi Andornet\",\"@id\":\"http:\/\/esponsorama.ad\/es\/#\/schema\/person\/a5cde74945183d737066e46b61c6f9c4\"},\"headline\":\"Xevi Pons termina segundo en la Baja Portalegre 500 con su Ford Ranger\",\"datePublished\":\"2016-10-29T02:02:37+00:00\",\"dateModified\":\"2016-10-30T02:12:03+00:00\",\"mainEntityOfPage\":{\"@id\":\"http:\/\/esponsorama.ad\/es\/xevi-pons-termina-segundo-la-baja-portalegre-500-ford-ranger-2\/\"},\"wordCount\":353,\"image\":{\"@id\":\"http:\/\/esponsorama.ad\/es\/xevi-pons-termina-segundo-la-baja-portalegre-500-ford-ranger-2\/#primaryimage\"},\"thumbnailUrl\":\"http:\/\/esponsorama.ad\/wp-content\/uploads\/2016\/10\/MCH26305.jpg\",\"articleSection\":[\"Dakar\"],\"inLanguage\":\"es\"},{\"@type\":\"WebPage\",\"@id\":\"http:\/\/esponsorama.ad\/es\/xevi-pons-termina-segundo-la-baja-portalegre-500-ford-ranger-2\/\",\"url\":\"http:\/\/esponsorama.ad\/es\/xevi-pons-termina-segundo-la-baja-portalegre-500-ford-ranger-2\/\",\"name\":\"Xevi Pons termina segundo en la Baja Portalegre 500 con su Ford Ranger - Esponsorama\",\"isPartOf\":{\"@id\":\"http:\/\/esponsorama.ad\/es\/#website\"},\"primaryImageOfPage\":{\"@id\":\"http:\/\/esponsorama.ad\/es\/xevi-pons-termina-segundo-la-baja-portalegre-500-ford-ranger-2\/#primaryimage\"},\"image\":{\"@id\":\"http:\/\/esponsorama.ad\/es\/xevi-pons-termina-segundo-la-baja-portalegre-500-ford-ranger-2\/#primaryimage\"},\"thumbnailUrl\":\"http:\/\/esponsorama.ad\/wp-content\/uploads\/2016\/10\/MCH26305.jpg\",\"datePublished\":\"2016-10-29T02:02:37+00:00\",\"dateModified\":\"2016-10-30T02:12:03+00:00\",\"author\":{\"@id\":\"http:\/\/esponsorama.ad\/es\/#\/schema\/person\/a5cde74945183d737066e46b61c6f9c4\"},\"breadcrumb\":{\"@id\":\"http:\/\/esponsorama.ad\/es\/xevi-pons-termina-segundo-la-baja-portalegre-500-ford-ranger-2\/#breadcrumb\"},\"inLanguage\":\"es\",\"potentialAction\":[{\"@type\":\"ReadAction\",\"target\":[\"http:\/\/esponsorama.ad\/es\/xevi-pons-termina-segundo-la-baja-portalegre-500-ford-ranger-2\/\"]}]},{\"@type\":\"ImageObject\",\"inLanguage\":\"es\",\"@id\":\"http:\/\/esponsorama.ad\/es\/xevi-pons-termina-segundo-la-baja-portalegre-500-ford-ranger-2\/#primaryimage\",\"url\":\"http:\/\/esponsorama.ad\/wp-content\/uploads\/2016\/10\/MCH26305.jpg\",\"contentUrl\":\"http:\/\/esponsorama.ad\/wp-content\/uploads\/2016\/10\/MCH26305.jpg\",\"width\":1620,\"height\":1080},{\"@type\":\"BreadcrumbList\",\"@id\":\"http:\/\/esponsorama.ad\/es\/xevi-pons-termina-segundo-la-baja-portalegre-500-ford-ranger-2\/#breadcrumb\",\"itemListElement\":[{\"@type\":\"ListItem\",\"position\":1,\"name\":\"Home\",\"item\":\"http:\/\/esponsorama.ad\/es\/\"},{\"@type\":\"ListItem\",\"position\":2,\"name\":\"Xevi Pons termina segundo en la Baja Portalegre 500 con su Ford Ranger\"}]},{\"@type\":\"WebSite\",\"@id\":\"http:\/\/esponsorama.ad\/es\/#website\",\"url\":\"http:\/\/esponsorama.ad\/es\/\",\"name\":\"Esponsorama\",\"description\":\"Specialist in motorsport sponsorship and event promotions\",\"potentialAction\":[{\"@type\":\"SearchAction\",\"target\":{\"@type\":\"EntryPoint\",\"urlTemplate\":\"http:\/\/esponsorama.ad\/es\/?s={search_term_string}\"},\"query-input\":{\"@type\":\"PropertyValueSpecification\",\"valueRequired\":true,\"valueName\":\"search_term_string\"}}],\"inLanguage\":\"es\"},{\"@type\":\"Person\",\"@id\":\"http:\/\/esponsorama.ad\/es\/#\/schema\/person\/a5cde74945183d737066e46b61c6f9c4\",\"name\":\"Xavi Andornet\",\"image\":{\"@type\":\"ImageObject\",\"inLanguage\":\"es\",\"@id\":\"http:\/\/esponsorama.ad\/es\/#\/schema\/person\/image\/\",\"url\":\"https:\/\/secure.gravatar.com\/avatar\/f10eaf9ad601244a2357c9fd7cd9805ed166cfaaf76d5d9ab08a9d873e70147a?s=96&d=mm&r=g\",\"contentUrl\":\"https:\/\/secure.gravatar.com\/avatar\/f10eaf9ad601244a2357c9fd7cd9805ed166cfaaf76d5d9ab08a9d873e70147a?s=96&d=mm&r=g\",\"caption\":\"Xavi Andornet\"},\"sameAs\":[\"http:\/\/www.andornet.ad\"],\"url\":\"http:\/\/esponsorama.ad\/es\/author\/andornet\/\"}]}<\/script>\n<!-- \/ Yoast SEO plugin. -->","yoast_head_json":{"title":"Xevi Pons termina segundo en la Baja Portalegre 500 con su Ford Ranger - Esponsorama","robots":{"index":"index","follow":"follow","max-snippet":"max-snippet:-1","max-image-preview":"max-image-preview:large","max-video-preview":"max-video-preview:-1"},"canonical":"http:\/\/esponsorama.ad\/es\/xevi-pons-termina-segundo-la-baja-portalegre-500-ford-ranger-2\/","og_locale":"es_ES","og_type":"article","og_title":"Xevi Pons termina segundo en la Baja Portalegre 500 con su Ford Ranger - Esponsorama","og_description":"FIA World Cup Cross-Country Rallies 27-29 de octubre 2016 El piloto del equipo Esponsorama South Racing ha sido protagonista en los dos d\u00edas de la Baja Portalegre 500 en Portugal. El espa\u00f1ol ha terminado segundo despu\u00e9s de dos jornadas de acci\u00f3n al volante de su Ford Ranger. La novena cita puntuable para la Copa del [&hellip;]","og_url":"http:\/\/esponsorama.ad\/es\/xevi-pons-termina-segundo-la-baja-portalegre-500-ford-ranger-2\/","og_site_name":"Esponsorama","article_published_time":"2016-10-29T02:02:37+00:00","article_modified_time":"2016-10-30T02:12:03+00:00","og_image":[{"width":1620,"height":1080,"url":"http:\/\/esponsorama.ad\/wp-content\/uploads\/2016\/10\/MCH26305.jpg","type":"image\/jpeg"}],"author":"Xavi Andornet","twitter_card":"summary_large_image","twitter_misc":{"Escrito por":"Xavi Andornet","Tiempo de lectura":"2 minutos"},"schema":{"@context":"https:\/\/schema.org","@graph":[{"@type":"Article","@id":"http:\/\/esponsorama.ad\/es\/xevi-pons-termina-segundo-la-baja-portalegre-500-ford-ranger-2\/#article","isPartOf":{"@id":"http:\/\/esponsorama.ad\/es\/xevi-pons-termina-segundo-la-baja-portalegre-500-ford-ranger-2\/"},"author":{"name":"Xavi Andornet","@id":"http:\/\/esponsorama.ad\/es\/#\/schema\/person\/a5cde74945183d737066e46b61c6f9c4"},"headline":"Xevi Pons termina segundo en la Baja Portalegre 500 con su Ford Ranger","datePublished":"2016-10-29T02:02:37+00:00","dateModified":"2016-10-30T02:12:03+00:00","mainEntityOfPage":{"@id":"http:\/\/esponsorama.ad\/es\/xevi-pons-termina-segundo-la-baja-portalegre-500-ford-ranger-2\/"},"wordCount":353,"image":{"@id":"http:\/\/esponsorama.ad\/es\/xevi-pons-termina-segundo-la-baja-portalegre-500-ford-ranger-2\/#primaryimage"},"thumbnailUrl":"http:\/\/esponsorama.ad\/wp-content\/uploads\/2016\/10\/MCH26305.jpg","articleSection":["Dakar"],"inLanguage":"es"},{"@type":"WebPage","@id":"http:\/\/esponsorama.ad\/es\/xevi-pons-termina-segundo-la-baja-portalegre-500-ford-ranger-2\/","url":"http:\/\/esponsorama.ad\/es\/xevi-pons-termina-segundo-la-baja-portalegre-500-ford-ranger-2\/","name":"Xevi Pons termina segundo en la Baja Portalegre 500 con su Ford Ranger - Esponsorama","isPartOf":{"@id":"http:\/\/esponsorama.ad\/es\/#website"},"primaryImageOfPage":{"@id":"http:\/\/esponsorama.ad\/es\/xevi-pons-termina-segundo-la-baja-portalegre-500-ford-ranger-2\/#primaryimage"},"image":{"@id":"http:\/\/esponsorama.ad\/es\/xevi-pons-termina-segundo-la-baja-portalegre-500-ford-ranger-2\/#primaryimage"},"thumbnailUrl":"http:\/\/esponsorama.ad\/wp-content\/uploads\/2016\/10\/MCH26305.jpg","datePublished":"2016-10-29T02:02:37+00:00","dateModified":"2016-10-30T02:12:03+00:00","author":{"@id":"http:\/\/esponsorama.ad\/es\/#\/schema\/person\/a5cde74945183d737066e46b61c6f9c4"},"breadcrumb":{"@id":"http:\/\/esponsorama.ad\/es\/xevi-pons-termina-segundo-la-baja-portalegre-500-ford-ranger-2\/#breadcrumb"},"inLanguage":"es","potentialAction":[{"@type":"ReadAction","target":["http:\/\/esponsorama.ad\/es\/xevi-pons-termina-segundo-la-baja-portalegre-500-ford-ranger-2\/"]}]},{"@type":"ImageObject","inLanguage":"es","@id":"http:\/\/esponsorama.ad\/es\/xevi-pons-termina-segundo-la-baja-portalegre-500-ford-ranger-2\/#primaryimage","url":"http:\/\/esponsorama.ad\/wp-content\/uploads\/2016\/10\/MCH26305.jpg","contentUrl":"http:\/\/esponsorama.ad\/wp-content\/uploads\/2016\/10\/MCH26305.jpg","width":1620,"height":1080},{"@type":"BreadcrumbList","@id":"http:\/\/esponsorama.ad\/es\/xevi-pons-termina-segundo-la-baja-portalegre-500-ford-ranger-2\/#breadcrumb","itemListElement":[{"@type":"ListItem","position":1,"name":"Home","item":"http:\/\/esponsorama.ad\/es\/"},{"@type":"ListItem","position":2,"name":"Xevi Pons termina segundo en la Baja Portalegre 500 con su Ford Ranger"}]},{"@type":"WebSite","@id":"http:\/\/esponsorama.ad\/es\/#website","url":"http:\/\/esponsorama.ad\/es\/","name":"Esponsorama","description":"Specialist in motorsport sponsorship and event promotions","potentialAction":[{"@type":"SearchAction","target":{"@type":"EntryPoint","urlTemplate":"http:\/\/esponsorama.ad\/es\/?s={search_term_string}"},"query-input":{"@type":"PropertyValueSpecification","valueRequired":true,"valueName":"search_term_string"}}],"inLanguage":"es"},{"@type":"Person","@id":"http:\/\/esponsorama.ad\/es\/#\/schema\/person\/a5cde74945183d737066e46b61c6f9c4","name":"Xavi Andornet","image":{"@type":"ImageObject","inLanguage":"es","@id":"http:\/\/esponsorama.ad\/es\/#\/schema\/person\/image\/","url":"https:\/\/secure.gravatar.com\/avatar\/f10eaf9ad601244a2357c9fd7cd9805ed166cfaaf76d5d9ab08a9d873e70147a?s=96&d=mm&r=g","contentUrl":"https:\/\/secure.gravatar.com\/avatar\/f10eaf9ad601244a2357c9fd7cd9805ed166cfaaf76d5d9ab08a9d873e70147a?s=96&d=mm&r=g","caption":"Xavi Andornet"},"sameAs":["http:\/\/www.andornet.ad"],"url":"http:\/\/esponsorama.ad\/es\/author\/andornet\/"}]}},"_links":{"self":[{"href":"http:\/\/esponsorama.ad\/es\/wp-json\/wp\/v2\/posts\/817","targetHints":{"allow":["GET"]}}],"collection":[{"href":"http:\/\/esponsorama.ad\/es\/wp-json\/wp\/v2\/posts"}],"about":[{"href":"http:\/\/esponsorama.ad\/es\/wp-json\/wp\/v2\/types\/post"}],"author":[{"embeddable":true,"href":"http:\/\/esponsorama.ad\/es\/wp-json\/wp\/v2\/users\/6"}],"replies":[{"embeddable":true,"href":"http:\/\/esponsorama.ad\/es\/wp-json\/wp\/v2\/comments?post=817"}],"version-history":[{"count":0,"href":"http:\/\/esponsorama.ad\/es\/wp-json\/wp\/v2\/posts\/817\/revisions"}],"wp:featuredmedia":[{"embeddable":true,"href":"http:\/\/esponsorama.ad\/es\/wp-json\/wp\/v2\/media\/804"}],"wp:attachment":[{"href":"http:\/\/esponsorama.ad\/es\/wp-json\/wp\/v2\/media?parent=817"}],"wp:term":[{"taxonomy":"category","embeddable":true,"href":"http:\/\/esponsorama.ad\/es\/wp-json\/wp\/v2\/categories?post=817"},{"taxonomy":"post_tag","embeddable":true,"href":"http:\/\/esponsorama.ad\/es\/wp-json\/wp\/v2\/tags?post=817"}],"curies":[{"name":"wp","href":"https:\/\/api.w.org\/{rel}","templated":true}]}}