{"id":844,"date":"2016-11-13T15:23:48","date_gmt":"2016-11-13T13:23:48","guid":{"rendered":"http:\/\/esponsorama.ad\/?p=844"},"modified":"2016-11-15T13:27:40","modified_gmt":"2016-11-15T11:27:40","slug":"lhector-barbera-i-avintia-racing-completen-gran-any-valencia-2","status":"publish","type":"post","link":"http:\/\/esponsorama.ad\/es\/lhector-barbera-i-avintia-racing-completen-gran-any-valencia-2\/","title":{"rendered":"H\u00e9ctor Barber\u00e1 y Avintia Racing completan un gran a\u00f1o en Valencia"},"content":{"rendered":"<p>Los pilotos de Avintia Racing han puesto el broche final al Campeonato del Mundo de MotoGP 2016 hoy en Valencia. H\u00e9ctor Barber\u00e1 ha luchado durante toda la carrera para terminar entre los diez primeros y a punto a estado de conseguirlo tras una intensa batalla en las \u00faltimas vueltas con \u00c1lvaro Bautista, aunque finalmente ha cruzado la meta und\u00e9cimo. Pero se ha asegurado los puntos necesarios para conseguir terminar el campeonato en el Top 10, cumpliendo as\u00ed el objetivo que se hab\u00eda marcado antes de empezar la temporada en Qatar.<\/p>\n<p>Loris Baz ha vuelto a sufrir problemas con los neum\u00e1ticos, primero con el delantero al inicio de la carrera, y despu\u00e9s con falta de agarre en el trasero en las \u00faltimas vueltas. Pero el piloto franc\u00e9s de Avintia Racing ha terminado la carrera y un campeonato que ha sido bastante complicado debido a las lesiones.<\/p>\n<p>El martes los pilotos de Avintia Racing comenzar\u00e1n los preparativos para 2017 en este mismo escenario. H\u00e9ctor Barber\u00e1 tendr\u00e1 la ocasi\u00f3n de conocer mejor la Ducati Desmosedici GP 2016 con la que corri\u00f3 en Jap\u00f3n y Australia, mientras que Loris Baz se estrenar\u00e1 con la GP15, una moto m\u00e1s evolucionada con la que espera encontrar r\u00e1pido buenas sensaciones para la pr\u00f3xima temporada.<\/p>\n<p><strong>H\u00c9CTOR BARBER\u00c1 #8 P11 <\/strong><\/p>\n<p>\u00abSiempre hab\u00edamos hablado de quedar en el Top 10, exactamente entre el\u00a0quinto y el d\u00e9cimo, pero siendo sinceros, esas posiciones eran pr\u00e1cticamente imposibles. Si hacemos el recuento de todos los equipos oficiales, nuestra moto deber\u00eda estar en el 14\u00ba o 15\u00ba puesto. Hemos sumado 102 puntos, a pesar de no haber puntuado en las dos carreras que estuve en el equipo Ducati oficial, con lo que podr\u00edamos haber terminado novenos en la general. Se ha hecho un grand\u00edsimo trabajo, hemos dejado a la Suzuki de Aleix Espargar\u00f3 detr\u00e1s, tambi\u00e9n a Bradley Smith, y muchas motos buenas. Ten\u00edamos una moto de tercera, pero el equipo ha estado al nivel de primera. Yo he hecho lo m\u00e1ximo que ha estado en mis manos: dos quintos, un cuarto, un sexto, muy buenos resultados. La palabra equipo ha cobrado mucha importancia este a\u00f1o, salgo muy reforzado, con muchas lecciones aprendidas y el martes arrancaremos un a\u00f1o mejor. Doy las gracias a todos lo que han cre\u00eddo en m\u00ed y han hecho que todo esto sea posible.\u201d<\/p>\n<p><strong>LORIS BAZ #76 P18<\/strong><\/p>\n<p>\u00abHa sido una carrera complicada. En la primera parte he tenido muchos problemas con la parte delantera de la moto y despu\u00e9s con el neum\u00e1tico trasero. Adem\u00e1s, he terminado bastante cansado. Lo positivo es que,\u00a0lo que logramos ayer parece que ha funcionado. A\u00fan as\u00ed, \u00a0hay mucho trabajo que hacer para llegar a hacerlo todo de forma m\u00e1s natural, sin forzar tanto. Tengo ganas de empezar los tests de cara a la nueva temporada. Pero tambi\u00e9n estoy deseando que me operen el pie a finales de noviembre y as\u00ed comenzar el pr\u00f3ximo a\u00f1o en forma. Mi cuerpo est\u00e1 cansado esta temporada y necesito empezar con fuerza. Hemos comprobado que no sirve de nada ir r\u00e1pido en el primer test, que lo que cuentan son las carreras. Necesito coger confianza e ir evolucionando poco a poco. Lo importante comenzar\u00e1 en marzo en Qatar.\u201d<\/p>\n<div id='gallery-1' class='gallery galleryid-844 gallery-columns-5 gallery-size-thumbnail'><figure class='gallery-item'>\n\t\t\t<div class='gallery-icon landscape'>\n\t\t\t\t<a href='http:\/\/esponsorama.ad\/wp-content\/uploads\/2016\/11\/18_VALENCIA-1730.jpg' title=\"\" data-rl_title=\"\" class=\"rl-gallery-link\" data-rl_caption=\"\" data-rel=\"lightbox-gallery-1\"><img loading=\"lazy\" decoding=\"async\" width=\"150\" height=\"150\" src=\"http:\/\/esponsorama.ad\/wp-content\/uploads\/2016\/11\/18_VALENCIA-1730-150x150.jpg\" class=\"attachment-thumbnail size-thumbnail\" alt=\"\" \/><\/a>\n\t\t\t<\/div><\/figure><figure class='gallery-item'>\n\t\t\t<div class='gallery-icon landscape'>\n\t\t\t\t<a href='http:\/\/esponsorama.ad\/wp-content\/uploads\/2016\/11\/18_VALENCIA-0921.jpg' title=\"\" data-rl_title=\"\" class=\"rl-gallery-link\" data-rl_caption=\"\" data-rel=\"lightbox-gallery-1\"><img loading=\"lazy\" decoding=\"async\" width=\"150\" height=\"150\" src=\"http:\/\/esponsorama.ad\/wp-content\/uploads\/2016\/11\/18_VALENCIA-0921-150x150.jpg\" class=\"attachment-thumbnail size-thumbnail\" alt=\"\" \/><\/a>\n\t\t\t<\/div><\/figure><figure class='gallery-item'>\n\t\t\t<div class='gallery-icon landscape'>\n\t\t\t\t<a href='http:\/\/esponsorama.ad\/wp-content\/uploads\/2016\/11\/18_VALENCIA-0855.jpg' title=\"\" data-rl_title=\"\" class=\"rl-gallery-link\" data-rl_caption=\"\" data-rel=\"lightbox-gallery-1\"><img loading=\"lazy\" decoding=\"async\" width=\"150\" height=\"150\" src=\"http:\/\/esponsorama.ad\/wp-content\/uploads\/2016\/11\/18_VALENCIA-0855-150x150.jpg\" class=\"attachment-thumbnail size-thumbnail\" alt=\"\" \/><\/a>\n\t\t\t<\/div><\/figure><figure class='gallery-item'>\n\t\t\t<div class='gallery-icon landscape'>\n\t\t\t\t<a href='http:\/\/esponsorama.ad\/wp-content\/uploads\/2016\/11\/18_VALENCIA-1519.jpg' title=\"\" data-rl_title=\"\" class=\"rl-gallery-link\" data-rl_caption=\"\" data-rel=\"lightbox-gallery-1\"><img loading=\"lazy\" decoding=\"async\" width=\"150\" height=\"150\" src=\"http:\/\/esponsorama.ad\/wp-content\/uploads\/2016\/11\/18_VALENCIA-1519-150x150.jpg\" class=\"attachment-thumbnail size-thumbnail\" alt=\"\" \/><\/a>\n\t\t\t<\/div><\/figure><figure class='gallery-item'>\n\t\t\t<div class='gallery-icon landscape'>\n\t\t\t\t<a href='http:\/\/esponsorama.ad\/wp-content\/uploads\/2016\/11\/18_VALENCIA-1170.jpg' title=\"\" data-rl_title=\"\" class=\"rl-gallery-link\" data-rl_caption=\"\" data-rel=\"lightbox-gallery-1\"><img loading=\"lazy\" decoding=\"async\" width=\"150\" height=\"150\" src=\"http:\/\/esponsorama.ad\/wp-content\/uploads\/2016\/11\/18_VALENCIA-1170-150x150.jpg\" class=\"attachment-thumbnail size-thumbnail\" alt=\"\" \/><\/a>\n\t\t\t<\/div><\/figure>\n\t\t<\/div>\n\n","protected":false},"excerpt":{"rendered":"<p>Los pilotos de Avintia Racing han puesto el broche final al Campeonato del Mundo de MotoGP 2016 hoy en Valencia. H\u00e9ctor Barber\u00e1 ha luchado durante toda la carrera para terminar entre los diez primeros y a punto a estado de conseguirlo tras una intensa batalla en las \u00faltimas vueltas con \u00c1lvaro Bautista, aunque finalmente ha [&hellip;]<\/p>\n","protected":false},"author":6,"featured_media":842,"comment_status":"closed","ping_status":"closed","sticky":false,"template":"","format":"standard","meta":{"footnotes":""},"categories":[3],"tags":[],"class_list":["post-844","post","type-post","status-publish","format-standard","has-post-thumbnail","hentry","category-motogp"],"yoast_head":"<!-- This site is optimized with the Yoast SEO plugin v27.1.1 - https:\/\/yoast.com\/product\/yoast-seo-wordpress\/ -->\n<title>H\u00e9ctor Barber\u00e1 y Avintia Racing completan un gran a\u00f1o en Valencia - Esponsorama<\/title>\n<meta name=\"robots\" content=\"index, follow, max-snippet:-1, max-image-preview:large, max-video-preview:-1\" \/>\n<link rel=\"canonical\" href=\"http:\/\/esponsorama.ad\/es\/lhector-barbera-i-avintia-racing-completen-gran-any-valencia-2\/\" \/>\n<meta property=\"og:locale\" content=\"es_ES\" \/>\n<meta property=\"og:type\" content=\"article\" \/>\n<meta property=\"og:title\" content=\"H\u00e9ctor Barber\u00e1 y Avintia Racing completan un gran a\u00f1o en Valencia - Esponsorama\" \/>\n<meta property=\"og:description\" content=\"Los pilotos de Avintia Racing han puesto el broche final al Campeonato del Mundo de MotoGP 2016 hoy en Valencia. H\u00e9ctor Barber\u00e1 ha luchado durante toda la carrera para terminar entre los diez primeros y a punto a estado de conseguirlo tras una intensa batalla en las \u00faltimas vueltas con \u00c1lvaro Bautista, aunque finalmente ha [&hellip;]\" \/>\n<meta property=\"og:url\" content=\"http:\/\/esponsorama.ad\/es\/lhector-barbera-i-avintia-racing-completen-gran-any-valencia-2\/\" \/>\n<meta property=\"og:site_name\" content=\"Esponsorama\" \/>\n<meta property=\"article:published_time\" content=\"2016-11-13T13:23:48+00:00\" \/>\n<meta property=\"article:modified_time\" content=\"2016-11-15T11:27:40+00:00\" \/>\n<meta property=\"og:image\" content=\"http:\/\/esponsorama.ad\/wp-content\/uploads\/2016\/11\/18_VALENCIA-1730-1024x683.jpg\" \/>\n\t<meta property=\"og:image:width\" content=\"1024\" \/>\n\t<meta property=\"og:image:height\" content=\"683\" \/>\n\t<meta property=\"og:image:type\" content=\"image\/jpeg\" \/>\n<meta name=\"author\" content=\"Xavi Andornet\" \/>\n<meta name=\"twitter:card\" content=\"summary_large_image\" \/>\n<meta name=\"twitter:label1\" content=\"Escrito por\" \/>\n\t<meta name=\"twitter:data1\" content=\"Xavi Andornet\" \/>\n\t<meta name=\"twitter:label2\" content=\"Tiempo de lectura\" \/>\n\t<meta name=\"twitter:data2\" content=\"3 minutos\" \/>\n<script type=\"application\/ld+json\" class=\"yoast-schema-graph\">{\"@context\":\"https:\/\/schema.org\",\"@graph\":[{\"@type\":\"Article\",\"@id\":\"http:\/\/esponsorama.ad\/es\/lhector-barbera-i-avintia-racing-completen-gran-any-valencia-2\/#article\",\"isPartOf\":{\"@id\":\"http:\/\/esponsorama.ad\/es\/lhector-barbera-i-avintia-racing-completen-gran-any-valencia-2\/\"},\"author\":{\"name\":\"Xavi Andornet\",\"@id\":\"http:\/\/esponsorama.ad\/es\/#\/schema\/person\/a5cde74945183d737066e46b61c6f9c4\"},\"headline\":\"H\u00e9ctor Barber\u00e1 y Avintia Racing completan un gran a\u00f1o en Valencia\",\"datePublished\":\"2016-11-13T13:23:48+00:00\",\"dateModified\":\"2016-11-15T11:27:40+00:00\",\"mainEntityOfPage\":{\"@id\":\"http:\/\/esponsorama.ad\/es\/lhector-barbera-i-avintia-racing-completen-gran-any-valencia-2\/\"},\"wordCount\":572,\"image\":{\"@id\":\"http:\/\/esponsorama.ad\/es\/lhector-barbera-i-avintia-racing-completen-gran-any-valencia-2\/#primaryimage\"},\"thumbnailUrl\":\"http:\/\/esponsorama.ad\/wp-content\/uploads\/2016\/11\/18_VALENCIA-1730.jpg\",\"articleSection\":[\"MotoGP\"],\"inLanguage\":\"es\"},{\"@type\":\"WebPage\",\"@id\":\"http:\/\/esponsorama.ad\/es\/lhector-barbera-i-avintia-racing-completen-gran-any-valencia-2\/\",\"url\":\"http:\/\/esponsorama.ad\/es\/lhector-barbera-i-avintia-racing-completen-gran-any-valencia-2\/\",\"name\":\"H\u00e9ctor Barber\u00e1 y Avintia Racing completan un gran a\u00f1o en Valencia - Esponsorama\",\"isPartOf\":{\"@id\":\"http:\/\/esponsorama.ad\/es\/#website\"},\"primaryImageOfPage\":{\"@id\":\"http:\/\/esponsorama.ad\/es\/lhector-barbera-i-avintia-racing-completen-gran-any-valencia-2\/#primaryimage\"},\"image\":{\"@id\":\"http:\/\/esponsorama.ad\/es\/lhector-barbera-i-avintia-racing-completen-gran-any-valencia-2\/#primaryimage\"},\"thumbnailUrl\":\"http:\/\/esponsorama.ad\/wp-content\/uploads\/2016\/11\/18_VALENCIA-1730.jpg\",\"datePublished\":\"2016-11-13T13:23:48+00:00\",\"dateModified\":\"2016-11-15T11:27:40+00:00\",\"author\":{\"@id\":\"http:\/\/esponsorama.ad\/es\/#\/schema\/person\/a5cde74945183d737066e46b61c6f9c4\"},\"breadcrumb\":{\"@id\":\"http:\/\/esponsorama.ad\/es\/lhector-barbera-i-avintia-racing-completen-gran-any-valencia-2\/#breadcrumb\"},\"inLanguage\":\"es\",\"potentialAction\":[{\"@type\":\"ReadAction\",\"target\":[\"http:\/\/esponsorama.ad\/es\/lhector-barbera-i-avintia-racing-completen-gran-any-valencia-2\/\"]}]},{\"@type\":\"ImageObject\",\"inLanguage\":\"es\",\"@id\":\"http:\/\/esponsorama.ad\/es\/lhector-barbera-i-avintia-racing-completen-gran-any-valencia-2\/#primaryimage\",\"url\":\"http:\/\/esponsorama.ad\/wp-content\/uploads\/2016\/11\/18_VALENCIA-1730.jpg\",\"contentUrl\":\"http:\/\/esponsorama.ad\/wp-content\/uploads\/2016\/11\/18_VALENCIA-1730.jpg\",\"width\":5184,\"height\":3456},{\"@type\":\"BreadcrumbList\",\"@id\":\"http:\/\/esponsorama.ad\/es\/lhector-barbera-i-avintia-racing-completen-gran-any-valencia-2\/#breadcrumb\",\"itemListElement\":[{\"@type\":\"ListItem\",\"position\":1,\"name\":\"Home\",\"item\":\"http:\/\/esponsorama.ad\/es\/\"},{\"@type\":\"ListItem\",\"position\":2,\"name\":\"H\u00e9ctor Barber\u00e1 y Avintia Racing completan un gran a\u00f1o en Valencia\"}]},{\"@type\":\"WebSite\",\"@id\":\"http:\/\/esponsorama.ad\/es\/#website\",\"url\":\"http:\/\/esponsorama.ad\/es\/\",\"name\":\"Esponsorama\",\"description\":\"Specialist in motorsport sponsorship and event promotions\",\"potentialAction\":[{\"@type\":\"SearchAction\",\"target\":{\"@type\":\"EntryPoint\",\"urlTemplate\":\"http:\/\/esponsorama.ad\/es\/?s={search_term_string}\"},\"query-input\":{\"@type\":\"PropertyValueSpecification\",\"valueRequired\":true,\"valueName\":\"search_term_string\"}}],\"inLanguage\":\"es\"},{\"@type\":\"Person\",\"@id\":\"http:\/\/esponsorama.ad\/es\/#\/schema\/person\/a5cde74945183d737066e46b61c6f9c4\",\"name\":\"Xavi Andornet\",\"image\":{\"@type\":\"ImageObject\",\"inLanguage\":\"es\",\"@id\":\"http:\/\/esponsorama.ad\/es\/#\/schema\/person\/image\/\",\"url\":\"https:\/\/secure.gravatar.com\/avatar\/f10eaf9ad601244a2357c9fd7cd9805ed166cfaaf76d5d9ab08a9d873e70147a?s=96&d=mm&r=g\",\"contentUrl\":\"https:\/\/secure.gravatar.com\/avatar\/f10eaf9ad601244a2357c9fd7cd9805ed166cfaaf76d5d9ab08a9d873e70147a?s=96&d=mm&r=g\",\"caption\":\"Xavi Andornet\"},\"sameAs\":[\"http:\/\/www.andornet.ad\"],\"url\":\"http:\/\/esponsorama.ad\/es\/author\/andornet\/\"}]}<\/script>\n<!-- \/ Yoast SEO plugin. -->","yoast_head_json":{"title":"H\u00e9ctor Barber\u00e1 y Avintia Racing completan un gran a\u00f1o en Valencia - Esponsorama","robots":{"index":"index","follow":"follow","max-snippet":"max-snippet:-1","max-image-preview":"max-image-preview:large","max-video-preview":"max-video-preview:-1"},"canonical":"http:\/\/esponsorama.ad\/es\/lhector-barbera-i-avintia-racing-completen-gran-any-valencia-2\/","og_locale":"es_ES","og_type":"article","og_title":"H\u00e9ctor Barber\u00e1 y Avintia Racing completan un gran a\u00f1o en Valencia - Esponsorama","og_description":"Los pilotos de Avintia Racing han puesto el broche final al Campeonato del Mundo de MotoGP 2016 hoy en Valencia. H\u00e9ctor Barber\u00e1 ha luchado durante toda la carrera para terminar entre los diez primeros y a punto a estado de conseguirlo tras una intensa batalla en las \u00faltimas vueltas con \u00c1lvaro Bautista, aunque finalmente ha [&hellip;]","og_url":"http:\/\/esponsorama.ad\/es\/lhector-barbera-i-avintia-racing-completen-gran-any-valencia-2\/","og_site_name":"Esponsorama","article_published_time":"2016-11-13T13:23:48+00:00","article_modified_time":"2016-11-15T11:27:40+00:00","og_image":[{"width":1024,"height":683,"url":"http:\/\/esponsorama.ad\/wp-content\/uploads\/2016\/11\/18_VALENCIA-1730-1024x683.jpg","type":"image\/jpeg"}],"author":"Xavi Andornet","twitter_card":"summary_large_image","twitter_misc":{"Escrito por":"Xavi Andornet","Tiempo de lectura":"3 minutos"},"schema":{"@context":"https:\/\/schema.org","@graph":[{"@type":"Article","@id":"http:\/\/esponsorama.ad\/es\/lhector-barbera-i-avintia-racing-completen-gran-any-valencia-2\/#article","isPartOf":{"@id":"http:\/\/esponsorama.ad\/es\/lhector-barbera-i-avintia-racing-completen-gran-any-valencia-2\/"},"author":{"name":"Xavi Andornet","@id":"http:\/\/esponsorama.ad\/es\/#\/schema\/person\/a5cde74945183d737066e46b61c6f9c4"},"headline":"H\u00e9ctor Barber\u00e1 y Avintia Racing completan un gran a\u00f1o en Valencia","datePublished":"2016-11-13T13:23:48+00:00","dateModified":"2016-11-15T11:27:40+00:00","mainEntityOfPage":{"@id":"http:\/\/esponsorama.ad\/es\/lhector-barbera-i-avintia-racing-completen-gran-any-valencia-2\/"},"wordCount":572,"image":{"@id":"http:\/\/esponsorama.ad\/es\/lhector-barbera-i-avintia-racing-completen-gran-any-valencia-2\/#primaryimage"},"thumbnailUrl":"http:\/\/esponsorama.ad\/wp-content\/uploads\/2016\/11\/18_VALENCIA-1730.jpg","articleSection":["MotoGP"],"inLanguage":"es"},{"@type":"WebPage","@id":"http:\/\/esponsorama.ad\/es\/lhector-barbera-i-avintia-racing-completen-gran-any-valencia-2\/","url":"http:\/\/esponsorama.ad\/es\/lhector-barbera-i-avintia-racing-completen-gran-any-valencia-2\/","name":"H\u00e9ctor Barber\u00e1 y Avintia Racing completan un gran a\u00f1o en Valencia - Esponsorama","isPartOf":{"@id":"http:\/\/esponsorama.ad\/es\/#website"},"primaryImageOfPage":{"@id":"http:\/\/esponsorama.ad\/es\/lhector-barbera-i-avintia-racing-completen-gran-any-valencia-2\/#primaryimage"},"image":{"@id":"http:\/\/esponsorama.ad\/es\/lhector-barbera-i-avintia-racing-completen-gran-any-valencia-2\/#primaryimage"},"thumbnailUrl":"http:\/\/esponsorama.ad\/wp-content\/uploads\/2016\/11\/18_VALENCIA-1730.jpg","datePublished":"2016-11-13T13:23:48+00:00","dateModified":"2016-11-15T11:27:40+00:00","author":{"@id":"http:\/\/esponsorama.ad\/es\/#\/schema\/person\/a5cde74945183d737066e46b61c6f9c4"},"breadcrumb":{"@id":"http:\/\/esponsorama.ad\/es\/lhector-barbera-i-avintia-racing-completen-gran-any-valencia-2\/#breadcrumb"},"inLanguage":"es","potentialAction":[{"@type":"ReadAction","target":["http:\/\/esponsorama.ad\/es\/lhector-barbera-i-avintia-racing-completen-gran-any-valencia-2\/"]}]},{"@type":"ImageObject","inLanguage":"es","@id":"http:\/\/esponsorama.ad\/es\/lhector-barbera-i-avintia-racing-completen-gran-any-valencia-2\/#primaryimage","url":"http:\/\/esponsorama.ad\/wp-content\/uploads\/2016\/11\/18_VALENCIA-1730.jpg","contentUrl":"http:\/\/esponsorama.ad\/wp-content\/uploads\/2016\/11\/18_VALENCIA-1730.jpg","width":5184,"height":3456},{"@type":"BreadcrumbList","@id":"http:\/\/esponsorama.ad\/es\/lhector-barbera-i-avintia-racing-completen-gran-any-valencia-2\/#breadcrumb","itemListElement":[{"@type":"ListItem","position":1,"name":"Home","item":"http:\/\/esponsorama.ad\/es\/"},{"@type":"ListItem","position":2,"name":"H\u00e9ctor Barber\u00e1 y Avintia Racing completan un gran a\u00f1o en Valencia"}]},{"@type":"WebSite","@id":"http:\/\/esponsorama.ad\/es\/#website","url":"http:\/\/esponsorama.ad\/es\/","name":"Esponsorama","description":"Specialist in motorsport sponsorship and event promotions","potentialAction":[{"@type":"SearchAction","target":{"@type":"EntryPoint","urlTemplate":"http:\/\/esponsorama.ad\/es\/?s={search_term_string}"},"query-input":{"@type":"PropertyValueSpecification","valueRequired":true,"valueName":"search_term_string"}}],"inLanguage":"es"},{"@type":"Person","@id":"http:\/\/esponsorama.ad\/es\/#\/schema\/person\/a5cde74945183d737066e46b61c6f9c4","name":"Xavi Andornet","image":{"@type":"ImageObject","inLanguage":"es","@id":"http:\/\/esponsorama.ad\/es\/#\/schema\/person\/image\/","url":"https:\/\/secure.gravatar.com\/avatar\/f10eaf9ad601244a2357c9fd7cd9805ed166cfaaf76d5d9ab08a9d873e70147a?s=96&d=mm&r=g","contentUrl":"https:\/\/secure.gravatar.com\/avatar\/f10eaf9ad601244a2357c9fd7cd9805ed166cfaaf76d5d9ab08a9d873e70147a?s=96&d=mm&r=g","caption":"Xavi Andornet"},"sameAs":["http:\/\/www.andornet.ad"],"url":"http:\/\/esponsorama.ad\/es\/author\/andornet\/"}]}},"_links":{"self":[{"href":"http:\/\/esponsorama.ad\/es\/wp-json\/wp\/v2\/posts\/844","targetHints":{"allow":["GET"]}}],"collection":[{"href":"http:\/\/esponsorama.ad\/es\/wp-json\/wp\/v2\/posts"}],"about":[{"href":"http:\/\/esponsorama.ad\/es\/wp-json\/wp\/v2\/types\/post"}],"author":[{"embeddable":true,"href":"http:\/\/esponsorama.ad\/es\/wp-json\/wp\/v2\/users\/6"}],"replies":[{"embeddable":true,"href":"http:\/\/esponsorama.ad\/es\/wp-json\/wp\/v2\/comments?post=844"}],"version-history":[{"count":0,"href":"http:\/\/esponsorama.ad\/es\/wp-json\/wp\/v2\/posts\/844\/revisions"}],"wp:featuredmedia":[{"embeddable":true,"href":"http:\/\/esponsorama.ad\/es\/wp-json\/wp\/v2\/media\/842"}],"wp:attachment":[{"href":"http:\/\/esponsorama.ad\/es\/wp-json\/wp\/v2\/media?parent=844"}],"wp:term":[{"taxonomy":"category","embeddable":true,"href":"http:\/\/esponsorama.ad\/es\/wp-json\/wp\/v2\/categories?post=844"},{"taxonomy":"post_tag","embeddable":true,"href":"http:\/\/esponsorama.ad\/es\/wp-json\/wp\/v2\/tags?post=844"}],"curies":[{"name":"wp","href":"https:\/\/api.w.org\/{rel}","templated":true}]}}