{"id":8634,"date":"2018-03-24T20:55:51","date_gmt":"2018-03-24T18:55:51","guid":{"rendered":"http:\/\/esponsorama.ad\/?p=8634"},"modified":"2018-03-26T18:01:03","modified_gmt":"2018-03-26T16:01:03","slug":"reale-avintia-academy-consigue-barry-baltus-la-pole-la-european-talent-cup-estoril-2","status":"publish","type":"post","link":"http:\/\/esponsorama.ad\/es\/reale-avintia-academy-consigue-barry-baltus-la-pole-la-european-talent-cup-estoril-2\/","title":{"rendered":"Reale Avintia Academy consigue con Barry Baltus, la pole de la European Talent Cup en Estoril"},"content":{"rendered":"<p>Reale Avintia Academy se estrena por todo lo alto en Estoril, consiguiendo la pole en la Europen Talent Cup de la mano del Belga Barry Baltus; con un crono de 1\u201952.401. Barry, que desde el arranque de fin de semana en la cita de Estoril, se ha sentido c\u00f3modo con la moto, ma\u00f1ana tiene muchas opciones de llevarse alguna victoria.<\/p>\n<p>Tambi\u00e9n el equipo ha vivido la cara de la mala suerte con las ca\u00eddas de Andreas P\u00e9rez y Adri\u00e1n Huertas. Andreas se lesion\u00f3 en los entrenamientos del viernes con una rotura de su clav\u00edcula izquierda. Por su parte, Adri\u00e1n Huertas, que estaba destacando en los cronos de la European Talent Cup, se ha roto el c\u00fabito y radio. Ambos lamentan no poder continuar en la cita de Estoril pero esperan estar al 100% en la siguiente prueba, que ser\u00e1 en Valencia los pr\u00f3ximos 28 y 29 de abril.<\/p>\n<p>En Moto3 el mejor clasificado ha sido el valenciano Vicente P\u00e9rez, que con un d\u00e9cimo puesto en la parrilla de salida, sabe que ma\u00f1ana podr\u00e1 conseguir un gran resultado en carrera.<\/p>\n<p>Andrea Cavaliere saldr\u00e1 ma\u00f1ana desde la und\u00e9cima l\u00ednea en la parrilla de salida(P32), despu\u00e9s de conseguir un tiempo de 1\u201950.687. El italiano no ha conseguido optar por los puestos que esperaba, pero ma\u00f1ana luchar\u00e1 por recuperar y hacer un buen resultado.<\/p>\n<p>En la European Talent Cup tambi\u00e9n ha hecho un trabajo excepcional Carlos Tatay, que con un tiempo muy bueno (1\u201952.611) ma\u00f1ana arrancar\u00e1 tercero en carrera. El piloto est\u00e1 muy fuerte y el domingo dar\u00e1 espect\u00e1culo a todos.<\/p>\n<p>El alem\u00e1n Nicolas Czyba ha necesitado un paso m\u00e1s en los cronos de hoy. Con un tiempo de 1\u201956.447, el piloto se ha tenido que conformar con la P30. Iker Garc\u00eda, tambi\u00e9n ha necesitado estar m\u00e1s centrado y c\u00f3modo; el piloto se ha clasificado en la P43, con un tiempo de 1\u201957.378.<\/p>\n\n<p>\u201cEstoy muy feliz de estar en la pole porque ya en la primera carrera de la European Talent Cup conseguir estar en la cabeza es un gran logro. Gracias a todos porque la moto est\u00e1 perfecta. Conf\u00edo mucho en hacer una buena carrera ma\u00f1ana. Quiero agradecer tambi\u00e9n a Zeros porque gracias a su trabajo, yo puedo estar aqu\u00ed.\u201d<\/p>\n\n<p>\u201cHa sido un d\u00eda bastante productivo para nosotros, hemos empezado con buen ritmo desde el inicio. El primer crono ha sido bastante complicado, aunque \u00edbamos con neum\u00e1ticos de lluvia, pero estaba muy mojada la pista; hab\u00edan muchos parches. En los segundos ya las condiciones eran casi perfectas; hemos tirado fuerte con la goma nueva y clasificarnos en primera l\u00ednea de parrilla (3\u00ba) est\u00e1 muy bien para ser el arranque de campeonato.\u201d<\/p>\n\n<p><strong>\u201c <\/strong>Ha estado bien el entreno de hoy porque hemos tenido ritmo, pero nos ha faltado la vuelta r\u00e1pida. Ma\u00f1ana seguro que tendremos una carrera muy luchada y podremos optar por la victoria. En mi opini\u00f3n, tenemos uno de los ritmos m\u00e1s fuertes de la parrilla.<\/p>\n<p>&nbsp;<\/p>\n","protected":false},"excerpt":{"rendered":"<p>Reale Avintia Academy se estrena por todo lo alto en Estoril, consiguiendo la pole en la Europen Talent Cup de la mano del Belga Barry Baltus; con un crono de 1\u201952.401. Barry, que desde el arranque de fin de semana en la cita de Estoril, se ha sentido c\u00f3modo con la moto, ma\u00f1ana tiene muchas [&hellip;]<\/p>\n","protected":false},"author":6,"featured_media":8678,"comment_status":"closed","ping_status":"closed","sticky":false,"template":"","format":"standard","meta":{"footnotes":""},"categories":[10],"tags":[],"class_list":["post-8634","post","type-post","status-publish","format-standard","has-post-thumbnail","hentry","category-fim-cev"],"yoast_head":"<!-- This site is optimized with the Yoast SEO plugin v27.1.1 - https:\/\/yoast.com\/product\/yoast-seo-wordpress\/ -->\n<title>Reale Avintia Academy consigue con Barry Baltus, la pole de la European Talent Cup en Estoril - Esponsorama<\/title>\n<meta name=\"robots\" content=\"index, follow, max-snippet:-1, max-image-preview:large, max-video-preview:-1\" \/>\n<link rel=\"canonical\" href=\"http:\/\/esponsorama.ad\/es\/reale-avintia-academy-consigue-barry-baltus-la-pole-la-european-talent-cup-estoril-2\/\" \/>\n<meta property=\"og:locale\" content=\"es_ES\" \/>\n<meta property=\"og:type\" content=\"article\" \/>\n<meta property=\"og:title\" content=\"Reale Avintia Academy consigue con Barry Baltus, la pole de la European Talent Cup en Estoril - Esponsorama\" \/>\n<meta property=\"og:description\" content=\"Reale Avintia Academy se estrena por todo lo alto en Estoril, consiguiendo la pole en la Europen Talent Cup de la mano del Belga Barry Baltus; con un crono de 1\u201952.401. Barry, que desde el arranque de fin de semana en la cita de Estoril, se ha sentido c\u00f3modo con la moto, ma\u00f1ana tiene muchas [&hellip;]\" \/>\n<meta property=\"og:url\" content=\"http:\/\/esponsorama.ad\/es\/reale-avintia-academy-consigue-barry-baltus-la-pole-la-european-talent-cup-estoril-2\/\" \/>\n<meta property=\"og:site_name\" content=\"Esponsorama\" \/>\n<meta property=\"article:published_time\" content=\"2018-03-24T18:55:51+00:00\" \/>\n<meta property=\"article:modified_time\" content=\"2018-03-26T16:01:03+00:00\" \/>\n<meta property=\"og:image\" content=\"http:\/\/esponsorama.ad\/wp-content\/uploads\/2018\/03\/barry-1024x824.jpg\" \/>\n\t<meta property=\"og:image:width\" content=\"1024\" \/>\n\t<meta property=\"og:image:height\" content=\"824\" \/>\n\t<meta property=\"og:image:type\" content=\"image\/jpeg\" \/>\n<meta name=\"author\" content=\"Xavi Andornet\" \/>\n<meta name=\"twitter:card\" content=\"summary_large_image\" \/>\n<meta name=\"twitter:label1\" content=\"Escrito por\" \/>\n\t<meta name=\"twitter:data1\" content=\"Xavi Andornet\" \/>\n\t<meta name=\"twitter:label2\" content=\"Tiempo de lectura\" \/>\n\t<meta name=\"twitter:data2\" content=\"3 minutos\" \/>\n<script type=\"application\/ld+json\" class=\"yoast-schema-graph\">{\"@context\":\"https:\/\/schema.org\",\"@graph\":[{\"@type\":\"Article\",\"@id\":\"http:\/\/esponsorama.ad\/es\/reale-avintia-academy-consigue-barry-baltus-la-pole-la-european-talent-cup-estoril-2\/#article\",\"isPartOf\":{\"@id\":\"http:\/\/esponsorama.ad\/es\/reale-avintia-academy-consigue-barry-baltus-la-pole-la-european-talent-cup-estoril-2\/\"},\"author\":{\"name\":\"Xavi Andornet\",\"@id\":\"http:\/\/esponsorama.ad\/es\/#\/schema\/person\/a5cde74945183d737066e46b61c6f9c4\"},\"headline\":\"Reale Avintia Academy consigue con Barry Baltus, la pole de la European Talent Cup en Estoril\",\"datePublished\":\"2018-03-24T18:55:51+00:00\",\"dateModified\":\"2018-03-26T16:01:03+00:00\",\"mainEntityOfPage\":{\"@id\":\"http:\/\/esponsorama.ad\/es\/reale-avintia-academy-consigue-barry-baltus-la-pole-la-european-talent-cup-estoril-2\/\"},\"wordCount\":542,\"image\":{\"@id\":\"http:\/\/esponsorama.ad\/es\/reale-avintia-academy-consigue-barry-baltus-la-pole-la-european-talent-cup-estoril-2\/#primaryimage\"},\"thumbnailUrl\":\"http:\/\/esponsorama.ad\/wp-content\/uploads\/2018\/03\/barry.jpg\",\"articleSection\":[\"FIM CEV\"],\"inLanguage\":\"es\"},{\"@type\":\"WebPage\",\"@id\":\"http:\/\/esponsorama.ad\/es\/reale-avintia-academy-consigue-barry-baltus-la-pole-la-european-talent-cup-estoril-2\/\",\"url\":\"http:\/\/esponsorama.ad\/es\/reale-avintia-academy-consigue-barry-baltus-la-pole-la-european-talent-cup-estoril-2\/\",\"name\":\"Reale Avintia Academy consigue con Barry Baltus, la pole de la European Talent Cup en Estoril - Esponsorama\",\"isPartOf\":{\"@id\":\"http:\/\/esponsorama.ad\/es\/#website\"},\"primaryImageOfPage\":{\"@id\":\"http:\/\/esponsorama.ad\/es\/reale-avintia-academy-consigue-barry-baltus-la-pole-la-european-talent-cup-estoril-2\/#primaryimage\"},\"image\":{\"@id\":\"http:\/\/esponsorama.ad\/es\/reale-avintia-academy-consigue-barry-baltus-la-pole-la-european-talent-cup-estoril-2\/#primaryimage\"},\"thumbnailUrl\":\"http:\/\/esponsorama.ad\/wp-content\/uploads\/2018\/03\/barry.jpg\",\"datePublished\":\"2018-03-24T18:55:51+00:00\",\"dateModified\":\"2018-03-26T16:01:03+00:00\",\"author\":{\"@id\":\"http:\/\/esponsorama.ad\/es\/#\/schema\/person\/a5cde74945183d737066e46b61c6f9c4\"},\"breadcrumb\":{\"@id\":\"http:\/\/esponsorama.ad\/es\/reale-avintia-academy-consigue-barry-baltus-la-pole-la-european-talent-cup-estoril-2\/#breadcrumb\"},\"inLanguage\":\"es\",\"potentialAction\":[{\"@type\":\"ReadAction\",\"target\":[\"http:\/\/esponsorama.ad\/es\/reale-avintia-academy-consigue-barry-baltus-la-pole-la-european-talent-cup-estoril-2\/\"]}]},{\"@type\":\"ImageObject\",\"inLanguage\":\"es\",\"@id\":\"http:\/\/esponsorama.ad\/es\/reale-avintia-academy-consigue-barry-baltus-la-pole-la-european-talent-cup-estoril-2\/#primaryimage\",\"url\":\"http:\/\/esponsorama.ad\/wp-content\/uploads\/2018\/03\/barry.jpg\",\"contentUrl\":\"http:\/\/esponsorama.ad\/wp-content\/uploads\/2018\/03\/barry.jpg\",\"width\":2944,\"height\":2368},{\"@type\":\"BreadcrumbList\",\"@id\":\"http:\/\/esponsorama.ad\/es\/reale-avintia-academy-consigue-barry-baltus-la-pole-la-european-talent-cup-estoril-2\/#breadcrumb\",\"itemListElement\":[{\"@type\":\"ListItem\",\"position\":1,\"name\":\"Home\",\"item\":\"http:\/\/esponsorama.ad\/ca\/\"},{\"@type\":\"ListItem\",\"position\":2,\"name\":\"Reale Avintia Academy consigue con Barry Baltus, la pole de la European Talent Cup en Estoril\"}]},{\"@type\":\"WebSite\",\"@id\":\"http:\/\/esponsorama.ad\/es\/#website\",\"url\":\"http:\/\/esponsorama.ad\/es\/\",\"name\":\"Esponsorama\",\"description\":\"Specialist in motorsport sponsorship and event promotions\",\"potentialAction\":[{\"@type\":\"SearchAction\",\"target\":{\"@type\":\"EntryPoint\",\"urlTemplate\":\"http:\/\/esponsorama.ad\/es\/?s={search_term_string}\"},\"query-input\":{\"@type\":\"PropertyValueSpecification\",\"valueRequired\":true,\"valueName\":\"search_term_string\"}}],\"inLanguage\":\"es\"},{\"@type\":\"Person\",\"@id\":\"http:\/\/esponsorama.ad\/es\/#\/schema\/person\/a5cde74945183d737066e46b61c6f9c4\",\"name\":\"Xavi Andornet\",\"image\":{\"@type\":\"ImageObject\",\"inLanguage\":\"es\",\"@id\":\"http:\/\/esponsorama.ad\/es\/#\/schema\/person\/image\/\",\"url\":\"https:\/\/secure.gravatar.com\/avatar\/f10eaf9ad601244a2357c9fd7cd9805ed166cfaaf76d5d9ab08a9d873e70147a?s=96&d=mm&r=g\",\"contentUrl\":\"https:\/\/secure.gravatar.com\/avatar\/f10eaf9ad601244a2357c9fd7cd9805ed166cfaaf76d5d9ab08a9d873e70147a?s=96&d=mm&r=g\",\"caption\":\"Xavi Andornet\"},\"sameAs\":[\"http:\/\/www.andornet.ad\"],\"url\":\"http:\/\/esponsorama.ad\/es\/author\/andornet\/\"}]}<\/script>\n<!-- \/ Yoast SEO plugin. -->","yoast_head_json":{"title":"Reale Avintia Academy consigue con Barry Baltus, la pole de la European Talent Cup en Estoril - Esponsorama","robots":{"index":"index","follow":"follow","max-snippet":"max-snippet:-1","max-image-preview":"max-image-preview:large","max-video-preview":"max-video-preview:-1"},"canonical":"http:\/\/esponsorama.ad\/es\/reale-avintia-academy-consigue-barry-baltus-la-pole-la-european-talent-cup-estoril-2\/","og_locale":"es_ES","og_type":"article","og_title":"Reale Avintia Academy consigue con Barry Baltus, la pole de la European Talent Cup en Estoril - Esponsorama","og_description":"Reale Avintia Academy se estrena por todo lo alto en Estoril, consiguiendo la pole en la Europen Talent Cup de la mano del Belga Barry Baltus; con un crono de 1\u201952.401. Barry, que desde el arranque de fin de semana en la cita de Estoril, se ha sentido c\u00f3modo con la moto, ma\u00f1ana tiene muchas [&hellip;]","og_url":"http:\/\/esponsorama.ad\/es\/reale-avintia-academy-consigue-barry-baltus-la-pole-la-european-talent-cup-estoril-2\/","og_site_name":"Esponsorama","article_published_time":"2018-03-24T18:55:51+00:00","article_modified_time":"2018-03-26T16:01:03+00:00","og_image":[{"width":1024,"height":824,"url":"http:\/\/esponsorama.ad\/wp-content\/uploads\/2018\/03\/barry-1024x824.jpg","type":"image\/jpeg"}],"author":"Xavi Andornet","twitter_card":"summary_large_image","twitter_misc":{"Escrito por":"Xavi Andornet","Tiempo de lectura":"3 minutos"},"schema":{"@context":"https:\/\/schema.org","@graph":[{"@type":"Article","@id":"http:\/\/esponsorama.ad\/es\/reale-avintia-academy-consigue-barry-baltus-la-pole-la-european-talent-cup-estoril-2\/#article","isPartOf":{"@id":"http:\/\/esponsorama.ad\/es\/reale-avintia-academy-consigue-barry-baltus-la-pole-la-european-talent-cup-estoril-2\/"},"author":{"name":"Xavi Andornet","@id":"http:\/\/esponsorama.ad\/es\/#\/schema\/person\/a5cde74945183d737066e46b61c6f9c4"},"headline":"Reale Avintia Academy consigue con Barry Baltus, la pole de la European Talent Cup en Estoril","datePublished":"2018-03-24T18:55:51+00:00","dateModified":"2018-03-26T16:01:03+00:00","mainEntityOfPage":{"@id":"http:\/\/esponsorama.ad\/es\/reale-avintia-academy-consigue-barry-baltus-la-pole-la-european-talent-cup-estoril-2\/"},"wordCount":542,"image":{"@id":"http:\/\/esponsorama.ad\/es\/reale-avintia-academy-consigue-barry-baltus-la-pole-la-european-talent-cup-estoril-2\/#primaryimage"},"thumbnailUrl":"http:\/\/esponsorama.ad\/wp-content\/uploads\/2018\/03\/barry.jpg","articleSection":["FIM CEV"],"inLanguage":"es"},{"@type":"WebPage","@id":"http:\/\/esponsorama.ad\/es\/reale-avintia-academy-consigue-barry-baltus-la-pole-la-european-talent-cup-estoril-2\/","url":"http:\/\/esponsorama.ad\/es\/reale-avintia-academy-consigue-barry-baltus-la-pole-la-european-talent-cup-estoril-2\/","name":"Reale Avintia Academy consigue con Barry Baltus, la pole de la European Talent Cup en Estoril - Esponsorama","isPartOf":{"@id":"http:\/\/esponsorama.ad\/es\/#website"},"primaryImageOfPage":{"@id":"http:\/\/esponsorama.ad\/es\/reale-avintia-academy-consigue-barry-baltus-la-pole-la-european-talent-cup-estoril-2\/#primaryimage"},"image":{"@id":"http:\/\/esponsorama.ad\/es\/reale-avintia-academy-consigue-barry-baltus-la-pole-la-european-talent-cup-estoril-2\/#primaryimage"},"thumbnailUrl":"http:\/\/esponsorama.ad\/wp-content\/uploads\/2018\/03\/barry.jpg","datePublished":"2018-03-24T18:55:51+00:00","dateModified":"2018-03-26T16:01:03+00:00","author":{"@id":"http:\/\/esponsorama.ad\/es\/#\/schema\/person\/a5cde74945183d737066e46b61c6f9c4"},"breadcrumb":{"@id":"http:\/\/esponsorama.ad\/es\/reale-avintia-academy-consigue-barry-baltus-la-pole-la-european-talent-cup-estoril-2\/#breadcrumb"},"inLanguage":"es","potentialAction":[{"@type":"ReadAction","target":["http:\/\/esponsorama.ad\/es\/reale-avintia-academy-consigue-barry-baltus-la-pole-la-european-talent-cup-estoril-2\/"]}]},{"@type":"ImageObject","inLanguage":"es","@id":"http:\/\/esponsorama.ad\/es\/reale-avintia-academy-consigue-barry-baltus-la-pole-la-european-talent-cup-estoril-2\/#primaryimage","url":"http:\/\/esponsorama.ad\/wp-content\/uploads\/2018\/03\/barry.jpg","contentUrl":"http:\/\/esponsorama.ad\/wp-content\/uploads\/2018\/03\/barry.jpg","width":2944,"height":2368},{"@type":"BreadcrumbList","@id":"http:\/\/esponsorama.ad\/es\/reale-avintia-academy-consigue-barry-baltus-la-pole-la-european-talent-cup-estoril-2\/#breadcrumb","itemListElement":[{"@type":"ListItem","position":1,"name":"Home","item":"http:\/\/esponsorama.ad\/ca\/"},{"@type":"ListItem","position":2,"name":"Reale Avintia Academy consigue con Barry Baltus, la pole de la European Talent Cup en Estoril"}]},{"@type":"WebSite","@id":"http:\/\/esponsorama.ad\/es\/#website","url":"http:\/\/esponsorama.ad\/es\/","name":"Esponsorama","description":"Specialist in motorsport sponsorship and event promotions","potentialAction":[{"@type":"SearchAction","target":{"@type":"EntryPoint","urlTemplate":"http:\/\/esponsorama.ad\/es\/?s={search_term_string}"},"query-input":{"@type":"PropertyValueSpecification","valueRequired":true,"valueName":"search_term_string"}}],"inLanguage":"es"},{"@type":"Person","@id":"http:\/\/esponsorama.ad\/es\/#\/schema\/person\/a5cde74945183d737066e46b61c6f9c4","name":"Xavi Andornet","image":{"@type":"ImageObject","inLanguage":"es","@id":"http:\/\/esponsorama.ad\/es\/#\/schema\/person\/image\/","url":"https:\/\/secure.gravatar.com\/avatar\/f10eaf9ad601244a2357c9fd7cd9805ed166cfaaf76d5d9ab08a9d873e70147a?s=96&d=mm&r=g","contentUrl":"https:\/\/secure.gravatar.com\/avatar\/f10eaf9ad601244a2357c9fd7cd9805ed166cfaaf76d5d9ab08a9d873e70147a?s=96&d=mm&r=g","caption":"Xavi Andornet"},"sameAs":["http:\/\/www.andornet.ad"],"url":"http:\/\/esponsorama.ad\/es\/author\/andornet\/"}]}},"_links":{"self":[{"href":"http:\/\/esponsorama.ad\/es\/wp-json\/wp\/v2\/posts\/8634","targetHints":{"allow":["GET"]}}],"collection":[{"href":"http:\/\/esponsorama.ad\/es\/wp-json\/wp\/v2\/posts"}],"about":[{"href":"http:\/\/esponsorama.ad\/es\/wp-json\/wp\/v2\/types\/post"}],"author":[{"embeddable":true,"href":"http:\/\/esponsorama.ad\/es\/wp-json\/wp\/v2\/users\/6"}],"replies":[{"embeddable":true,"href":"http:\/\/esponsorama.ad\/es\/wp-json\/wp\/v2\/comments?post=8634"}],"version-history":[{"count":0,"href":"http:\/\/esponsorama.ad\/es\/wp-json\/wp\/v2\/posts\/8634\/revisions"}],"wp:featuredmedia":[{"embeddable":true,"href":"http:\/\/esponsorama.ad\/es\/wp-json\/wp\/v2\/media\/8678"}],"wp:attachment":[{"href":"http:\/\/esponsorama.ad\/es\/wp-json\/wp\/v2\/media?parent=8634"}],"wp:term":[{"taxonomy":"category","embeddable":true,"href":"http:\/\/esponsorama.ad\/es\/wp-json\/wp\/v2\/categories?post=8634"},{"taxonomy":"post_tag","embeddable":true,"href":"http:\/\/esponsorama.ad\/es\/wp-json\/wp\/v2\/tags?post=8634"}],"curies":[{"name":"wp","href":"https:\/\/api.w.org\/{rel}","templated":true}]}}