{"id":8972,"date":"2018-04-20T00:13:42","date_gmt":"2018-04-19T22:13:42","guid":{"rendered":"http:\/\/esponsorama.ad\/?p=8972"},"modified":"2018-04-21T19:34:11","modified_gmt":"2018-04-21T17:34:11","slug":"tito-rabat-comienza-fuerte-primer-dia-circuito-las-americas-2","status":"publish","type":"post","link":"http:\/\/esponsorama.ad\/es\/tito-rabat-comienza-fuerte-primer-dia-circuito-las-americas-2\/","title":{"rendered":"Tito Rabat comienza fuerte el primer d\u00eda en el Circuito de las Am\u00e9ricas"},"content":{"rendered":"<p><strong>MotoGP GP de las Am\u00e9ricas \u2013 COTA<\/strong><\/p>\n<p>El piloto del equipo Reale Avintia Racing, Tito Rabat, ha comenzado fuerte el primer d\u00eda de entrenamientos libres en el Circuito de las Am\u00e9ricas. El piloto espa\u00f1ol sigue aumentado su confianza con su Ducati GP17 cada vez que sale a pista y hoy ha estado todo el d\u00eda entre los diez m\u00e1s r\u00e1pidos. Solo al final de cada sesi\u00f3n se ha visto desplazado y ha terminado el d\u00eda duod\u00e9cimo a pesar de sufrir una fuerte ca\u00edda, afortunadamente sin consecuencias f\u00edsicas. Ma\u00f1ana, si finalmente no llueve, Rabat espera poder pasar directo a la Q2.<\/p>\n<p>Para su compa\u00f1ero Xavier Simeon hoy todo ha sido nuevo. Para el \u2018rookie\u2019 belga el Circuito de las Am\u00e9ricas parece un nuevo trazado sobre la MotoGP. En la primera sesi\u00f3n ha sufrido un poco, pero luego cada vez ha pilotado m\u00e1s fluido y ha mejorado sus sensaciones. Ma\u00f1ana espera dar otro paso adelante y luchar por un buen puesto la parrilla para la carrera del domingo.<\/p>\n<p><strong><\/strong><\/p>\n<p>\u00abHa sido un d\u00eda muy positivo. Cre\u00eda que me costar\u00eda much\u00edsimo, pero ha ido mucho mejor de\u00a0 lo que esperaba. Por la ma\u00f1ana la pista estaba muy mal y ya por la tarde las condiciones han mejorado y hab\u00eda menos polvo. He tenido mucha confianza y he estado muy c\u00f3modo durante todo el d\u00eda. Esta tarde he sufrido una ca\u00edda, pero he vuelto a pista y enseguida he vuelto a coger el ritmo. Mi objetivo ma\u00f1ana es hacerlo bien en el FP3 para poder pasar directo a la Q2\u00bb.<\/p>\n<p><strong><\/strong><\/p>\n<p>\u201cMe ha costado mucho entender esta pista con a pista con la Ducati y no me encontrado a gusto en la primera sesi\u00f3n.\u00a0En la segunda todo ha ido mucho mejor. Me faltan muchas cosas por mejorar, sobre todo en mi posici\u00f3n encima de la moto porque ahora sigo un poco r\u00edgido y este circuito es muy exigente f\u00edsicamente. Si consigo esto, puedo avanzar bastante.\u00a0Tengo que ir m\u00e1s relajado para poder ir r\u00e1pido. La Ducati es una de las motos m\u00e1s complicadas para pilotar aqu\u00ed, especialmente en el primer sector, cuesta hacer r\u00e1pido los cambios de direcci\u00f3n\u201d.<\/p>\n","protected":false},"excerpt":{"rendered":"<p>MotoGP GP de las Am\u00e9ricas \u2013 COTA El piloto del equipo Reale Avintia Racing, Tito Rabat, ha comenzado fuerte el primer d\u00eda de entrenamientos libres en el Circuito de las Am\u00e9ricas. El piloto espa\u00f1ol sigue aumentado su confianza con su Ducati GP17 cada vez que sale a pista y hoy ha estado todo el d\u00eda [&hellip;]<\/p>\n","protected":false},"author":6,"featured_media":9003,"comment_status":"closed","ping_status":"closed","sticky":false,"template":"","format":"standard","meta":{"footnotes":""},"categories":[3],"tags":[],"class_list":["post-8972","post","type-post","status-publish","format-standard","has-post-thumbnail","hentry","category-motogp"],"yoast_head":"<!-- This site is optimized with the Yoast SEO plugin v27.1.1 - https:\/\/yoast.com\/product\/yoast-seo-wordpress\/ -->\n<title>Tito Rabat comienza fuerte el primer d\u00eda en el Circuito de las Am\u00e9ricas - Esponsorama<\/title>\n<meta name=\"robots\" content=\"index, follow, max-snippet:-1, max-image-preview:large, max-video-preview:-1\" \/>\n<link rel=\"canonical\" href=\"http:\/\/esponsorama.ad\/es\/tito-rabat-comienza-fuerte-primer-dia-circuito-las-americas-2\/\" \/>\n<meta property=\"og:locale\" content=\"es_ES\" \/>\n<meta property=\"og:type\" content=\"article\" \/>\n<meta property=\"og:title\" content=\"Tito Rabat comienza fuerte el primer d\u00eda en el Circuito de las Am\u00e9ricas - Esponsorama\" \/>\n<meta property=\"og:description\" content=\"MotoGP GP de las Am\u00e9ricas \u2013 COTA El piloto del equipo Reale Avintia Racing, Tito Rabat, ha comenzado fuerte el primer d\u00eda de entrenamientos libres en el Circuito de las Am\u00e9ricas. El piloto espa\u00f1ol sigue aumentado su confianza con su Ducati GP17 cada vez que sale a pista y hoy ha estado todo el d\u00eda [&hellip;]\" \/>\n<meta property=\"og:url\" content=\"http:\/\/esponsorama.ad\/es\/tito-rabat-comienza-fuerte-primer-dia-circuito-las-americas-2\/\" \/>\n<meta property=\"og:site_name\" content=\"Esponsorama\" \/>\n<meta property=\"article:published_time\" content=\"2018-04-19T22:13:42+00:00\" \/>\n<meta property=\"article:modified_time\" content=\"2018-04-21T17:34:11+00:00\" \/>\n<meta property=\"og:image\" content=\"http:\/\/esponsorama.ad\/wp-content\/uploads\/2018\/04\/03Austin18MgpESPONSORAMA_JOC3759.jpg\" \/>\n\t<meta property=\"og:image:width\" content=\"5184\" \/>\n\t<meta property=\"og:image:height\" content=\"3456\" \/>\n\t<meta property=\"og:image:type\" content=\"image\/jpeg\" \/>\n<meta name=\"author\" content=\"Xavi Andornet\" \/>\n<meta name=\"twitter:card\" content=\"summary_large_image\" \/>\n<meta name=\"twitter:label1\" content=\"Escrito por\" \/>\n\t<meta name=\"twitter:data1\" content=\"Xavi Andornet\" \/>\n\t<meta name=\"twitter:label2\" content=\"Tiempo de lectura\" \/>\n\t<meta name=\"twitter:data2\" content=\"2 minutos\" \/>\n<script type=\"application\/ld+json\" class=\"yoast-schema-graph\">{\"@context\":\"https:\/\/schema.org\",\"@graph\":[{\"@type\":\"Article\",\"@id\":\"http:\/\/esponsorama.ad\/es\/tito-rabat-comienza-fuerte-primer-dia-circuito-las-americas-2\/#article\",\"isPartOf\":{\"@id\":\"http:\/\/esponsorama.ad\/es\/tito-rabat-comienza-fuerte-primer-dia-circuito-las-americas-2\/\"},\"author\":{\"name\":\"Xavi Andornet\",\"@id\":\"http:\/\/esponsorama.ad\/es\/#\/schema\/person\/a5cde74945183d737066e46b61c6f9c4\"},\"headline\":\"Tito Rabat comienza fuerte el primer d\u00eda en el Circuito de las Am\u00e9ricas\",\"datePublished\":\"2018-04-19T22:13:42+00:00\",\"dateModified\":\"2018-04-21T17:34:11+00:00\",\"mainEntityOfPage\":{\"@id\":\"http:\/\/esponsorama.ad\/es\/tito-rabat-comienza-fuerte-primer-dia-circuito-las-americas-2\/\"},\"wordCount\":414,\"image\":{\"@id\":\"http:\/\/esponsorama.ad\/es\/tito-rabat-comienza-fuerte-primer-dia-circuito-las-americas-2\/#primaryimage\"},\"thumbnailUrl\":\"http:\/\/esponsorama.ad\/wp-content\/uploads\/2018\/04\/03Austin18MgpESPONSORAMA_JOC3759.jpg\",\"articleSection\":[\"MotoGP\"],\"inLanguage\":\"es\"},{\"@type\":\"WebPage\",\"@id\":\"http:\/\/esponsorama.ad\/es\/tito-rabat-comienza-fuerte-primer-dia-circuito-las-americas-2\/\",\"url\":\"http:\/\/esponsorama.ad\/es\/tito-rabat-comienza-fuerte-primer-dia-circuito-las-americas-2\/\",\"name\":\"Tito Rabat comienza fuerte el primer d\u00eda en el Circuito de las Am\u00e9ricas - Esponsorama\",\"isPartOf\":{\"@id\":\"http:\/\/esponsorama.ad\/es\/#website\"},\"primaryImageOfPage\":{\"@id\":\"http:\/\/esponsorama.ad\/es\/tito-rabat-comienza-fuerte-primer-dia-circuito-las-americas-2\/#primaryimage\"},\"image\":{\"@id\":\"http:\/\/esponsorama.ad\/es\/tito-rabat-comienza-fuerte-primer-dia-circuito-las-americas-2\/#primaryimage\"},\"thumbnailUrl\":\"http:\/\/esponsorama.ad\/wp-content\/uploads\/2018\/04\/03Austin18MgpESPONSORAMA_JOC3759.jpg\",\"datePublished\":\"2018-04-19T22:13:42+00:00\",\"dateModified\":\"2018-04-21T17:34:11+00:00\",\"author\":{\"@id\":\"http:\/\/esponsorama.ad\/es\/#\/schema\/person\/a5cde74945183d737066e46b61c6f9c4\"},\"breadcrumb\":{\"@id\":\"http:\/\/esponsorama.ad\/es\/tito-rabat-comienza-fuerte-primer-dia-circuito-las-americas-2\/#breadcrumb\"},\"inLanguage\":\"es\",\"potentialAction\":[{\"@type\":\"ReadAction\",\"target\":[\"http:\/\/esponsorama.ad\/es\/tito-rabat-comienza-fuerte-primer-dia-circuito-las-americas-2\/\"]}]},{\"@type\":\"ImageObject\",\"inLanguage\":\"es\",\"@id\":\"http:\/\/esponsorama.ad\/es\/tito-rabat-comienza-fuerte-primer-dia-circuito-las-americas-2\/#primaryimage\",\"url\":\"http:\/\/esponsorama.ad\/wp-content\/uploads\/2018\/04\/03Austin18MgpESPONSORAMA_JOC3759.jpg\",\"contentUrl\":\"http:\/\/esponsorama.ad\/wp-content\/uploads\/2018\/04\/03Austin18MgpESPONSORAMA_JOC3759.jpg\",\"width\":5184,\"height\":3456,\"caption\":\"03 GP Austin 19, 20, 21 y 22 de abril de 2018, circuito de las Americas, COTA, Austin, Texas MotoGP, motogp, mgp, MOTOGP\"},{\"@type\":\"BreadcrumbList\",\"@id\":\"http:\/\/esponsorama.ad\/es\/tito-rabat-comienza-fuerte-primer-dia-circuito-las-americas-2\/#breadcrumb\",\"itemListElement\":[{\"@type\":\"ListItem\",\"position\":1,\"name\":\"Home\",\"item\":\"http:\/\/esponsorama.ad\/es\/\"},{\"@type\":\"ListItem\",\"position\":2,\"name\":\"Tito Rabat comienza fuerte el primer d\u00eda en el Circuito de las Am\u00e9ricas\"}]},{\"@type\":\"WebSite\",\"@id\":\"http:\/\/esponsorama.ad\/es\/#website\",\"url\":\"http:\/\/esponsorama.ad\/es\/\",\"name\":\"Esponsorama\",\"description\":\"Specialist in motorsport sponsorship and event promotions\",\"potentialAction\":[{\"@type\":\"SearchAction\",\"target\":{\"@type\":\"EntryPoint\",\"urlTemplate\":\"http:\/\/esponsorama.ad\/es\/?s={search_term_string}\"},\"query-input\":{\"@type\":\"PropertyValueSpecification\",\"valueRequired\":true,\"valueName\":\"search_term_string\"}}],\"inLanguage\":\"es\"},{\"@type\":\"Person\",\"@id\":\"http:\/\/esponsorama.ad\/es\/#\/schema\/person\/a5cde74945183d737066e46b61c6f9c4\",\"name\":\"Xavi Andornet\",\"image\":{\"@type\":\"ImageObject\",\"inLanguage\":\"es\",\"@id\":\"http:\/\/esponsorama.ad\/es\/#\/schema\/person\/image\/\",\"url\":\"https:\/\/secure.gravatar.com\/avatar\/f10eaf9ad601244a2357c9fd7cd9805ed166cfaaf76d5d9ab08a9d873e70147a?s=96&d=mm&r=g\",\"contentUrl\":\"https:\/\/secure.gravatar.com\/avatar\/f10eaf9ad601244a2357c9fd7cd9805ed166cfaaf76d5d9ab08a9d873e70147a?s=96&d=mm&r=g\",\"caption\":\"Xavi Andornet\"},\"sameAs\":[\"http:\/\/www.andornet.ad\"],\"url\":\"http:\/\/esponsorama.ad\/es\/author\/andornet\/\"}]}<\/script>\n<!-- \/ Yoast SEO plugin. -->","yoast_head_json":{"title":"Tito Rabat comienza fuerte el primer d\u00eda en el Circuito de las Am\u00e9ricas - Esponsorama","robots":{"index":"index","follow":"follow","max-snippet":"max-snippet:-1","max-image-preview":"max-image-preview:large","max-video-preview":"max-video-preview:-1"},"canonical":"http:\/\/esponsorama.ad\/es\/tito-rabat-comienza-fuerte-primer-dia-circuito-las-americas-2\/","og_locale":"es_ES","og_type":"article","og_title":"Tito Rabat comienza fuerte el primer d\u00eda en el Circuito de las Am\u00e9ricas - Esponsorama","og_description":"MotoGP GP de las Am\u00e9ricas \u2013 COTA El piloto del equipo Reale Avintia Racing, Tito Rabat, ha comenzado fuerte el primer d\u00eda de entrenamientos libres en el Circuito de las Am\u00e9ricas. El piloto espa\u00f1ol sigue aumentado su confianza con su Ducati GP17 cada vez que sale a pista y hoy ha estado todo el d\u00eda [&hellip;]","og_url":"http:\/\/esponsorama.ad\/es\/tito-rabat-comienza-fuerte-primer-dia-circuito-las-americas-2\/","og_site_name":"Esponsorama","article_published_time":"2018-04-19T22:13:42+00:00","article_modified_time":"2018-04-21T17:34:11+00:00","og_image":[{"width":5184,"height":3456,"url":"http:\/\/esponsorama.ad\/wp-content\/uploads\/2018\/04\/03Austin18MgpESPONSORAMA_JOC3759.jpg","type":"image\/jpeg"}],"author":"Xavi Andornet","twitter_card":"summary_large_image","twitter_misc":{"Escrito por":"Xavi Andornet","Tiempo de lectura":"2 minutos"},"schema":{"@context":"https:\/\/schema.org","@graph":[{"@type":"Article","@id":"http:\/\/esponsorama.ad\/es\/tito-rabat-comienza-fuerte-primer-dia-circuito-las-americas-2\/#article","isPartOf":{"@id":"http:\/\/esponsorama.ad\/es\/tito-rabat-comienza-fuerte-primer-dia-circuito-las-americas-2\/"},"author":{"name":"Xavi Andornet","@id":"http:\/\/esponsorama.ad\/es\/#\/schema\/person\/a5cde74945183d737066e46b61c6f9c4"},"headline":"Tito Rabat comienza fuerte el primer d\u00eda en el Circuito de las Am\u00e9ricas","datePublished":"2018-04-19T22:13:42+00:00","dateModified":"2018-04-21T17:34:11+00:00","mainEntityOfPage":{"@id":"http:\/\/esponsorama.ad\/es\/tito-rabat-comienza-fuerte-primer-dia-circuito-las-americas-2\/"},"wordCount":414,"image":{"@id":"http:\/\/esponsorama.ad\/es\/tito-rabat-comienza-fuerte-primer-dia-circuito-las-americas-2\/#primaryimage"},"thumbnailUrl":"http:\/\/esponsorama.ad\/wp-content\/uploads\/2018\/04\/03Austin18MgpESPONSORAMA_JOC3759.jpg","articleSection":["MotoGP"],"inLanguage":"es"},{"@type":"WebPage","@id":"http:\/\/esponsorama.ad\/es\/tito-rabat-comienza-fuerte-primer-dia-circuito-las-americas-2\/","url":"http:\/\/esponsorama.ad\/es\/tito-rabat-comienza-fuerte-primer-dia-circuito-las-americas-2\/","name":"Tito Rabat comienza fuerte el primer d\u00eda en el Circuito de las Am\u00e9ricas - Esponsorama","isPartOf":{"@id":"http:\/\/esponsorama.ad\/es\/#website"},"primaryImageOfPage":{"@id":"http:\/\/esponsorama.ad\/es\/tito-rabat-comienza-fuerte-primer-dia-circuito-las-americas-2\/#primaryimage"},"image":{"@id":"http:\/\/esponsorama.ad\/es\/tito-rabat-comienza-fuerte-primer-dia-circuito-las-americas-2\/#primaryimage"},"thumbnailUrl":"http:\/\/esponsorama.ad\/wp-content\/uploads\/2018\/04\/03Austin18MgpESPONSORAMA_JOC3759.jpg","datePublished":"2018-04-19T22:13:42+00:00","dateModified":"2018-04-21T17:34:11+00:00","author":{"@id":"http:\/\/esponsorama.ad\/es\/#\/schema\/person\/a5cde74945183d737066e46b61c6f9c4"},"breadcrumb":{"@id":"http:\/\/esponsorama.ad\/es\/tito-rabat-comienza-fuerte-primer-dia-circuito-las-americas-2\/#breadcrumb"},"inLanguage":"es","potentialAction":[{"@type":"ReadAction","target":["http:\/\/esponsorama.ad\/es\/tito-rabat-comienza-fuerte-primer-dia-circuito-las-americas-2\/"]}]},{"@type":"ImageObject","inLanguage":"es","@id":"http:\/\/esponsorama.ad\/es\/tito-rabat-comienza-fuerte-primer-dia-circuito-las-americas-2\/#primaryimage","url":"http:\/\/esponsorama.ad\/wp-content\/uploads\/2018\/04\/03Austin18MgpESPONSORAMA_JOC3759.jpg","contentUrl":"http:\/\/esponsorama.ad\/wp-content\/uploads\/2018\/04\/03Austin18MgpESPONSORAMA_JOC3759.jpg","width":5184,"height":3456,"caption":"03 GP Austin 19, 20, 21 y 22 de abril de 2018, circuito de las Americas, COTA, Austin, Texas MotoGP, motogp, mgp, MOTOGP"},{"@type":"BreadcrumbList","@id":"http:\/\/esponsorama.ad\/es\/tito-rabat-comienza-fuerte-primer-dia-circuito-las-americas-2\/#breadcrumb","itemListElement":[{"@type":"ListItem","position":1,"name":"Home","item":"http:\/\/esponsorama.ad\/es\/"},{"@type":"ListItem","position":2,"name":"Tito Rabat comienza fuerte el primer d\u00eda en el Circuito de las Am\u00e9ricas"}]},{"@type":"WebSite","@id":"http:\/\/esponsorama.ad\/es\/#website","url":"http:\/\/esponsorama.ad\/es\/","name":"Esponsorama","description":"Specialist in motorsport sponsorship and event promotions","potentialAction":[{"@type":"SearchAction","target":{"@type":"EntryPoint","urlTemplate":"http:\/\/esponsorama.ad\/es\/?s={search_term_string}"},"query-input":{"@type":"PropertyValueSpecification","valueRequired":true,"valueName":"search_term_string"}}],"inLanguage":"es"},{"@type":"Person","@id":"http:\/\/esponsorama.ad\/es\/#\/schema\/person\/a5cde74945183d737066e46b61c6f9c4","name":"Xavi Andornet","image":{"@type":"ImageObject","inLanguage":"es","@id":"http:\/\/esponsorama.ad\/es\/#\/schema\/person\/image\/","url":"https:\/\/secure.gravatar.com\/avatar\/f10eaf9ad601244a2357c9fd7cd9805ed166cfaaf76d5d9ab08a9d873e70147a?s=96&d=mm&r=g","contentUrl":"https:\/\/secure.gravatar.com\/avatar\/f10eaf9ad601244a2357c9fd7cd9805ed166cfaaf76d5d9ab08a9d873e70147a?s=96&d=mm&r=g","caption":"Xavi Andornet"},"sameAs":["http:\/\/www.andornet.ad"],"url":"http:\/\/esponsorama.ad\/es\/author\/andornet\/"}]}},"_links":{"self":[{"href":"http:\/\/esponsorama.ad\/es\/wp-json\/wp\/v2\/posts\/8972","targetHints":{"allow":["GET"]}}],"collection":[{"href":"http:\/\/esponsorama.ad\/es\/wp-json\/wp\/v2\/posts"}],"about":[{"href":"http:\/\/esponsorama.ad\/es\/wp-json\/wp\/v2\/types\/post"}],"author":[{"embeddable":true,"href":"http:\/\/esponsorama.ad\/es\/wp-json\/wp\/v2\/users\/6"}],"replies":[{"embeddable":true,"href":"http:\/\/esponsorama.ad\/es\/wp-json\/wp\/v2\/comments?post=8972"}],"version-history":[{"count":0,"href":"http:\/\/esponsorama.ad\/es\/wp-json\/wp\/v2\/posts\/8972\/revisions"}],"wp:featuredmedia":[{"embeddable":true,"href":"http:\/\/esponsorama.ad\/es\/wp-json\/wp\/v2\/media\/9003"}],"wp:attachment":[{"href":"http:\/\/esponsorama.ad\/es\/wp-json\/wp\/v2\/media?parent=8972"}],"wp:term":[{"taxonomy":"category","embeddable":true,"href":"http:\/\/esponsorama.ad\/es\/wp-json\/wp\/v2\/categories?post=8972"},{"taxonomy":"post_tag","embeddable":true,"href":"http:\/\/esponsorama.ad\/es\/wp-json\/wp\/v2\/tags?post=8972"}],"curies":[{"name":"wp","href":"https:\/\/api.w.org\/{rel}","templated":true}]}}