{"id":910,"date":"2016-11-18T18:04:27","date_gmt":"2016-11-18T16:04:27","guid":{"rendered":"http:\/\/esponsorama.ad\/?p=910"},"modified":"2016-11-19T20:13:57","modified_gmt":"2016-11-19T18:13:57","slug":"esponsorama-presenta-proyectos-nani-roma-xevi-pons-dakar-2017-2","status":"publish","type":"post","link":"http:\/\/esponsorama.ad\/es\/esponsorama-presenta-proyectos-nani-roma-xevi-pons-dakar-2017-2\/","title":{"rendered":"Esponsorama presenta sus proyectos con Nani Roma y Xevi Pons para el Dakar 2017"},"content":{"rendered":"<p>Hoy ha tenido lugar en el Circuito de Andorra en Pas de la Casa la presentaci\u00f3n de los proyectos de patrocinio de Esponsorama en el pr\u00f3ximo Rally Dakar, donde estar\u00e1 presente con sus sponsors en los coches de Joan \u201cNani\u201d Roma y Xevi Pons.<\/p>\n<p>Nani se estrena este a\u00f1o con el equipo oficial Toyota Gazoo Racing, mientras que Pons repite en su segundo a\u00f1o en el Rally con Ford y el equipo South Racing.<\/p>\n<p>Esponsorama tambi\u00e9n apoyar\u00e1 al piloto andorrano Cristian Espa\u00f1a, que afrontar\u00e1 su segundo Dakar en la categor\u00eda de motos con KTM.<\/p>\n<p>En la presentaci\u00f3n en Andorra, invitados de prensa y patrocinadores tuvieron la ocasi\u00f3n de montar en los coches con Roma y Pons, y as\u00ed experimentar lo que se vive desde el asiento del copiloto. La presentaci\u00f3n se ha desarrollado a 2.400 metros de altura con temperaturas muy bajas y neum\u00e1ticos de clavos en sus coches, con los pilotos y las m\u00e1quinas se han enfrentado a condiciones muy diferentes a las que tendr\u00e1n en el Dakar.<\/p>\n<p>El Rally Dakar comenzar\u00e1 el pr\u00f3ximo d\u00eda 2 de enero en Asunci\u00f3n, Paraguay, y el recorrido promete ser mucho m\u00e1s duro que en las pasadas ediciones y transcurrir\u00e1 por tierras de Bolivia y Argentina para terminar el d\u00eda 14 en Buenos Aires.<\/p>\n<p><strong>Joan \u201cNani\u201d Roma (Toyoya Gazoo Racing)<\/strong><\/p>\n<p>\u201cSiempre es un placer esta en Andorra, aunque hace un poco de fr\u00edo, pero hemos pasado un d\u00eda divertido con gente apasionada de las carreras, del Dakar y con algunos sponsors. El Dakar este a\u00f1o se presenta bien, ser\u00e1 duro porque aparentemente van a hacer un recorrido muy dif\u00edcil, estaremos cinco d\u00edas en altura en Bolivia y ser\u00e1 duro. Pero estamos preparados, tenemos el Toyota a punto, lo est\u00e1n terminando de preparar en B\u00e9lgica en la base del equipo y tenemos muy buen coche. Estamos muy motivados, pero tambi\u00e9n sabemos que el Dakar es una carrera dura, muy larga y en la que puede pasar de todo, pero tenemos muy buen equipo con Nasser Al-Attiyah, Giniel de Villiers, y yo mismo, por tanto estamos para luchar para ganar. Siempre es dif\u00edcil pero estamos motivados. El Toyota va muy bien, hemos corrido la Baja Arag\u00f3n, Marruecos y hemos hecho muchos d\u00edas de test. Hemos mejorado las prestaciones del coche y estamos preparados.\u201d<\/p>\n<p><strong>Xevi Pons (Ford South Racing)<\/strong><\/p>\n<p>\u201cVa a ser mi segundo Dakar y ya s\u00e9 lo que me voy a encontrar. Hemos trabajado mucho en el coche para ganar fiabilidad y no tener los problemas del a\u00f1o pasado, y la verdad es que estoy bastante animado. Hemos hecho tres bajas del Mundial con buenos resultados y estamos preparados para hacerlo bien. Llegamos m\u00e1s preparados, pero tambi\u00e9n hay que ser realistas porque no somos un equipo oficial, pero cuando tengamos oportunidad nos vamos a dejar ver, esto seguro. Los objetivos ser\u00e1n mejorar lo del a\u00f1o pasado y terminar entre los 15 primeros, que con los coches que hay delante, ser\u00eda una posici\u00f3n l\u00f3gica, y tambi\u00e9n hacer alguna etapa buena y dejarnos ver por delante. La presentaci\u00f3n en Andorra con la nieve ha sido muy bonita, adem\u00e1s estamos a bastante altura, con lo que nos servir\u00e1 para aclimatarnos a las etapas de altura de Bolivia.\u201d<\/p>\n<p><strong>Cristian Espa\u00f1a (Team Pedrega KTM)<\/strong><\/p>\n<p>\u201cHemos hecho un cambio de moto importante y hemos apostado por KTM que cuenta con mucha experiencia en el Dakar. La moto me la ha preparado Jordi Viladoms y tendremos mucha fiabilidad para afrontar este a\u00f1o el Dakar. El rally se presenta bastante duro, sobre todo las etapas de Bolivia, donde el a\u00f1o pasado tuvimos tres d\u00edas y este a\u00f1o tendremos cinco. Yo creo que el Dakar comenzar\u00e1 a partir de Bolivia con la altura y cuando volvamos a entrar otra vez en Argentina ser\u00e1 un rally bastante duro, lleno de navegaci\u00f3n y con terrenos muy diferentes. Aqu\u00ed estamos en la presentaci\u00f3n con Esponsorama, ten\u00eda muchas ganas porque este a\u00f1o con Rub\u00e9n he entrenado much\u00edsimo y trabajando un mont\u00f3n en el Circuit de Andorra durante el verano, haciendo supermoto, dirt track, motocross, y tenemos a toda la gente del pa\u00eds volcada con el proyecto. Para Andorra lo que est\u00e1 haciendo Esponsorama es muy bueno, porque hace dos a\u00f1os la gente no conoc\u00eda todo lo que hacemos aqu\u00ed. El objetivo es terminar la carrera y cuanto m\u00e1s arriba posible mejor.\u201d<\/p>\n","protected":false},"excerpt":{"rendered":"<p>Hoy ha tenido lugar en el Circuito de Andorra en Pas de la Casa la presentaci\u00f3n de los proyectos de patrocinio de Esponsorama en el pr\u00f3ximo Rally Dakar, donde estar\u00e1 presente con sus sponsors en los coches de Joan \u201cNani\u201d Roma y Xevi Pons. Nani se estrena este a\u00f1o con el equipo oficial Toyota Gazoo [&hellip;]<\/p>\n","protected":false},"author":6,"featured_media":880,"comment_status":"closed","ping_status":"closed","sticky":false,"template":"","format":"standard","meta":{"footnotes":""},"categories":[4,7,6],"tags":[],"class_list":["post-910","post","type-post","status-publish","format-standard","has-post-thumbnail","hentry","category-dakar","category-ford-south-racing","category-toyota-overdrive"],"yoast_head":"<!-- This site is optimized with the Yoast SEO plugin v27.1.1 - https:\/\/yoast.com\/product\/yoast-seo-wordpress\/ -->\n<title>Esponsorama presenta sus proyectos con Nani Roma y Xevi Pons para el Dakar 2017 - Esponsorama<\/title>\n<meta name=\"robots\" content=\"index, follow, max-snippet:-1, max-image-preview:large, max-video-preview:-1\" \/>\n<link rel=\"canonical\" href=\"http:\/\/esponsorama.ad\/es\/esponsorama-presenta-proyectos-nani-roma-xevi-pons-dakar-2017-2\/\" \/>\n<meta property=\"og:locale\" content=\"es_ES\" \/>\n<meta property=\"og:type\" content=\"article\" \/>\n<meta property=\"og:title\" content=\"Esponsorama presenta sus proyectos con Nani Roma y Xevi Pons para el Dakar 2017 - Esponsorama\" \/>\n<meta property=\"og:description\" content=\"Hoy ha tenido lugar en el Circuito de Andorra en Pas de la Casa la presentaci\u00f3n de los proyectos de patrocinio de Esponsorama en el pr\u00f3ximo Rally Dakar, donde estar\u00e1 presente con sus sponsors en los coches de Joan \u201cNani\u201d Roma y Xevi Pons. Nani se estrena este a\u00f1o con el equipo oficial Toyota Gazoo [&hellip;]\" \/>\n<meta property=\"og:url\" content=\"http:\/\/esponsorama.ad\/es\/esponsorama-presenta-proyectos-nani-roma-xevi-pons-dakar-2017-2\/\" \/>\n<meta property=\"og:site_name\" content=\"Esponsorama\" \/>\n<meta property=\"article:published_time\" content=\"2016-11-18T16:04:27+00:00\" \/>\n<meta property=\"article:modified_time\" content=\"2016-11-19T18:13:57+00:00\" \/>\n<meta property=\"og:image\" content=\"http:\/\/esponsorama.ad\/wp-content\/uploads\/2016\/11\/EsponsoramaDAKAR_17_JOC0841-1024x683.jpg\" \/>\n\t<meta property=\"og:image:width\" content=\"1024\" \/>\n\t<meta property=\"og:image:height\" content=\"683\" \/>\n\t<meta property=\"og:image:type\" content=\"image\/jpeg\" \/>\n<meta name=\"author\" content=\"Xavi Andornet\" \/>\n<meta name=\"twitter:card\" content=\"summary_large_image\" \/>\n<meta name=\"twitter:label1\" content=\"Escrito por\" \/>\n\t<meta name=\"twitter:data1\" content=\"Xavi Andornet\" \/>\n\t<meta name=\"twitter:label2\" content=\"Tiempo de lectura\" \/>\n\t<meta name=\"twitter:data2\" content=\"4 minutos\" \/>\n<script type=\"application\/ld+json\" class=\"yoast-schema-graph\">{\"@context\":\"https:\/\/schema.org\",\"@graph\":[{\"@type\":\"Article\",\"@id\":\"http:\/\/esponsorama.ad\/es\/esponsorama-presenta-proyectos-nani-roma-xevi-pons-dakar-2017-2\/#article\",\"isPartOf\":{\"@id\":\"http:\/\/esponsorama.ad\/es\/esponsorama-presenta-proyectos-nani-roma-xevi-pons-dakar-2017-2\/\"},\"author\":{\"name\":\"Xavi Andornet\",\"@id\":\"http:\/\/esponsorama.ad\/es\/#\/schema\/person\/a5cde74945183d737066e46b61c6f9c4\"},\"headline\":\"Esponsorama presenta sus proyectos con Nani Roma y Xevi Pons para el Dakar 2017\",\"datePublished\":\"2016-11-18T16:04:27+00:00\",\"dateModified\":\"2016-11-19T18:13:57+00:00\",\"mainEntityOfPage\":{\"@id\":\"http:\/\/esponsorama.ad\/es\/esponsorama-presenta-proyectos-nani-roma-xevi-pons-dakar-2017-2\/\"},\"wordCount\":779,\"image\":{\"@id\":\"http:\/\/esponsorama.ad\/es\/esponsorama-presenta-proyectos-nani-roma-xevi-pons-dakar-2017-2\/#primaryimage\"},\"thumbnailUrl\":\"http:\/\/esponsorama.ad\/wp-content\/uploads\/2016\/11\/EsponsoramaDAKAR_17_JOC0841.jpg\",\"articleSection\":[\"Dakar\",\"Ford South Racing\",\"Toyota Overdrive\"],\"inLanguage\":\"es\"},{\"@type\":\"WebPage\",\"@id\":\"http:\/\/esponsorama.ad\/es\/esponsorama-presenta-proyectos-nani-roma-xevi-pons-dakar-2017-2\/\",\"url\":\"http:\/\/esponsorama.ad\/es\/esponsorama-presenta-proyectos-nani-roma-xevi-pons-dakar-2017-2\/\",\"name\":\"Esponsorama presenta sus proyectos con Nani Roma y Xevi Pons para el Dakar 2017 - Esponsorama\",\"isPartOf\":{\"@id\":\"http:\/\/esponsorama.ad\/es\/#website\"},\"primaryImageOfPage\":{\"@id\":\"http:\/\/esponsorama.ad\/es\/esponsorama-presenta-proyectos-nani-roma-xevi-pons-dakar-2017-2\/#primaryimage\"},\"image\":{\"@id\":\"http:\/\/esponsorama.ad\/es\/esponsorama-presenta-proyectos-nani-roma-xevi-pons-dakar-2017-2\/#primaryimage\"},\"thumbnailUrl\":\"http:\/\/esponsorama.ad\/wp-content\/uploads\/2016\/11\/EsponsoramaDAKAR_17_JOC0841.jpg\",\"datePublished\":\"2016-11-18T16:04:27+00:00\",\"dateModified\":\"2016-11-19T18:13:57+00:00\",\"author\":{\"@id\":\"http:\/\/esponsorama.ad\/es\/#\/schema\/person\/a5cde74945183d737066e46b61c6f9c4\"},\"breadcrumb\":{\"@id\":\"http:\/\/esponsorama.ad\/es\/esponsorama-presenta-proyectos-nani-roma-xevi-pons-dakar-2017-2\/#breadcrumb\"},\"inLanguage\":\"es\",\"potentialAction\":[{\"@type\":\"ReadAction\",\"target\":[\"http:\/\/esponsorama.ad\/es\/esponsorama-presenta-proyectos-nani-roma-xevi-pons-dakar-2017-2\/\"]}]},{\"@type\":\"ImageObject\",\"inLanguage\":\"es\",\"@id\":\"http:\/\/esponsorama.ad\/es\/esponsorama-presenta-proyectos-nani-roma-xevi-pons-dakar-2017-2\/#primaryimage\",\"url\":\"http:\/\/esponsorama.ad\/wp-content\/uploads\/2016\/11\/EsponsoramaDAKAR_17_JOC0841.jpg\",\"contentUrl\":\"http:\/\/esponsorama.ad\/wp-content\/uploads\/2016\/11\/EsponsoramaDAKAR_17_JOC0841.jpg\",\"width\":5184,\"height\":3456,\"caption\":\"Presentaci\u00f3n ESPONSORAMA Dakar 2017; Xevi Pons, Nani Roma y Chistian Espa\u00f1a\"},{\"@type\":\"BreadcrumbList\",\"@id\":\"http:\/\/esponsorama.ad\/es\/esponsorama-presenta-proyectos-nani-roma-xevi-pons-dakar-2017-2\/#breadcrumb\",\"itemListElement\":[{\"@type\":\"ListItem\",\"position\":1,\"name\":\"Home\",\"item\":\"http:\/\/esponsorama.ad\/es\/\"},{\"@type\":\"ListItem\",\"position\":2,\"name\":\"Esponsorama presenta sus proyectos con Nani Roma y Xevi Pons para el Dakar 2017\"}]},{\"@type\":\"WebSite\",\"@id\":\"http:\/\/esponsorama.ad\/es\/#website\",\"url\":\"http:\/\/esponsorama.ad\/es\/\",\"name\":\"Esponsorama\",\"description\":\"Specialist in motorsport sponsorship and event promotions\",\"potentialAction\":[{\"@type\":\"SearchAction\",\"target\":{\"@type\":\"EntryPoint\",\"urlTemplate\":\"http:\/\/esponsorama.ad\/es\/?s={search_term_string}\"},\"query-input\":{\"@type\":\"PropertyValueSpecification\",\"valueRequired\":true,\"valueName\":\"search_term_string\"}}],\"inLanguage\":\"es\"},{\"@type\":\"Person\",\"@id\":\"http:\/\/esponsorama.ad\/es\/#\/schema\/person\/a5cde74945183d737066e46b61c6f9c4\",\"name\":\"Xavi Andornet\",\"image\":{\"@type\":\"ImageObject\",\"inLanguage\":\"es\",\"@id\":\"http:\/\/esponsorama.ad\/es\/#\/schema\/person\/image\/\",\"url\":\"https:\/\/secure.gravatar.com\/avatar\/f10eaf9ad601244a2357c9fd7cd9805ed166cfaaf76d5d9ab08a9d873e70147a?s=96&d=mm&r=g\",\"contentUrl\":\"https:\/\/secure.gravatar.com\/avatar\/f10eaf9ad601244a2357c9fd7cd9805ed166cfaaf76d5d9ab08a9d873e70147a?s=96&d=mm&r=g\",\"caption\":\"Xavi Andornet\"},\"sameAs\":[\"http:\/\/www.andornet.ad\"],\"url\":\"http:\/\/esponsorama.ad\/es\/author\/andornet\/\"}]}<\/script>\n<!-- \/ Yoast SEO plugin. -->","yoast_head_json":{"title":"Esponsorama presenta sus proyectos con Nani Roma y Xevi Pons para el Dakar 2017 - Esponsorama","robots":{"index":"index","follow":"follow","max-snippet":"max-snippet:-1","max-image-preview":"max-image-preview:large","max-video-preview":"max-video-preview:-1"},"canonical":"http:\/\/esponsorama.ad\/es\/esponsorama-presenta-proyectos-nani-roma-xevi-pons-dakar-2017-2\/","og_locale":"es_ES","og_type":"article","og_title":"Esponsorama presenta sus proyectos con Nani Roma y Xevi Pons para el Dakar 2017 - Esponsorama","og_description":"Hoy ha tenido lugar en el Circuito de Andorra en Pas de la Casa la presentaci\u00f3n de los proyectos de patrocinio de Esponsorama en el pr\u00f3ximo Rally Dakar, donde estar\u00e1 presente con sus sponsors en los coches de Joan \u201cNani\u201d Roma y Xevi Pons. Nani se estrena este a\u00f1o con el equipo oficial Toyota Gazoo [&hellip;]","og_url":"http:\/\/esponsorama.ad\/es\/esponsorama-presenta-proyectos-nani-roma-xevi-pons-dakar-2017-2\/","og_site_name":"Esponsorama","article_published_time":"2016-11-18T16:04:27+00:00","article_modified_time":"2016-11-19T18:13:57+00:00","og_image":[{"width":1024,"height":683,"url":"http:\/\/esponsorama.ad\/wp-content\/uploads\/2016\/11\/EsponsoramaDAKAR_17_JOC0841-1024x683.jpg","type":"image\/jpeg"}],"author":"Xavi Andornet","twitter_card":"summary_large_image","twitter_misc":{"Escrito por":"Xavi Andornet","Tiempo de lectura":"4 minutos"},"schema":{"@context":"https:\/\/schema.org","@graph":[{"@type":"Article","@id":"http:\/\/esponsorama.ad\/es\/esponsorama-presenta-proyectos-nani-roma-xevi-pons-dakar-2017-2\/#article","isPartOf":{"@id":"http:\/\/esponsorama.ad\/es\/esponsorama-presenta-proyectos-nani-roma-xevi-pons-dakar-2017-2\/"},"author":{"name":"Xavi Andornet","@id":"http:\/\/esponsorama.ad\/es\/#\/schema\/person\/a5cde74945183d737066e46b61c6f9c4"},"headline":"Esponsorama presenta sus proyectos con Nani Roma y Xevi Pons para el Dakar 2017","datePublished":"2016-11-18T16:04:27+00:00","dateModified":"2016-11-19T18:13:57+00:00","mainEntityOfPage":{"@id":"http:\/\/esponsorama.ad\/es\/esponsorama-presenta-proyectos-nani-roma-xevi-pons-dakar-2017-2\/"},"wordCount":779,"image":{"@id":"http:\/\/esponsorama.ad\/es\/esponsorama-presenta-proyectos-nani-roma-xevi-pons-dakar-2017-2\/#primaryimage"},"thumbnailUrl":"http:\/\/esponsorama.ad\/wp-content\/uploads\/2016\/11\/EsponsoramaDAKAR_17_JOC0841.jpg","articleSection":["Dakar","Ford South Racing","Toyota Overdrive"],"inLanguage":"es"},{"@type":"WebPage","@id":"http:\/\/esponsorama.ad\/es\/esponsorama-presenta-proyectos-nani-roma-xevi-pons-dakar-2017-2\/","url":"http:\/\/esponsorama.ad\/es\/esponsorama-presenta-proyectos-nani-roma-xevi-pons-dakar-2017-2\/","name":"Esponsorama presenta sus proyectos con Nani Roma y Xevi Pons para el Dakar 2017 - Esponsorama","isPartOf":{"@id":"http:\/\/esponsorama.ad\/es\/#website"},"primaryImageOfPage":{"@id":"http:\/\/esponsorama.ad\/es\/esponsorama-presenta-proyectos-nani-roma-xevi-pons-dakar-2017-2\/#primaryimage"},"image":{"@id":"http:\/\/esponsorama.ad\/es\/esponsorama-presenta-proyectos-nani-roma-xevi-pons-dakar-2017-2\/#primaryimage"},"thumbnailUrl":"http:\/\/esponsorama.ad\/wp-content\/uploads\/2016\/11\/EsponsoramaDAKAR_17_JOC0841.jpg","datePublished":"2016-11-18T16:04:27+00:00","dateModified":"2016-11-19T18:13:57+00:00","author":{"@id":"http:\/\/esponsorama.ad\/es\/#\/schema\/person\/a5cde74945183d737066e46b61c6f9c4"},"breadcrumb":{"@id":"http:\/\/esponsorama.ad\/es\/esponsorama-presenta-proyectos-nani-roma-xevi-pons-dakar-2017-2\/#breadcrumb"},"inLanguage":"es","potentialAction":[{"@type":"ReadAction","target":["http:\/\/esponsorama.ad\/es\/esponsorama-presenta-proyectos-nani-roma-xevi-pons-dakar-2017-2\/"]}]},{"@type":"ImageObject","inLanguage":"es","@id":"http:\/\/esponsorama.ad\/es\/esponsorama-presenta-proyectos-nani-roma-xevi-pons-dakar-2017-2\/#primaryimage","url":"http:\/\/esponsorama.ad\/wp-content\/uploads\/2016\/11\/EsponsoramaDAKAR_17_JOC0841.jpg","contentUrl":"http:\/\/esponsorama.ad\/wp-content\/uploads\/2016\/11\/EsponsoramaDAKAR_17_JOC0841.jpg","width":5184,"height":3456,"caption":"Presentaci\u00f3n ESPONSORAMA Dakar 2017; Xevi Pons, Nani Roma y Chistian Espa\u00f1a"},{"@type":"BreadcrumbList","@id":"http:\/\/esponsorama.ad\/es\/esponsorama-presenta-proyectos-nani-roma-xevi-pons-dakar-2017-2\/#breadcrumb","itemListElement":[{"@type":"ListItem","position":1,"name":"Home","item":"http:\/\/esponsorama.ad\/es\/"},{"@type":"ListItem","position":2,"name":"Esponsorama presenta sus proyectos con Nani Roma y Xevi Pons para el Dakar 2017"}]},{"@type":"WebSite","@id":"http:\/\/esponsorama.ad\/es\/#website","url":"http:\/\/esponsorama.ad\/es\/","name":"Esponsorama","description":"Specialist in motorsport sponsorship and event promotions","potentialAction":[{"@type":"SearchAction","target":{"@type":"EntryPoint","urlTemplate":"http:\/\/esponsorama.ad\/es\/?s={search_term_string}"},"query-input":{"@type":"PropertyValueSpecification","valueRequired":true,"valueName":"search_term_string"}}],"inLanguage":"es"},{"@type":"Person","@id":"http:\/\/esponsorama.ad\/es\/#\/schema\/person\/a5cde74945183d737066e46b61c6f9c4","name":"Xavi Andornet","image":{"@type":"ImageObject","inLanguage":"es","@id":"http:\/\/esponsorama.ad\/es\/#\/schema\/person\/image\/","url":"https:\/\/secure.gravatar.com\/avatar\/f10eaf9ad601244a2357c9fd7cd9805ed166cfaaf76d5d9ab08a9d873e70147a?s=96&d=mm&r=g","contentUrl":"https:\/\/secure.gravatar.com\/avatar\/f10eaf9ad601244a2357c9fd7cd9805ed166cfaaf76d5d9ab08a9d873e70147a?s=96&d=mm&r=g","caption":"Xavi Andornet"},"sameAs":["http:\/\/www.andornet.ad"],"url":"http:\/\/esponsorama.ad\/es\/author\/andornet\/"}]}},"_links":{"self":[{"href":"http:\/\/esponsorama.ad\/es\/wp-json\/wp\/v2\/posts\/910","targetHints":{"allow":["GET"]}}],"collection":[{"href":"http:\/\/esponsorama.ad\/es\/wp-json\/wp\/v2\/posts"}],"about":[{"href":"http:\/\/esponsorama.ad\/es\/wp-json\/wp\/v2\/types\/post"}],"author":[{"embeddable":true,"href":"http:\/\/esponsorama.ad\/es\/wp-json\/wp\/v2\/users\/6"}],"replies":[{"embeddable":true,"href":"http:\/\/esponsorama.ad\/es\/wp-json\/wp\/v2\/comments?post=910"}],"version-history":[{"count":0,"href":"http:\/\/esponsorama.ad\/es\/wp-json\/wp\/v2\/posts\/910\/revisions"}],"wp:featuredmedia":[{"embeddable":true,"href":"http:\/\/esponsorama.ad\/es\/wp-json\/wp\/v2\/media\/880"}],"wp:attachment":[{"href":"http:\/\/esponsorama.ad\/es\/wp-json\/wp\/v2\/media?parent=910"}],"wp:term":[{"taxonomy":"category","embeddable":true,"href":"http:\/\/esponsorama.ad\/es\/wp-json\/wp\/v2\/categories?post=910"},{"taxonomy":"post_tag","embeddable":true,"href":"http:\/\/esponsorama.ad\/es\/wp-json\/wp\/v2\/tags?post=910"}],"curies":[{"name":"wp","href":"https:\/\/api.w.org\/{rel}","templated":true}]}}