{"id":9154,"date":"2018-04-26T12:56:06","date_gmt":"2018-04-26T10:56:06","guid":{"rendered":"http:\/\/esponsorama.ad\/?p=9154"},"modified":"2018-05-02T19:15:51","modified_gmt":"2018-05-02T17:15:51","slug":"reale-avintia-academy-pone-rumbo-la-segunda-cita-del-fim-cev-3","status":"publish","type":"post","link":"http:\/\/esponsorama.ad\/es\/reale-avintia-academy-pone-rumbo-la-segunda-cita-del-fim-cev-3\/","title":{"rendered":"Reale Avintia Academy pone rumbo a la segunda cita del FIM CEV"},"content":{"rendered":"<p><strong>Reale Avintia Academy \u2013 Valencia \u2013 Circuit Ricardo Tormo<\/strong><\/p>\n<p>Reale Avintia Academy y sus pilotos est\u00e1n listos para dar el 100% este fin de semana (28 y 29 de abril) en Valencia, en la segunda prueba del FIM CEV.<\/p>\n<p>Despu\u00e9s de los buenos resultados obtenidos en Estoril, una victoria y dos podios, son altas las expectativas para el trazado de Cheste.<\/p>\n<p>En Moto3, el valenciano Vicente P\u00e9rez es tercero del campeonato y corre en \u2018casa\u2019, por lo que sus opciones para el \u00e9xito son altas.<\/p>\n<p>Por su parte, Andrea Cavaliere, quiere quitarse la espinita de Estoril, donde no pudo finalizar la carrera, pero est\u00e1 fuerte para dar el m\u00e1ximo en Valencia.<\/p>\n<p>Andreas P\u00e9rez viene con muchas ganas de subirse a la moto, despu\u00e9s de su rotura de clav\u00edcula izquierda que le impidieron competir en Portugal.<\/p>\n<p>En la European Talent Cup, Barry Baltus se estren\u00f3 con una magn\u00edfica victoria y un podio en la segunda carrera; actualmente es segundo del campeonato.<\/p>\n<p>Carlos Tatay consigui\u00f3 un quinto puesto en la primera carrera de Portugal y va dispuesto a dar todo su potencial este fin de semana.<\/p>\n<p>Iker Garc\u00eda est\u00e1 motivado porque va a un trazado, Cheste, que le gusta mucho y donde conf\u00eda en conseguir buenos resultados.<\/p>\n<p>El alem\u00e1n, Nicolas Czyba acude fuerte a la segunda cita del FIM CEV y a un circuito que le motiva bastante.<\/p>\n<p>Adri\u00e1n Huertas, est\u00e1 bastante recuperado de su lesi\u00f3n de c\u00fabito y radio y tiene muchas ganas de probar en qu\u00e9 estado f\u00edsico se encuentra encima de su moto.<\/p>\n<p>Las previsiones son muy buenas y el trabajo del Reale Avintia Academy, junto con el de los j\u00f3venes pilotos, est\u00e1n siendo extraordinario, por lo que viviremos un gran fin de semana.<\/p>\n<p><strong> TEAM MANAGER<\/strong><\/p>\n<p>\u00abDespu\u00e9s de los buenos resultados de la primera carrera, llegamos con mucha ilusi\u00f3n a Valencia. Sabemos que tenemos buenas opciones en Moto3 con Vicente P\u00e9rez y esperamos que tanto Andreas P\u00e9rez, como Andrea Cavaliere empiecen a realizar grandes resultados. En la ETC sabemos que tenemos un equipo muy potente con Barry Baltus, Carlos Tatay, Adri\u00e1n Huertas e Iker Garc\u00eda&#8230;as\u00ed que nuestra exigencia ser\u00e1 m\u00e1xima para este Gran Premio\u00bb<\/p>\n<p><strong><\/strong><\/p>\n<p>\u00abEstoy bastante motivado, ya que venimos de hacer un resultado bastante positivo. El objetivo es seguir sumando; no me he puesto presi\u00f3n para ganar, pero no cabe duda de que queremos ganar, como en todas las carreras. Vamos a trabajar al m\u00e1ximo para ello y lo veremos el domingo.\u201d<\/p>\n<p><strong><\/strong><\/p>\n<p>\u201c Tengo muchas ganas de llegar a Valencia. De mi lesi\u00f3n a\u00fan tengo un poquito de dolor pero estoy bastante bien. No tengo objetivos; me lo quiero pasar bien, dar el m\u00e1ximo. El trazado de Cheste se me da bien; es un circuito dif\u00edcil, ya que la gente ha rodado mucho y desde el principio van muy r\u00e1pidos. Pero me gusta mucho y lo podemos hacer bien.\u201d<\/p>\n<p><strong><\/strong><\/p>\n<p>\u201c Yo creo que este fin de semana podremos estar dentro de los quince primeros. El trazado me gusta mucho, pero es bastante dif\u00edcil, por lo que tendremos que trabajar mucho.\u201d<\/p>\n<p><strong><\/strong><\/p>\n<p>\u201cMe encuentro bien de la lesi\u00f3n, aunque a\u00fan est\u00e1 muy reciente. Me he marcado como objetivo coger buen feeling con la moto, de cara al resto del campeonato; pero con calma. El circuito de Valencia es mi favorito y tengo muchas ganas de rodar all\u00ed.\u201d<\/p>\n<p><strong><\/strong><\/p>\n<p><strong>\u201c<\/strong>Mi objetivo es trabajar duro e ir mejorando cada d\u00eda para poder estar en el grupo de cabeza, durante todo el fin de semana. En Cheste no me ha ido muy bien en los \u00faltimos a\u00f1os, raz\u00f3n de m\u00e1s para quitarme esa espinita y lograr buenos resultados. Vamos a por todas!\u201d<\/p>\n<p><strong><\/strong><\/p>\n<p>\u201cMi objetivo es estar delante y disfrutar al m\u00e1ximo , ya que es un circuito que me gusta mucho. Me parece una trazada sencilla y divertida para los pilotos.\u201d<\/p>\n","protected":false},"excerpt":{"rendered":"<p>Reale Avintia Academy \u2013 Valencia \u2013 Circuit Ricardo Tormo Reale Avintia Academy y sus pilotos est\u00e1n listos para dar el 100% este fin de semana (28 y 29 de abril) en Valencia, en la segunda prueba del FIM CEV. Despu\u00e9s de los buenos resultados obtenidos en Estoril, una victoria y dos podios, son altas las [&hellip;]<\/p>\n","protected":false},"author":6,"featured_media":8668,"comment_status":"closed","ping_status":"closed","sticky":false,"template":"","format":"standard","meta":{"footnotes":""},"categories":[10],"tags":[],"class_list":["post-9154","post","type-post","status-publish","format-standard","has-post-thumbnail","hentry","category-fim-cev"],"yoast_head":"<!-- This site is optimized with the Yoast SEO plugin v27.1.1 - https:\/\/yoast.com\/product\/yoast-seo-wordpress\/ -->\n<title>Reale Avintia Academy pone rumbo a la segunda cita del FIM CEV - Esponsorama<\/title>\n<meta name=\"robots\" content=\"index, follow, max-snippet:-1, max-image-preview:large, max-video-preview:-1\" \/>\n<link rel=\"canonical\" href=\"http:\/\/esponsorama.ad\/es\/reale-avintia-academy-pone-rumbo-la-segunda-cita-del-fim-cev-3\/\" \/>\n<meta property=\"og:locale\" content=\"es_ES\" \/>\n<meta property=\"og:type\" content=\"article\" \/>\n<meta property=\"og:title\" content=\"Reale Avintia Academy pone rumbo a la segunda cita del FIM CEV - Esponsorama\" \/>\n<meta property=\"og:description\" content=\"Reale Avintia Academy \u2013 Valencia \u2013 Circuit Ricardo Tormo Reale Avintia Academy y sus pilotos est\u00e1n listos para dar el 100% este fin de semana (28 y 29 de abril) en Valencia, en la segunda prueba del FIM CEV. Despu\u00e9s de los buenos resultados obtenidos en Estoril, una victoria y dos podios, son altas las [&hellip;]\" \/>\n<meta property=\"og:url\" content=\"http:\/\/esponsorama.ad\/es\/reale-avintia-academy-pone-rumbo-la-segunda-cita-del-fim-cev-3\/\" \/>\n<meta property=\"og:site_name\" content=\"Esponsorama\" \/>\n<meta property=\"article:published_time\" content=\"2018-04-26T10:56:06+00:00\" \/>\n<meta property=\"article:modified_time\" content=\"2018-05-02T17:15:51+00:00\" \/>\n<meta property=\"og:image\" content=\"http:\/\/esponsorama.ad\/wp-content\/uploads\/2018\/03\/MG_1625-1024x683.jpg\" \/>\n\t<meta property=\"og:image:width\" content=\"1024\" \/>\n\t<meta property=\"og:image:height\" content=\"683\" \/>\n\t<meta property=\"og:image:type\" content=\"image\/jpeg\" \/>\n<meta name=\"author\" content=\"Xavi Andornet\" \/>\n<meta name=\"twitter:card\" content=\"summary_large_image\" \/>\n<meta name=\"twitter:label1\" content=\"Escrito por\" \/>\n\t<meta name=\"twitter:data1\" content=\"Xavi Andornet\" \/>\n\t<meta name=\"twitter:label2\" content=\"Tiempo de lectura\" \/>\n\t<meta name=\"twitter:data2\" content=\"3 minutos\" \/>\n<script type=\"application\/ld+json\" class=\"yoast-schema-graph\">{\"@context\":\"https:\/\/schema.org\",\"@graph\":[{\"@type\":\"Article\",\"@id\":\"http:\/\/esponsorama.ad\/es\/reale-avintia-academy-pone-rumbo-la-segunda-cita-del-fim-cev-3\/#article\",\"isPartOf\":{\"@id\":\"http:\/\/esponsorama.ad\/es\/reale-avintia-academy-pone-rumbo-la-segunda-cita-del-fim-cev-3\/\"},\"author\":{\"name\":\"Xavi Andornet\",\"@id\":\"http:\/\/esponsorama.ad\/es\/#\/schema\/person\/a5cde74945183d737066e46b61c6f9c4\"},\"headline\":\"Reale Avintia Academy pone rumbo a la segunda cita del FIM CEV\",\"datePublished\":\"2018-04-26T10:56:06+00:00\",\"dateModified\":\"2018-05-02T17:15:51+00:00\",\"mainEntityOfPage\":{\"@id\":\"http:\/\/esponsorama.ad\/es\/reale-avintia-academy-pone-rumbo-la-segunda-cita-del-fim-cev-3\/\"},\"wordCount\":685,\"image\":{\"@id\":\"http:\/\/esponsorama.ad\/es\/reale-avintia-academy-pone-rumbo-la-segunda-cita-del-fim-cev-3\/#primaryimage\"},\"thumbnailUrl\":\"http:\/\/esponsorama.ad\/wp-content\/uploads\/2018\/03\/MG_1625.jpg\",\"articleSection\":[\"FIM CEV\"],\"inLanguage\":\"es\"},{\"@type\":\"WebPage\",\"@id\":\"http:\/\/esponsorama.ad\/es\/reale-avintia-academy-pone-rumbo-la-segunda-cita-del-fim-cev-3\/\",\"url\":\"http:\/\/esponsorama.ad\/es\/reale-avintia-academy-pone-rumbo-la-segunda-cita-del-fim-cev-3\/\",\"name\":\"Reale Avintia Academy pone rumbo a la segunda cita del FIM CEV - Esponsorama\",\"isPartOf\":{\"@id\":\"http:\/\/esponsorama.ad\/es\/#website\"},\"primaryImageOfPage\":{\"@id\":\"http:\/\/esponsorama.ad\/es\/reale-avintia-academy-pone-rumbo-la-segunda-cita-del-fim-cev-3\/#primaryimage\"},\"image\":{\"@id\":\"http:\/\/esponsorama.ad\/es\/reale-avintia-academy-pone-rumbo-la-segunda-cita-del-fim-cev-3\/#primaryimage\"},\"thumbnailUrl\":\"http:\/\/esponsorama.ad\/wp-content\/uploads\/2018\/03\/MG_1625.jpg\",\"datePublished\":\"2018-04-26T10:56:06+00:00\",\"dateModified\":\"2018-05-02T17:15:51+00:00\",\"author\":{\"@id\":\"http:\/\/esponsorama.ad\/es\/#\/schema\/person\/a5cde74945183d737066e46b61c6f9c4\"},\"breadcrumb\":{\"@id\":\"http:\/\/esponsorama.ad\/es\/reale-avintia-academy-pone-rumbo-la-segunda-cita-del-fim-cev-3\/#breadcrumb\"},\"inLanguage\":\"es\",\"potentialAction\":[{\"@type\":\"ReadAction\",\"target\":[\"http:\/\/esponsorama.ad\/es\/reale-avintia-academy-pone-rumbo-la-segunda-cita-del-fim-cev-3\/\"]}]},{\"@type\":\"ImageObject\",\"inLanguage\":\"es\",\"@id\":\"http:\/\/esponsorama.ad\/es\/reale-avintia-academy-pone-rumbo-la-segunda-cita-del-fim-cev-3\/#primaryimage\",\"url\":\"http:\/\/esponsorama.ad\/wp-content\/uploads\/2018\/03\/MG_1625.jpg\",\"contentUrl\":\"http:\/\/esponsorama.ad\/wp-content\/uploads\/2018\/03\/MG_1625.jpg\",\"width\":4272,\"height\":2848},{\"@type\":\"BreadcrumbList\",\"@id\":\"http:\/\/esponsorama.ad\/es\/reale-avintia-academy-pone-rumbo-la-segunda-cita-del-fim-cev-3\/#breadcrumb\",\"itemListElement\":[{\"@type\":\"ListItem\",\"position\":1,\"name\":\"Home\",\"item\":\"http:\/\/esponsorama.ad\/es\/\"},{\"@type\":\"ListItem\",\"position\":2,\"name\":\"Reale Avintia Academy pone rumbo a la segunda cita del FIM CEV\"}]},{\"@type\":\"WebSite\",\"@id\":\"http:\/\/esponsorama.ad\/es\/#website\",\"url\":\"http:\/\/esponsorama.ad\/es\/\",\"name\":\"Esponsorama\",\"description\":\"Specialist in motorsport sponsorship and event promotions\",\"potentialAction\":[{\"@type\":\"SearchAction\",\"target\":{\"@type\":\"EntryPoint\",\"urlTemplate\":\"http:\/\/esponsorama.ad\/es\/?s={search_term_string}\"},\"query-input\":{\"@type\":\"PropertyValueSpecification\",\"valueRequired\":true,\"valueName\":\"search_term_string\"}}],\"inLanguage\":\"es\"},{\"@type\":\"Person\",\"@id\":\"http:\/\/esponsorama.ad\/es\/#\/schema\/person\/a5cde74945183d737066e46b61c6f9c4\",\"name\":\"Xavi Andornet\",\"image\":{\"@type\":\"ImageObject\",\"inLanguage\":\"es\",\"@id\":\"http:\/\/esponsorama.ad\/es\/#\/schema\/person\/image\/\",\"url\":\"https:\/\/secure.gravatar.com\/avatar\/f10eaf9ad601244a2357c9fd7cd9805ed166cfaaf76d5d9ab08a9d873e70147a?s=96&d=mm&r=g\",\"contentUrl\":\"https:\/\/secure.gravatar.com\/avatar\/f10eaf9ad601244a2357c9fd7cd9805ed166cfaaf76d5d9ab08a9d873e70147a?s=96&d=mm&r=g\",\"caption\":\"Xavi Andornet\"},\"sameAs\":[\"http:\/\/www.andornet.ad\"],\"url\":\"http:\/\/esponsorama.ad\/es\/author\/andornet\/\"}]}<\/script>\n<!-- \/ Yoast SEO plugin. -->","yoast_head_json":{"title":"Reale Avintia Academy pone rumbo a la segunda cita del FIM CEV - Esponsorama","robots":{"index":"index","follow":"follow","max-snippet":"max-snippet:-1","max-image-preview":"max-image-preview:large","max-video-preview":"max-video-preview:-1"},"canonical":"http:\/\/esponsorama.ad\/es\/reale-avintia-academy-pone-rumbo-la-segunda-cita-del-fim-cev-3\/","og_locale":"es_ES","og_type":"article","og_title":"Reale Avintia Academy pone rumbo a la segunda cita del FIM CEV - Esponsorama","og_description":"Reale Avintia Academy \u2013 Valencia \u2013 Circuit Ricardo Tormo Reale Avintia Academy y sus pilotos est\u00e1n listos para dar el 100% este fin de semana (28 y 29 de abril) en Valencia, en la segunda prueba del FIM CEV. Despu\u00e9s de los buenos resultados obtenidos en Estoril, una victoria y dos podios, son altas las [&hellip;]","og_url":"http:\/\/esponsorama.ad\/es\/reale-avintia-academy-pone-rumbo-la-segunda-cita-del-fim-cev-3\/","og_site_name":"Esponsorama","article_published_time":"2018-04-26T10:56:06+00:00","article_modified_time":"2018-05-02T17:15:51+00:00","og_image":[{"width":1024,"height":683,"url":"http:\/\/esponsorama.ad\/wp-content\/uploads\/2018\/03\/MG_1625-1024x683.jpg","type":"image\/jpeg"}],"author":"Xavi Andornet","twitter_card":"summary_large_image","twitter_misc":{"Escrito por":"Xavi Andornet","Tiempo de lectura":"3 minutos"},"schema":{"@context":"https:\/\/schema.org","@graph":[{"@type":"Article","@id":"http:\/\/esponsorama.ad\/es\/reale-avintia-academy-pone-rumbo-la-segunda-cita-del-fim-cev-3\/#article","isPartOf":{"@id":"http:\/\/esponsorama.ad\/es\/reale-avintia-academy-pone-rumbo-la-segunda-cita-del-fim-cev-3\/"},"author":{"name":"Xavi Andornet","@id":"http:\/\/esponsorama.ad\/es\/#\/schema\/person\/a5cde74945183d737066e46b61c6f9c4"},"headline":"Reale Avintia Academy pone rumbo a la segunda cita del FIM CEV","datePublished":"2018-04-26T10:56:06+00:00","dateModified":"2018-05-02T17:15:51+00:00","mainEntityOfPage":{"@id":"http:\/\/esponsorama.ad\/es\/reale-avintia-academy-pone-rumbo-la-segunda-cita-del-fim-cev-3\/"},"wordCount":685,"image":{"@id":"http:\/\/esponsorama.ad\/es\/reale-avintia-academy-pone-rumbo-la-segunda-cita-del-fim-cev-3\/#primaryimage"},"thumbnailUrl":"http:\/\/esponsorama.ad\/wp-content\/uploads\/2018\/03\/MG_1625.jpg","articleSection":["FIM CEV"],"inLanguage":"es"},{"@type":"WebPage","@id":"http:\/\/esponsorama.ad\/es\/reale-avintia-academy-pone-rumbo-la-segunda-cita-del-fim-cev-3\/","url":"http:\/\/esponsorama.ad\/es\/reale-avintia-academy-pone-rumbo-la-segunda-cita-del-fim-cev-3\/","name":"Reale Avintia Academy pone rumbo a la segunda cita del FIM CEV - Esponsorama","isPartOf":{"@id":"http:\/\/esponsorama.ad\/es\/#website"},"primaryImageOfPage":{"@id":"http:\/\/esponsorama.ad\/es\/reale-avintia-academy-pone-rumbo-la-segunda-cita-del-fim-cev-3\/#primaryimage"},"image":{"@id":"http:\/\/esponsorama.ad\/es\/reale-avintia-academy-pone-rumbo-la-segunda-cita-del-fim-cev-3\/#primaryimage"},"thumbnailUrl":"http:\/\/esponsorama.ad\/wp-content\/uploads\/2018\/03\/MG_1625.jpg","datePublished":"2018-04-26T10:56:06+00:00","dateModified":"2018-05-02T17:15:51+00:00","author":{"@id":"http:\/\/esponsorama.ad\/es\/#\/schema\/person\/a5cde74945183d737066e46b61c6f9c4"},"breadcrumb":{"@id":"http:\/\/esponsorama.ad\/es\/reale-avintia-academy-pone-rumbo-la-segunda-cita-del-fim-cev-3\/#breadcrumb"},"inLanguage":"es","potentialAction":[{"@type":"ReadAction","target":["http:\/\/esponsorama.ad\/es\/reale-avintia-academy-pone-rumbo-la-segunda-cita-del-fim-cev-3\/"]}]},{"@type":"ImageObject","inLanguage":"es","@id":"http:\/\/esponsorama.ad\/es\/reale-avintia-academy-pone-rumbo-la-segunda-cita-del-fim-cev-3\/#primaryimage","url":"http:\/\/esponsorama.ad\/wp-content\/uploads\/2018\/03\/MG_1625.jpg","contentUrl":"http:\/\/esponsorama.ad\/wp-content\/uploads\/2018\/03\/MG_1625.jpg","width":4272,"height":2848},{"@type":"BreadcrumbList","@id":"http:\/\/esponsorama.ad\/es\/reale-avintia-academy-pone-rumbo-la-segunda-cita-del-fim-cev-3\/#breadcrumb","itemListElement":[{"@type":"ListItem","position":1,"name":"Home","item":"http:\/\/esponsorama.ad\/es\/"},{"@type":"ListItem","position":2,"name":"Reale Avintia Academy pone rumbo a la segunda cita del FIM CEV"}]},{"@type":"WebSite","@id":"http:\/\/esponsorama.ad\/es\/#website","url":"http:\/\/esponsorama.ad\/es\/","name":"Esponsorama","description":"Specialist in motorsport sponsorship and event promotions","potentialAction":[{"@type":"SearchAction","target":{"@type":"EntryPoint","urlTemplate":"http:\/\/esponsorama.ad\/es\/?s={search_term_string}"},"query-input":{"@type":"PropertyValueSpecification","valueRequired":true,"valueName":"search_term_string"}}],"inLanguage":"es"},{"@type":"Person","@id":"http:\/\/esponsorama.ad\/es\/#\/schema\/person\/a5cde74945183d737066e46b61c6f9c4","name":"Xavi Andornet","image":{"@type":"ImageObject","inLanguage":"es","@id":"http:\/\/esponsorama.ad\/es\/#\/schema\/person\/image\/","url":"https:\/\/secure.gravatar.com\/avatar\/f10eaf9ad601244a2357c9fd7cd9805ed166cfaaf76d5d9ab08a9d873e70147a?s=96&d=mm&r=g","contentUrl":"https:\/\/secure.gravatar.com\/avatar\/f10eaf9ad601244a2357c9fd7cd9805ed166cfaaf76d5d9ab08a9d873e70147a?s=96&d=mm&r=g","caption":"Xavi Andornet"},"sameAs":["http:\/\/www.andornet.ad"],"url":"http:\/\/esponsorama.ad\/es\/author\/andornet\/"}]}},"_links":{"self":[{"href":"http:\/\/esponsorama.ad\/es\/wp-json\/wp\/v2\/posts\/9154","targetHints":{"allow":["GET"]}}],"collection":[{"href":"http:\/\/esponsorama.ad\/es\/wp-json\/wp\/v2\/posts"}],"about":[{"href":"http:\/\/esponsorama.ad\/es\/wp-json\/wp\/v2\/types\/post"}],"author":[{"embeddable":true,"href":"http:\/\/esponsorama.ad\/es\/wp-json\/wp\/v2\/users\/6"}],"replies":[{"embeddable":true,"href":"http:\/\/esponsorama.ad\/es\/wp-json\/wp\/v2\/comments?post=9154"}],"version-history":[{"count":0,"href":"http:\/\/esponsorama.ad\/es\/wp-json\/wp\/v2\/posts\/9154\/revisions"}],"wp:featuredmedia":[{"embeddable":true,"href":"http:\/\/esponsorama.ad\/es\/wp-json\/wp\/v2\/media\/8668"}],"wp:attachment":[{"href":"http:\/\/esponsorama.ad\/es\/wp-json\/wp\/v2\/media?parent=9154"}],"wp:term":[{"taxonomy":"category","embeddable":true,"href":"http:\/\/esponsorama.ad\/es\/wp-json\/wp\/v2\/categories?post=9154"},{"taxonomy":"post_tag","embeddable":true,"href":"http:\/\/esponsorama.ad\/es\/wp-json\/wp\/v2\/tags?post=9154"}],"curies":[{"name":"wp","href":"https:\/\/api.w.org\/{rel}","templated":true}]}}