{"id":926,"date":"2016-11-28T13:54:37","date_gmt":"2016-11-28T11:54:37","guid":{"rendered":"http:\/\/esponsorama.ad\/?p=926"},"modified":"2016-11-28T15:07:08","modified_gmt":"2016-11-28T13:07:08","slug":"esponsorama-air-europa-albert-llovera-dakar-2","status":"publish","type":"post","link":"http:\/\/esponsorama.ad\/es\/esponsorama-air-europa-albert-llovera-dakar-2\/","title":{"rendered":"Esponsorama y Air Europa con Albert Llovera en el Dakar"},"content":{"rendered":"<p>Esponsorama tambi\u00e9n estar\u00e1 presente con su sponsor Air Europa apoyando al piloto andorrano Albert Llovera en el Rally Dakar 2017. De esta manera la presencia de las marcas que representa la empresa de Ra\u00fal Romero, se extiende tambi\u00e9n a la categor\u00eda de camiones, y se suma a los proyectos de patrocinio que Esponsorama tiene con varios equipos de coches y motos.<\/p>\n<p>Esta ser\u00e1 la cuarta participaci\u00f3n en el Dakar de Albert Llovera, quien tras terminar 35\u00ba en la \u00faltima edici\u00f3n espera poder mejorar al volante de su Tatra Jmail preparado por el equipo checo Bonver Dakar Project. Pero solo terminar otro Dakar significar\u00eda much\u00edsimo para el piloto andorrano, porque no es f\u00e1cil terminar el rally m\u00e1s duro del mundo al volante de un cami\u00f3n, a pesar de estar en una silla de ruedas. Albert ha aprendido a convivir con la falta de movilidad en sus extremidades inferiores, pero su af\u00e1n de superaci\u00f3n puede con cualquier reto que se proponga. En la cabina de su Tatra le acompa\u00f1ar\u00e1n el experimentado copiloto belga Charly Gotlib y el t\u00e9cnico de la marca checa, Jaromir Martinec.<\/p>\n<p>El Dakar se present\u00f3 el mi\u00e9rcoles en Par\u00eds y all\u00ed estuvo Llovera. El rally que dar\u00e1 comienzo el d\u00eda 2 de enero en Asunci\u00f3n, la capital de Paraguay, promete ser mucho m\u00e1s duro que en las \u00faltimas ediciones. De Paraguay pasar\u00e1 a las etapas de altura en Bolivia, para despu\u00e9s dirigirse a suelo argentino, donde los participantes llegar\u00e1n a la meta el 14 de enero en Buenos Aires.<\/p>\n<p><strong>Albert Llovera (Tatra Jmail Bonver Dakar Project)<\/strong><\/p>\n<p>\u201cPara m\u00ed es todo un orgullo poder anunciar este acuerdo y trabajar conjuntamente con Esponsorama, pero sobre todo trabajar con Ra\u00fal Romero que cuenta con much\u00edsima experiencia en competici\u00f3n y juntos seguro que podemos hacer cosas muy buenas. Y por supuesto quiero agradecer a Air Europa su apoyo en este nuevo desaf\u00edo. El objetivo en este Dakar 2017 sobre todo es llegar a la meta y mejorar la posici\u00f3n del a\u00f1o pasado. Creo que no va a ser f\u00e1cil porque al desplazarme en silla de ruedas todo es m\u00e1s complicado, hasta moverme para ir al servicio o a cenar en el bivouac es dif\u00edcil. En Bolivia tambi\u00e9n sufriremos much\u00edsimo, porque pasaremos cinco d\u00edas entre 3.500 y 4.700 metros de altitud, y esto tambi\u00e9n es desfavorable para mi condici\u00f3n; el a\u00f1o pasado tuve bastantes espasmos. Pero es algo que forma parte de este desaf\u00edo y tenemos que estar muy contentos de poder estar por cuarto a\u00f1o consecutivo en la mejor aventura del motor en todo el mundo. Doy las gracias a todos los que hacen que sea posible y espero divertirme mucho.\u201d<\/p>\n","protected":false},"excerpt":{"rendered":"<p>Esponsorama tambi\u00e9n estar\u00e1 presente con su sponsor Air Europa apoyando al piloto andorrano Albert Llovera en el Rally Dakar 2017. De esta manera la presencia de las marcas que representa la empresa de Ra\u00fal Romero, se extiende tambi\u00e9n a la categor\u00eda de camiones, y se suma a los proyectos de patrocinio que Esponsorama tiene con [&hellip;]<\/p>\n","protected":false},"author":6,"featured_media":918,"comment_status":"closed","ping_status":"closed","sticky":false,"template":"","format":"standard","meta":{"footnotes":""},"categories":[4],"tags":[],"class_list":["post-926","post","type-post","status-publish","format-standard","has-post-thumbnail","hentry","category-dakar"],"yoast_head":"<!-- This site is optimized with the Yoast SEO plugin v27.1.1 - https:\/\/yoast.com\/product\/yoast-seo-wordpress\/ -->\n<title>Esponsorama y Air Europa con Albert Llovera en el Dakar - Esponsorama<\/title>\n<meta name=\"robots\" content=\"index, follow, max-snippet:-1, max-image-preview:large, max-video-preview:-1\" \/>\n<link rel=\"canonical\" href=\"http:\/\/esponsorama.ad\/es\/esponsorama-air-europa-albert-llovera-dakar-2\/\" \/>\n<meta property=\"og:locale\" content=\"es_ES\" \/>\n<meta property=\"og:type\" content=\"article\" \/>\n<meta property=\"og:title\" content=\"Esponsorama y Air Europa con Albert Llovera en el Dakar - Esponsorama\" \/>\n<meta property=\"og:description\" content=\"Esponsorama tambi\u00e9n estar\u00e1 presente con su sponsor Air Europa apoyando al piloto andorrano Albert Llovera en el Rally Dakar 2017. De esta manera la presencia de las marcas que representa la empresa de Ra\u00fal Romero, se extiende tambi\u00e9n a la categor\u00eda de camiones, y se suma a los proyectos de patrocinio que Esponsorama tiene con [&hellip;]\" \/>\n<meta property=\"og:url\" content=\"http:\/\/esponsorama.ad\/es\/esponsorama-air-europa-albert-llovera-dakar-2\/\" \/>\n<meta property=\"og:site_name\" content=\"Esponsorama\" \/>\n<meta property=\"article:published_time\" content=\"2016-11-28T11:54:37+00:00\" \/>\n<meta property=\"article:modified_time\" content=\"2016-11-28T13:07:08+00:00\" \/>\n<meta property=\"og:image\" content=\"http:\/\/esponsorama.ad\/wp-content\/uploads\/2016\/11\/IMG_3139-1024x768.jpg\" \/>\n\t<meta property=\"og:image:width\" content=\"1024\" \/>\n\t<meta property=\"og:image:height\" content=\"768\" \/>\n\t<meta property=\"og:image:type\" content=\"image\/jpeg\" \/>\n<meta name=\"author\" content=\"Xavi Andornet\" \/>\n<meta name=\"twitter:card\" content=\"summary_large_image\" \/>\n<meta name=\"twitter:label1\" content=\"Escrito por\" \/>\n\t<meta name=\"twitter:data1\" content=\"Xavi Andornet\" \/>\n\t<meta name=\"twitter:label2\" content=\"Tiempo de lectura\" \/>\n\t<meta name=\"twitter:data2\" content=\"2 minutos\" \/>\n<script type=\"application\/ld+json\" class=\"yoast-schema-graph\">{\"@context\":\"https:\/\/schema.org\",\"@graph\":[{\"@type\":\"Article\",\"@id\":\"http:\/\/esponsorama.ad\/es\/esponsorama-air-europa-albert-llovera-dakar-2\/#article\",\"isPartOf\":{\"@id\":\"http:\/\/esponsorama.ad\/es\/esponsorama-air-europa-albert-llovera-dakar-2\/\"},\"author\":{\"name\":\"Xavi Andornet\",\"@id\":\"http:\/\/esponsorama.ad\/es\/#\/schema\/person\/a5cde74945183d737066e46b61c6f9c4\"},\"headline\":\"Esponsorama y Air Europa con Albert Llovera en el Dakar\",\"datePublished\":\"2016-11-28T11:54:37+00:00\",\"dateModified\":\"2016-11-28T13:07:08+00:00\",\"mainEntityOfPage\":{\"@id\":\"http:\/\/esponsorama.ad\/es\/esponsorama-air-europa-albert-llovera-dakar-2\/\"},\"wordCount\":481,\"image\":{\"@id\":\"http:\/\/esponsorama.ad\/es\/esponsorama-air-europa-albert-llovera-dakar-2\/#primaryimage\"},\"thumbnailUrl\":\"http:\/\/esponsorama.ad\/wp-content\/uploads\/2016\/11\/IMG_3139.jpg\",\"articleSection\":[\"Dakar\"],\"inLanguage\":\"es\"},{\"@type\":\"WebPage\",\"@id\":\"http:\/\/esponsorama.ad\/es\/esponsorama-air-europa-albert-llovera-dakar-2\/\",\"url\":\"http:\/\/esponsorama.ad\/es\/esponsorama-air-europa-albert-llovera-dakar-2\/\",\"name\":\"Esponsorama y Air Europa con Albert Llovera en el Dakar - Esponsorama\",\"isPartOf\":{\"@id\":\"http:\/\/esponsorama.ad\/es\/#website\"},\"primaryImageOfPage\":{\"@id\":\"http:\/\/esponsorama.ad\/es\/esponsorama-air-europa-albert-llovera-dakar-2\/#primaryimage\"},\"image\":{\"@id\":\"http:\/\/esponsorama.ad\/es\/esponsorama-air-europa-albert-llovera-dakar-2\/#primaryimage\"},\"thumbnailUrl\":\"http:\/\/esponsorama.ad\/wp-content\/uploads\/2016\/11\/IMG_3139.jpg\",\"datePublished\":\"2016-11-28T11:54:37+00:00\",\"dateModified\":\"2016-11-28T13:07:08+00:00\",\"author\":{\"@id\":\"http:\/\/esponsorama.ad\/es\/#\/schema\/person\/a5cde74945183d737066e46b61c6f9c4\"},\"breadcrumb\":{\"@id\":\"http:\/\/esponsorama.ad\/es\/esponsorama-air-europa-albert-llovera-dakar-2\/#breadcrumb\"},\"inLanguage\":\"es\",\"potentialAction\":[{\"@type\":\"ReadAction\",\"target\":[\"http:\/\/esponsorama.ad\/es\/esponsorama-air-europa-albert-llovera-dakar-2\/\"]}]},{\"@type\":\"ImageObject\",\"inLanguage\":\"es\",\"@id\":\"http:\/\/esponsorama.ad\/es\/esponsorama-air-europa-albert-llovera-dakar-2\/#primaryimage\",\"url\":\"http:\/\/esponsorama.ad\/wp-content\/uploads\/2016\/11\/IMG_3139.jpg\",\"contentUrl\":\"http:\/\/esponsorama.ad\/wp-content\/uploads\/2016\/11\/IMG_3139.jpg\",\"width\":4032,\"height\":3024},{\"@type\":\"BreadcrumbList\",\"@id\":\"http:\/\/esponsorama.ad\/es\/esponsorama-air-europa-albert-llovera-dakar-2\/#breadcrumb\",\"itemListElement\":[{\"@type\":\"ListItem\",\"position\":1,\"name\":\"Home\",\"item\":\"http:\/\/esponsorama.ad\/es\/\"},{\"@type\":\"ListItem\",\"position\":2,\"name\":\"Esponsorama y Air Europa con Albert Llovera en el Dakar\"}]},{\"@type\":\"WebSite\",\"@id\":\"http:\/\/esponsorama.ad\/es\/#website\",\"url\":\"http:\/\/esponsorama.ad\/es\/\",\"name\":\"Esponsorama\",\"description\":\"Specialist in motorsport sponsorship and event promotions\",\"potentialAction\":[{\"@type\":\"SearchAction\",\"target\":{\"@type\":\"EntryPoint\",\"urlTemplate\":\"http:\/\/esponsorama.ad\/es\/?s={search_term_string}\"},\"query-input\":{\"@type\":\"PropertyValueSpecification\",\"valueRequired\":true,\"valueName\":\"search_term_string\"}}],\"inLanguage\":\"es\"},{\"@type\":\"Person\",\"@id\":\"http:\/\/esponsorama.ad\/es\/#\/schema\/person\/a5cde74945183d737066e46b61c6f9c4\",\"name\":\"Xavi Andornet\",\"image\":{\"@type\":\"ImageObject\",\"inLanguage\":\"es\",\"@id\":\"http:\/\/esponsorama.ad\/es\/#\/schema\/person\/image\/\",\"url\":\"https:\/\/secure.gravatar.com\/avatar\/f10eaf9ad601244a2357c9fd7cd9805ed166cfaaf76d5d9ab08a9d873e70147a?s=96&d=mm&r=g\",\"contentUrl\":\"https:\/\/secure.gravatar.com\/avatar\/f10eaf9ad601244a2357c9fd7cd9805ed166cfaaf76d5d9ab08a9d873e70147a?s=96&d=mm&r=g\",\"caption\":\"Xavi Andornet\"},\"sameAs\":[\"http:\/\/www.andornet.ad\"],\"url\":\"http:\/\/esponsorama.ad\/es\/author\/andornet\/\"}]}<\/script>\n<!-- \/ Yoast SEO plugin. -->","yoast_head_json":{"title":"Esponsorama y Air Europa con Albert Llovera en el Dakar - Esponsorama","robots":{"index":"index","follow":"follow","max-snippet":"max-snippet:-1","max-image-preview":"max-image-preview:large","max-video-preview":"max-video-preview:-1"},"canonical":"http:\/\/esponsorama.ad\/es\/esponsorama-air-europa-albert-llovera-dakar-2\/","og_locale":"es_ES","og_type":"article","og_title":"Esponsorama y Air Europa con Albert Llovera en el Dakar - Esponsorama","og_description":"Esponsorama tambi\u00e9n estar\u00e1 presente con su sponsor Air Europa apoyando al piloto andorrano Albert Llovera en el Rally Dakar 2017. De esta manera la presencia de las marcas que representa la empresa de Ra\u00fal Romero, se extiende tambi\u00e9n a la categor\u00eda de camiones, y se suma a los proyectos de patrocinio que Esponsorama tiene con [&hellip;]","og_url":"http:\/\/esponsorama.ad\/es\/esponsorama-air-europa-albert-llovera-dakar-2\/","og_site_name":"Esponsorama","article_published_time":"2016-11-28T11:54:37+00:00","article_modified_time":"2016-11-28T13:07:08+00:00","og_image":[{"width":1024,"height":768,"url":"http:\/\/esponsorama.ad\/wp-content\/uploads\/2016\/11\/IMG_3139-1024x768.jpg","type":"image\/jpeg"}],"author":"Xavi Andornet","twitter_card":"summary_large_image","twitter_misc":{"Escrito por":"Xavi Andornet","Tiempo de lectura":"2 minutos"},"schema":{"@context":"https:\/\/schema.org","@graph":[{"@type":"Article","@id":"http:\/\/esponsorama.ad\/es\/esponsorama-air-europa-albert-llovera-dakar-2\/#article","isPartOf":{"@id":"http:\/\/esponsorama.ad\/es\/esponsorama-air-europa-albert-llovera-dakar-2\/"},"author":{"name":"Xavi Andornet","@id":"http:\/\/esponsorama.ad\/es\/#\/schema\/person\/a5cde74945183d737066e46b61c6f9c4"},"headline":"Esponsorama y Air Europa con Albert Llovera en el Dakar","datePublished":"2016-11-28T11:54:37+00:00","dateModified":"2016-11-28T13:07:08+00:00","mainEntityOfPage":{"@id":"http:\/\/esponsorama.ad\/es\/esponsorama-air-europa-albert-llovera-dakar-2\/"},"wordCount":481,"image":{"@id":"http:\/\/esponsorama.ad\/es\/esponsorama-air-europa-albert-llovera-dakar-2\/#primaryimage"},"thumbnailUrl":"http:\/\/esponsorama.ad\/wp-content\/uploads\/2016\/11\/IMG_3139.jpg","articleSection":["Dakar"],"inLanguage":"es"},{"@type":"WebPage","@id":"http:\/\/esponsorama.ad\/es\/esponsorama-air-europa-albert-llovera-dakar-2\/","url":"http:\/\/esponsorama.ad\/es\/esponsorama-air-europa-albert-llovera-dakar-2\/","name":"Esponsorama y Air Europa con Albert Llovera en el Dakar - Esponsorama","isPartOf":{"@id":"http:\/\/esponsorama.ad\/es\/#website"},"primaryImageOfPage":{"@id":"http:\/\/esponsorama.ad\/es\/esponsorama-air-europa-albert-llovera-dakar-2\/#primaryimage"},"image":{"@id":"http:\/\/esponsorama.ad\/es\/esponsorama-air-europa-albert-llovera-dakar-2\/#primaryimage"},"thumbnailUrl":"http:\/\/esponsorama.ad\/wp-content\/uploads\/2016\/11\/IMG_3139.jpg","datePublished":"2016-11-28T11:54:37+00:00","dateModified":"2016-11-28T13:07:08+00:00","author":{"@id":"http:\/\/esponsorama.ad\/es\/#\/schema\/person\/a5cde74945183d737066e46b61c6f9c4"},"breadcrumb":{"@id":"http:\/\/esponsorama.ad\/es\/esponsorama-air-europa-albert-llovera-dakar-2\/#breadcrumb"},"inLanguage":"es","potentialAction":[{"@type":"ReadAction","target":["http:\/\/esponsorama.ad\/es\/esponsorama-air-europa-albert-llovera-dakar-2\/"]}]},{"@type":"ImageObject","inLanguage":"es","@id":"http:\/\/esponsorama.ad\/es\/esponsorama-air-europa-albert-llovera-dakar-2\/#primaryimage","url":"http:\/\/esponsorama.ad\/wp-content\/uploads\/2016\/11\/IMG_3139.jpg","contentUrl":"http:\/\/esponsorama.ad\/wp-content\/uploads\/2016\/11\/IMG_3139.jpg","width":4032,"height":3024},{"@type":"BreadcrumbList","@id":"http:\/\/esponsorama.ad\/es\/esponsorama-air-europa-albert-llovera-dakar-2\/#breadcrumb","itemListElement":[{"@type":"ListItem","position":1,"name":"Home","item":"http:\/\/esponsorama.ad\/es\/"},{"@type":"ListItem","position":2,"name":"Esponsorama y Air Europa con Albert Llovera en el Dakar"}]},{"@type":"WebSite","@id":"http:\/\/esponsorama.ad\/es\/#website","url":"http:\/\/esponsorama.ad\/es\/","name":"Esponsorama","description":"Specialist in motorsport sponsorship and event promotions","potentialAction":[{"@type":"SearchAction","target":{"@type":"EntryPoint","urlTemplate":"http:\/\/esponsorama.ad\/es\/?s={search_term_string}"},"query-input":{"@type":"PropertyValueSpecification","valueRequired":true,"valueName":"search_term_string"}}],"inLanguage":"es"},{"@type":"Person","@id":"http:\/\/esponsorama.ad\/es\/#\/schema\/person\/a5cde74945183d737066e46b61c6f9c4","name":"Xavi Andornet","image":{"@type":"ImageObject","inLanguage":"es","@id":"http:\/\/esponsorama.ad\/es\/#\/schema\/person\/image\/","url":"https:\/\/secure.gravatar.com\/avatar\/f10eaf9ad601244a2357c9fd7cd9805ed166cfaaf76d5d9ab08a9d873e70147a?s=96&d=mm&r=g","contentUrl":"https:\/\/secure.gravatar.com\/avatar\/f10eaf9ad601244a2357c9fd7cd9805ed166cfaaf76d5d9ab08a9d873e70147a?s=96&d=mm&r=g","caption":"Xavi Andornet"},"sameAs":["http:\/\/www.andornet.ad"],"url":"http:\/\/esponsorama.ad\/es\/author\/andornet\/"}]}},"_links":{"self":[{"href":"http:\/\/esponsorama.ad\/es\/wp-json\/wp\/v2\/posts\/926","targetHints":{"allow":["GET"]}}],"collection":[{"href":"http:\/\/esponsorama.ad\/es\/wp-json\/wp\/v2\/posts"}],"about":[{"href":"http:\/\/esponsorama.ad\/es\/wp-json\/wp\/v2\/types\/post"}],"author":[{"embeddable":true,"href":"http:\/\/esponsorama.ad\/es\/wp-json\/wp\/v2\/users\/6"}],"replies":[{"embeddable":true,"href":"http:\/\/esponsorama.ad\/es\/wp-json\/wp\/v2\/comments?post=926"}],"version-history":[{"count":0,"href":"http:\/\/esponsorama.ad\/es\/wp-json\/wp\/v2\/posts\/926\/revisions"}],"wp:featuredmedia":[{"embeddable":true,"href":"http:\/\/esponsorama.ad\/es\/wp-json\/wp\/v2\/media\/918"}],"wp:attachment":[{"href":"http:\/\/esponsorama.ad\/es\/wp-json\/wp\/v2\/media?parent=926"}],"wp:term":[{"taxonomy":"category","embeddable":true,"href":"http:\/\/esponsorama.ad\/es\/wp-json\/wp\/v2\/categories?post=926"},{"taxonomy":"post_tag","embeddable":true,"href":"http:\/\/esponsorama.ad\/es\/wp-json\/wp\/v2\/tags?post=926"}],"curies":[{"name":"wp","href":"https:\/\/api.w.org\/{rel}","templated":true}]}}