{"id":9526,"date":"2018-05-06T16:38:04","date_gmt":"2018-05-06T14:38:04","guid":{"rendered":"http:\/\/esponsorama.ad\/?p=9526"},"modified":"2018-05-06T17:15:59","modified_gmt":"2018-05-06T15:15:59","slug":"rabat-sigue-top-ten-del-campeonato-tras-gp-espana-complicado-2","status":"publish","type":"post","link":"http:\/\/esponsorama.ad\/es\/rabat-sigue-top-ten-del-campeonato-tras-gp-espana-complicado-2\/","title":{"rendered":"Rabat sigue en el top ten del campeonato tras un GP de Espa\u00f1a muy complicado"},"content":{"rendered":"<p><strong>MotoGP &#8211; GP de Espa\u00f1a \u2013 Circuito \u00c1ngel Nieto<\/strong><\/p>\n<p>Los pilotos del equipo Reale Avintia Racing, Tito Rabat y Xavier Simeon, han salido de Jerez sin el resultado esperado en un fin de semana muy complicado. Con temperaturas mucho m\u00e1s altas y condiciones muy diferentes a las del test del pasado mes de noviembre, Tito Rabat no ha encontrado en todo el fin de semana buenas sensaciones con su moto. Adem\u00e1s, la salida desde la sexta l\u00ednea de la parrilla no ha sido buena y el espa\u00f1ol ha perdido varias posiciones que despu\u00e9s le ha costado mucho recuperar. El \u00fanico punto positivo para Rabat en el Gran Premio de Espa\u00f1a, es que con su 14\u00ba puesto, sigue entre los diez primeros en la clasificaci\u00f3n provisional del campeonato despu\u00e9s de cuatro carreras.<\/p>\n<p>Xavier Simeon lleg\u00f3 a Jerez dispuesto a estrenar su casillero de puntos. El belga ha ido dando pasos cada d\u00eda en los libres, pero nunca ha llegado a encontrar una puesta a punto que le permitir\u00e1 ir m\u00e1s c\u00f3modo y esto se ha visto reflejado en la carrera. Pero Simeon ha terminado otra carrera m\u00e1s y ha acumulado m\u00e1s experiencia.<\/p>\n<p>Ma\u00f1ana lunes, los pilotos de Reale Avintia Racing dispondr\u00e1n de un d\u00eda de entrenamientos, donde esperan encontrar soluciones para el GP de Francia, el cu\u00e1l tendr\u00e1 lugar en Le Mans dentro de dos semanas.<\/p>\n<p><strong><\/strong><\/p>\n<p>\u00abHa sido un fin de semana complicado. Pensaba que en carrera me ir\u00eda mejor, pero no ha podido ser. La salida no ha ido bien y luego ten\u00eda un \u2018feeling\u2019 raro, por lo que he optado por quedarme donde estaba. No pod\u00eda ir m\u00e1s r\u00e1pido, pero ha sido una l\u00e1stima que haya ido mal en la primera carrera en casa. Ma\u00f1ana tenemos un d\u00eda de test y as\u00ed analizaremos lo qu\u00e9 ha pasado. Tengo ganas de hacer el test y sobre todo de pasar p\u00e1gina y llegar a Le Mans\u201d.<\/p>\n<p><strong><\/strong><\/p>\n<p>\u201cHa sido una carrera muy dif\u00edcil porque hemos ido empeorando. No ten\u00edamos el ritmo que esper\u00e1bamos. Con el cambio de cosas para arreglar el problema del agarre, lo hemos empeorado. No he disfrutado para nada. En ning\u00fan momento he podido luchar para hacer algo bueno. Lo positivo es que he mantenido un ritmo constante durante toda la carrera y hemos cogido experiencia\u201d.<\/p>\n","protected":false},"excerpt":{"rendered":"<p>MotoGP &#8211; GP de Espa\u00f1a \u2013 Circuito \u00c1ngel Nieto Los pilotos del equipo Reale Avintia Racing, Tito Rabat y Xavier Simeon, han salido de Jerez sin el resultado esperado en un fin de semana muy complicado. Con temperaturas mucho m\u00e1s altas y condiciones muy diferentes a las del test del pasado mes de noviembre, Tito [&hellip;]<\/p>\n","protected":false},"author":6,"featured_media":9517,"comment_status":"closed","ping_status":"closed","sticky":false,"template":"","format":"standard","meta":{"footnotes":""},"categories":[3],"tags":[],"class_list":["post-9526","post","type-post","status-publish","format-standard","has-post-thumbnail","hentry","category-motogp"],"yoast_head":"<!-- This site is optimized with the Yoast SEO plugin v27.1.1 - https:\/\/yoast.com\/product\/yoast-seo-wordpress\/ -->\n<title>Rabat sigue en el top ten del campeonato tras un GP de Espa\u00f1a muy complicado - Esponsorama<\/title>\n<meta name=\"robots\" content=\"index, follow, max-snippet:-1, max-image-preview:large, max-video-preview:-1\" \/>\n<link rel=\"canonical\" href=\"http:\/\/esponsorama.ad\/es\/rabat-sigue-top-ten-del-campeonato-tras-gp-espana-complicado-2\/\" \/>\n<meta property=\"og:locale\" content=\"es_ES\" \/>\n<meta property=\"og:type\" content=\"article\" \/>\n<meta property=\"og:title\" content=\"Rabat sigue en el top ten del campeonato tras un GP de Espa\u00f1a muy complicado - Esponsorama\" \/>\n<meta property=\"og:description\" content=\"MotoGP &#8211; GP de Espa\u00f1a \u2013 Circuito \u00c1ngel Nieto Los pilotos del equipo Reale Avintia Racing, Tito Rabat y Xavier Simeon, han salido de Jerez sin el resultado esperado en un fin de semana muy complicado. Con temperaturas mucho m\u00e1s altas y condiciones muy diferentes a las del test del pasado mes de noviembre, Tito [&hellip;]\" \/>\n<meta property=\"og:url\" content=\"http:\/\/esponsorama.ad\/es\/rabat-sigue-top-ten-del-campeonato-tras-gp-espana-complicado-2\/\" \/>\n<meta property=\"og:site_name\" content=\"Esponsorama\" \/>\n<meta property=\"article:published_time\" content=\"2018-05-06T14:38:04+00:00\" \/>\n<meta property=\"article:modified_time\" content=\"2018-05-06T15:15:59+00:00\" \/>\n<meta property=\"og:image\" content=\"http:\/\/esponsorama.ad\/wp-content\/uploads\/2018\/05\/04Jerez2018Mgp-3148-1024x683.jpg\" \/>\n\t<meta property=\"og:image:width\" content=\"1024\" \/>\n\t<meta property=\"og:image:height\" content=\"683\" \/>\n\t<meta property=\"og:image:type\" content=\"image\/jpeg\" \/>\n<meta name=\"author\" content=\"Xavi Andornet\" \/>\n<meta name=\"twitter:card\" content=\"summary_large_image\" \/>\n<meta name=\"twitter:label1\" content=\"Escrito por\" \/>\n\t<meta name=\"twitter:data1\" content=\"Xavi Andornet\" \/>\n\t<meta name=\"twitter:label2\" content=\"Tiempo de lectura\" \/>\n\t<meta name=\"twitter:data2\" content=\"2 minutos\" \/>\n<script type=\"application\/ld+json\" class=\"yoast-schema-graph\">{\"@context\":\"https:\/\/schema.org\",\"@graph\":[{\"@type\":\"Article\",\"@id\":\"http:\/\/esponsorama.ad\/es\/rabat-sigue-top-ten-del-campeonato-tras-gp-espana-complicado-2\/#article\",\"isPartOf\":{\"@id\":\"http:\/\/esponsorama.ad\/es\/rabat-sigue-top-ten-del-campeonato-tras-gp-espana-complicado-2\/\"},\"author\":{\"name\":\"Xavi Andornet\",\"@id\":\"http:\/\/esponsorama.ad\/es\/#\/schema\/person\/a5cde74945183d737066e46b61c6f9c4\"},\"headline\":\"Rabat sigue en el top ten del campeonato tras un GP de Espa\u00f1a muy complicado\",\"datePublished\":\"2018-05-06T14:38:04+00:00\",\"dateModified\":\"2018-05-06T15:15:59+00:00\",\"mainEntityOfPage\":{\"@id\":\"http:\/\/esponsorama.ad\/es\/rabat-sigue-top-ten-del-campeonato-tras-gp-espana-complicado-2\/\"},\"wordCount\":428,\"image\":{\"@id\":\"http:\/\/esponsorama.ad\/es\/rabat-sigue-top-ten-del-campeonato-tras-gp-espana-complicado-2\/#primaryimage\"},\"thumbnailUrl\":\"http:\/\/esponsorama.ad\/wp-content\/uploads\/2018\/05\/04Jerez2018Mgp-3148.jpg\",\"articleSection\":[\"MotoGP\"],\"inLanguage\":\"es\"},{\"@type\":\"WebPage\",\"@id\":\"http:\/\/esponsorama.ad\/es\/rabat-sigue-top-ten-del-campeonato-tras-gp-espana-complicado-2\/\",\"url\":\"http:\/\/esponsorama.ad\/es\/rabat-sigue-top-ten-del-campeonato-tras-gp-espana-complicado-2\/\",\"name\":\"Rabat sigue en el top ten del campeonato tras un GP de Espa\u00f1a muy complicado - Esponsorama\",\"isPartOf\":{\"@id\":\"http:\/\/esponsorama.ad\/es\/#website\"},\"primaryImageOfPage\":{\"@id\":\"http:\/\/esponsorama.ad\/es\/rabat-sigue-top-ten-del-campeonato-tras-gp-espana-complicado-2\/#primaryimage\"},\"image\":{\"@id\":\"http:\/\/esponsorama.ad\/es\/rabat-sigue-top-ten-del-campeonato-tras-gp-espana-complicado-2\/#primaryimage\"},\"thumbnailUrl\":\"http:\/\/esponsorama.ad\/wp-content\/uploads\/2018\/05\/04Jerez2018Mgp-3148.jpg\",\"datePublished\":\"2018-05-06T14:38:04+00:00\",\"dateModified\":\"2018-05-06T15:15:59+00:00\",\"author\":{\"@id\":\"http:\/\/esponsorama.ad\/es\/#\/schema\/person\/a5cde74945183d737066e46b61c6f9c4\"},\"breadcrumb\":{\"@id\":\"http:\/\/esponsorama.ad\/es\/rabat-sigue-top-ten-del-campeonato-tras-gp-espana-complicado-2\/#breadcrumb\"},\"inLanguage\":\"es\",\"potentialAction\":[{\"@type\":\"ReadAction\",\"target\":[\"http:\/\/esponsorama.ad\/es\/rabat-sigue-top-ten-del-campeonato-tras-gp-espana-complicado-2\/\"]}]},{\"@type\":\"ImageObject\",\"inLanguage\":\"es\",\"@id\":\"http:\/\/esponsorama.ad\/es\/rabat-sigue-top-ten-del-campeonato-tras-gp-espana-complicado-2\/#primaryimage\",\"url\":\"http:\/\/esponsorama.ad\/wp-content\/uploads\/2018\/05\/04Jerez2018Mgp-3148.jpg\",\"contentUrl\":\"http:\/\/esponsorama.ad\/wp-content\/uploads\/2018\/05\/04Jerez2018Mgp-3148.jpg\",\"width\":4526,\"height\":3017},{\"@type\":\"BreadcrumbList\",\"@id\":\"http:\/\/esponsorama.ad\/es\/rabat-sigue-top-ten-del-campeonato-tras-gp-espana-complicado-2\/#breadcrumb\",\"itemListElement\":[{\"@type\":\"ListItem\",\"position\":1,\"name\":\"Home\",\"item\":\"http:\/\/esponsorama.ad\/en\/\"},{\"@type\":\"ListItem\",\"position\":2,\"name\":\"Rabat sigue en el top ten del campeonato tras un GP de Espa\u00f1a muy complicado\"}]},{\"@type\":\"WebSite\",\"@id\":\"http:\/\/esponsorama.ad\/es\/#website\",\"url\":\"http:\/\/esponsorama.ad\/es\/\",\"name\":\"Esponsorama\",\"description\":\"Specialist in motorsport sponsorship and event promotions\",\"potentialAction\":[{\"@type\":\"SearchAction\",\"target\":{\"@type\":\"EntryPoint\",\"urlTemplate\":\"http:\/\/esponsorama.ad\/es\/?s={search_term_string}\"},\"query-input\":{\"@type\":\"PropertyValueSpecification\",\"valueRequired\":true,\"valueName\":\"search_term_string\"}}],\"inLanguage\":\"es\"},{\"@type\":\"Person\",\"@id\":\"http:\/\/esponsorama.ad\/es\/#\/schema\/person\/a5cde74945183d737066e46b61c6f9c4\",\"name\":\"Xavi Andornet\",\"image\":{\"@type\":\"ImageObject\",\"inLanguage\":\"es\",\"@id\":\"http:\/\/esponsorama.ad\/es\/#\/schema\/person\/image\/\",\"url\":\"https:\/\/secure.gravatar.com\/avatar\/f10eaf9ad601244a2357c9fd7cd9805ed166cfaaf76d5d9ab08a9d873e70147a?s=96&d=mm&r=g\",\"contentUrl\":\"https:\/\/secure.gravatar.com\/avatar\/f10eaf9ad601244a2357c9fd7cd9805ed166cfaaf76d5d9ab08a9d873e70147a?s=96&d=mm&r=g\",\"caption\":\"Xavi Andornet\"},\"sameAs\":[\"http:\/\/www.andornet.ad\"],\"url\":\"http:\/\/esponsorama.ad\/es\/author\/andornet\/\"}]}<\/script>\n<!-- \/ Yoast SEO plugin. -->","yoast_head_json":{"title":"Rabat sigue en el top ten del campeonato tras un GP de Espa\u00f1a muy complicado - Esponsorama","robots":{"index":"index","follow":"follow","max-snippet":"max-snippet:-1","max-image-preview":"max-image-preview:large","max-video-preview":"max-video-preview:-1"},"canonical":"http:\/\/esponsorama.ad\/es\/rabat-sigue-top-ten-del-campeonato-tras-gp-espana-complicado-2\/","og_locale":"es_ES","og_type":"article","og_title":"Rabat sigue en el top ten del campeonato tras un GP de Espa\u00f1a muy complicado - Esponsorama","og_description":"MotoGP &#8211; GP de Espa\u00f1a \u2013 Circuito \u00c1ngel Nieto Los pilotos del equipo Reale Avintia Racing, Tito Rabat y Xavier Simeon, han salido de Jerez sin el resultado esperado en un fin de semana muy complicado. Con temperaturas mucho m\u00e1s altas y condiciones muy diferentes a las del test del pasado mes de noviembre, Tito [&hellip;]","og_url":"http:\/\/esponsorama.ad\/es\/rabat-sigue-top-ten-del-campeonato-tras-gp-espana-complicado-2\/","og_site_name":"Esponsorama","article_published_time":"2018-05-06T14:38:04+00:00","article_modified_time":"2018-05-06T15:15:59+00:00","og_image":[{"width":1024,"height":683,"url":"http:\/\/esponsorama.ad\/wp-content\/uploads\/2018\/05\/04Jerez2018Mgp-3148-1024x683.jpg","type":"image\/jpeg"}],"author":"Xavi Andornet","twitter_card":"summary_large_image","twitter_misc":{"Escrito por":"Xavi Andornet","Tiempo de lectura":"2 minutos"},"schema":{"@context":"https:\/\/schema.org","@graph":[{"@type":"Article","@id":"http:\/\/esponsorama.ad\/es\/rabat-sigue-top-ten-del-campeonato-tras-gp-espana-complicado-2\/#article","isPartOf":{"@id":"http:\/\/esponsorama.ad\/es\/rabat-sigue-top-ten-del-campeonato-tras-gp-espana-complicado-2\/"},"author":{"name":"Xavi Andornet","@id":"http:\/\/esponsorama.ad\/es\/#\/schema\/person\/a5cde74945183d737066e46b61c6f9c4"},"headline":"Rabat sigue en el top ten del campeonato tras un GP de Espa\u00f1a muy complicado","datePublished":"2018-05-06T14:38:04+00:00","dateModified":"2018-05-06T15:15:59+00:00","mainEntityOfPage":{"@id":"http:\/\/esponsorama.ad\/es\/rabat-sigue-top-ten-del-campeonato-tras-gp-espana-complicado-2\/"},"wordCount":428,"image":{"@id":"http:\/\/esponsorama.ad\/es\/rabat-sigue-top-ten-del-campeonato-tras-gp-espana-complicado-2\/#primaryimage"},"thumbnailUrl":"http:\/\/esponsorama.ad\/wp-content\/uploads\/2018\/05\/04Jerez2018Mgp-3148.jpg","articleSection":["MotoGP"],"inLanguage":"es"},{"@type":"WebPage","@id":"http:\/\/esponsorama.ad\/es\/rabat-sigue-top-ten-del-campeonato-tras-gp-espana-complicado-2\/","url":"http:\/\/esponsorama.ad\/es\/rabat-sigue-top-ten-del-campeonato-tras-gp-espana-complicado-2\/","name":"Rabat sigue en el top ten del campeonato tras un GP de Espa\u00f1a muy complicado - Esponsorama","isPartOf":{"@id":"http:\/\/esponsorama.ad\/es\/#website"},"primaryImageOfPage":{"@id":"http:\/\/esponsorama.ad\/es\/rabat-sigue-top-ten-del-campeonato-tras-gp-espana-complicado-2\/#primaryimage"},"image":{"@id":"http:\/\/esponsorama.ad\/es\/rabat-sigue-top-ten-del-campeonato-tras-gp-espana-complicado-2\/#primaryimage"},"thumbnailUrl":"http:\/\/esponsorama.ad\/wp-content\/uploads\/2018\/05\/04Jerez2018Mgp-3148.jpg","datePublished":"2018-05-06T14:38:04+00:00","dateModified":"2018-05-06T15:15:59+00:00","author":{"@id":"http:\/\/esponsorama.ad\/es\/#\/schema\/person\/a5cde74945183d737066e46b61c6f9c4"},"breadcrumb":{"@id":"http:\/\/esponsorama.ad\/es\/rabat-sigue-top-ten-del-campeonato-tras-gp-espana-complicado-2\/#breadcrumb"},"inLanguage":"es","potentialAction":[{"@type":"ReadAction","target":["http:\/\/esponsorama.ad\/es\/rabat-sigue-top-ten-del-campeonato-tras-gp-espana-complicado-2\/"]}]},{"@type":"ImageObject","inLanguage":"es","@id":"http:\/\/esponsorama.ad\/es\/rabat-sigue-top-ten-del-campeonato-tras-gp-espana-complicado-2\/#primaryimage","url":"http:\/\/esponsorama.ad\/wp-content\/uploads\/2018\/05\/04Jerez2018Mgp-3148.jpg","contentUrl":"http:\/\/esponsorama.ad\/wp-content\/uploads\/2018\/05\/04Jerez2018Mgp-3148.jpg","width":4526,"height":3017},{"@type":"BreadcrumbList","@id":"http:\/\/esponsorama.ad\/es\/rabat-sigue-top-ten-del-campeonato-tras-gp-espana-complicado-2\/#breadcrumb","itemListElement":[{"@type":"ListItem","position":1,"name":"Home","item":"http:\/\/esponsorama.ad\/en\/"},{"@type":"ListItem","position":2,"name":"Rabat sigue en el top ten del campeonato tras un GP de Espa\u00f1a muy complicado"}]},{"@type":"WebSite","@id":"http:\/\/esponsorama.ad\/es\/#website","url":"http:\/\/esponsorama.ad\/es\/","name":"Esponsorama","description":"Specialist in motorsport sponsorship and event promotions","potentialAction":[{"@type":"SearchAction","target":{"@type":"EntryPoint","urlTemplate":"http:\/\/esponsorama.ad\/es\/?s={search_term_string}"},"query-input":{"@type":"PropertyValueSpecification","valueRequired":true,"valueName":"search_term_string"}}],"inLanguage":"es"},{"@type":"Person","@id":"http:\/\/esponsorama.ad\/es\/#\/schema\/person\/a5cde74945183d737066e46b61c6f9c4","name":"Xavi Andornet","image":{"@type":"ImageObject","inLanguage":"es","@id":"http:\/\/esponsorama.ad\/es\/#\/schema\/person\/image\/","url":"https:\/\/secure.gravatar.com\/avatar\/f10eaf9ad601244a2357c9fd7cd9805ed166cfaaf76d5d9ab08a9d873e70147a?s=96&d=mm&r=g","contentUrl":"https:\/\/secure.gravatar.com\/avatar\/f10eaf9ad601244a2357c9fd7cd9805ed166cfaaf76d5d9ab08a9d873e70147a?s=96&d=mm&r=g","caption":"Xavi Andornet"},"sameAs":["http:\/\/www.andornet.ad"],"url":"http:\/\/esponsorama.ad\/es\/author\/andornet\/"}]}},"_links":{"self":[{"href":"http:\/\/esponsorama.ad\/es\/wp-json\/wp\/v2\/posts\/9526","targetHints":{"allow":["GET"]}}],"collection":[{"href":"http:\/\/esponsorama.ad\/es\/wp-json\/wp\/v2\/posts"}],"about":[{"href":"http:\/\/esponsorama.ad\/es\/wp-json\/wp\/v2\/types\/post"}],"author":[{"embeddable":true,"href":"http:\/\/esponsorama.ad\/es\/wp-json\/wp\/v2\/users\/6"}],"replies":[{"embeddable":true,"href":"http:\/\/esponsorama.ad\/es\/wp-json\/wp\/v2\/comments?post=9526"}],"version-history":[{"count":0,"href":"http:\/\/esponsorama.ad\/es\/wp-json\/wp\/v2\/posts\/9526\/revisions"}],"wp:featuredmedia":[{"embeddable":true,"href":"http:\/\/esponsorama.ad\/es\/wp-json\/wp\/v2\/media\/9517"}],"wp:attachment":[{"href":"http:\/\/esponsorama.ad\/es\/wp-json\/wp\/v2\/media?parent=9526"}],"wp:term":[{"taxonomy":"category","embeddable":true,"href":"http:\/\/esponsorama.ad\/es\/wp-json\/wp\/v2\/categories?post=9526"},{"taxonomy":"post_tag","embeddable":true,"href":"http:\/\/esponsorama.ad\/es\/wp-json\/wp\/v2\/tags?post=9526"}],"curies":[{"name":"wp","href":"https:\/\/api.w.org\/{rel}","templated":true}]}}