{"id":9624,"date":"2018-05-17T09:15:43","date_gmt":"2018-05-17T07:15:43","guid":{"rendered":"http:\/\/esponsorama.ad\/?p=9624"},"modified":"2018-05-20T22:17:46","modified_gmt":"2018-05-20T20:17:46","slug":"equipo-moto3-del-fim-cev-reale-avintia-academy-llega-fuerza-le-mans-3","status":"publish","type":"post","link":"http:\/\/esponsorama.ad\/es\/equipo-moto3-del-fim-cev-reale-avintia-academy-llega-fuerza-le-mans-3\/","title":{"rendered":"El equipo de Moto3 del FIM CEV en el Reale Avintia Academy, llega con fuerza a Le Mans"},"content":{"rendered":"<p><strong>Reale Avintia Academy \u2013 Francia \u2013 Circuito de Le Mans<\/strong><\/p>\n<p>Coincidiendo con el Gran Premio de Francia de MotoGP, la estructura de Moto3 del FIM CEV en el Reale Avintia Academy se traslada al Circuito de Le Mans, para disputar la tercera prueba del Campeonato.<\/p>\n<p>Este esta cita se incorpora el piloto belga, Barry Baltus, que cumpli\u00f3 14 a\u00f1os hace dos semanas y puede subir ya a la categor\u00eda de Moto3. Barry este a\u00f1o ha estado disputando la European Talent Cup, a la espera de llegar a la edad para pasar a luchar con Vicente P\u00e9rez, Andreas P\u00e9rez y Andrea Cavaliere.<\/p>\n<p>Vicente P\u00e9rez llega al trazado franc\u00e9s con las ideas muy claras, despu\u00e9s del complicado fin de semana que vivi\u00f3 en el circuito de Cheste. El piloto valenciano ya conoce Le Mans y es un trazado que le motiva bastante.<\/p>\n<p>Andreas P\u00e9rez est\u00e1 en un circuito nuevo para \u00e9l, pero es un piloto que evoluciona r\u00e1pido y puede estar luchando dentro del top 10 desde el inicio. No tuvo tampoco un buen fin de semana en Valencia; viene con m\u00e1s experiencia y con la idea de encontrar r\u00e1pido la \u2018puesta a punto\u2019 de su moto.<\/p>\n<p>El italiano Andrea Cavaliere se encuentra en la misma situaci\u00f3n que sus compa\u00f1eros de equipo, ya que no vivi\u00f3 un fin de semana f\u00e1cil en la pasada cita del FIM CEV. Andrea tiene ganas de probar ya encima de su moto y obtener buenos resultados en Francia.<\/p>\n<p><strong> TEAM MANAGER<\/strong><\/p>\n<p>\u00abAfrontamos este fin de semana con mucha energ\u00eda. Sabemos que el GP de Le Mans siempre es complicado, porque no hay entrenamientos libres; empezamos directamente con dos cronometrados. Confiamos en nuestros pilotos, que est\u00e1n al 100% y ser\u00e1 un gran fin de semana.\u00bb<\/p>\n<p><strong><\/strong><\/p>\n<p>\u00abMe veo bien, a pesar de los malos resultados en Valencia, a causa de la puesta a punto de la moto. Llegamos motivados porque sabemos que somos punteros en el campeonato y seguro que podemos hacerlo muy bien. El trazado franc\u00e9s me trae buenos recuerdos del a\u00f1o pasado, en el que hicimos una buena remontada. Espero no tener que remontar tanto este a\u00f1o y luchar\u00e9 por estar dentro del grupo de cabeza desde el principio.\u201d<\/p>\n","protected":false},"excerpt":{"rendered":"<p>Reale Avintia Academy \u2013 Francia \u2013 Circuito de Le Mans Coincidiendo con el Gran Premio de Francia de MotoGP, la estructura de Moto3 del FIM CEV en el Reale Avintia Academy se traslada al Circuito de Le Mans, para disputar la tercera prueba del Campeonato. Este esta cita se incorpora el piloto belga, Barry Baltus, [&hellip;]<\/p>\n","protected":false},"author":6,"featured_media":9188,"comment_status":"closed","ping_status":"closed","sticky":false,"template":"","format":"standard","meta":{"footnotes":""},"categories":[10],"tags":[],"class_list":["post-9624","post","type-post","status-publish","format-standard","has-post-thumbnail","hentry","category-fim-cev"],"yoast_head":"<!-- This site is optimized with the Yoast SEO plugin v27.1.1 - https:\/\/yoast.com\/product\/yoast-seo-wordpress\/ -->\n<title>El equipo de Moto3 del FIM CEV en el Reale Avintia Academy, llega con fuerza a Le Mans - Esponsorama<\/title>\n<meta name=\"robots\" content=\"index, follow, max-snippet:-1, max-image-preview:large, max-video-preview:-1\" \/>\n<link rel=\"canonical\" href=\"http:\/\/esponsorama.ad\/es\/equipo-moto3-del-fim-cev-reale-avintia-academy-llega-fuerza-le-mans-3\/\" \/>\n<meta property=\"og:locale\" content=\"es_ES\" \/>\n<meta property=\"og:type\" content=\"article\" \/>\n<meta property=\"og:title\" content=\"El equipo de Moto3 del FIM CEV en el Reale Avintia Academy, llega con fuerza a Le Mans - Esponsorama\" \/>\n<meta property=\"og:description\" content=\"Reale Avintia Academy \u2013 Francia \u2013 Circuito de Le Mans Coincidiendo con el Gran Premio de Francia de MotoGP, la estructura de Moto3 del FIM CEV en el Reale Avintia Academy se traslada al Circuito de Le Mans, para disputar la tercera prueba del Campeonato. Este esta cita se incorpora el piloto belga, Barry Baltus, [&hellip;]\" \/>\n<meta property=\"og:url\" content=\"http:\/\/esponsorama.ad\/es\/equipo-moto3-del-fim-cev-reale-avintia-academy-llega-fuerza-le-mans-3\/\" \/>\n<meta property=\"og:site_name\" content=\"Esponsorama\" \/>\n<meta property=\"article:published_time\" content=\"2018-05-17T07:15:43+00:00\" \/>\n<meta property=\"article:modified_time\" content=\"2018-05-20T20:17:46+00:00\" \/>\n<meta property=\"og:image\" content=\"http:\/\/esponsorama.ad\/wp-content\/uploads\/2018\/04\/MG_8952-1024x683.jpg\" \/>\n\t<meta property=\"og:image:width\" content=\"1024\" \/>\n\t<meta property=\"og:image:height\" content=\"683\" \/>\n\t<meta property=\"og:image:type\" content=\"image\/jpeg\" \/>\n<meta name=\"author\" content=\"Xavi Andornet\" \/>\n<meta name=\"twitter:card\" content=\"summary_large_image\" \/>\n<meta name=\"twitter:label1\" content=\"Escrito por\" \/>\n\t<meta name=\"twitter:data1\" content=\"Xavi Andornet\" \/>\n\t<meta name=\"twitter:label2\" content=\"Tiempo de lectura\" \/>\n\t<meta name=\"twitter:data2\" content=\"2 minutos\" \/>\n<script type=\"application\/ld+json\" class=\"yoast-schema-graph\">{\"@context\":\"https:\/\/schema.org\",\"@graph\":[{\"@type\":\"Article\",\"@id\":\"http:\/\/esponsorama.ad\/es\/equipo-moto3-del-fim-cev-reale-avintia-academy-llega-fuerza-le-mans-3\/#article\",\"isPartOf\":{\"@id\":\"http:\/\/esponsorama.ad\/es\/equipo-moto3-del-fim-cev-reale-avintia-academy-llega-fuerza-le-mans-3\/\"},\"author\":{\"name\":\"Xavi Andornet\",\"@id\":\"http:\/\/esponsorama.ad\/es\/#\/schema\/person\/a5cde74945183d737066e46b61c6f9c4\"},\"headline\":\"El equipo de Moto3 del FIM CEV en el Reale Avintia Academy, llega con fuerza a Le Mans\",\"datePublished\":\"2018-05-17T07:15:43+00:00\",\"dateModified\":\"2018-05-20T20:17:46+00:00\",\"mainEntityOfPage\":{\"@id\":\"http:\/\/esponsorama.ad\/es\/equipo-moto3-del-fim-cev-reale-avintia-academy-llega-fuerza-le-mans-3\/\"},\"wordCount\":399,\"image\":{\"@id\":\"http:\/\/esponsorama.ad\/es\/equipo-moto3-del-fim-cev-reale-avintia-academy-llega-fuerza-le-mans-3\/#primaryimage\"},\"thumbnailUrl\":\"http:\/\/esponsorama.ad\/wp-content\/uploads\/2018\/04\/MG_8952.jpg\",\"articleSection\":[\"FIM CEV\"],\"inLanguage\":\"es\"},{\"@type\":\"WebPage\",\"@id\":\"http:\/\/esponsorama.ad\/es\/equipo-moto3-del-fim-cev-reale-avintia-academy-llega-fuerza-le-mans-3\/\",\"url\":\"http:\/\/esponsorama.ad\/es\/equipo-moto3-del-fim-cev-reale-avintia-academy-llega-fuerza-le-mans-3\/\",\"name\":\"El equipo de Moto3 del FIM CEV en el Reale Avintia Academy, llega con fuerza a Le Mans - Esponsorama\",\"isPartOf\":{\"@id\":\"http:\/\/esponsorama.ad\/es\/#website\"},\"primaryImageOfPage\":{\"@id\":\"http:\/\/esponsorama.ad\/es\/equipo-moto3-del-fim-cev-reale-avintia-academy-llega-fuerza-le-mans-3\/#primaryimage\"},\"image\":{\"@id\":\"http:\/\/esponsorama.ad\/es\/equipo-moto3-del-fim-cev-reale-avintia-academy-llega-fuerza-le-mans-3\/#primaryimage\"},\"thumbnailUrl\":\"http:\/\/esponsorama.ad\/wp-content\/uploads\/2018\/04\/MG_8952.jpg\",\"datePublished\":\"2018-05-17T07:15:43+00:00\",\"dateModified\":\"2018-05-20T20:17:46+00:00\",\"author\":{\"@id\":\"http:\/\/esponsorama.ad\/es\/#\/schema\/person\/a5cde74945183d737066e46b61c6f9c4\"},\"breadcrumb\":{\"@id\":\"http:\/\/esponsorama.ad\/es\/equipo-moto3-del-fim-cev-reale-avintia-academy-llega-fuerza-le-mans-3\/#breadcrumb\"},\"inLanguage\":\"es\",\"potentialAction\":[{\"@type\":\"ReadAction\",\"target\":[\"http:\/\/esponsorama.ad\/es\/equipo-moto3-del-fim-cev-reale-avintia-academy-llega-fuerza-le-mans-3\/\"]}]},{\"@type\":\"ImageObject\",\"inLanguage\":\"es\",\"@id\":\"http:\/\/esponsorama.ad\/es\/equipo-moto3-del-fim-cev-reale-avintia-academy-llega-fuerza-le-mans-3\/#primaryimage\",\"url\":\"http:\/\/esponsorama.ad\/wp-content\/uploads\/2018\/04\/MG_8952.jpg\",\"contentUrl\":\"http:\/\/esponsorama.ad\/wp-content\/uploads\/2018\/04\/MG_8952.jpg\",\"width\":4021,\"height\":2682},{\"@type\":\"BreadcrumbList\",\"@id\":\"http:\/\/esponsorama.ad\/es\/equipo-moto3-del-fim-cev-reale-avintia-academy-llega-fuerza-le-mans-3\/#breadcrumb\",\"itemListElement\":[{\"@type\":\"ListItem\",\"position\":1,\"name\":\"Home\",\"item\":\"http:\/\/esponsorama.ad\/es\/\"},{\"@type\":\"ListItem\",\"position\":2,\"name\":\"El equipo de Moto3 del FIM CEV en el Reale Avintia Academy, llega con fuerza a Le Mans\"}]},{\"@type\":\"WebSite\",\"@id\":\"http:\/\/esponsorama.ad\/es\/#website\",\"url\":\"http:\/\/esponsorama.ad\/es\/\",\"name\":\"Esponsorama\",\"description\":\"Specialist in motorsport sponsorship and event promotions\",\"potentialAction\":[{\"@type\":\"SearchAction\",\"target\":{\"@type\":\"EntryPoint\",\"urlTemplate\":\"http:\/\/esponsorama.ad\/es\/?s={search_term_string}\"},\"query-input\":{\"@type\":\"PropertyValueSpecification\",\"valueRequired\":true,\"valueName\":\"search_term_string\"}}],\"inLanguage\":\"es\"},{\"@type\":\"Person\",\"@id\":\"http:\/\/esponsorama.ad\/es\/#\/schema\/person\/a5cde74945183d737066e46b61c6f9c4\",\"name\":\"Xavi Andornet\",\"image\":{\"@type\":\"ImageObject\",\"inLanguage\":\"es\",\"@id\":\"http:\/\/esponsorama.ad\/es\/#\/schema\/person\/image\/\",\"url\":\"https:\/\/secure.gravatar.com\/avatar\/f10eaf9ad601244a2357c9fd7cd9805ed166cfaaf76d5d9ab08a9d873e70147a?s=96&d=mm&r=g\",\"contentUrl\":\"https:\/\/secure.gravatar.com\/avatar\/f10eaf9ad601244a2357c9fd7cd9805ed166cfaaf76d5d9ab08a9d873e70147a?s=96&d=mm&r=g\",\"caption\":\"Xavi Andornet\"},\"sameAs\":[\"http:\/\/www.andornet.ad\"],\"url\":\"http:\/\/esponsorama.ad\/es\/author\/andornet\/\"}]}<\/script>\n<!-- \/ Yoast SEO plugin. -->","yoast_head_json":{"title":"El equipo de Moto3 del FIM CEV en el Reale Avintia Academy, llega con fuerza a Le Mans - Esponsorama","robots":{"index":"index","follow":"follow","max-snippet":"max-snippet:-1","max-image-preview":"max-image-preview:large","max-video-preview":"max-video-preview:-1"},"canonical":"http:\/\/esponsorama.ad\/es\/equipo-moto3-del-fim-cev-reale-avintia-academy-llega-fuerza-le-mans-3\/","og_locale":"es_ES","og_type":"article","og_title":"El equipo de Moto3 del FIM CEV en el Reale Avintia Academy, llega con fuerza a Le Mans - Esponsorama","og_description":"Reale Avintia Academy \u2013 Francia \u2013 Circuito de Le Mans Coincidiendo con el Gran Premio de Francia de MotoGP, la estructura de Moto3 del FIM CEV en el Reale Avintia Academy se traslada al Circuito de Le Mans, para disputar la tercera prueba del Campeonato. Este esta cita se incorpora el piloto belga, Barry Baltus, [&hellip;]","og_url":"http:\/\/esponsorama.ad\/es\/equipo-moto3-del-fim-cev-reale-avintia-academy-llega-fuerza-le-mans-3\/","og_site_name":"Esponsorama","article_published_time":"2018-05-17T07:15:43+00:00","article_modified_time":"2018-05-20T20:17:46+00:00","og_image":[{"width":1024,"height":683,"url":"http:\/\/esponsorama.ad\/wp-content\/uploads\/2018\/04\/MG_8952-1024x683.jpg","type":"image\/jpeg"}],"author":"Xavi Andornet","twitter_card":"summary_large_image","twitter_misc":{"Escrito por":"Xavi Andornet","Tiempo de lectura":"2 minutos"},"schema":{"@context":"https:\/\/schema.org","@graph":[{"@type":"Article","@id":"http:\/\/esponsorama.ad\/es\/equipo-moto3-del-fim-cev-reale-avintia-academy-llega-fuerza-le-mans-3\/#article","isPartOf":{"@id":"http:\/\/esponsorama.ad\/es\/equipo-moto3-del-fim-cev-reale-avintia-academy-llega-fuerza-le-mans-3\/"},"author":{"name":"Xavi Andornet","@id":"http:\/\/esponsorama.ad\/es\/#\/schema\/person\/a5cde74945183d737066e46b61c6f9c4"},"headline":"El equipo de Moto3 del FIM CEV en el Reale Avintia Academy, llega con fuerza a Le Mans","datePublished":"2018-05-17T07:15:43+00:00","dateModified":"2018-05-20T20:17:46+00:00","mainEntityOfPage":{"@id":"http:\/\/esponsorama.ad\/es\/equipo-moto3-del-fim-cev-reale-avintia-academy-llega-fuerza-le-mans-3\/"},"wordCount":399,"image":{"@id":"http:\/\/esponsorama.ad\/es\/equipo-moto3-del-fim-cev-reale-avintia-academy-llega-fuerza-le-mans-3\/#primaryimage"},"thumbnailUrl":"http:\/\/esponsorama.ad\/wp-content\/uploads\/2018\/04\/MG_8952.jpg","articleSection":["FIM CEV"],"inLanguage":"es"},{"@type":"WebPage","@id":"http:\/\/esponsorama.ad\/es\/equipo-moto3-del-fim-cev-reale-avintia-academy-llega-fuerza-le-mans-3\/","url":"http:\/\/esponsorama.ad\/es\/equipo-moto3-del-fim-cev-reale-avintia-academy-llega-fuerza-le-mans-3\/","name":"El equipo de Moto3 del FIM CEV en el Reale Avintia Academy, llega con fuerza a Le Mans - Esponsorama","isPartOf":{"@id":"http:\/\/esponsorama.ad\/es\/#website"},"primaryImageOfPage":{"@id":"http:\/\/esponsorama.ad\/es\/equipo-moto3-del-fim-cev-reale-avintia-academy-llega-fuerza-le-mans-3\/#primaryimage"},"image":{"@id":"http:\/\/esponsorama.ad\/es\/equipo-moto3-del-fim-cev-reale-avintia-academy-llega-fuerza-le-mans-3\/#primaryimage"},"thumbnailUrl":"http:\/\/esponsorama.ad\/wp-content\/uploads\/2018\/04\/MG_8952.jpg","datePublished":"2018-05-17T07:15:43+00:00","dateModified":"2018-05-20T20:17:46+00:00","author":{"@id":"http:\/\/esponsorama.ad\/es\/#\/schema\/person\/a5cde74945183d737066e46b61c6f9c4"},"breadcrumb":{"@id":"http:\/\/esponsorama.ad\/es\/equipo-moto3-del-fim-cev-reale-avintia-academy-llega-fuerza-le-mans-3\/#breadcrumb"},"inLanguage":"es","potentialAction":[{"@type":"ReadAction","target":["http:\/\/esponsorama.ad\/es\/equipo-moto3-del-fim-cev-reale-avintia-academy-llega-fuerza-le-mans-3\/"]}]},{"@type":"ImageObject","inLanguage":"es","@id":"http:\/\/esponsorama.ad\/es\/equipo-moto3-del-fim-cev-reale-avintia-academy-llega-fuerza-le-mans-3\/#primaryimage","url":"http:\/\/esponsorama.ad\/wp-content\/uploads\/2018\/04\/MG_8952.jpg","contentUrl":"http:\/\/esponsorama.ad\/wp-content\/uploads\/2018\/04\/MG_8952.jpg","width":4021,"height":2682},{"@type":"BreadcrumbList","@id":"http:\/\/esponsorama.ad\/es\/equipo-moto3-del-fim-cev-reale-avintia-academy-llega-fuerza-le-mans-3\/#breadcrumb","itemListElement":[{"@type":"ListItem","position":1,"name":"Home","item":"http:\/\/esponsorama.ad\/es\/"},{"@type":"ListItem","position":2,"name":"El equipo de Moto3 del FIM CEV en el Reale Avintia Academy, llega con fuerza a Le Mans"}]},{"@type":"WebSite","@id":"http:\/\/esponsorama.ad\/es\/#website","url":"http:\/\/esponsorama.ad\/es\/","name":"Esponsorama","description":"Specialist in motorsport sponsorship and event promotions","potentialAction":[{"@type":"SearchAction","target":{"@type":"EntryPoint","urlTemplate":"http:\/\/esponsorama.ad\/es\/?s={search_term_string}"},"query-input":{"@type":"PropertyValueSpecification","valueRequired":true,"valueName":"search_term_string"}}],"inLanguage":"es"},{"@type":"Person","@id":"http:\/\/esponsorama.ad\/es\/#\/schema\/person\/a5cde74945183d737066e46b61c6f9c4","name":"Xavi Andornet","image":{"@type":"ImageObject","inLanguage":"es","@id":"http:\/\/esponsorama.ad\/es\/#\/schema\/person\/image\/","url":"https:\/\/secure.gravatar.com\/avatar\/f10eaf9ad601244a2357c9fd7cd9805ed166cfaaf76d5d9ab08a9d873e70147a?s=96&d=mm&r=g","contentUrl":"https:\/\/secure.gravatar.com\/avatar\/f10eaf9ad601244a2357c9fd7cd9805ed166cfaaf76d5d9ab08a9d873e70147a?s=96&d=mm&r=g","caption":"Xavi Andornet"},"sameAs":["http:\/\/www.andornet.ad"],"url":"http:\/\/esponsorama.ad\/es\/author\/andornet\/"}]}},"_links":{"self":[{"href":"http:\/\/esponsorama.ad\/es\/wp-json\/wp\/v2\/posts\/9624","targetHints":{"allow":["GET"]}}],"collection":[{"href":"http:\/\/esponsorama.ad\/es\/wp-json\/wp\/v2\/posts"}],"about":[{"href":"http:\/\/esponsorama.ad\/es\/wp-json\/wp\/v2\/types\/post"}],"author":[{"embeddable":true,"href":"http:\/\/esponsorama.ad\/es\/wp-json\/wp\/v2\/users\/6"}],"replies":[{"embeddable":true,"href":"http:\/\/esponsorama.ad\/es\/wp-json\/wp\/v2\/comments?post=9624"}],"version-history":[{"count":0,"href":"http:\/\/esponsorama.ad\/es\/wp-json\/wp\/v2\/posts\/9624\/revisions"}],"wp:featuredmedia":[{"embeddable":true,"href":"http:\/\/esponsorama.ad\/es\/wp-json\/wp\/v2\/media\/9188"}],"wp:attachment":[{"href":"http:\/\/esponsorama.ad\/es\/wp-json\/wp\/v2\/media?parent=9624"}],"wp:term":[{"taxonomy":"category","embeddable":true,"href":"http:\/\/esponsorama.ad\/es\/wp-json\/wp\/v2\/categories?post=9624"},{"taxonomy":"post_tag","embeddable":true,"href":"http:\/\/esponsorama.ad\/es\/wp-json\/wp\/v2\/tags?post=9624"}],"curies":[{"name":"wp","href":"https:\/\/api.w.org\/{rel}","templated":true}]}}