{"id":9773,"date":"2018-05-19T18:05:49","date_gmt":"2018-05-19T16:05:49","guid":{"rendered":"http:\/\/esponsorama.ad\/?p=9773"},"modified":"2018-05-24T12:25:15","modified_gmt":"2018-05-24T10:25:15","slug":"tito-rabat-pasa-la-q2-se-clasifica-undecimo-gp-francia-3","status":"publish","type":"post","link":"http:\/\/esponsorama.ad\/es\/tito-rabat-pasa-la-q2-se-clasifica-undecimo-gp-francia-3\/","title":{"rendered":"Tito Rabat pasa a la Q2 y se clasifica und\u00e9cimo para el GP de Francia"},"content":{"rendered":"<p><strong>Reale Avintia Racing\u2013 GP de Francia \u2013 Circuito de Le Mans<\/strong><\/p>\n<p>Tito Rabat ha conseguido pasar a la Q2 en el Gran Premio de Francia tras mejorar sus tiempos del primer d\u00eda en el FP3 esta ma\u00f1ana. Por la tarde ha mostrado un gran ritmo de carrera en el FP4 y ha luchado duro para mejorar su vuelta r\u00e1pida en la Q2. Finalmente se han clasificado und\u00e9cimo para la parrilla de salida de ma\u00f1ana, con un crono de 1\u201932.049.<\/p>\n<p>Las cosas han sido muy positivas hoy s\u00e1bado para el equipo Reale Avintia Racing, en una jornada que Tito Rabat ha luchado hasta el final.<\/p>\n<p>Por su parte Xavier Sime\u00f3n, que cada d\u00eda se siente m\u00e1s c\u00f3modo con la Ducati, esperaba sacar m\u00e1s de la jornada de hoy. A\u00fan as\u00ed, Sime\u00f3n conf\u00eda en hacer una buena carrera y poder brillar m\u00e1s que en las primeras carreras de la temporada.<\/p>\n<p>Sorprendentemente, la previsi\u00f3n para ma\u00f1ana es de sol y buena temperatura en Le Mans.<\/p>\n\n<p>\u201cEstamos haciendo un buen fin de semana y estoy muy contento, porque estamos de forma regular en las posiciones de delante. Hemos pasado a la Q2, por primera vez y por m\u00e9rito propio, sin seguir a nadie. En la Q2 s\u00ed que he ido detr\u00e1s de Andrea Dovizioso todo el tiempo. No he podido mejorar mucho, pero creo que si ma\u00f1ana podemos hacer una salida buena, la carrera tambi\u00e9n lo ser\u00e1.\u201d<\/p>\n\n<p>\u201cHa ido un poco mejor que ayer y estamos contentos. En los cronos, cuando iba mejorando, nos han sacado la bandera roja cuando ven\u00eda haciendo mi mejor vuelta. Al memos hoy hemos conseguido ser la primera Ducati 2016, que es algo positivo. Y, La diferencia con el primero es m\u00e1s alta que en Jerez, que para m\u00ed no es bueno. Ma\u00f1ana espero estar muy concentrado y regular en la carrera para coger experiencia y hacerlo lo mejor posible.\u201d<\/p>\n","protected":false},"excerpt":{"rendered":"<p>Reale Avintia Racing\u2013 GP de Francia \u2013 Circuito de Le Mans Tito Rabat ha conseguido pasar a la Q2 en el Gran Premio de Francia tras mejorar sus tiempos del primer d\u00eda en el FP3 esta ma\u00f1ana. Por la tarde ha mostrado un gran ritmo de carrera en el FP4 y ha luchado duro para [&hellip;]<\/p>\n","protected":false},"author":6,"featured_media":9799,"comment_status":"closed","ping_status":"closed","sticky":false,"template":"","format":"standard","meta":{"footnotes":""},"categories":[3],"tags":[],"class_list":["post-9773","post","type-post","status-publish","format-standard","has-post-thumbnail","hentry","category-motogp"],"yoast_head":"<!-- This site is optimized with the Yoast SEO plugin v27.1.1 - https:\/\/yoast.com\/product\/yoast-seo-wordpress\/ -->\n<title>Tito Rabat pasa a la Q2 y se clasifica und\u00e9cimo para el GP de Francia - Esponsorama<\/title>\n<meta name=\"robots\" content=\"index, follow, max-snippet:-1, max-image-preview:large, max-video-preview:-1\" \/>\n<link rel=\"canonical\" href=\"http:\/\/esponsorama.ad\/es\/tito-rabat-pasa-la-q2-se-clasifica-undecimo-gp-francia-3\/\" \/>\n<meta property=\"og:locale\" content=\"es_ES\" \/>\n<meta property=\"og:type\" content=\"article\" \/>\n<meta property=\"og:title\" content=\"Tito Rabat pasa a la Q2 y se clasifica und\u00e9cimo para el GP de Francia - Esponsorama\" \/>\n<meta property=\"og:description\" content=\"Reale Avintia Racing\u2013 GP de Francia \u2013 Circuito de Le Mans Tito Rabat ha conseguido pasar a la Q2 en el Gran Premio de Francia tras mejorar sus tiempos del primer d\u00eda en el FP3 esta ma\u00f1ana. Por la tarde ha mostrado un gran ritmo de carrera en el FP4 y ha luchado duro para [&hellip;]\" \/>\n<meta property=\"og:url\" content=\"http:\/\/esponsorama.ad\/es\/tito-rabat-pasa-la-q2-se-clasifica-undecimo-gp-francia-3\/\" \/>\n<meta property=\"og:site_name\" content=\"Esponsorama\" \/>\n<meta property=\"article:published_time\" content=\"2018-05-19T16:05:49+00:00\" \/>\n<meta property=\"article:modified_time\" content=\"2018-05-24T10:25:15+00:00\" \/>\n<meta property=\"og:image\" content=\"http:\/\/esponsorama.ad\/wp-content\/uploads\/2018\/05\/05LEMANS2018Mgp-5712-1024x683.jpg\" \/>\n\t<meta property=\"og:image:width\" content=\"1024\" \/>\n\t<meta property=\"og:image:height\" content=\"683\" \/>\n\t<meta property=\"og:image:type\" content=\"image\/jpeg\" \/>\n<meta name=\"author\" content=\"Xavi Andornet\" \/>\n<meta name=\"twitter:card\" content=\"summary_large_image\" \/>\n<meta name=\"twitter:label1\" content=\"Escrito por\" \/>\n\t<meta name=\"twitter:data1\" content=\"Xavi Andornet\" \/>\n\t<meta name=\"twitter:label2\" content=\"Tiempo de lectura\" \/>\n\t<meta name=\"twitter:data2\" content=\"2 minutos\" \/>\n<script type=\"application\/ld+json\" class=\"yoast-schema-graph\">{\"@context\":\"https:\/\/schema.org\",\"@graph\":[{\"@type\":\"Article\",\"@id\":\"http:\/\/esponsorama.ad\/es\/tito-rabat-pasa-la-q2-se-clasifica-undecimo-gp-francia-3\/#article\",\"isPartOf\":{\"@id\":\"http:\/\/esponsorama.ad\/es\/tito-rabat-pasa-la-q2-se-clasifica-undecimo-gp-francia-3\/\"},\"author\":{\"name\":\"Xavi Andornet\",\"@id\":\"http:\/\/esponsorama.ad\/es\/#\/schema\/person\/a5cde74945183d737066e46b61c6f9c4\"},\"headline\":\"Tito Rabat pasa a la Q2 y se clasifica und\u00e9cimo para el GP de Francia\",\"datePublished\":\"2018-05-19T16:05:49+00:00\",\"dateModified\":\"2018-05-24T10:25:15+00:00\",\"mainEntityOfPage\":{\"@id\":\"http:\/\/esponsorama.ad\/es\/tito-rabat-pasa-la-q2-se-clasifica-undecimo-gp-francia-3\/\"},\"wordCount\":358,\"image\":{\"@id\":\"http:\/\/esponsorama.ad\/es\/tito-rabat-pasa-la-q2-se-clasifica-undecimo-gp-francia-3\/#primaryimage\"},\"thumbnailUrl\":\"http:\/\/esponsorama.ad\/wp-content\/uploads\/2018\/05\/05LEMANS2018Mgp-5712.jpg\",\"articleSection\":[\"MotoGP\"],\"inLanguage\":\"es\"},{\"@type\":\"WebPage\",\"@id\":\"http:\/\/esponsorama.ad\/es\/tito-rabat-pasa-la-q2-se-clasifica-undecimo-gp-francia-3\/\",\"url\":\"http:\/\/esponsorama.ad\/es\/tito-rabat-pasa-la-q2-se-clasifica-undecimo-gp-francia-3\/\",\"name\":\"Tito Rabat pasa a la Q2 y se clasifica und\u00e9cimo para el GP de Francia - Esponsorama\",\"isPartOf\":{\"@id\":\"http:\/\/esponsorama.ad\/es\/#website\"},\"primaryImageOfPage\":{\"@id\":\"http:\/\/esponsorama.ad\/es\/tito-rabat-pasa-la-q2-se-clasifica-undecimo-gp-francia-3\/#primaryimage\"},\"image\":{\"@id\":\"http:\/\/esponsorama.ad\/es\/tito-rabat-pasa-la-q2-se-clasifica-undecimo-gp-francia-3\/#primaryimage\"},\"thumbnailUrl\":\"http:\/\/esponsorama.ad\/wp-content\/uploads\/2018\/05\/05LEMANS2018Mgp-5712.jpg\",\"datePublished\":\"2018-05-19T16:05:49+00:00\",\"dateModified\":\"2018-05-24T10:25:15+00:00\",\"author\":{\"@id\":\"http:\/\/esponsorama.ad\/es\/#\/schema\/person\/a5cde74945183d737066e46b61c6f9c4\"},\"breadcrumb\":{\"@id\":\"http:\/\/esponsorama.ad\/es\/tito-rabat-pasa-la-q2-se-clasifica-undecimo-gp-francia-3\/#breadcrumb\"},\"inLanguage\":\"es\",\"potentialAction\":[{\"@type\":\"ReadAction\",\"target\":[\"http:\/\/esponsorama.ad\/es\/tito-rabat-pasa-la-q2-se-clasifica-undecimo-gp-francia-3\/\"]}]},{\"@type\":\"ImageObject\",\"inLanguage\":\"es\",\"@id\":\"http:\/\/esponsorama.ad\/es\/tito-rabat-pasa-la-q2-se-clasifica-undecimo-gp-francia-3\/#primaryimage\",\"url\":\"http:\/\/esponsorama.ad\/wp-content\/uploads\/2018\/05\/05LEMANS2018Mgp-5712.jpg\",\"contentUrl\":\"http:\/\/esponsorama.ad\/wp-content\/uploads\/2018\/05\/05LEMANS2018Mgp-5712.jpg\",\"width\":4006,\"height\":2671},{\"@type\":\"BreadcrumbList\",\"@id\":\"http:\/\/esponsorama.ad\/es\/tito-rabat-pasa-la-q2-se-clasifica-undecimo-gp-francia-3\/#breadcrumb\",\"itemListElement\":[{\"@type\":\"ListItem\",\"position\":1,\"name\":\"Home\",\"item\":\"http:\/\/esponsorama.ad\/es\/\"},{\"@type\":\"ListItem\",\"position\":2,\"name\":\"Tito Rabat pasa a la Q2 y se clasifica und\u00e9cimo para el GP de Francia\"}]},{\"@type\":\"WebSite\",\"@id\":\"http:\/\/esponsorama.ad\/es\/#website\",\"url\":\"http:\/\/esponsorama.ad\/es\/\",\"name\":\"Esponsorama\",\"description\":\"Specialist in motorsport sponsorship and event promotions\",\"potentialAction\":[{\"@type\":\"SearchAction\",\"target\":{\"@type\":\"EntryPoint\",\"urlTemplate\":\"http:\/\/esponsorama.ad\/es\/?s={search_term_string}\"},\"query-input\":{\"@type\":\"PropertyValueSpecification\",\"valueRequired\":true,\"valueName\":\"search_term_string\"}}],\"inLanguage\":\"es\"},{\"@type\":\"Person\",\"@id\":\"http:\/\/esponsorama.ad\/es\/#\/schema\/person\/a5cde74945183d737066e46b61c6f9c4\",\"name\":\"Xavi Andornet\",\"image\":{\"@type\":\"ImageObject\",\"inLanguage\":\"es\",\"@id\":\"http:\/\/esponsorama.ad\/es\/#\/schema\/person\/image\/\",\"url\":\"https:\/\/secure.gravatar.com\/avatar\/f10eaf9ad601244a2357c9fd7cd9805ed166cfaaf76d5d9ab08a9d873e70147a?s=96&d=mm&r=g\",\"contentUrl\":\"https:\/\/secure.gravatar.com\/avatar\/f10eaf9ad601244a2357c9fd7cd9805ed166cfaaf76d5d9ab08a9d873e70147a?s=96&d=mm&r=g\",\"caption\":\"Xavi Andornet\"},\"sameAs\":[\"http:\/\/www.andornet.ad\"],\"url\":\"http:\/\/esponsorama.ad\/es\/author\/andornet\/\"}]}<\/script>\n<!-- \/ Yoast SEO plugin. -->","yoast_head_json":{"title":"Tito Rabat pasa a la Q2 y se clasifica und\u00e9cimo para el GP de Francia - Esponsorama","robots":{"index":"index","follow":"follow","max-snippet":"max-snippet:-1","max-image-preview":"max-image-preview:large","max-video-preview":"max-video-preview:-1"},"canonical":"http:\/\/esponsorama.ad\/es\/tito-rabat-pasa-la-q2-se-clasifica-undecimo-gp-francia-3\/","og_locale":"es_ES","og_type":"article","og_title":"Tito Rabat pasa a la Q2 y se clasifica und\u00e9cimo para el GP de Francia - Esponsorama","og_description":"Reale Avintia Racing\u2013 GP de Francia \u2013 Circuito de Le Mans Tito Rabat ha conseguido pasar a la Q2 en el Gran Premio de Francia tras mejorar sus tiempos del primer d\u00eda en el FP3 esta ma\u00f1ana. Por la tarde ha mostrado un gran ritmo de carrera en el FP4 y ha luchado duro para [&hellip;]","og_url":"http:\/\/esponsorama.ad\/es\/tito-rabat-pasa-la-q2-se-clasifica-undecimo-gp-francia-3\/","og_site_name":"Esponsorama","article_published_time":"2018-05-19T16:05:49+00:00","article_modified_time":"2018-05-24T10:25:15+00:00","og_image":[{"width":1024,"height":683,"url":"http:\/\/esponsorama.ad\/wp-content\/uploads\/2018\/05\/05LEMANS2018Mgp-5712-1024x683.jpg","type":"image\/jpeg"}],"author":"Xavi Andornet","twitter_card":"summary_large_image","twitter_misc":{"Escrito por":"Xavi Andornet","Tiempo de lectura":"2 minutos"},"schema":{"@context":"https:\/\/schema.org","@graph":[{"@type":"Article","@id":"http:\/\/esponsorama.ad\/es\/tito-rabat-pasa-la-q2-se-clasifica-undecimo-gp-francia-3\/#article","isPartOf":{"@id":"http:\/\/esponsorama.ad\/es\/tito-rabat-pasa-la-q2-se-clasifica-undecimo-gp-francia-3\/"},"author":{"name":"Xavi Andornet","@id":"http:\/\/esponsorama.ad\/es\/#\/schema\/person\/a5cde74945183d737066e46b61c6f9c4"},"headline":"Tito Rabat pasa a la Q2 y se clasifica und\u00e9cimo para el GP de Francia","datePublished":"2018-05-19T16:05:49+00:00","dateModified":"2018-05-24T10:25:15+00:00","mainEntityOfPage":{"@id":"http:\/\/esponsorama.ad\/es\/tito-rabat-pasa-la-q2-se-clasifica-undecimo-gp-francia-3\/"},"wordCount":358,"image":{"@id":"http:\/\/esponsorama.ad\/es\/tito-rabat-pasa-la-q2-se-clasifica-undecimo-gp-francia-3\/#primaryimage"},"thumbnailUrl":"http:\/\/esponsorama.ad\/wp-content\/uploads\/2018\/05\/05LEMANS2018Mgp-5712.jpg","articleSection":["MotoGP"],"inLanguage":"es"},{"@type":"WebPage","@id":"http:\/\/esponsorama.ad\/es\/tito-rabat-pasa-la-q2-se-clasifica-undecimo-gp-francia-3\/","url":"http:\/\/esponsorama.ad\/es\/tito-rabat-pasa-la-q2-se-clasifica-undecimo-gp-francia-3\/","name":"Tito Rabat pasa a la Q2 y se clasifica und\u00e9cimo para el GP de Francia - Esponsorama","isPartOf":{"@id":"http:\/\/esponsorama.ad\/es\/#website"},"primaryImageOfPage":{"@id":"http:\/\/esponsorama.ad\/es\/tito-rabat-pasa-la-q2-se-clasifica-undecimo-gp-francia-3\/#primaryimage"},"image":{"@id":"http:\/\/esponsorama.ad\/es\/tito-rabat-pasa-la-q2-se-clasifica-undecimo-gp-francia-3\/#primaryimage"},"thumbnailUrl":"http:\/\/esponsorama.ad\/wp-content\/uploads\/2018\/05\/05LEMANS2018Mgp-5712.jpg","datePublished":"2018-05-19T16:05:49+00:00","dateModified":"2018-05-24T10:25:15+00:00","author":{"@id":"http:\/\/esponsorama.ad\/es\/#\/schema\/person\/a5cde74945183d737066e46b61c6f9c4"},"breadcrumb":{"@id":"http:\/\/esponsorama.ad\/es\/tito-rabat-pasa-la-q2-se-clasifica-undecimo-gp-francia-3\/#breadcrumb"},"inLanguage":"es","potentialAction":[{"@type":"ReadAction","target":["http:\/\/esponsorama.ad\/es\/tito-rabat-pasa-la-q2-se-clasifica-undecimo-gp-francia-3\/"]}]},{"@type":"ImageObject","inLanguage":"es","@id":"http:\/\/esponsorama.ad\/es\/tito-rabat-pasa-la-q2-se-clasifica-undecimo-gp-francia-3\/#primaryimage","url":"http:\/\/esponsorama.ad\/wp-content\/uploads\/2018\/05\/05LEMANS2018Mgp-5712.jpg","contentUrl":"http:\/\/esponsorama.ad\/wp-content\/uploads\/2018\/05\/05LEMANS2018Mgp-5712.jpg","width":4006,"height":2671},{"@type":"BreadcrumbList","@id":"http:\/\/esponsorama.ad\/es\/tito-rabat-pasa-la-q2-se-clasifica-undecimo-gp-francia-3\/#breadcrumb","itemListElement":[{"@type":"ListItem","position":1,"name":"Home","item":"http:\/\/esponsorama.ad\/es\/"},{"@type":"ListItem","position":2,"name":"Tito Rabat pasa a la Q2 y se clasifica und\u00e9cimo para el GP de Francia"}]},{"@type":"WebSite","@id":"http:\/\/esponsorama.ad\/es\/#website","url":"http:\/\/esponsorama.ad\/es\/","name":"Esponsorama","description":"Specialist in motorsport sponsorship and event promotions","potentialAction":[{"@type":"SearchAction","target":{"@type":"EntryPoint","urlTemplate":"http:\/\/esponsorama.ad\/es\/?s={search_term_string}"},"query-input":{"@type":"PropertyValueSpecification","valueRequired":true,"valueName":"search_term_string"}}],"inLanguage":"es"},{"@type":"Person","@id":"http:\/\/esponsorama.ad\/es\/#\/schema\/person\/a5cde74945183d737066e46b61c6f9c4","name":"Xavi Andornet","image":{"@type":"ImageObject","inLanguage":"es","@id":"http:\/\/esponsorama.ad\/es\/#\/schema\/person\/image\/","url":"https:\/\/secure.gravatar.com\/avatar\/f10eaf9ad601244a2357c9fd7cd9805ed166cfaaf76d5d9ab08a9d873e70147a?s=96&d=mm&r=g","contentUrl":"https:\/\/secure.gravatar.com\/avatar\/f10eaf9ad601244a2357c9fd7cd9805ed166cfaaf76d5d9ab08a9d873e70147a?s=96&d=mm&r=g","caption":"Xavi Andornet"},"sameAs":["http:\/\/www.andornet.ad"],"url":"http:\/\/esponsorama.ad\/es\/author\/andornet\/"}]}},"_links":{"self":[{"href":"http:\/\/esponsorama.ad\/es\/wp-json\/wp\/v2\/posts\/9773","targetHints":{"allow":["GET"]}}],"collection":[{"href":"http:\/\/esponsorama.ad\/es\/wp-json\/wp\/v2\/posts"}],"about":[{"href":"http:\/\/esponsorama.ad\/es\/wp-json\/wp\/v2\/types\/post"}],"author":[{"embeddable":true,"href":"http:\/\/esponsorama.ad\/es\/wp-json\/wp\/v2\/users\/6"}],"replies":[{"embeddable":true,"href":"http:\/\/esponsorama.ad\/es\/wp-json\/wp\/v2\/comments?post=9773"}],"version-history":[{"count":0,"href":"http:\/\/esponsorama.ad\/es\/wp-json\/wp\/v2\/posts\/9773\/revisions"}],"wp:featuredmedia":[{"embeddable":true,"href":"http:\/\/esponsorama.ad\/es\/wp-json\/wp\/v2\/media\/9799"}],"wp:attachment":[{"href":"http:\/\/esponsorama.ad\/es\/wp-json\/wp\/v2\/media?parent=9773"}],"wp:term":[{"taxonomy":"category","embeddable":true,"href":"http:\/\/esponsorama.ad\/es\/wp-json\/wp\/v2\/categories?post=9773"},{"taxonomy":"post_tag","embeddable":true,"href":"http:\/\/esponsorama.ad\/es\/wp-json\/wp\/v2\/tags?post=9773"}],"curies":[{"name":"wp","href":"https:\/\/api.w.org\/{rel}","templated":true}]}}