{"id":9972,"date":"2018-06-01T19:18:56","date_gmt":"2018-06-01T17:18:56","guid":{"rendered":"http:\/\/esponsorama.ad\/?p=9972"},"modified":"2018-06-01T19:28:03","modified_gmt":"2018-06-01T17:28:03","slug":"tito-rabat-completa-primer-dia-mugello-buenas-sensaciones-3","status":"publish","type":"post","link":"http:\/\/esponsorama.ad\/es\/tito-rabat-completa-primer-dia-mugello-buenas-sensaciones-3\/","title":{"rendered":"Tito Rabat completa el primer d\u00eda en Mugello con buenas sensaciones"},"content":{"rendered":"<p><strong>MotoGP GP de Italia \u2013 Mugello<\/strong><\/p>\n<p>El piloto del equipo Reale Avintia Racing, Tito Rabat, ha vuelto a subirse hoy a la moto despu\u00e9s de su espectacular ca\u00edda en los test realizados en Barcelona la semana pasada. Rabat ha trabajado duro en los \u00faltimos d\u00edas para llegar lo m\u00e1s recuperado posible a Italia y, aunque las primeras vueltas ha podido comprobar que no est\u00e1 al 100% f\u00edsicamente, poco a poco se ha ido adaptando y mejorando sus sensaciones sobre su Ducati en Mugello. El espa\u00f1ol ha mejorado casi un segundo su tiempo del FP1 esta tarde y ma\u00f1ana espera poder dar otro paso adelante.<\/p>\n<p>Para Xavi Simeon el primer d\u00eda en Mugello ha sido complicado. El rookie en MotoGP todav\u00eda no se encuentra c\u00f3modo sobre la moto y eso est\u00e1 frenando su progresi\u00f3n. A pesar de sus esfuerzos por cambiar su estilo de pilotaje, los vicios de Moto2 todav\u00eda est\u00e1n presentes. El piloto belga es consciente y todo su equipo t\u00e9cnico, junto con su coach, Rub\u00e9n Xaus, est\u00e1n trabajando para conseguir que Xavi este donde merece.<\/p>\n\n<p>\u00abEsta ma\u00f1ana me esperaba estar mejor del brazo, pero enseguida he visto que me falta fuerza. Pero poco a poco hemos seguido rodando, el cuerpo se ha ido adaptando y hemos ido avanzando. Despu\u00e9s de la ca\u00edda que sufr\u00ed en el test de Barcelona estar sobre la moto es muy importante y cada vez me encuentro mejor. Por la tarde creo que hemos dado un buen paso adelante y ha ido bastante bien. Ha sido una l\u00e1stima que nos hayamos molestado al final, porque podr\u00eda haber mejorado un poco m\u00e1s\u201d.<\/p>\n\n<p>\u201cCuesta mucho dar los pasos que quiero yo, seguimos estando lejos. Estoy mucho tiempo tumbado en las curvas y con estas motos hay que salir en las muy r\u00e1pido para aprovechar todo la potencia que tienen. Yo no aprovecho nada la potencia y debo hacerlo para dar un paso de calidad. Despu\u00e9s de seis Grandes Premios deber\u00eda estar m\u00e1s cerca, por lo que no estoy muy contento de c\u00f3mo ha ido el primer d\u00eda en Mugello\u201d.<\/p>\n","protected":false},"excerpt":{"rendered":"<p>MotoGP GP de Italia \u2013 Mugello El piloto del equipo Reale Avintia Racing, Tito Rabat, ha vuelto a subirse hoy a la moto despu\u00e9s de su espectacular ca\u00edda en los test realizados en Barcelona la semana pasada. Rabat ha trabajado duro en los \u00faltimos d\u00edas para llegar lo m\u00e1s recuperado posible a Italia y, aunque [&hellip;]<\/p>\n","protected":false},"author":6,"featured_media":10010,"comment_status":"closed","ping_status":"closed","sticky":false,"template":"","format":"standard","meta":{"footnotes":""},"categories":[3],"tags":[],"class_list":["post-9972","post","type-post","status-publish","format-standard","has-post-thumbnail","hentry","category-motogp"],"yoast_head":"<!-- This site is optimized with the Yoast SEO plugin v27.1.1 - https:\/\/yoast.com\/product\/yoast-seo-wordpress\/ -->\n<title>Tito Rabat completa el primer d\u00eda en Mugello con buenas sensaciones - Esponsorama<\/title>\n<meta name=\"robots\" content=\"index, follow, max-snippet:-1, max-image-preview:large, max-video-preview:-1\" \/>\n<link rel=\"canonical\" href=\"http:\/\/esponsorama.ad\/es\/tito-rabat-completa-primer-dia-mugello-buenas-sensaciones-3\/\" \/>\n<meta property=\"og:locale\" content=\"es_ES\" \/>\n<meta property=\"og:type\" content=\"article\" \/>\n<meta property=\"og:title\" content=\"Tito Rabat completa el primer d\u00eda en Mugello con buenas sensaciones - Esponsorama\" \/>\n<meta property=\"og:description\" content=\"MotoGP GP de Italia \u2013 Mugello El piloto del equipo Reale Avintia Racing, Tito Rabat, ha vuelto a subirse hoy a la moto despu\u00e9s de su espectacular ca\u00edda en los test realizados en Barcelona la semana pasada. Rabat ha trabajado duro en los \u00faltimos d\u00edas para llegar lo m\u00e1s recuperado posible a Italia y, aunque [&hellip;]\" \/>\n<meta property=\"og:url\" content=\"http:\/\/esponsorama.ad\/es\/tito-rabat-completa-primer-dia-mugello-buenas-sensaciones-3\/\" \/>\n<meta property=\"og:site_name\" content=\"Esponsorama\" \/>\n<meta property=\"article:published_time\" content=\"2018-06-01T17:18:56+00:00\" \/>\n<meta property=\"article:modified_time\" content=\"2018-06-01T17:28:03+00:00\" \/>\n<meta property=\"og:image\" content=\"http:\/\/esponsorama.ad\/wp-content\/uploads\/2018\/06\/06Mugello18MgpESPONSORAMA_JOC2601.jpg\" \/>\n\t<meta property=\"og:image:width\" content=\"5184\" \/>\n\t<meta property=\"og:image:height\" content=\"3456\" \/>\n\t<meta property=\"og:image:type\" content=\"image\/jpeg\" \/>\n<meta name=\"author\" content=\"Xavi Andornet\" \/>\n<meta name=\"twitter:card\" content=\"summary_large_image\" \/>\n<meta name=\"twitter:label1\" content=\"Escrito por\" \/>\n\t<meta name=\"twitter:data1\" content=\"Xavi Andornet\" \/>\n\t<meta name=\"twitter:label2\" content=\"Tiempo de lectura\" \/>\n\t<meta name=\"twitter:data2\" content=\"2 minutos\" \/>\n<script type=\"application\/ld+json\" class=\"yoast-schema-graph\">{\"@context\":\"https:\/\/schema.org\",\"@graph\":[{\"@type\":\"Article\",\"@id\":\"http:\/\/esponsorama.ad\/es\/tito-rabat-completa-primer-dia-mugello-buenas-sensaciones-3\/#article\",\"isPartOf\":{\"@id\":\"http:\/\/esponsorama.ad\/es\/tito-rabat-completa-primer-dia-mugello-buenas-sensaciones-3\/\"},\"author\":{\"name\":\"Xavi Andornet\",\"@id\":\"http:\/\/esponsorama.ad\/es\/#\/schema\/person\/a5cde74945183d737066e46b61c6f9c4\"},\"headline\":\"Tito Rabat completa el primer d\u00eda en Mugello con buenas sensaciones\",\"datePublished\":\"2018-06-01T17:18:56+00:00\",\"dateModified\":\"2018-06-01T17:28:03+00:00\",\"mainEntityOfPage\":{\"@id\":\"http:\/\/esponsorama.ad\/es\/tito-rabat-completa-primer-dia-mugello-buenas-sensaciones-3\/\"},\"wordCount\":390,\"image\":{\"@id\":\"http:\/\/esponsorama.ad\/es\/tito-rabat-completa-primer-dia-mugello-buenas-sensaciones-3\/#primaryimage\"},\"thumbnailUrl\":\"http:\/\/esponsorama.ad\/wp-content\/uploads\/2018\/06\/06Mugello18MgpESPONSORAMA_JOC2601.jpg\",\"articleSection\":[\"MotoGP\"],\"inLanguage\":\"es\"},{\"@type\":\"WebPage\",\"@id\":\"http:\/\/esponsorama.ad\/es\/tito-rabat-completa-primer-dia-mugello-buenas-sensaciones-3\/\",\"url\":\"http:\/\/esponsorama.ad\/es\/tito-rabat-completa-primer-dia-mugello-buenas-sensaciones-3\/\",\"name\":\"Tito Rabat completa el primer d\u00eda en Mugello con buenas sensaciones - Esponsorama\",\"isPartOf\":{\"@id\":\"http:\/\/esponsorama.ad\/es\/#website\"},\"primaryImageOfPage\":{\"@id\":\"http:\/\/esponsorama.ad\/es\/tito-rabat-completa-primer-dia-mugello-buenas-sensaciones-3\/#primaryimage\"},\"image\":{\"@id\":\"http:\/\/esponsorama.ad\/es\/tito-rabat-completa-primer-dia-mugello-buenas-sensaciones-3\/#primaryimage\"},\"thumbnailUrl\":\"http:\/\/esponsorama.ad\/wp-content\/uploads\/2018\/06\/06Mugello18MgpESPONSORAMA_JOC2601.jpg\",\"datePublished\":\"2018-06-01T17:18:56+00:00\",\"dateModified\":\"2018-06-01T17:28:03+00:00\",\"author\":{\"@id\":\"http:\/\/esponsorama.ad\/es\/#\/schema\/person\/a5cde74945183d737066e46b61c6f9c4\"},\"breadcrumb\":{\"@id\":\"http:\/\/esponsorama.ad\/es\/tito-rabat-completa-primer-dia-mugello-buenas-sensaciones-3\/#breadcrumb\"},\"inLanguage\":\"es\",\"potentialAction\":[{\"@type\":\"ReadAction\",\"target\":[\"http:\/\/esponsorama.ad\/es\/tito-rabat-completa-primer-dia-mugello-buenas-sensaciones-3\/\"]}]},{\"@type\":\"ImageObject\",\"inLanguage\":\"es\",\"@id\":\"http:\/\/esponsorama.ad\/es\/tito-rabat-completa-primer-dia-mugello-buenas-sensaciones-3\/#primaryimage\",\"url\":\"http:\/\/esponsorama.ad\/wp-content\/uploads\/2018\/06\/06Mugello18MgpESPONSORAMA_JOC2601.jpg\",\"contentUrl\":\"http:\/\/esponsorama.ad\/wp-content\/uploads\/2018\/06\/06Mugello18MgpESPONSORAMA_JOC2601.jpg\",\"width\":5184,\"height\":3456,\"caption\":\"06 GP Italia 1, 2, y 3 de junio de 2018, circuito de Mugello, Italia. MotoGP, motogp, mgp, MOTOGP\"},{\"@type\":\"BreadcrumbList\",\"@id\":\"http:\/\/esponsorama.ad\/es\/tito-rabat-completa-primer-dia-mugello-buenas-sensaciones-3\/#breadcrumb\",\"itemListElement\":[{\"@type\":\"ListItem\",\"position\":1,\"name\":\"Home\",\"item\":\"http:\/\/esponsorama.ad\/en\/\"},{\"@type\":\"ListItem\",\"position\":2,\"name\":\"Tito Rabat completa el primer d\u00eda en Mugello con buenas sensaciones\"}]},{\"@type\":\"WebSite\",\"@id\":\"http:\/\/esponsorama.ad\/es\/#website\",\"url\":\"http:\/\/esponsorama.ad\/es\/\",\"name\":\"Esponsorama\",\"description\":\"Specialist in motorsport sponsorship and event promotions\",\"potentialAction\":[{\"@type\":\"SearchAction\",\"target\":{\"@type\":\"EntryPoint\",\"urlTemplate\":\"http:\/\/esponsorama.ad\/es\/?s={search_term_string}\"},\"query-input\":{\"@type\":\"PropertyValueSpecification\",\"valueRequired\":true,\"valueName\":\"search_term_string\"}}],\"inLanguage\":\"es\"},{\"@type\":\"Person\",\"@id\":\"http:\/\/esponsorama.ad\/es\/#\/schema\/person\/a5cde74945183d737066e46b61c6f9c4\",\"name\":\"Xavi Andornet\",\"image\":{\"@type\":\"ImageObject\",\"inLanguage\":\"es\",\"@id\":\"http:\/\/esponsorama.ad\/es\/#\/schema\/person\/image\/\",\"url\":\"https:\/\/secure.gravatar.com\/avatar\/f10eaf9ad601244a2357c9fd7cd9805ed166cfaaf76d5d9ab08a9d873e70147a?s=96&d=mm&r=g\",\"contentUrl\":\"https:\/\/secure.gravatar.com\/avatar\/f10eaf9ad601244a2357c9fd7cd9805ed166cfaaf76d5d9ab08a9d873e70147a?s=96&d=mm&r=g\",\"caption\":\"Xavi Andornet\"},\"sameAs\":[\"http:\/\/www.andornet.ad\"],\"url\":\"http:\/\/esponsorama.ad\/es\/author\/andornet\/\"}]}<\/script>\n<!-- \/ Yoast SEO plugin. -->","yoast_head_json":{"title":"Tito Rabat completa el primer d\u00eda en Mugello con buenas sensaciones - Esponsorama","robots":{"index":"index","follow":"follow","max-snippet":"max-snippet:-1","max-image-preview":"max-image-preview:large","max-video-preview":"max-video-preview:-1"},"canonical":"http:\/\/esponsorama.ad\/es\/tito-rabat-completa-primer-dia-mugello-buenas-sensaciones-3\/","og_locale":"es_ES","og_type":"article","og_title":"Tito Rabat completa el primer d\u00eda en Mugello con buenas sensaciones - Esponsorama","og_description":"MotoGP GP de Italia \u2013 Mugello El piloto del equipo Reale Avintia Racing, Tito Rabat, ha vuelto a subirse hoy a la moto despu\u00e9s de su espectacular ca\u00edda en los test realizados en Barcelona la semana pasada. Rabat ha trabajado duro en los \u00faltimos d\u00edas para llegar lo m\u00e1s recuperado posible a Italia y, aunque [&hellip;]","og_url":"http:\/\/esponsorama.ad\/es\/tito-rabat-completa-primer-dia-mugello-buenas-sensaciones-3\/","og_site_name":"Esponsorama","article_published_time":"2018-06-01T17:18:56+00:00","article_modified_time":"2018-06-01T17:28:03+00:00","og_image":[{"width":5184,"height":3456,"url":"http:\/\/esponsorama.ad\/wp-content\/uploads\/2018\/06\/06Mugello18MgpESPONSORAMA_JOC2601.jpg","type":"image\/jpeg"}],"author":"Xavi Andornet","twitter_card":"summary_large_image","twitter_misc":{"Escrito por":"Xavi Andornet","Tiempo de lectura":"2 minutos"},"schema":{"@context":"https:\/\/schema.org","@graph":[{"@type":"Article","@id":"http:\/\/esponsorama.ad\/es\/tito-rabat-completa-primer-dia-mugello-buenas-sensaciones-3\/#article","isPartOf":{"@id":"http:\/\/esponsorama.ad\/es\/tito-rabat-completa-primer-dia-mugello-buenas-sensaciones-3\/"},"author":{"name":"Xavi Andornet","@id":"http:\/\/esponsorama.ad\/es\/#\/schema\/person\/a5cde74945183d737066e46b61c6f9c4"},"headline":"Tito Rabat completa el primer d\u00eda en Mugello con buenas sensaciones","datePublished":"2018-06-01T17:18:56+00:00","dateModified":"2018-06-01T17:28:03+00:00","mainEntityOfPage":{"@id":"http:\/\/esponsorama.ad\/es\/tito-rabat-completa-primer-dia-mugello-buenas-sensaciones-3\/"},"wordCount":390,"image":{"@id":"http:\/\/esponsorama.ad\/es\/tito-rabat-completa-primer-dia-mugello-buenas-sensaciones-3\/#primaryimage"},"thumbnailUrl":"http:\/\/esponsorama.ad\/wp-content\/uploads\/2018\/06\/06Mugello18MgpESPONSORAMA_JOC2601.jpg","articleSection":["MotoGP"],"inLanguage":"es"},{"@type":"WebPage","@id":"http:\/\/esponsorama.ad\/es\/tito-rabat-completa-primer-dia-mugello-buenas-sensaciones-3\/","url":"http:\/\/esponsorama.ad\/es\/tito-rabat-completa-primer-dia-mugello-buenas-sensaciones-3\/","name":"Tito Rabat completa el primer d\u00eda en Mugello con buenas sensaciones - Esponsorama","isPartOf":{"@id":"http:\/\/esponsorama.ad\/es\/#website"},"primaryImageOfPage":{"@id":"http:\/\/esponsorama.ad\/es\/tito-rabat-completa-primer-dia-mugello-buenas-sensaciones-3\/#primaryimage"},"image":{"@id":"http:\/\/esponsorama.ad\/es\/tito-rabat-completa-primer-dia-mugello-buenas-sensaciones-3\/#primaryimage"},"thumbnailUrl":"http:\/\/esponsorama.ad\/wp-content\/uploads\/2018\/06\/06Mugello18MgpESPONSORAMA_JOC2601.jpg","datePublished":"2018-06-01T17:18:56+00:00","dateModified":"2018-06-01T17:28:03+00:00","author":{"@id":"http:\/\/esponsorama.ad\/es\/#\/schema\/person\/a5cde74945183d737066e46b61c6f9c4"},"breadcrumb":{"@id":"http:\/\/esponsorama.ad\/es\/tito-rabat-completa-primer-dia-mugello-buenas-sensaciones-3\/#breadcrumb"},"inLanguage":"es","potentialAction":[{"@type":"ReadAction","target":["http:\/\/esponsorama.ad\/es\/tito-rabat-completa-primer-dia-mugello-buenas-sensaciones-3\/"]}]},{"@type":"ImageObject","inLanguage":"es","@id":"http:\/\/esponsorama.ad\/es\/tito-rabat-completa-primer-dia-mugello-buenas-sensaciones-3\/#primaryimage","url":"http:\/\/esponsorama.ad\/wp-content\/uploads\/2018\/06\/06Mugello18MgpESPONSORAMA_JOC2601.jpg","contentUrl":"http:\/\/esponsorama.ad\/wp-content\/uploads\/2018\/06\/06Mugello18MgpESPONSORAMA_JOC2601.jpg","width":5184,"height":3456,"caption":"06 GP Italia 1, 2, y 3 de junio de 2018, circuito de Mugello, Italia. MotoGP, motogp, mgp, MOTOGP"},{"@type":"BreadcrumbList","@id":"http:\/\/esponsorama.ad\/es\/tito-rabat-completa-primer-dia-mugello-buenas-sensaciones-3\/#breadcrumb","itemListElement":[{"@type":"ListItem","position":1,"name":"Home","item":"http:\/\/esponsorama.ad\/en\/"},{"@type":"ListItem","position":2,"name":"Tito Rabat completa el primer d\u00eda en Mugello con buenas sensaciones"}]},{"@type":"WebSite","@id":"http:\/\/esponsorama.ad\/es\/#website","url":"http:\/\/esponsorama.ad\/es\/","name":"Esponsorama","description":"Specialist in motorsport sponsorship and event promotions","potentialAction":[{"@type":"SearchAction","target":{"@type":"EntryPoint","urlTemplate":"http:\/\/esponsorama.ad\/es\/?s={search_term_string}"},"query-input":{"@type":"PropertyValueSpecification","valueRequired":true,"valueName":"search_term_string"}}],"inLanguage":"es"},{"@type":"Person","@id":"http:\/\/esponsorama.ad\/es\/#\/schema\/person\/a5cde74945183d737066e46b61c6f9c4","name":"Xavi Andornet","image":{"@type":"ImageObject","inLanguage":"es","@id":"http:\/\/esponsorama.ad\/es\/#\/schema\/person\/image\/","url":"https:\/\/secure.gravatar.com\/avatar\/f10eaf9ad601244a2357c9fd7cd9805ed166cfaaf76d5d9ab08a9d873e70147a?s=96&d=mm&r=g","contentUrl":"https:\/\/secure.gravatar.com\/avatar\/f10eaf9ad601244a2357c9fd7cd9805ed166cfaaf76d5d9ab08a9d873e70147a?s=96&d=mm&r=g","caption":"Xavi Andornet"},"sameAs":["http:\/\/www.andornet.ad"],"url":"http:\/\/esponsorama.ad\/es\/author\/andornet\/"}]}},"_links":{"self":[{"href":"http:\/\/esponsorama.ad\/es\/wp-json\/wp\/v2\/posts\/9972","targetHints":{"allow":["GET"]}}],"collection":[{"href":"http:\/\/esponsorama.ad\/es\/wp-json\/wp\/v2\/posts"}],"about":[{"href":"http:\/\/esponsorama.ad\/es\/wp-json\/wp\/v2\/types\/post"}],"author":[{"embeddable":true,"href":"http:\/\/esponsorama.ad\/es\/wp-json\/wp\/v2\/users\/6"}],"replies":[{"embeddable":true,"href":"http:\/\/esponsorama.ad\/es\/wp-json\/wp\/v2\/comments?post=9972"}],"version-history":[{"count":0,"href":"http:\/\/esponsorama.ad\/es\/wp-json\/wp\/v2\/posts\/9972\/revisions"}],"wp:featuredmedia":[{"embeddable":true,"href":"http:\/\/esponsorama.ad\/es\/wp-json\/wp\/v2\/media\/10010"}],"wp:attachment":[{"href":"http:\/\/esponsorama.ad\/es\/wp-json\/wp\/v2\/media?parent=9972"}],"wp:term":[{"taxonomy":"category","embeddable":true,"href":"http:\/\/esponsorama.ad\/es\/wp-json\/wp\/v2\/categories?post=9972"},{"taxonomy":"post_tag","embeddable":true,"href":"http:\/\/esponsorama.ad\/es\/wp-json\/wp\/v2\/tags?post=9972"}],"curies":[{"name":"wp","href":"https:\/\/api.w.org\/{rel}","templated":true}]}}