{"id":10091,"date":"2018-06-02T18:17:38","date_gmt":"2018-06-02T16:17:38","guid":{"rendered":"http:\/\/esponsorama.ad\/?p=10091"},"modified":"2018-06-02T18:28:08","modified_gmt":"2018-06-02T16:28:08","slug":"tito-rabat-sorprende-se-queda-las-puertas-la-q2-simeon-da-paso-adelante-2","status":"publish","type":"post","link":"http:\/\/esponsorama.ad\/ca\/tito-rabat-sorprende-se-queda-las-puertas-la-q2-simeon-da-paso-adelante-2\/","title":{"rendered":"Tito Rabat sorprende y se queda a las puertas de la Q2 &#8211; Simeon da un paso adelante"},"content":{"rendered":"<p><strong>MotoGP GP de Italia \u2013 Mugello<\/strong><\/p>\n<p>Despu\u00e9s de un primer d\u00eda complicado en el que la lesi\u00f3n muscular en su brazo izquierdo no le permiti\u00f3 rodar muy r\u00e1pido, el piloto del equipo Reale Avintia Racing, Tito Rabat, hoy ha vuelto a sorprender con un gran ritmo que le ha llevado a luchar por la Q2 hasta el \u00faltimo minuto. Al final ha terminado tercero por detr\u00e1s de Jack Miller y su compatriota Maverick Vi\u00f1ales, y ma\u00f1ana saldr\u00e1 13\u00ba.<\/p>\n<p>Para su compa\u00f1ero Xavier Simeon tambi\u00e9n ha sido un d\u00eda m\u00e1s positivo. El piloto belga del Reale Avintia est\u00e1 sufriendo en su adaptaci\u00f3n a la categor\u00eda reina y, sin duda que Mugello no es el circuito m\u00e1s sencillo para un rookie. Pero hoy ha mejorado en casi un segundo su mejor tiempo y ma\u00f1ana conf\u00eda en dar otro paso m\u00e1s en el warm up antes de la carrera.<\/p>\n<p>La sesi\u00f3n cronometrada se ha disputado con sol y mucho calor, con temperaturas que han rozado los 50 grados en pista. La previsi\u00f3n para la carrera de ma\u00f1ana, la sexta cita del Campeonato del Mundo de MotoGP, tambi\u00e9n es de sol y mucho calor.<\/p>\n\n<p>&#8220;Si ayer me dicen que hoy iba a luchar por estar en la Q2 no me lo hubiera cre\u00eddo. Ha sido un buen d\u00eda y lo hemos hecho bien tanto en los libres como en los cronometrados. Estoy contento porque podr\u00eda estar viendo la carreras en casa, pero estoy aqu\u00ed y ma\u00f1ana salgo 13\u00ba. Con la adrenalina el brazo no me duele y eso tambi\u00e9n ha sido positivo. Ahora tenemos que mirar d\u00f3nde podemos mejorar un poco m\u00e1s en el warm up y despu\u00e9s concentrarnos en la carrera, para hacerlo lo mejor que nos sea posible\u201d.<\/p>\n\n<p>\u201cLa verdad es que no me encuentro c\u00f3modo con la moto, pero aparte de esto hemos conseguido dar un paso adelante y eso ha sido hoy lo m\u00e1s positivo. El rendimiento es mucho mejor que ayer y, aunque no es lo que estoy buscando y tenemos que hacerlo mejor, he terminado satisfecho. Es lo que tenemos y debemos centrarnos al 100%. Hemos terminado m\u00e1s cerca y eso es lo importante, pero el nivel es muy alto, todo est\u00e1 muy apretado y tenemos que aumentar nuestro rendimiento si queremos tener la oportunidad de estar m\u00e1s delante. No ser\u00e1 f\u00e1cil pero vamos a trabajar duro para sacar lo mejor del material que tenemos\u201d.<\/p>\n","protected":false},"excerpt":{"rendered":"<p>MotoGP GP de Italia \u2013 Mugello Despu\u00e9s de un primer d\u00eda complicado en el que la lesi\u00f3n muscular en su brazo izquierdo no le permiti\u00f3 rodar muy r\u00e1pido, el piloto del equipo Reale Avintia Racing, Tito Rabat, hoy ha vuelto a sorprender con un gran ritmo que le ha llevado a luchar por la Q2 [&hellip;]<\/p>\n","protected":false},"author":6,"featured_media":10067,"comment_status":"closed","ping_status":"closed","sticky":false,"template":"","format":"standard","meta":{"footnotes":""},"categories":[3],"tags":[],"class_list":["post-10091","post","type-post","status-publish","format-standard","has-post-thumbnail","hentry","category-motogp"],"yoast_head":"<!-- This site is optimized with the Yoast SEO plugin v27.1.1 - https:\/\/yoast.com\/product\/yoast-seo-wordpress\/ -->\n<title>Tito Rabat sorprende y se queda a las puertas de la Q2 - Simeon da un paso adelante - Esponsorama<\/title>\n<meta name=\"robots\" content=\"index, follow, max-snippet:-1, max-image-preview:large, max-video-preview:-1\" \/>\n<link rel=\"canonical\" href=\"http:\/\/esponsorama.ad\/ca\/tito-rabat-sorprende-se-queda-las-puertas-la-q2-simeon-da-paso-adelante-2\/\" \/>\n<meta property=\"og:locale\" content=\"it_IT\" \/>\n<meta property=\"og:type\" content=\"article\" \/>\n<meta property=\"og:title\" content=\"Tito Rabat sorprende y se queda a las puertas de la Q2 - Simeon da un paso adelante - Esponsorama\" \/>\n<meta property=\"og:description\" content=\"MotoGP GP de Italia \u2013 Mugello Despu\u00e9s de un primer d\u00eda complicado en el que la lesi\u00f3n muscular en su brazo izquierdo no le permiti\u00f3 rodar muy r\u00e1pido, el piloto del equipo Reale Avintia Racing, Tito Rabat, hoy ha vuelto a sorprender con un gran ritmo que le ha llevado a luchar por la Q2 [&hellip;]\" \/>\n<meta property=\"og:url\" content=\"http:\/\/esponsorama.ad\/ca\/tito-rabat-sorprende-se-queda-las-puertas-la-q2-simeon-da-paso-adelante-2\/\" \/>\n<meta property=\"og:site_name\" content=\"Esponsorama\" \/>\n<meta property=\"article:published_time\" content=\"2018-06-02T16:17:38+00:00\" \/>\n<meta property=\"article:modified_time\" content=\"2018-06-02T16:28:08+00:00\" \/>\n<meta property=\"og:image\" content=\"http:\/\/esponsorama.ad\/wp-content\/uploads\/2018\/06\/06MUGELLO2018Mgp-3493-1024x683.jpg\" \/>\n\t<meta property=\"og:image:width\" content=\"1024\" \/>\n\t<meta property=\"og:image:height\" content=\"683\" \/>\n\t<meta property=\"og:image:type\" content=\"image\/jpeg\" \/>\n<meta name=\"author\" content=\"Xavi Andornet\" \/>\n<meta name=\"twitter:card\" content=\"summary_large_image\" \/>\n<meta name=\"twitter:label1\" content=\"Written by\" \/>\n\t<meta name=\"twitter:data1\" content=\"Xavi Andornet\" \/>\n\t<meta name=\"twitter:label2\" content=\"Est. reading time\" \/>\n\t<meta name=\"twitter:data2\" content=\"2 minutes\" \/>\n<script type=\"application\/ld+json\" class=\"yoast-schema-graph\">{\"@context\":\"https:\/\/schema.org\",\"@graph\":[{\"@type\":\"Article\",\"@id\":\"http:\/\/esponsorama.ad\/ca\/tito-rabat-sorprende-se-queda-las-puertas-la-q2-simeon-da-paso-adelante-2\/#article\",\"isPartOf\":{\"@id\":\"http:\/\/esponsorama.ad\/ca\/tito-rabat-sorprende-se-queda-las-puertas-la-q2-simeon-da-paso-adelante-2\/\"},\"author\":{\"name\":\"Xavi Andornet\",\"@id\":\"http:\/\/esponsorama.ad\/es\/#\/schema\/person\/a5cde74945183d737066e46b61c6f9c4\"},\"headline\":\"Tito Rabat sorprende y se queda a las puertas de la Q2 &#8211; Simeon da un paso adelante\",\"datePublished\":\"2018-06-02T16:17:38+00:00\",\"dateModified\":\"2018-06-02T16:28:08+00:00\",\"mainEntityOfPage\":{\"@id\":\"http:\/\/esponsorama.ad\/ca\/tito-rabat-sorprende-se-queda-las-puertas-la-q2-simeon-da-paso-adelante-2\/\"},\"wordCount\":454,\"image\":{\"@id\":\"http:\/\/esponsorama.ad\/ca\/tito-rabat-sorprende-se-queda-las-puertas-la-q2-simeon-da-paso-adelante-2\/#primaryimage\"},\"thumbnailUrl\":\"http:\/\/esponsorama.ad\/wp-content\/uploads\/2018\/06\/06MUGELLO2018Mgp-3493.jpg\",\"articleSection\":[\"MotoGP\"],\"inLanguage\":\"it-IT\"},{\"@type\":\"WebPage\",\"@id\":\"http:\/\/esponsorama.ad\/ca\/tito-rabat-sorprende-se-queda-las-puertas-la-q2-simeon-da-paso-adelante-2\/\",\"url\":\"http:\/\/esponsorama.ad\/ca\/tito-rabat-sorprende-se-queda-las-puertas-la-q2-simeon-da-paso-adelante-2\/\",\"name\":\"Tito Rabat sorprende y se queda a las puertas de la Q2 - Simeon da un paso adelante - Esponsorama\",\"isPartOf\":{\"@id\":\"http:\/\/esponsorama.ad\/es\/#website\"},\"primaryImageOfPage\":{\"@id\":\"http:\/\/esponsorama.ad\/ca\/tito-rabat-sorprende-se-queda-las-puertas-la-q2-simeon-da-paso-adelante-2\/#primaryimage\"},\"image\":{\"@id\":\"http:\/\/esponsorama.ad\/ca\/tito-rabat-sorprende-se-queda-las-puertas-la-q2-simeon-da-paso-adelante-2\/#primaryimage\"},\"thumbnailUrl\":\"http:\/\/esponsorama.ad\/wp-content\/uploads\/2018\/06\/06MUGELLO2018Mgp-3493.jpg\",\"datePublished\":\"2018-06-02T16:17:38+00:00\",\"dateModified\":\"2018-06-02T16:28:08+00:00\",\"author\":{\"@id\":\"http:\/\/esponsorama.ad\/es\/#\/schema\/person\/a5cde74945183d737066e46b61c6f9c4\"},\"breadcrumb\":{\"@id\":\"http:\/\/esponsorama.ad\/ca\/tito-rabat-sorprende-se-queda-las-puertas-la-q2-simeon-da-paso-adelante-2\/#breadcrumb\"},\"inLanguage\":\"it-IT\",\"potentialAction\":[{\"@type\":\"ReadAction\",\"target\":[\"http:\/\/esponsorama.ad\/ca\/tito-rabat-sorprende-se-queda-las-puertas-la-q2-simeon-da-paso-adelante-2\/\"]}]},{\"@type\":\"ImageObject\",\"inLanguage\":\"it-IT\",\"@id\":\"http:\/\/esponsorama.ad\/ca\/tito-rabat-sorprende-se-queda-las-puertas-la-q2-simeon-da-paso-adelante-2\/#primaryimage\",\"url\":\"http:\/\/esponsorama.ad\/wp-content\/uploads\/2018\/06\/06MUGELLO2018Mgp-3493.jpg\",\"contentUrl\":\"http:\/\/esponsorama.ad\/wp-content\/uploads\/2018\/06\/06MUGELLO2018Mgp-3493.jpg\",\"width\":5472,\"height\":3648},{\"@type\":\"BreadcrumbList\",\"@id\":\"http:\/\/esponsorama.ad\/ca\/tito-rabat-sorprende-se-queda-las-puertas-la-q2-simeon-da-paso-adelante-2\/#breadcrumb\",\"itemListElement\":[{\"@type\":\"ListItem\",\"position\":1,\"name\":\"Home\",\"item\":\"http:\/\/esponsorama.ad\/ca\/\"},{\"@type\":\"ListItem\",\"position\":2,\"name\":\"Tito Rabat sorprende y se queda a las puertas de la Q2 &#8211; Simeon da un paso adelante\"}]},{\"@type\":\"WebSite\",\"@id\":\"http:\/\/esponsorama.ad\/es\/#website\",\"url\":\"http:\/\/esponsorama.ad\/es\/\",\"name\":\"Esponsorama\",\"description\":\"Specialist in motorsport sponsorship and event promotions\",\"potentialAction\":[{\"@type\":\"SearchAction\",\"target\":{\"@type\":\"EntryPoint\",\"urlTemplate\":\"http:\/\/esponsorama.ad\/es\/?s={search_term_string}\"},\"query-input\":{\"@type\":\"PropertyValueSpecification\",\"valueRequired\":true,\"valueName\":\"search_term_string\"}}],\"inLanguage\":\"it-IT\"},{\"@type\":\"Person\",\"@id\":\"http:\/\/esponsorama.ad\/es\/#\/schema\/person\/a5cde74945183d737066e46b61c6f9c4\",\"name\":\"Xavi Andornet\",\"image\":{\"@type\":\"ImageObject\",\"inLanguage\":\"it-IT\",\"@id\":\"http:\/\/esponsorama.ad\/es\/#\/schema\/person\/image\/\",\"url\":\"https:\/\/secure.gravatar.com\/avatar\/f10eaf9ad601244a2357c9fd7cd9805ed166cfaaf76d5d9ab08a9d873e70147a?s=96&d=mm&r=g\",\"contentUrl\":\"https:\/\/secure.gravatar.com\/avatar\/f10eaf9ad601244a2357c9fd7cd9805ed166cfaaf76d5d9ab08a9d873e70147a?s=96&d=mm&r=g\",\"caption\":\"Xavi Andornet\"},\"sameAs\":[\"http:\/\/www.andornet.ad\"],\"url\":\"http:\/\/esponsorama.ad\/it\/author\/andornet\/\"}]}<\/script>\n<!-- \/ Yoast SEO plugin. -->","yoast_head_json":{"title":"Tito Rabat sorprende y se queda a las puertas de la Q2 - Simeon da un paso adelante - Esponsorama","robots":{"index":"index","follow":"follow","max-snippet":"max-snippet:-1","max-image-preview":"max-image-preview:large","max-video-preview":"max-video-preview:-1"},"canonical":"http:\/\/esponsorama.ad\/ca\/tito-rabat-sorprende-se-queda-las-puertas-la-q2-simeon-da-paso-adelante-2\/","og_locale":"it_IT","og_type":"article","og_title":"Tito Rabat sorprende y se queda a las puertas de la Q2 - Simeon da un paso adelante - Esponsorama","og_description":"MotoGP GP de Italia \u2013 Mugello Despu\u00e9s de un primer d\u00eda complicado en el que la lesi\u00f3n muscular en su brazo izquierdo no le permiti\u00f3 rodar muy r\u00e1pido, el piloto del equipo Reale Avintia Racing, Tito Rabat, hoy ha vuelto a sorprender con un gran ritmo que le ha llevado a luchar por la Q2 [&hellip;]","og_url":"http:\/\/esponsorama.ad\/ca\/tito-rabat-sorprende-se-queda-las-puertas-la-q2-simeon-da-paso-adelante-2\/","og_site_name":"Esponsorama","article_published_time":"2018-06-02T16:17:38+00:00","article_modified_time":"2018-06-02T16:28:08+00:00","og_image":[{"width":1024,"height":683,"url":"http:\/\/esponsorama.ad\/wp-content\/uploads\/2018\/06\/06MUGELLO2018Mgp-3493-1024x683.jpg","type":"image\/jpeg"}],"author":"Xavi Andornet","twitter_card":"summary_large_image","twitter_misc":{"Written by":"Xavi Andornet","Est. reading time":"2 minutes"},"schema":{"@context":"https:\/\/schema.org","@graph":[{"@type":"Article","@id":"http:\/\/esponsorama.ad\/ca\/tito-rabat-sorprende-se-queda-las-puertas-la-q2-simeon-da-paso-adelante-2\/#article","isPartOf":{"@id":"http:\/\/esponsorama.ad\/ca\/tito-rabat-sorprende-se-queda-las-puertas-la-q2-simeon-da-paso-adelante-2\/"},"author":{"name":"Xavi Andornet","@id":"http:\/\/esponsorama.ad\/es\/#\/schema\/person\/a5cde74945183d737066e46b61c6f9c4"},"headline":"Tito Rabat sorprende y se queda a las puertas de la Q2 &#8211; Simeon da un paso adelante","datePublished":"2018-06-02T16:17:38+00:00","dateModified":"2018-06-02T16:28:08+00:00","mainEntityOfPage":{"@id":"http:\/\/esponsorama.ad\/ca\/tito-rabat-sorprende-se-queda-las-puertas-la-q2-simeon-da-paso-adelante-2\/"},"wordCount":454,"image":{"@id":"http:\/\/esponsorama.ad\/ca\/tito-rabat-sorprende-se-queda-las-puertas-la-q2-simeon-da-paso-adelante-2\/#primaryimage"},"thumbnailUrl":"http:\/\/esponsorama.ad\/wp-content\/uploads\/2018\/06\/06MUGELLO2018Mgp-3493.jpg","articleSection":["MotoGP"],"inLanguage":"it-IT"},{"@type":"WebPage","@id":"http:\/\/esponsorama.ad\/ca\/tito-rabat-sorprende-se-queda-las-puertas-la-q2-simeon-da-paso-adelante-2\/","url":"http:\/\/esponsorama.ad\/ca\/tito-rabat-sorprende-se-queda-las-puertas-la-q2-simeon-da-paso-adelante-2\/","name":"Tito Rabat sorprende y se queda a las puertas de la Q2 - Simeon da un paso adelante - Esponsorama","isPartOf":{"@id":"http:\/\/esponsorama.ad\/es\/#website"},"primaryImageOfPage":{"@id":"http:\/\/esponsorama.ad\/ca\/tito-rabat-sorprende-se-queda-las-puertas-la-q2-simeon-da-paso-adelante-2\/#primaryimage"},"image":{"@id":"http:\/\/esponsorama.ad\/ca\/tito-rabat-sorprende-se-queda-las-puertas-la-q2-simeon-da-paso-adelante-2\/#primaryimage"},"thumbnailUrl":"http:\/\/esponsorama.ad\/wp-content\/uploads\/2018\/06\/06MUGELLO2018Mgp-3493.jpg","datePublished":"2018-06-02T16:17:38+00:00","dateModified":"2018-06-02T16:28:08+00:00","author":{"@id":"http:\/\/esponsorama.ad\/es\/#\/schema\/person\/a5cde74945183d737066e46b61c6f9c4"},"breadcrumb":{"@id":"http:\/\/esponsorama.ad\/ca\/tito-rabat-sorprende-se-queda-las-puertas-la-q2-simeon-da-paso-adelante-2\/#breadcrumb"},"inLanguage":"it-IT","potentialAction":[{"@type":"ReadAction","target":["http:\/\/esponsorama.ad\/ca\/tito-rabat-sorprende-se-queda-las-puertas-la-q2-simeon-da-paso-adelante-2\/"]}]},{"@type":"ImageObject","inLanguage":"it-IT","@id":"http:\/\/esponsorama.ad\/ca\/tito-rabat-sorprende-se-queda-las-puertas-la-q2-simeon-da-paso-adelante-2\/#primaryimage","url":"http:\/\/esponsorama.ad\/wp-content\/uploads\/2018\/06\/06MUGELLO2018Mgp-3493.jpg","contentUrl":"http:\/\/esponsorama.ad\/wp-content\/uploads\/2018\/06\/06MUGELLO2018Mgp-3493.jpg","width":5472,"height":3648},{"@type":"BreadcrumbList","@id":"http:\/\/esponsorama.ad\/ca\/tito-rabat-sorprende-se-queda-las-puertas-la-q2-simeon-da-paso-adelante-2\/#breadcrumb","itemListElement":[{"@type":"ListItem","position":1,"name":"Home","item":"http:\/\/esponsorama.ad\/ca\/"},{"@type":"ListItem","position":2,"name":"Tito Rabat sorprende y se queda a las puertas de la Q2 &#8211; Simeon da un paso adelante"}]},{"@type":"WebSite","@id":"http:\/\/esponsorama.ad\/es\/#website","url":"http:\/\/esponsorama.ad\/es\/","name":"Esponsorama","description":"Specialist in motorsport sponsorship and event promotions","potentialAction":[{"@type":"SearchAction","target":{"@type":"EntryPoint","urlTemplate":"http:\/\/esponsorama.ad\/es\/?s={search_term_string}"},"query-input":{"@type":"PropertyValueSpecification","valueRequired":true,"valueName":"search_term_string"}}],"inLanguage":"it-IT"},{"@type":"Person","@id":"http:\/\/esponsorama.ad\/es\/#\/schema\/person\/a5cde74945183d737066e46b61c6f9c4","name":"Xavi Andornet","image":{"@type":"ImageObject","inLanguage":"it-IT","@id":"http:\/\/esponsorama.ad\/es\/#\/schema\/person\/image\/","url":"https:\/\/secure.gravatar.com\/avatar\/f10eaf9ad601244a2357c9fd7cd9805ed166cfaaf76d5d9ab08a9d873e70147a?s=96&d=mm&r=g","contentUrl":"https:\/\/secure.gravatar.com\/avatar\/f10eaf9ad601244a2357c9fd7cd9805ed166cfaaf76d5d9ab08a9d873e70147a?s=96&d=mm&r=g","caption":"Xavi Andornet"},"sameAs":["http:\/\/www.andornet.ad"],"url":"http:\/\/esponsorama.ad\/it\/author\/andornet\/"}]}},"_links":{"self":[{"href":"http:\/\/esponsorama.ad\/it\/wp-json\/wp\/v2\/posts\/10091","targetHints":{"allow":["GET"]}}],"collection":[{"href":"http:\/\/esponsorama.ad\/it\/wp-json\/wp\/v2\/posts"}],"about":[{"href":"http:\/\/esponsorama.ad\/it\/wp-json\/wp\/v2\/types\/post"}],"author":[{"embeddable":true,"href":"http:\/\/esponsorama.ad\/it\/wp-json\/wp\/v2\/users\/6"}],"replies":[{"embeddable":true,"href":"http:\/\/esponsorama.ad\/it\/wp-json\/wp\/v2\/comments?post=10091"}],"version-history":[{"count":0,"href":"http:\/\/esponsorama.ad\/it\/wp-json\/wp\/v2\/posts\/10091\/revisions"}],"wp:featuredmedia":[{"embeddable":true,"href":"http:\/\/esponsorama.ad\/it\/wp-json\/wp\/v2\/media\/10067"}],"wp:attachment":[{"href":"http:\/\/esponsorama.ad\/it\/wp-json\/wp\/v2\/media?parent=10091"}],"wp:term":[{"taxonomy":"category","embeddable":true,"href":"http:\/\/esponsorama.ad\/it\/wp-json\/wp\/v2\/categories?post=10091"},{"taxonomy":"post_tag","embeddable":true,"href":"http:\/\/esponsorama.ad\/it\/wp-json\/wp\/v2\/tags?post=10091"}],"curies":[{"name":"wp","href":"https:\/\/api.w.org\/{rel}","templated":true}]}}