{"id":10992,"date":"2018-08-14T12:54:48","date_gmt":"2018-08-14T10:54:48","guid":{"rendered":"http:\/\/esponsorama.ad\/?p=10992"},"modified":"2018-08-14T12:59:55","modified_gmt":"2018-08-14T10:59:55","slug":"rabat-suma-dos-puntos-gran-premio-alemania","status":"publish","type":"post","link":"http:\/\/esponsorama.ad\/ca\/rabat-suma-dos-puntos-gran-premio-alemania\/","title":{"rendered":"Rabat suma dos puntos en el Gran Premio de Alemania"},"content":{"rendered":"<p><strong>\u00a0MotoGP GP de Alemania \u2013 Sachsenring<\/strong><\/p>\n<p>El Gran Premio de Alemania no ha sido el mejor para el equipo Reale Avintia Racing con sus pilotos Tito Rabat y Xavier Simeon terminando en la 13\u00aa y 19\u00aa posici\u00f3n, respectivamente.<\/p>\n<p>Para Rabat la carrera ha sido una loter\u00eda, porque despu\u00e9s de sufrir problemas de agarre durante todo el fin de semana, para carrera ha salido con una puesta a punto completamente nueva. El resultado no ha sido malo y ha estado toda la carrera luchando por los puntos despu\u00e9s de salir 19\u00ba.<\/p>\n<p>Xavi Simeon confiaba en tener bastante ritmo como para luchar con L\u00fcthi, Abraham y los pilotos que le preced\u00edan en la parrilla. En las primeras vueltas ha sido as\u00ed, pero tras solo cinco giros ha ido perdiendo terreno hasta quedare rodando en solitario. El belga conf\u00eda en dar la vuelta a la situaci\u00f3n.<\/p>\n<p>Los pilotos del equipo Reale Avintia Racing viajar\u00e1n ahora a Misano para asistir al WDW (World Ducati Weekend) donde se reunir\u00e1n con miles de Ducatistas en un fin de semana incre\u00edble. Despu\u00e9s se tomar\u00e1n una semana de descanso para llegar a tope a Brno, escenario del GP de la Rep\u00fablica Checa del 3 al 5 de agosto.<\/p>\n<p><strong><\/strong><\/p>\n<p>&#8220;He tenido un fin de semana complicado, con muchos problemas con el agarre de los neum\u00e1ticos. Hemos cambiado a \u00faltima hora la moto, saliendo un poco a ciegas para la carrera, pero hemos hecho buen resultado y cogido un par de puntos. Ahora me voy a \u2018relajarme\u2019 un poco en el WDW y despu\u00e9s toca descansar un poco para recargar pilas para la siguiente carrera\u201d.<\/p>\n<p><strong><\/strong><\/p>\n<p>\u201cHa sido un fin de semana de lo m\u00e1s dif\u00edcil, me esperaba hacerlo mucho mejor pero \u00faltimamente no encontramos el camino. Hoy en carrera no ha habido manera de luchar con los que estaban delante y la verdad es que no lo entiendo. Ahora vamos hacer un peque\u00f1o par\u00f3n, donde resetearemos para volver m\u00e1s fuertes para lo que resta de campeonato\u201d.<\/p>\n","protected":false},"excerpt":{"rendered":"<p>\u00a0MotoGP GP de Alemania \u2013 Sachsenring El Gran Premio de Alemania no ha sido el mejor para el equipo Reale Avintia Racing con sus pilotos Tito Rabat y Xavier Simeon terminando en la 13\u00aa y 19\u00aa posici\u00f3n, respectivamente. Para Rabat la carrera ha sido una loter\u00eda, porque despu\u00e9s de sufrir problemas de agarre durante todo [&hellip;]<\/p>\n","protected":false},"author":6,"featured_media":10975,"comment_status":"closed","ping_status":"closed","sticky":false,"template":"","format":"standard","meta":{"footnotes":""},"categories":[3],"tags":[],"class_list":["post-10992","post","type-post","status-publish","format-standard","has-post-thumbnail","hentry","category-motogp"],"yoast_head":"<!-- This site is optimized with the Yoast SEO plugin v27.1.1 - https:\/\/yoast.com\/product\/yoast-seo-wordpress\/ -->\n<title>Rabat suma dos puntos en el Gran Premio de Alemania - Esponsorama<\/title>\n<meta name=\"robots\" content=\"index, follow, max-snippet:-1, max-image-preview:large, max-video-preview:-1\" \/>\n<link rel=\"canonical\" href=\"http:\/\/esponsorama.ad\/ca\/rabat-suma-dos-puntos-gran-premio-alemania\/\" \/>\n<meta property=\"og:locale\" content=\"it_IT\" \/>\n<meta property=\"og:type\" content=\"article\" \/>\n<meta property=\"og:title\" content=\"Rabat suma dos puntos en el Gran Premio de Alemania - Esponsorama\" \/>\n<meta property=\"og:description\" content=\"\u00a0MotoGP GP de Alemania \u2013 Sachsenring El Gran Premio de Alemania no ha sido el mejor para el equipo Reale Avintia Racing con sus pilotos Tito Rabat y Xavier Simeon terminando en la 13\u00aa y 19\u00aa posici\u00f3n, respectivamente. Para Rabat la carrera ha sido una loter\u00eda, porque despu\u00e9s de sufrir problemas de agarre durante todo [&hellip;]\" \/>\n<meta property=\"og:url\" content=\"http:\/\/esponsorama.ad\/ca\/rabat-suma-dos-puntos-gran-premio-alemania\/\" \/>\n<meta property=\"og:site_name\" content=\"Esponsorama\" \/>\n<meta property=\"article:published_time\" content=\"2018-08-14T10:54:48+00:00\" \/>\n<meta property=\"article:modified_time\" content=\"2018-08-14T10:59:55+00:00\" \/>\n<meta property=\"og:image\" content=\"http:\/\/esponsorama.ad\/wp-content\/uploads\/2018\/07\/09_SACHSENRING_2018_MGP_RACE-3026-1024x683.jpg\" \/>\n\t<meta property=\"og:image:width\" content=\"1024\" \/>\n\t<meta property=\"og:image:height\" content=\"683\" \/>\n\t<meta property=\"og:image:type\" content=\"image\/jpeg\" \/>\n<meta name=\"author\" content=\"Xavi Andornet\" \/>\n<meta name=\"twitter:card\" content=\"summary_large_image\" \/>\n<meta name=\"twitter:label1\" content=\"Written by\" \/>\n\t<meta name=\"twitter:data1\" content=\"Xavi Andornet\" \/>\n\t<meta name=\"twitter:label2\" content=\"Est. reading time\" \/>\n\t<meta name=\"twitter:data2\" content=\"2 minutes\" \/>\n<script type=\"application\/ld+json\" class=\"yoast-schema-graph\">{\"@context\":\"https:\/\/schema.org\",\"@graph\":[{\"@type\":\"Article\",\"@id\":\"http:\/\/esponsorama.ad\/ca\/rabat-suma-dos-puntos-gran-premio-alemania\/#article\",\"isPartOf\":{\"@id\":\"http:\/\/esponsorama.ad\/ca\/rabat-suma-dos-puntos-gran-premio-alemania\/\"},\"author\":{\"name\":\"Xavi Andornet\",\"@id\":\"http:\/\/esponsorama.ad\/es\/#\/schema\/person\/a5cde74945183d737066e46b61c6f9c4\"},\"headline\":\"Rabat suma dos puntos en el Gran Premio de Alemania\",\"datePublished\":\"2018-08-14T10:54:48+00:00\",\"dateModified\":\"2018-08-14T10:59:55+00:00\",\"mainEntityOfPage\":{\"@id\":\"http:\/\/esponsorama.ad\/ca\/rabat-suma-dos-puntos-gran-premio-alemania\/\"},\"wordCount\":357,\"image\":{\"@id\":\"http:\/\/esponsorama.ad\/ca\/rabat-suma-dos-puntos-gran-premio-alemania\/#primaryimage\"},\"thumbnailUrl\":\"http:\/\/esponsorama.ad\/wp-content\/uploads\/2018\/07\/09_SACHSENRING_2018_MGP_RACE-3026.jpg\",\"articleSection\":[\"MotoGP\"],\"inLanguage\":\"it-IT\"},{\"@type\":\"WebPage\",\"@id\":\"http:\/\/esponsorama.ad\/ca\/rabat-suma-dos-puntos-gran-premio-alemania\/\",\"url\":\"http:\/\/esponsorama.ad\/ca\/rabat-suma-dos-puntos-gran-premio-alemania\/\",\"name\":\"Rabat suma dos puntos en el Gran Premio de Alemania - Esponsorama\",\"isPartOf\":{\"@id\":\"http:\/\/esponsorama.ad\/es\/#website\"},\"primaryImageOfPage\":{\"@id\":\"http:\/\/esponsorama.ad\/ca\/rabat-suma-dos-puntos-gran-premio-alemania\/#primaryimage\"},\"image\":{\"@id\":\"http:\/\/esponsorama.ad\/ca\/rabat-suma-dos-puntos-gran-premio-alemania\/#primaryimage\"},\"thumbnailUrl\":\"http:\/\/esponsorama.ad\/wp-content\/uploads\/2018\/07\/09_SACHSENRING_2018_MGP_RACE-3026.jpg\",\"datePublished\":\"2018-08-14T10:54:48+00:00\",\"dateModified\":\"2018-08-14T10:59:55+00:00\",\"author\":{\"@id\":\"http:\/\/esponsorama.ad\/es\/#\/schema\/person\/a5cde74945183d737066e46b61c6f9c4\"},\"breadcrumb\":{\"@id\":\"http:\/\/esponsorama.ad\/ca\/rabat-suma-dos-puntos-gran-premio-alemania\/#breadcrumb\"},\"inLanguage\":\"it-IT\",\"potentialAction\":[{\"@type\":\"ReadAction\",\"target\":[\"http:\/\/esponsorama.ad\/ca\/rabat-suma-dos-puntos-gran-premio-alemania\/\"]}]},{\"@type\":\"ImageObject\",\"inLanguage\":\"it-IT\",\"@id\":\"http:\/\/esponsorama.ad\/ca\/rabat-suma-dos-puntos-gran-premio-alemania\/#primaryimage\",\"url\":\"http:\/\/esponsorama.ad\/wp-content\/uploads\/2018\/07\/09_SACHSENRING_2018_MGP_RACE-3026.jpg\",\"contentUrl\":\"http:\/\/esponsorama.ad\/wp-content\/uploads\/2018\/07\/09_SACHSENRING_2018_MGP_RACE-3026.jpg\",\"width\":4207,\"height\":2805},{\"@type\":\"BreadcrumbList\",\"@id\":\"http:\/\/esponsorama.ad\/ca\/rabat-suma-dos-puntos-gran-premio-alemania\/#breadcrumb\",\"itemListElement\":[{\"@type\":\"ListItem\",\"position\":1,\"name\":\"Home\",\"item\":\"http:\/\/esponsorama.ad\/ca\/\"},{\"@type\":\"ListItem\",\"position\":2,\"name\":\"Rabat suma dos puntos en el Gran Premio de Alemania\"}]},{\"@type\":\"WebSite\",\"@id\":\"http:\/\/esponsorama.ad\/es\/#website\",\"url\":\"http:\/\/esponsorama.ad\/es\/\",\"name\":\"Esponsorama\",\"description\":\"Specialist in motorsport sponsorship and event promotions\",\"potentialAction\":[{\"@type\":\"SearchAction\",\"target\":{\"@type\":\"EntryPoint\",\"urlTemplate\":\"http:\/\/esponsorama.ad\/es\/?s={search_term_string}\"},\"query-input\":{\"@type\":\"PropertyValueSpecification\",\"valueRequired\":true,\"valueName\":\"search_term_string\"}}],\"inLanguage\":\"it-IT\"},{\"@type\":\"Person\",\"@id\":\"http:\/\/esponsorama.ad\/es\/#\/schema\/person\/a5cde74945183d737066e46b61c6f9c4\",\"name\":\"Xavi Andornet\",\"image\":{\"@type\":\"ImageObject\",\"inLanguage\":\"it-IT\",\"@id\":\"http:\/\/esponsorama.ad\/es\/#\/schema\/person\/image\/\",\"url\":\"https:\/\/secure.gravatar.com\/avatar\/f10eaf9ad601244a2357c9fd7cd9805ed166cfaaf76d5d9ab08a9d873e70147a?s=96&d=mm&r=g\",\"contentUrl\":\"https:\/\/secure.gravatar.com\/avatar\/f10eaf9ad601244a2357c9fd7cd9805ed166cfaaf76d5d9ab08a9d873e70147a?s=96&d=mm&r=g\",\"caption\":\"Xavi Andornet\"},\"sameAs\":[\"http:\/\/www.andornet.ad\"],\"url\":\"http:\/\/esponsorama.ad\/it\/author\/andornet\/\"}]}<\/script>\n<!-- \/ Yoast SEO plugin. -->","yoast_head_json":{"title":"Rabat suma dos puntos en el Gran Premio de Alemania - Esponsorama","robots":{"index":"index","follow":"follow","max-snippet":"max-snippet:-1","max-image-preview":"max-image-preview:large","max-video-preview":"max-video-preview:-1"},"canonical":"http:\/\/esponsorama.ad\/ca\/rabat-suma-dos-puntos-gran-premio-alemania\/","og_locale":"it_IT","og_type":"article","og_title":"Rabat suma dos puntos en el Gran Premio de Alemania - Esponsorama","og_description":"\u00a0MotoGP GP de Alemania \u2013 Sachsenring El Gran Premio de Alemania no ha sido el mejor para el equipo Reale Avintia Racing con sus pilotos Tito Rabat y Xavier Simeon terminando en la 13\u00aa y 19\u00aa posici\u00f3n, respectivamente. Para Rabat la carrera ha sido una loter\u00eda, porque despu\u00e9s de sufrir problemas de agarre durante todo [&hellip;]","og_url":"http:\/\/esponsorama.ad\/ca\/rabat-suma-dos-puntos-gran-premio-alemania\/","og_site_name":"Esponsorama","article_published_time":"2018-08-14T10:54:48+00:00","article_modified_time":"2018-08-14T10:59:55+00:00","og_image":[{"width":1024,"height":683,"url":"http:\/\/esponsorama.ad\/wp-content\/uploads\/2018\/07\/09_SACHSENRING_2018_MGP_RACE-3026-1024x683.jpg","type":"image\/jpeg"}],"author":"Xavi Andornet","twitter_card":"summary_large_image","twitter_misc":{"Written by":"Xavi Andornet","Est. reading time":"2 minutes"},"schema":{"@context":"https:\/\/schema.org","@graph":[{"@type":"Article","@id":"http:\/\/esponsorama.ad\/ca\/rabat-suma-dos-puntos-gran-premio-alemania\/#article","isPartOf":{"@id":"http:\/\/esponsorama.ad\/ca\/rabat-suma-dos-puntos-gran-premio-alemania\/"},"author":{"name":"Xavi Andornet","@id":"http:\/\/esponsorama.ad\/es\/#\/schema\/person\/a5cde74945183d737066e46b61c6f9c4"},"headline":"Rabat suma dos puntos en el Gran Premio de Alemania","datePublished":"2018-08-14T10:54:48+00:00","dateModified":"2018-08-14T10:59:55+00:00","mainEntityOfPage":{"@id":"http:\/\/esponsorama.ad\/ca\/rabat-suma-dos-puntos-gran-premio-alemania\/"},"wordCount":357,"image":{"@id":"http:\/\/esponsorama.ad\/ca\/rabat-suma-dos-puntos-gran-premio-alemania\/#primaryimage"},"thumbnailUrl":"http:\/\/esponsorama.ad\/wp-content\/uploads\/2018\/07\/09_SACHSENRING_2018_MGP_RACE-3026.jpg","articleSection":["MotoGP"],"inLanguage":"it-IT"},{"@type":"WebPage","@id":"http:\/\/esponsorama.ad\/ca\/rabat-suma-dos-puntos-gran-premio-alemania\/","url":"http:\/\/esponsorama.ad\/ca\/rabat-suma-dos-puntos-gran-premio-alemania\/","name":"Rabat suma dos puntos en el Gran Premio de Alemania - Esponsorama","isPartOf":{"@id":"http:\/\/esponsorama.ad\/es\/#website"},"primaryImageOfPage":{"@id":"http:\/\/esponsorama.ad\/ca\/rabat-suma-dos-puntos-gran-premio-alemania\/#primaryimage"},"image":{"@id":"http:\/\/esponsorama.ad\/ca\/rabat-suma-dos-puntos-gran-premio-alemania\/#primaryimage"},"thumbnailUrl":"http:\/\/esponsorama.ad\/wp-content\/uploads\/2018\/07\/09_SACHSENRING_2018_MGP_RACE-3026.jpg","datePublished":"2018-08-14T10:54:48+00:00","dateModified":"2018-08-14T10:59:55+00:00","author":{"@id":"http:\/\/esponsorama.ad\/es\/#\/schema\/person\/a5cde74945183d737066e46b61c6f9c4"},"breadcrumb":{"@id":"http:\/\/esponsorama.ad\/ca\/rabat-suma-dos-puntos-gran-premio-alemania\/#breadcrumb"},"inLanguage":"it-IT","potentialAction":[{"@type":"ReadAction","target":["http:\/\/esponsorama.ad\/ca\/rabat-suma-dos-puntos-gran-premio-alemania\/"]}]},{"@type":"ImageObject","inLanguage":"it-IT","@id":"http:\/\/esponsorama.ad\/ca\/rabat-suma-dos-puntos-gran-premio-alemania\/#primaryimage","url":"http:\/\/esponsorama.ad\/wp-content\/uploads\/2018\/07\/09_SACHSENRING_2018_MGP_RACE-3026.jpg","contentUrl":"http:\/\/esponsorama.ad\/wp-content\/uploads\/2018\/07\/09_SACHSENRING_2018_MGP_RACE-3026.jpg","width":4207,"height":2805},{"@type":"BreadcrumbList","@id":"http:\/\/esponsorama.ad\/ca\/rabat-suma-dos-puntos-gran-premio-alemania\/#breadcrumb","itemListElement":[{"@type":"ListItem","position":1,"name":"Home","item":"http:\/\/esponsorama.ad\/ca\/"},{"@type":"ListItem","position":2,"name":"Rabat suma dos puntos en el Gran Premio de Alemania"}]},{"@type":"WebSite","@id":"http:\/\/esponsorama.ad\/es\/#website","url":"http:\/\/esponsorama.ad\/es\/","name":"Esponsorama","description":"Specialist in motorsport sponsorship and event promotions","potentialAction":[{"@type":"SearchAction","target":{"@type":"EntryPoint","urlTemplate":"http:\/\/esponsorama.ad\/es\/?s={search_term_string}"},"query-input":{"@type":"PropertyValueSpecification","valueRequired":true,"valueName":"search_term_string"}}],"inLanguage":"it-IT"},{"@type":"Person","@id":"http:\/\/esponsorama.ad\/es\/#\/schema\/person\/a5cde74945183d737066e46b61c6f9c4","name":"Xavi Andornet","image":{"@type":"ImageObject","inLanguage":"it-IT","@id":"http:\/\/esponsorama.ad\/es\/#\/schema\/person\/image\/","url":"https:\/\/secure.gravatar.com\/avatar\/f10eaf9ad601244a2357c9fd7cd9805ed166cfaaf76d5d9ab08a9d873e70147a?s=96&d=mm&r=g","contentUrl":"https:\/\/secure.gravatar.com\/avatar\/f10eaf9ad601244a2357c9fd7cd9805ed166cfaaf76d5d9ab08a9d873e70147a?s=96&d=mm&r=g","caption":"Xavi Andornet"},"sameAs":["http:\/\/www.andornet.ad"],"url":"http:\/\/esponsorama.ad\/it\/author\/andornet\/"}]}},"_links":{"self":[{"href":"http:\/\/esponsorama.ad\/it\/wp-json\/wp\/v2\/posts\/10992","targetHints":{"allow":["GET"]}}],"collection":[{"href":"http:\/\/esponsorama.ad\/it\/wp-json\/wp\/v2\/posts"}],"about":[{"href":"http:\/\/esponsorama.ad\/it\/wp-json\/wp\/v2\/types\/post"}],"author":[{"embeddable":true,"href":"http:\/\/esponsorama.ad\/it\/wp-json\/wp\/v2\/users\/6"}],"replies":[{"embeddable":true,"href":"http:\/\/esponsorama.ad\/it\/wp-json\/wp\/v2\/comments?post=10992"}],"version-history":[{"count":0,"href":"http:\/\/esponsorama.ad\/it\/wp-json\/wp\/v2\/posts\/10992\/revisions"}],"wp:featuredmedia":[{"embeddable":true,"href":"http:\/\/esponsorama.ad\/it\/wp-json\/wp\/v2\/media\/10975"}],"wp:attachment":[{"href":"http:\/\/esponsorama.ad\/it\/wp-json\/wp\/v2\/media?parent=10992"}],"wp:term":[{"taxonomy":"category","embeddable":true,"href":"http:\/\/esponsorama.ad\/it\/wp-json\/wp\/v2\/categories?post=10992"},{"taxonomy":"post_tag","embeddable":true,"href":"http:\/\/esponsorama.ad\/it\/wp-json\/wp\/v2\/tags?post=10992"}],"curies":[{"name":"wp","href":"https:\/\/api.w.org\/{rel}","templated":true}]}}