{"id":11572,"date":"2018-08-12T17:15:09","date_gmt":"2018-08-12T15:15:09","guid":{"rendered":"http:\/\/esponsorama.ad\/?p=11572"},"modified":"2018-08-12T17:38:30","modified_gmt":"2018-08-12T15:38:30","slug":"buen-fin-semana-tito-rabat-undecimo-austria-3","status":"publish","type":"post","link":"http:\/\/esponsorama.ad\/ca\/buen-fin-semana-tito-rabat-undecimo-austria-3\/","title":{"rendered":"Buen fin de semana para Tito Rabat, und\u00e9cimo en Austria"},"content":{"rendered":"<p><strong>MotoGP GP de Austria \u2013 Spielberg<\/strong><\/p>\n<p>El fin de semana del Gran Premio de Austria ha sido muy positivo para el piloto del equipo Reale Avintia Racing, Tito Rabat. Saliendo desde la s\u00e9ptima posici\u00f3n de la parrilla, ha realizado una gran salida y ha luchado con el grupo de cabeza en las primeras vueltas. Hasta mitad de carrera ha mantenido la s\u00e9ptima posici\u00f3n, pero despu\u00e9s debido al desgaste del neum\u00e1tico trasero ha tenido que bajar el ritmo en el \u00faltimo tercio de la carrera. Tras aguantar el ataque de Valentino Rossi y despu\u00e9s de Pedrosa, se ha mantenido en la novena posici\u00f3n. Pero en las \u00faltimas vueltas el agarre ha empeorado y finalmente ha cruzado la meta en und\u00e9cima posici\u00f3n.<\/p>\n<p>Su compa\u00f1ero en el Reale Avintia, Xavier Simeon, tambi\u00e9n hab\u00eda hecho una buena actuaci\u00f3n en Austria, logrando su mejor clasificaci\u00f3n en los entrenamientos cronometrados en lo que llevamos de temporada, y hoy estaba luchando en el grupo con los dem\u00e1s rookies. Pero en la vuelta once ha sufrido una ca\u00edda y no ha podido terminar la carrera.<\/p>\n\n<p>\u201cEste fin de semana hemos hecho todo bien, hemos hecho buenos entrenamientos, buenos cronos, buena salida y buena carrera. Pero nos ha faltado un poco a final de carrera, me he quedado las \u00faltimas vueltas sin neum\u00e1tico trasero y la verdad es que he sufrido un poco. La moto ha funcionado de maravilla, he estado las primeras vueltas con el grupo de cabeza y cada vez estamos m\u00e1s cerca. Ahora tengo que aprender a gestionar el gas para controlar el consumo de los neum\u00e1ticos. Gracias al equipo que como siempre ha hecho un grand\u00edsimo trabajo\u201d.<\/p>\n\n<p>\u201cHa sido un fin de semana muy positivo pero ha terminado de manera muy negativa. En carrera hemos tenido muchos problemas con el neum\u00e1tico blando delantero, no paraba de cerrarse la direcci\u00f3n y al final no la he podido salvar y me he ca\u00eddo. Estoy muy decepcionado porque todo iba muy bien este fin de semana y ha sido una pena terminar as\u00ed\u201d.<\/p>\n","protected":false},"excerpt":{"rendered":"<p>MotoGP GP de Austria \u2013 Spielberg El fin de semana del Gran Premio de Austria ha sido muy positivo para el piloto del equipo Reale Avintia Racing, Tito Rabat. Saliendo desde la s\u00e9ptima posici\u00f3n de la parrilla, ha realizado una gran salida y ha luchado con el grupo de cabeza en las primeras vueltas. Hasta [&hellip;]<\/p>\n","protected":false},"author":6,"featured_media":11583,"comment_status":"closed","ping_status":"closed","sticky":false,"template":"","format":"standard","meta":{"footnotes":""},"categories":[3],"tags":[],"class_list":["post-11572","post","type-post","status-publish","format-standard","has-post-thumbnail","hentry","category-motogp"],"yoast_head":"<!-- This site is optimized with the Yoast SEO plugin v27.1.1 - https:\/\/yoast.com\/product\/yoast-seo-wordpress\/ -->\n<title>Buen fin de semana para Tito Rabat, und\u00e9cimo en Austria - Esponsorama<\/title>\n<meta name=\"robots\" content=\"index, follow, max-snippet:-1, max-image-preview:large, max-video-preview:-1\" \/>\n<link rel=\"canonical\" href=\"http:\/\/esponsorama.ad\/ca\/buen-fin-semana-tito-rabat-undecimo-austria-3\/\" \/>\n<meta property=\"og:locale\" content=\"it_IT\" \/>\n<meta property=\"og:type\" content=\"article\" \/>\n<meta property=\"og:title\" content=\"Buen fin de semana para Tito Rabat, und\u00e9cimo en Austria - Esponsorama\" \/>\n<meta property=\"og:description\" content=\"MotoGP GP de Austria \u2013 Spielberg El fin de semana del Gran Premio de Austria ha sido muy positivo para el piloto del equipo Reale Avintia Racing, Tito Rabat. Saliendo desde la s\u00e9ptima posici\u00f3n de la parrilla, ha realizado una gran salida y ha luchado con el grupo de cabeza en las primeras vueltas. Hasta [&hellip;]\" \/>\n<meta property=\"og:url\" content=\"http:\/\/esponsorama.ad\/ca\/buen-fin-semana-tito-rabat-undecimo-austria-3\/\" \/>\n<meta property=\"og:site_name\" content=\"Esponsorama\" \/>\n<meta property=\"article:published_time\" content=\"2018-08-12T15:15:09+00:00\" \/>\n<meta property=\"article:modified_time\" content=\"2018-08-12T15:38:30+00:00\" \/>\n<meta property=\"og:image\" content=\"http:\/\/esponsorama.ad\/wp-content\/uploads\/2018\/08\/11_RedBullRing_2018_MotoGP_Rabat_Sunday-0943-1024x683.jpg\" \/>\n\t<meta property=\"og:image:width\" content=\"1024\" \/>\n\t<meta property=\"og:image:height\" content=\"683\" \/>\n\t<meta property=\"og:image:type\" content=\"image\/jpeg\" \/>\n<meta name=\"author\" content=\"Xavi Andornet\" \/>\n<meta name=\"twitter:card\" content=\"summary_large_image\" \/>\n<meta name=\"twitter:label1\" content=\"Written by\" \/>\n\t<meta name=\"twitter:data1\" content=\"Xavi Andornet\" \/>\n\t<meta name=\"twitter:label2\" content=\"Est. reading time\" \/>\n\t<meta name=\"twitter:data2\" content=\"2 minutes\" \/>\n<script type=\"application\/ld+json\" class=\"yoast-schema-graph\">{\"@context\":\"https:\/\/schema.org\",\"@graph\":[{\"@type\":\"Article\",\"@id\":\"http:\/\/esponsorama.ad\/ca\/buen-fin-semana-tito-rabat-undecimo-austria-3\/#article\",\"isPartOf\":{\"@id\":\"http:\/\/esponsorama.ad\/ca\/buen-fin-semana-tito-rabat-undecimo-austria-3\/\"},\"author\":{\"name\":\"Xavi Andornet\",\"@id\":\"http:\/\/esponsorama.ad\/es\/#\/schema\/person\/a5cde74945183d737066e46b61c6f9c4\"},\"headline\":\"Buen fin de semana para Tito Rabat, und\u00e9cimo en Austria\",\"datePublished\":\"2018-08-12T15:15:09+00:00\",\"dateModified\":\"2018-08-12T15:38:30+00:00\",\"mainEntityOfPage\":{\"@id\":\"http:\/\/esponsorama.ad\/ca\/buen-fin-semana-tito-rabat-undecimo-austria-3\/\"},\"wordCount\":376,\"image\":{\"@id\":\"http:\/\/esponsorama.ad\/ca\/buen-fin-semana-tito-rabat-undecimo-austria-3\/#primaryimage\"},\"thumbnailUrl\":\"http:\/\/esponsorama.ad\/wp-content\/uploads\/2018\/08\/11_RedBullRing_2018_MotoGP_Rabat_Sunday-0943.jpg\",\"articleSection\":[\"MotoGP\"],\"inLanguage\":\"it-IT\"},{\"@type\":\"WebPage\",\"@id\":\"http:\/\/esponsorama.ad\/ca\/buen-fin-semana-tito-rabat-undecimo-austria-3\/\",\"url\":\"http:\/\/esponsorama.ad\/ca\/buen-fin-semana-tito-rabat-undecimo-austria-3\/\",\"name\":\"Buen fin de semana para Tito Rabat, und\u00e9cimo en Austria - Esponsorama\",\"isPartOf\":{\"@id\":\"http:\/\/esponsorama.ad\/es\/#website\"},\"primaryImageOfPage\":{\"@id\":\"http:\/\/esponsorama.ad\/ca\/buen-fin-semana-tito-rabat-undecimo-austria-3\/#primaryimage\"},\"image\":{\"@id\":\"http:\/\/esponsorama.ad\/ca\/buen-fin-semana-tito-rabat-undecimo-austria-3\/#primaryimage\"},\"thumbnailUrl\":\"http:\/\/esponsorama.ad\/wp-content\/uploads\/2018\/08\/11_RedBullRing_2018_MotoGP_Rabat_Sunday-0943.jpg\",\"datePublished\":\"2018-08-12T15:15:09+00:00\",\"dateModified\":\"2018-08-12T15:38:30+00:00\",\"author\":{\"@id\":\"http:\/\/esponsorama.ad\/es\/#\/schema\/person\/a5cde74945183d737066e46b61c6f9c4\"},\"breadcrumb\":{\"@id\":\"http:\/\/esponsorama.ad\/ca\/buen-fin-semana-tito-rabat-undecimo-austria-3\/#breadcrumb\"},\"inLanguage\":\"it-IT\",\"potentialAction\":[{\"@type\":\"ReadAction\",\"target\":[\"http:\/\/esponsorama.ad\/ca\/buen-fin-semana-tito-rabat-undecimo-austria-3\/\"]}]},{\"@type\":\"ImageObject\",\"inLanguage\":\"it-IT\",\"@id\":\"http:\/\/esponsorama.ad\/ca\/buen-fin-semana-tito-rabat-undecimo-austria-3\/#primaryimage\",\"url\":\"http:\/\/esponsorama.ad\/wp-content\/uploads\/2018\/08\/11_RedBullRing_2018_MotoGP_Rabat_Sunday-0943.jpg\",\"contentUrl\":\"http:\/\/esponsorama.ad\/wp-content\/uploads\/2018\/08\/11_RedBullRing_2018_MotoGP_Rabat_Sunday-0943.jpg\",\"width\":3400,\"height\":2267},{\"@type\":\"BreadcrumbList\",\"@id\":\"http:\/\/esponsorama.ad\/ca\/buen-fin-semana-tito-rabat-undecimo-austria-3\/#breadcrumb\",\"itemListElement\":[{\"@type\":\"ListItem\",\"position\":1,\"name\":\"Home\",\"item\":\"http:\/\/esponsorama.ad\/ca\/\"},{\"@type\":\"ListItem\",\"position\":2,\"name\":\"Buen fin de semana para Tito Rabat, und\u00e9cimo en Austria\"}]},{\"@type\":\"WebSite\",\"@id\":\"http:\/\/esponsorama.ad\/es\/#website\",\"url\":\"http:\/\/esponsorama.ad\/es\/\",\"name\":\"Esponsorama\",\"description\":\"Specialist in motorsport sponsorship and event promotions\",\"potentialAction\":[{\"@type\":\"SearchAction\",\"target\":{\"@type\":\"EntryPoint\",\"urlTemplate\":\"http:\/\/esponsorama.ad\/es\/?s={search_term_string}\"},\"query-input\":{\"@type\":\"PropertyValueSpecification\",\"valueRequired\":true,\"valueName\":\"search_term_string\"}}],\"inLanguage\":\"it-IT\"},{\"@type\":\"Person\",\"@id\":\"http:\/\/esponsorama.ad\/es\/#\/schema\/person\/a5cde74945183d737066e46b61c6f9c4\",\"name\":\"Xavi Andornet\",\"image\":{\"@type\":\"ImageObject\",\"inLanguage\":\"it-IT\",\"@id\":\"http:\/\/esponsorama.ad\/es\/#\/schema\/person\/image\/\",\"url\":\"https:\/\/secure.gravatar.com\/avatar\/f10eaf9ad601244a2357c9fd7cd9805ed166cfaaf76d5d9ab08a9d873e70147a?s=96&d=mm&r=g\",\"contentUrl\":\"https:\/\/secure.gravatar.com\/avatar\/f10eaf9ad601244a2357c9fd7cd9805ed166cfaaf76d5d9ab08a9d873e70147a?s=96&d=mm&r=g\",\"caption\":\"Xavi Andornet\"},\"sameAs\":[\"http:\/\/www.andornet.ad\"],\"url\":\"http:\/\/esponsorama.ad\/it\/author\/andornet\/\"}]}<\/script>\n<!-- \/ Yoast SEO plugin. -->","yoast_head_json":{"title":"Buen fin de semana para Tito Rabat, und\u00e9cimo en Austria - Esponsorama","robots":{"index":"index","follow":"follow","max-snippet":"max-snippet:-1","max-image-preview":"max-image-preview:large","max-video-preview":"max-video-preview:-1"},"canonical":"http:\/\/esponsorama.ad\/ca\/buen-fin-semana-tito-rabat-undecimo-austria-3\/","og_locale":"it_IT","og_type":"article","og_title":"Buen fin de semana para Tito Rabat, und\u00e9cimo en Austria - Esponsorama","og_description":"MotoGP GP de Austria \u2013 Spielberg El fin de semana del Gran Premio de Austria ha sido muy positivo para el piloto del equipo Reale Avintia Racing, Tito Rabat. Saliendo desde la s\u00e9ptima posici\u00f3n de la parrilla, ha realizado una gran salida y ha luchado con el grupo de cabeza en las primeras vueltas. Hasta [&hellip;]","og_url":"http:\/\/esponsorama.ad\/ca\/buen-fin-semana-tito-rabat-undecimo-austria-3\/","og_site_name":"Esponsorama","article_published_time":"2018-08-12T15:15:09+00:00","article_modified_time":"2018-08-12T15:38:30+00:00","og_image":[{"width":1024,"height":683,"url":"http:\/\/esponsorama.ad\/wp-content\/uploads\/2018\/08\/11_RedBullRing_2018_MotoGP_Rabat_Sunday-0943-1024x683.jpg","type":"image\/jpeg"}],"author":"Xavi Andornet","twitter_card":"summary_large_image","twitter_misc":{"Written by":"Xavi Andornet","Est. reading time":"2 minutes"},"schema":{"@context":"https:\/\/schema.org","@graph":[{"@type":"Article","@id":"http:\/\/esponsorama.ad\/ca\/buen-fin-semana-tito-rabat-undecimo-austria-3\/#article","isPartOf":{"@id":"http:\/\/esponsorama.ad\/ca\/buen-fin-semana-tito-rabat-undecimo-austria-3\/"},"author":{"name":"Xavi Andornet","@id":"http:\/\/esponsorama.ad\/es\/#\/schema\/person\/a5cde74945183d737066e46b61c6f9c4"},"headline":"Buen fin de semana para Tito Rabat, und\u00e9cimo en Austria","datePublished":"2018-08-12T15:15:09+00:00","dateModified":"2018-08-12T15:38:30+00:00","mainEntityOfPage":{"@id":"http:\/\/esponsorama.ad\/ca\/buen-fin-semana-tito-rabat-undecimo-austria-3\/"},"wordCount":376,"image":{"@id":"http:\/\/esponsorama.ad\/ca\/buen-fin-semana-tito-rabat-undecimo-austria-3\/#primaryimage"},"thumbnailUrl":"http:\/\/esponsorama.ad\/wp-content\/uploads\/2018\/08\/11_RedBullRing_2018_MotoGP_Rabat_Sunday-0943.jpg","articleSection":["MotoGP"],"inLanguage":"it-IT"},{"@type":"WebPage","@id":"http:\/\/esponsorama.ad\/ca\/buen-fin-semana-tito-rabat-undecimo-austria-3\/","url":"http:\/\/esponsorama.ad\/ca\/buen-fin-semana-tito-rabat-undecimo-austria-3\/","name":"Buen fin de semana para Tito Rabat, und\u00e9cimo en Austria - Esponsorama","isPartOf":{"@id":"http:\/\/esponsorama.ad\/es\/#website"},"primaryImageOfPage":{"@id":"http:\/\/esponsorama.ad\/ca\/buen-fin-semana-tito-rabat-undecimo-austria-3\/#primaryimage"},"image":{"@id":"http:\/\/esponsorama.ad\/ca\/buen-fin-semana-tito-rabat-undecimo-austria-3\/#primaryimage"},"thumbnailUrl":"http:\/\/esponsorama.ad\/wp-content\/uploads\/2018\/08\/11_RedBullRing_2018_MotoGP_Rabat_Sunday-0943.jpg","datePublished":"2018-08-12T15:15:09+00:00","dateModified":"2018-08-12T15:38:30+00:00","author":{"@id":"http:\/\/esponsorama.ad\/es\/#\/schema\/person\/a5cde74945183d737066e46b61c6f9c4"},"breadcrumb":{"@id":"http:\/\/esponsorama.ad\/ca\/buen-fin-semana-tito-rabat-undecimo-austria-3\/#breadcrumb"},"inLanguage":"it-IT","potentialAction":[{"@type":"ReadAction","target":["http:\/\/esponsorama.ad\/ca\/buen-fin-semana-tito-rabat-undecimo-austria-3\/"]}]},{"@type":"ImageObject","inLanguage":"it-IT","@id":"http:\/\/esponsorama.ad\/ca\/buen-fin-semana-tito-rabat-undecimo-austria-3\/#primaryimage","url":"http:\/\/esponsorama.ad\/wp-content\/uploads\/2018\/08\/11_RedBullRing_2018_MotoGP_Rabat_Sunday-0943.jpg","contentUrl":"http:\/\/esponsorama.ad\/wp-content\/uploads\/2018\/08\/11_RedBullRing_2018_MotoGP_Rabat_Sunday-0943.jpg","width":3400,"height":2267},{"@type":"BreadcrumbList","@id":"http:\/\/esponsorama.ad\/ca\/buen-fin-semana-tito-rabat-undecimo-austria-3\/#breadcrumb","itemListElement":[{"@type":"ListItem","position":1,"name":"Home","item":"http:\/\/esponsorama.ad\/ca\/"},{"@type":"ListItem","position":2,"name":"Buen fin de semana para Tito Rabat, und\u00e9cimo en Austria"}]},{"@type":"WebSite","@id":"http:\/\/esponsorama.ad\/es\/#website","url":"http:\/\/esponsorama.ad\/es\/","name":"Esponsorama","description":"Specialist in motorsport sponsorship and event promotions","potentialAction":[{"@type":"SearchAction","target":{"@type":"EntryPoint","urlTemplate":"http:\/\/esponsorama.ad\/es\/?s={search_term_string}"},"query-input":{"@type":"PropertyValueSpecification","valueRequired":true,"valueName":"search_term_string"}}],"inLanguage":"it-IT"},{"@type":"Person","@id":"http:\/\/esponsorama.ad\/es\/#\/schema\/person\/a5cde74945183d737066e46b61c6f9c4","name":"Xavi Andornet","image":{"@type":"ImageObject","inLanguage":"it-IT","@id":"http:\/\/esponsorama.ad\/es\/#\/schema\/person\/image\/","url":"https:\/\/secure.gravatar.com\/avatar\/f10eaf9ad601244a2357c9fd7cd9805ed166cfaaf76d5d9ab08a9d873e70147a?s=96&d=mm&r=g","contentUrl":"https:\/\/secure.gravatar.com\/avatar\/f10eaf9ad601244a2357c9fd7cd9805ed166cfaaf76d5d9ab08a9d873e70147a?s=96&d=mm&r=g","caption":"Xavi Andornet"},"sameAs":["http:\/\/www.andornet.ad"],"url":"http:\/\/esponsorama.ad\/it\/author\/andornet\/"}]}},"_links":{"self":[{"href":"http:\/\/esponsorama.ad\/it\/wp-json\/wp\/v2\/posts\/11572","targetHints":{"allow":["GET"]}}],"collection":[{"href":"http:\/\/esponsorama.ad\/it\/wp-json\/wp\/v2\/posts"}],"about":[{"href":"http:\/\/esponsorama.ad\/it\/wp-json\/wp\/v2\/types\/post"}],"author":[{"embeddable":true,"href":"http:\/\/esponsorama.ad\/it\/wp-json\/wp\/v2\/users\/6"}],"replies":[{"embeddable":true,"href":"http:\/\/esponsorama.ad\/it\/wp-json\/wp\/v2\/comments?post=11572"}],"version-history":[{"count":0,"href":"http:\/\/esponsorama.ad\/it\/wp-json\/wp\/v2\/posts\/11572\/revisions"}],"wp:featuredmedia":[{"embeddable":true,"href":"http:\/\/esponsorama.ad\/it\/wp-json\/wp\/v2\/media\/11583"}],"wp:attachment":[{"href":"http:\/\/esponsorama.ad\/it\/wp-json\/wp\/v2\/media?parent=11572"}],"wp:term":[{"taxonomy":"category","embeddable":true,"href":"http:\/\/esponsorama.ad\/it\/wp-json\/wp\/v2\/categories?post=11572"},{"taxonomy":"post_tag","embeddable":true,"href":"http:\/\/esponsorama.ad\/it\/wp-json\/wp\/v2\/tags?post=11572"}],"curies":[{"name":"wp","href":"https:\/\/api.w.org\/{rel}","templated":true}]}}