{"id":12180,"date":"2018-09-09T17:55:26","date_gmt":"2018-09-09T15:55:26","guid":{"rendered":"http:\/\/esponsorama.ad\/?p=12180"},"modified":"2018-09-09T18:41:14","modified_gmt":"2018-09-09T16:41:14","slug":"un-gran-premio-dificil-para-el-equipo-reale-avintia-racing-en-misano-2","status":"publish","type":"post","link":"http:\/\/esponsorama.ad\/ca\/un-gran-premio-dificil-para-el-equipo-reale-avintia-racing-en-misano-2\/","title":{"rendered":"Un Gran Premio dif\u00edcil para el equipo Reale Avintia Racing en Misano"},"content":{"rendered":"<p><strong>MotoGP GP de San Marino \u2013 Misano World Circuit Marco Simoncelli<\/strong><\/p>\n<p>El Gran Premio de San Marino no ha sido sencillo para el equipo Reale Avintia Racing y, las expectativas de luchar por sumar puntos de Xavier Simeon han terminado al inicio de la cuarta vuelta, cuando ha perdido el tren delantero de su Ducati GP17 y se ha ido al suelo. Como dice el piloto belga ha sido una l\u00e1stima, porque el trabajo previo del fin de semana hab\u00eda sido muy positivo y su ritmo y puesta a punto de carrera eran m\u00e1s que aceptables.<\/p>\n<p>En el otro lado del box, el debutante Christoph Ponsson ha terminado su primer Gran Premio, en un fin de semana que no ha sido nada f\u00e1cil para \u00e9l debido a las numerosas cr\u00edticas vertidas por la prensa y los pilotos. Para \u00e9l lo m\u00e1s importante hoy era acumular experiencia y acabar la carrera, y lo ha conseguido.<\/p>\n<p>La pr\u00f3xima cita del campeonato tendr\u00e1 lugar dentro de dos semanas en el Circuito de MotorLand Arag\u00f3n y ser\u00e1 la tercera en casa para el equipo Reale Avintia Racing.<\/p>\n<p><strong><\/strong><\/p>\n<p>\u201cLa ca\u00edda ha sido una l\u00e1stima y sin duda que no es lo que esperaba en esta carrera. Lo primero que ha ido mal es la salida y eso es lo que al final ha provocado esta ca\u00edda porque he intentado recuperar para engancharme al grupo que estaba m\u00e1s delante. Pero, aparte de esto, me he divertido y he aprendido mucho este fin de semana pilotando la GP17 aunque, por supuesto, no puedes subirte a una moto diferente y hacer milagros. Creo que he hecho buenos tiempos durante los entrenamientos, si los comparamos con los del a\u00f1o pasado. Y tambi\u00e9n he vuelto a confirmar que el nivel es alt\u00edsimo aun llevando una moto mejor. Espero poder aprovechar todo lo aprendido este fin de semana en Arag\u00f3n y comenzar con buen pie desde el viernes para hacer un buen fin de semana\u201d.<\/p>\n<p><strong><\/strong><\/p>\n<p>&#8220;Ha sido muy largo, ya lo esperaba as\u00ed y me lo he planteado como una sesi\u00f3n de entrenamientos de 27 vueltas. Me ha servido para entender muchas cosas del neum\u00e1tico delantero y tambi\u00e9n he visto como cambia la moto de ir con el dep\u00f3sito lleno en las primeras vueltas a cuando baja a mitad de carrera. Tambi\u00e9n cuando el neum\u00e1tico est\u00e1 nuevo o gastado, porque te cambia la manera de pilotar durante la carrera. Mi \u00faltima vuelta ha sido solo medio segundo m\u00e1s lenta que la de los cronometrados. Creo que no hemos cometido ning\u00fan error, he aprendido mucho y no me he ca\u00eddo porque no quer\u00eda perder tiempo de pista. Ha sido dif\u00edcil asimilar todo en tan poco tiempo, pero la experiencia ha merecido la pena. Espero poder hacerlo mejor en Arag\u00f3n\u201d.<\/p>\n","protected":false},"excerpt":{"rendered":"<p>MotoGP GP de San Marino \u2013 Misano World Circuit Marco Simoncelli El Gran Premio de San Marino no ha sido sencillo para el equipo Reale Avintia Racing y, las expectativas de luchar por sumar puntos de Xavier Simeon han terminado al inicio de la cuarta vuelta, cuando ha perdido el tren delantero de su Ducati [&hellip;]<\/p>\n","protected":false},"author":6,"featured_media":12148,"comment_status":"closed","ping_status":"closed","sticky":false,"template":"","format":"standard","meta":{"footnotes":""},"categories":[3],"tags":[],"class_list":["post-12180","post","type-post","status-publish","format-standard","has-post-thumbnail","hentry","category-motogp"],"yoast_head":"<!-- This site is optimized with the Yoast SEO plugin v27.1.1 - https:\/\/yoast.com\/product\/yoast-seo-wordpress\/ -->\n<title>Un Gran Premio dif\u00edcil para el equipo Reale Avintia Racing en Misano - Esponsorama<\/title>\n<meta name=\"robots\" content=\"index, follow, max-snippet:-1, max-image-preview:large, max-video-preview:-1\" \/>\n<link rel=\"canonical\" href=\"http:\/\/esponsorama.ad\/ca\/un-gran-premio-dificil-para-el-equipo-reale-avintia-racing-en-misano-2\/\" \/>\n<meta property=\"og:locale\" content=\"it_IT\" \/>\n<meta property=\"og:type\" content=\"article\" \/>\n<meta property=\"og:title\" content=\"Un Gran Premio dif\u00edcil para el equipo Reale Avintia Racing en Misano - Esponsorama\" \/>\n<meta property=\"og:description\" content=\"MotoGP GP de San Marino \u2013 Misano World Circuit Marco Simoncelli El Gran Premio de San Marino no ha sido sencillo para el equipo Reale Avintia Racing y, las expectativas de luchar por sumar puntos de Xavier Simeon han terminado al inicio de la cuarta vuelta, cuando ha perdido el tren delantero de su Ducati [&hellip;]\" \/>\n<meta property=\"og:url\" content=\"http:\/\/esponsorama.ad\/ca\/un-gran-premio-dificil-para-el-equipo-reale-avintia-racing-en-misano-2\/\" \/>\n<meta property=\"og:site_name\" content=\"Esponsorama\" \/>\n<meta property=\"article:published_time\" content=\"2018-09-09T15:55:26+00:00\" \/>\n<meta property=\"article:modified_time\" content=\"2018-09-09T16:41:14+00:00\" \/>\n<meta property=\"og:image\" content=\"http:\/\/esponsorama.ad\/wp-content\/uploads\/2018\/09\/13MISANO18MGP-2442-1024x683.jpg\" \/>\n\t<meta property=\"og:image:width\" content=\"1024\" \/>\n\t<meta property=\"og:image:height\" content=\"683\" \/>\n\t<meta property=\"og:image:type\" content=\"image\/jpeg\" \/>\n<meta name=\"author\" content=\"Xavi Andornet\" \/>\n<meta name=\"twitter:card\" content=\"summary_large_image\" \/>\n<meta name=\"twitter:label1\" content=\"Written by\" \/>\n\t<meta name=\"twitter:data1\" content=\"Xavi Andornet\" \/>\n\t<meta name=\"twitter:label2\" content=\"Est. reading time\" \/>\n\t<meta name=\"twitter:data2\" content=\"2 minutes\" \/>\n<script type=\"application\/ld+json\" class=\"yoast-schema-graph\">{\"@context\":\"https:\/\/schema.org\",\"@graph\":[{\"@type\":\"Article\",\"@id\":\"http:\/\/esponsorama.ad\/ca\/un-gran-premio-dificil-para-el-equipo-reale-avintia-racing-en-misano-2\/#article\",\"isPartOf\":{\"@id\":\"http:\/\/esponsorama.ad\/ca\/un-gran-premio-dificil-para-el-equipo-reale-avintia-racing-en-misano-2\/\"},\"author\":{\"name\":\"Xavi Andornet\",\"@id\":\"http:\/\/esponsorama.ad\/es\/#\/schema\/person\/a5cde74945183d737066e46b61c6f9c4\"},\"headline\":\"Un Gran Premio dif\u00edcil para el equipo Reale Avintia Racing en Misano\",\"datePublished\":\"2018-09-09T15:55:26+00:00\",\"dateModified\":\"2018-09-09T16:41:14+00:00\",\"mainEntityOfPage\":{\"@id\":\"http:\/\/esponsorama.ad\/ca\/un-gran-premio-dificil-para-el-equipo-reale-avintia-racing-en-misano-2\/\"},\"wordCount\":503,\"image\":{\"@id\":\"http:\/\/esponsorama.ad\/ca\/un-gran-premio-dificil-para-el-equipo-reale-avintia-racing-en-misano-2\/#primaryimage\"},\"thumbnailUrl\":\"http:\/\/esponsorama.ad\/wp-content\/uploads\/2018\/09\/13MISANO18MGP-2442.jpg\",\"articleSection\":[\"MotoGP\"],\"inLanguage\":\"it-IT\"},{\"@type\":\"WebPage\",\"@id\":\"http:\/\/esponsorama.ad\/ca\/un-gran-premio-dificil-para-el-equipo-reale-avintia-racing-en-misano-2\/\",\"url\":\"http:\/\/esponsorama.ad\/ca\/un-gran-premio-dificil-para-el-equipo-reale-avintia-racing-en-misano-2\/\",\"name\":\"Un Gran Premio dif\u00edcil para el equipo Reale Avintia Racing en Misano - Esponsorama\",\"isPartOf\":{\"@id\":\"http:\/\/esponsorama.ad\/es\/#website\"},\"primaryImageOfPage\":{\"@id\":\"http:\/\/esponsorama.ad\/ca\/un-gran-premio-dificil-para-el-equipo-reale-avintia-racing-en-misano-2\/#primaryimage\"},\"image\":{\"@id\":\"http:\/\/esponsorama.ad\/ca\/un-gran-premio-dificil-para-el-equipo-reale-avintia-racing-en-misano-2\/#primaryimage\"},\"thumbnailUrl\":\"http:\/\/esponsorama.ad\/wp-content\/uploads\/2018\/09\/13MISANO18MGP-2442.jpg\",\"datePublished\":\"2018-09-09T15:55:26+00:00\",\"dateModified\":\"2018-09-09T16:41:14+00:00\",\"author\":{\"@id\":\"http:\/\/esponsorama.ad\/es\/#\/schema\/person\/a5cde74945183d737066e46b61c6f9c4\"},\"breadcrumb\":{\"@id\":\"http:\/\/esponsorama.ad\/ca\/un-gran-premio-dificil-para-el-equipo-reale-avintia-racing-en-misano-2\/#breadcrumb\"},\"inLanguage\":\"it-IT\",\"potentialAction\":[{\"@type\":\"ReadAction\",\"target\":[\"http:\/\/esponsorama.ad\/ca\/un-gran-premio-dificil-para-el-equipo-reale-avintia-racing-en-misano-2\/\"]}]},{\"@type\":\"ImageObject\",\"inLanguage\":\"it-IT\",\"@id\":\"http:\/\/esponsorama.ad\/ca\/un-gran-premio-dificil-para-el-equipo-reale-avintia-racing-en-misano-2\/#primaryimage\",\"url\":\"http:\/\/esponsorama.ad\/wp-content\/uploads\/2018\/09\/13MISANO18MGP-2442.jpg\",\"contentUrl\":\"http:\/\/esponsorama.ad\/wp-content\/uploads\/2018\/09\/13MISANO18MGP-2442.jpg\",\"width\":5184,\"height\":3456},{\"@type\":\"BreadcrumbList\",\"@id\":\"http:\/\/esponsorama.ad\/ca\/un-gran-premio-dificil-para-el-equipo-reale-avintia-racing-en-misano-2\/#breadcrumb\",\"itemListElement\":[{\"@type\":\"ListItem\",\"position\":1,\"name\":\"Home\",\"item\":\"http:\/\/esponsorama.ad\/ca\/\"},{\"@type\":\"ListItem\",\"position\":2,\"name\":\"Un Gran Premio dif\u00edcil para el equipo Reale Avintia Racing en Misano\"}]},{\"@type\":\"WebSite\",\"@id\":\"http:\/\/esponsorama.ad\/es\/#website\",\"url\":\"http:\/\/esponsorama.ad\/es\/\",\"name\":\"Esponsorama\",\"description\":\"Specialist in motorsport sponsorship and event promotions\",\"potentialAction\":[{\"@type\":\"SearchAction\",\"target\":{\"@type\":\"EntryPoint\",\"urlTemplate\":\"http:\/\/esponsorama.ad\/es\/?s={search_term_string}\"},\"query-input\":{\"@type\":\"PropertyValueSpecification\",\"valueRequired\":true,\"valueName\":\"search_term_string\"}}],\"inLanguage\":\"it-IT\"},{\"@type\":\"Person\",\"@id\":\"http:\/\/esponsorama.ad\/es\/#\/schema\/person\/a5cde74945183d737066e46b61c6f9c4\",\"name\":\"Xavi Andornet\",\"image\":{\"@type\":\"ImageObject\",\"inLanguage\":\"it-IT\",\"@id\":\"http:\/\/esponsorama.ad\/es\/#\/schema\/person\/image\/\",\"url\":\"https:\/\/secure.gravatar.com\/avatar\/f10eaf9ad601244a2357c9fd7cd9805ed166cfaaf76d5d9ab08a9d873e70147a?s=96&d=mm&r=g\",\"contentUrl\":\"https:\/\/secure.gravatar.com\/avatar\/f10eaf9ad601244a2357c9fd7cd9805ed166cfaaf76d5d9ab08a9d873e70147a?s=96&d=mm&r=g\",\"caption\":\"Xavi Andornet\"},\"sameAs\":[\"http:\/\/www.andornet.ad\"],\"url\":\"http:\/\/esponsorama.ad\/it\/author\/andornet\/\"}]}<\/script>\n<!-- \/ Yoast SEO plugin. -->","yoast_head_json":{"title":"Un Gran Premio dif\u00edcil para el equipo Reale Avintia Racing en Misano - Esponsorama","robots":{"index":"index","follow":"follow","max-snippet":"max-snippet:-1","max-image-preview":"max-image-preview:large","max-video-preview":"max-video-preview:-1"},"canonical":"http:\/\/esponsorama.ad\/ca\/un-gran-premio-dificil-para-el-equipo-reale-avintia-racing-en-misano-2\/","og_locale":"it_IT","og_type":"article","og_title":"Un Gran Premio dif\u00edcil para el equipo Reale Avintia Racing en Misano - Esponsorama","og_description":"MotoGP GP de San Marino \u2013 Misano World Circuit Marco Simoncelli El Gran Premio de San Marino no ha sido sencillo para el equipo Reale Avintia Racing y, las expectativas de luchar por sumar puntos de Xavier Simeon han terminado al inicio de la cuarta vuelta, cuando ha perdido el tren delantero de su Ducati [&hellip;]","og_url":"http:\/\/esponsorama.ad\/ca\/un-gran-premio-dificil-para-el-equipo-reale-avintia-racing-en-misano-2\/","og_site_name":"Esponsorama","article_published_time":"2018-09-09T15:55:26+00:00","article_modified_time":"2018-09-09T16:41:14+00:00","og_image":[{"width":1024,"height":683,"url":"http:\/\/esponsorama.ad\/wp-content\/uploads\/2018\/09\/13MISANO18MGP-2442-1024x683.jpg","type":"image\/jpeg"}],"author":"Xavi Andornet","twitter_card":"summary_large_image","twitter_misc":{"Written by":"Xavi Andornet","Est. reading time":"2 minutes"},"schema":{"@context":"https:\/\/schema.org","@graph":[{"@type":"Article","@id":"http:\/\/esponsorama.ad\/ca\/un-gran-premio-dificil-para-el-equipo-reale-avintia-racing-en-misano-2\/#article","isPartOf":{"@id":"http:\/\/esponsorama.ad\/ca\/un-gran-premio-dificil-para-el-equipo-reale-avintia-racing-en-misano-2\/"},"author":{"name":"Xavi Andornet","@id":"http:\/\/esponsorama.ad\/es\/#\/schema\/person\/a5cde74945183d737066e46b61c6f9c4"},"headline":"Un Gran Premio dif\u00edcil para el equipo Reale Avintia Racing en Misano","datePublished":"2018-09-09T15:55:26+00:00","dateModified":"2018-09-09T16:41:14+00:00","mainEntityOfPage":{"@id":"http:\/\/esponsorama.ad\/ca\/un-gran-premio-dificil-para-el-equipo-reale-avintia-racing-en-misano-2\/"},"wordCount":503,"image":{"@id":"http:\/\/esponsorama.ad\/ca\/un-gran-premio-dificil-para-el-equipo-reale-avintia-racing-en-misano-2\/#primaryimage"},"thumbnailUrl":"http:\/\/esponsorama.ad\/wp-content\/uploads\/2018\/09\/13MISANO18MGP-2442.jpg","articleSection":["MotoGP"],"inLanguage":"it-IT"},{"@type":"WebPage","@id":"http:\/\/esponsorama.ad\/ca\/un-gran-premio-dificil-para-el-equipo-reale-avintia-racing-en-misano-2\/","url":"http:\/\/esponsorama.ad\/ca\/un-gran-premio-dificil-para-el-equipo-reale-avintia-racing-en-misano-2\/","name":"Un Gran Premio dif\u00edcil para el equipo Reale Avintia Racing en Misano - Esponsorama","isPartOf":{"@id":"http:\/\/esponsorama.ad\/es\/#website"},"primaryImageOfPage":{"@id":"http:\/\/esponsorama.ad\/ca\/un-gran-premio-dificil-para-el-equipo-reale-avintia-racing-en-misano-2\/#primaryimage"},"image":{"@id":"http:\/\/esponsorama.ad\/ca\/un-gran-premio-dificil-para-el-equipo-reale-avintia-racing-en-misano-2\/#primaryimage"},"thumbnailUrl":"http:\/\/esponsorama.ad\/wp-content\/uploads\/2018\/09\/13MISANO18MGP-2442.jpg","datePublished":"2018-09-09T15:55:26+00:00","dateModified":"2018-09-09T16:41:14+00:00","author":{"@id":"http:\/\/esponsorama.ad\/es\/#\/schema\/person\/a5cde74945183d737066e46b61c6f9c4"},"breadcrumb":{"@id":"http:\/\/esponsorama.ad\/ca\/un-gran-premio-dificil-para-el-equipo-reale-avintia-racing-en-misano-2\/#breadcrumb"},"inLanguage":"it-IT","potentialAction":[{"@type":"ReadAction","target":["http:\/\/esponsorama.ad\/ca\/un-gran-premio-dificil-para-el-equipo-reale-avintia-racing-en-misano-2\/"]}]},{"@type":"ImageObject","inLanguage":"it-IT","@id":"http:\/\/esponsorama.ad\/ca\/un-gran-premio-dificil-para-el-equipo-reale-avintia-racing-en-misano-2\/#primaryimage","url":"http:\/\/esponsorama.ad\/wp-content\/uploads\/2018\/09\/13MISANO18MGP-2442.jpg","contentUrl":"http:\/\/esponsorama.ad\/wp-content\/uploads\/2018\/09\/13MISANO18MGP-2442.jpg","width":5184,"height":3456},{"@type":"BreadcrumbList","@id":"http:\/\/esponsorama.ad\/ca\/un-gran-premio-dificil-para-el-equipo-reale-avintia-racing-en-misano-2\/#breadcrumb","itemListElement":[{"@type":"ListItem","position":1,"name":"Home","item":"http:\/\/esponsorama.ad\/ca\/"},{"@type":"ListItem","position":2,"name":"Un Gran Premio dif\u00edcil para el equipo Reale Avintia Racing en Misano"}]},{"@type":"WebSite","@id":"http:\/\/esponsorama.ad\/es\/#website","url":"http:\/\/esponsorama.ad\/es\/","name":"Esponsorama","description":"Specialist in motorsport sponsorship and event promotions","potentialAction":[{"@type":"SearchAction","target":{"@type":"EntryPoint","urlTemplate":"http:\/\/esponsorama.ad\/es\/?s={search_term_string}"},"query-input":{"@type":"PropertyValueSpecification","valueRequired":true,"valueName":"search_term_string"}}],"inLanguage":"it-IT"},{"@type":"Person","@id":"http:\/\/esponsorama.ad\/es\/#\/schema\/person\/a5cde74945183d737066e46b61c6f9c4","name":"Xavi Andornet","image":{"@type":"ImageObject","inLanguage":"it-IT","@id":"http:\/\/esponsorama.ad\/es\/#\/schema\/person\/image\/","url":"https:\/\/secure.gravatar.com\/avatar\/f10eaf9ad601244a2357c9fd7cd9805ed166cfaaf76d5d9ab08a9d873e70147a?s=96&d=mm&r=g","contentUrl":"https:\/\/secure.gravatar.com\/avatar\/f10eaf9ad601244a2357c9fd7cd9805ed166cfaaf76d5d9ab08a9d873e70147a?s=96&d=mm&r=g","caption":"Xavi Andornet"},"sameAs":["http:\/\/www.andornet.ad"],"url":"http:\/\/esponsorama.ad\/it\/author\/andornet\/"}]}},"_links":{"self":[{"href":"http:\/\/esponsorama.ad\/it\/wp-json\/wp\/v2\/posts\/12180","targetHints":{"allow":["GET"]}}],"collection":[{"href":"http:\/\/esponsorama.ad\/it\/wp-json\/wp\/v2\/posts"}],"about":[{"href":"http:\/\/esponsorama.ad\/it\/wp-json\/wp\/v2\/types\/post"}],"author":[{"embeddable":true,"href":"http:\/\/esponsorama.ad\/it\/wp-json\/wp\/v2\/users\/6"}],"replies":[{"embeddable":true,"href":"http:\/\/esponsorama.ad\/it\/wp-json\/wp\/v2\/comments?post=12180"}],"version-history":[{"count":0,"href":"http:\/\/esponsorama.ad\/it\/wp-json\/wp\/v2\/posts\/12180\/revisions"}],"wp:featuredmedia":[{"embeddable":true,"href":"http:\/\/esponsorama.ad\/it\/wp-json\/wp\/v2\/media\/12148"}],"wp:attachment":[{"href":"http:\/\/esponsorama.ad\/it\/wp-json\/wp\/v2\/media?parent=12180"}],"wp:term":[{"taxonomy":"category","embeddable":true,"href":"http:\/\/esponsorama.ad\/it\/wp-json\/wp\/v2\/categories?post=12180"},{"taxonomy":"post_tag","embeddable":true,"href":"http:\/\/esponsorama.ad\/it\/wp-json\/wp\/v2\/tags?post=12180"}],"curies":[{"name":"wp","href":"https:\/\/api.w.org\/{rel}","templated":true}]}}