{"id":12504,"date":"2018-09-30T21:58:33","date_gmt":"2018-09-30T19:58:33","guid":{"rendered":"http:\/\/esponsorama.ad\/?p=12504"},"modified":"2018-09-30T21:58:33","modified_gmt":"2018-09-30T19:58:33","slug":"buenos-cronometrados-del-reale-avintia-academy77-fim-cev-jerez-3","status":"publish","type":"post","link":"http:\/\/esponsorama.ad\/ca\/buenos-cronometrados-del-reale-avintia-academy77-fim-cev-jerez-3\/","title":{"rendered":"Buenos cronometrados del Reale Avintia Academy77 en el FIM CEV de Jerez"},"content":{"rendered":"<p><strong>Reale Avintia Academy \u2013 Jerez \u2013 Circuito de Jerez , \u00c1ngel Nieto<\/strong><\/p>\n<p>El s\u00e1bado del FIM CEV de Jerez ha sido muy positivo para los pilotos del Reale Avintia Academy, y\u00a0Carlos Tatay ma\u00f1ana saldr\u00e1 quinto en la parrilla de salida de las dos carreras que se disputan en la categor\u00eda de Moto3, despu\u00e9s de marcar un crono de 1.46\u2019663 en una sesi\u00f3n muy apretada, en el que todos los tiempos est\u00e1n muy igualados.<\/p>\n<p>Barry Baltus, que esperaba estar m\u00e1s arriba de la clasificaci\u00f3n, se ha tenido que conformar con la tercera l\u00ednea en la salida con un tiempo de 1.47\u2019566. El piloto belga, a pesar de salir desde la P17 tiene muy buen ritmo para la carrera y puede conseguir buenos resultados el domingo.<\/p>\n<p>En la European Talent Cup, el mejor situado para ma\u00f1ana es el madrile\u00f1o Adri\u00e1n Huertas, que ya se encuentra recuperado de su lesi\u00f3n y espera mejora su P16 que ha conseguido en los cronos (con un tiempo de 1.51\u2019475) en el circuito de Jerez-\u00c1ngel Nieto.<\/p>\n<p>Iker Garc\u00eda ha vuelto muy motivado del par\u00f3n veraniego y con ganas de rematar el trabajo que lleva realizando toda la temporada. Hoy ha hecho un tiempo de 1.52\u2019076 que le sit\u00faa en la P23 para ma\u00f1ana.<\/p>\n<p>El peor clasificado\u00a0ha sido el alem\u00e1n Nicolas Czyba, que en su retorno no ha logrado un buen tiempo y con un 1.53.031 se tiene que conformar con la P37.<\/p>\n<p>Tanto en Moto3 como en la European Talent Cup ma\u00f1ana se disputar\u00e1n dos carreras, que comenzar\u00e1 con la primera a las 11:00hrs.<\/p>\n<p><strong> TEAM MANAGER<\/strong><\/p>\n<p>\u201cEstamos muy contentos con el resultado de Carlos Tatay, que en su tercera carrera en la categor\u00eda de Moto3 ya ha logrado una quinta posici\u00f3n en parrilla. Ma\u00f1ana tiene ritmo para luchar con el grupo de delante y crecer como piloto. Tambi\u00e9n estamos satisfechos con el ritmo de Barry Baltus y seguro que ma\u00f1ana puede estar dentro de los diez primeros .&#8221;<\/p>\n","protected":false},"excerpt":{"rendered":"<p>Reale Avintia Academy \u2013 Jerez \u2013 Circuito de Jerez , \u00c1ngel Nieto El s\u00e1bado del FIM CEV de Jerez ha sido muy positivo para los pilotos del Reale Avintia Academy, y\u00a0Carlos Tatay ma\u00f1ana saldr\u00e1 quinto en la parrilla de salida de las dos carreras que se disputan en la categor\u00eda de Moto3, despu\u00e9s de marcar [&hellip;]<\/p>\n","protected":false},"author":6,"featured_media":12442,"comment_status":"closed","ping_status":"closed","sticky":false,"template":"","format":"standard","meta":{"footnotes":""},"categories":[10],"tags":[],"class_list":["post-12504","post","type-post","status-publish","format-standard","has-post-thumbnail","hentry"],"yoast_head":"<!-- This site is optimized with the Yoast SEO plugin v27.1.1 - https:\/\/yoast.com\/product\/yoast-seo-wordpress\/ -->\n<title>Buenos cronometrados del Reale Avintia Academy77 en el FIM CEV de Jerez - Esponsorama<\/title>\n<meta name=\"robots\" content=\"index, follow, max-snippet:-1, max-image-preview:large, max-video-preview:-1\" \/>\n<link rel=\"canonical\" href=\"http:\/\/esponsorama.ad\/ca\/buenos-cronometrados-del-reale-avintia-academy77-fim-cev-jerez-3\/\" \/>\n<meta property=\"og:locale\" content=\"it_IT\" \/>\n<meta property=\"og:type\" content=\"article\" \/>\n<meta property=\"og:title\" content=\"Buenos cronometrados del Reale Avintia Academy77 en el FIM CEV de Jerez - Esponsorama\" \/>\n<meta property=\"og:description\" content=\"Reale Avintia Academy \u2013 Jerez \u2013 Circuito de Jerez , \u00c1ngel Nieto El s\u00e1bado del FIM CEV de Jerez ha sido muy positivo para los pilotos del Reale Avintia Academy, y\u00a0Carlos Tatay ma\u00f1ana saldr\u00e1 quinto en la parrilla de salida de las dos carreras que se disputan en la categor\u00eda de Moto3, despu\u00e9s de marcar [&hellip;]\" \/>\n<meta property=\"og:url\" content=\"http:\/\/esponsorama.ad\/ca\/buenos-cronometrados-del-reale-avintia-academy77-fim-cev-jerez-3\/\" \/>\n<meta property=\"og:site_name\" content=\"Esponsorama\" \/>\n<meta property=\"article:published_time\" content=\"2018-09-30T19:58:33+00:00\" \/>\n<meta property=\"og:image\" content=\"http:\/\/esponsorama.ad\/wp-content\/uploads\/2018\/09\/MG_3065.jpg\" \/>\n\t<meta property=\"og:image:width\" content=\"3782\" \/>\n\t<meta property=\"og:image:height\" content=\"2523\" \/>\n\t<meta property=\"og:image:type\" content=\"image\/jpeg\" \/>\n<meta name=\"author\" content=\"Xavi Andornet\" \/>\n<meta name=\"twitter:card\" content=\"summary_large_image\" \/>\n<meta name=\"twitter:label1\" content=\"Written by\" \/>\n\t<meta name=\"twitter:data1\" content=\"Xavi Andornet\" \/>\n\t<meta name=\"twitter:label2\" content=\"Est. reading time\" \/>\n\t<meta name=\"twitter:data2\" content=\"2 minutes\" \/>\n<script type=\"application\/ld+json\" class=\"yoast-schema-graph\">{\"@context\":\"https:\/\/schema.org\",\"@graph\":[{\"@type\":\"Article\",\"@id\":\"http:\/\/esponsorama.ad\/ca\/buenos-cronometrados-del-reale-avintia-academy77-fim-cev-jerez-3\/#article\",\"isPartOf\":{\"@id\":\"http:\/\/esponsorama.ad\/ca\/buenos-cronometrados-del-reale-avintia-academy77-fim-cev-jerez-3\/\"},\"author\":{\"name\":\"Xavi Andornet\",\"@id\":\"http:\/\/esponsorama.ad\/es\/#\/schema\/person\/a5cde74945183d737066e46b61c6f9c4\"},\"headline\":\"Buenos cronometrados del Reale Avintia Academy77 en el FIM CEV de Jerez\",\"datePublished\":\"2018-09-30T19:58:33+00:00\",\"mainEntityOfPage\":{\"@id\":\"http:\/\/esponsorama.ad\/ca\/buenos-cronometrados-del-reale-avintia-academy77-fim-cev-jerez-3\/\"},\"wordCount\":354,\"image\":{\"@id\":\"http:\/\/esponsorama.ad\/ca\/buenos-cronometrados-del-reale-avintia-academy77-fim-cev-jerez-3\/#primaryimage\"},\"thumbnailUrl\":\"http:\/\/esponsorama.ad\/wp-content\/uploads\/2018\/09\/MG_3065.jpg\",\"articleSection\":[\"\"],\"inLanguage\":\"it-IT\"},{\"@type\":\"WebPage\",\"@id\":\"http:\/\/esponsorama.ad\/ca\/buenos-cronometrados-del-reale-avintia-academy77-fim-cev-jerez-3\/\",\"url\":\"http:\/\/esponsorama.ad\/ca\/buenos-cronometrados-del-reale-avintia-academy77-fim-cev-jerez-3\/\",\"name\":\"Buenos cronometrados del Reale Avintia Academy77 en el FIM CEV de Jerez - Esponsorama\",\"isPartOf\":{\"@id\":\"http:\/\/esponsorama.ad\/es\/#website\"},\"primaryImageOfPage\":{\"@id\":\"http:\/\/esponsorama.ad\/ca\/buenos-cronometrados-del-reale-avintia-academy77-fim-cev-jerez-3\/#primaryimage\"},\"image\":{\"@id\":\"http:\/\/esponsorama.ad\/ca\/buenos-cronometrados-del-reale-avintia-academy77-fim-cev-jerez-3\/#primaryimage\"},\"thumbnailUrl\":\"http:\/\/esponsorama.ad\/wp-content\/uploads\/2018\/09\/MG_3065.jpg\",\"datePublished\":\"2018-09-30T19:58:33+00:00\",\"author\":{\"@id\":\"http:\/\/esponsorama.ad\/es\/#\/schema\/person\/a5cde74945183d737066e46b61c6f9c4\"},\"breadcrumb\":{\"@id\":\"http:\/\/esponsorama.ad\/ca\/buenos-cronometrados-del-reale-avintia-academy77-fim-cev-jerez-3\/#breadcrumb\"},\"inLanguage\":\"it-IT\",\"potentialAction\":[{\"@type\":\"ReadAction\",\"target\":[\"http:\/\/esponsorama.ad\/ca\/buenos-cronometrados-del-reale-avintia-academy77-fim-cev-jerez-3\/\"]}]},{\"@type\":\"ImageObject\",\"inLanguage\":\"it-IT\",\"@id\":\"http:\/\/esponsorama.ad\/ca\/buenos-cronometrados-del-reale-avintia-academy77-fim-cev-jerez-3\/#primaryimage\",\"url\":\"http:\/\/esponsorama.ad\/wp-content\/uploads\/2018\/09\/MG_3065.jpg\",\"contentUrl\":\"http:\/\/esponsorama.ad\/wp-content\/uploads\/2018\/09\/MG_3065.jpg\",\"width\":3782,\"height\":2523},{\"@type\":\"BreadcrumbList\",\"@id\":\"http:\/\/esponsorama.ad\/ca\/buenos-cronometrados-del-reale-avintia-academy77-fim-cev-jerez-3\/#breadcrumb\",\"itemListElement\":[{\"@type\":\"ListItem\",\"position\":1,\"name\":\"Home\",\"item\":\"http:\/\/esponsorama.ad\/ca\/\"},{\"@type\":\"ListItem\",\"position\":2,\"name\":\"Buenos cronometrados del Reale Avintia Academy77 en el FIM CEV de Jerez\"}]},{\"@type\":\"WebSite\",\"@id\":\"http:\/\/esponsorama.ad\/es\/#website\",\"url\":\"http:\/\/esponsorama.ad\/es\/\",\"name\":\"Esponsorama\",\"description\":\"Specialist in motorsport sponsorship and event promotions\",\"potentialAction\":[{\"@type\":\"SearchAction\",\"target\":{\"@type\":\"EntryPoint\",\"urlTemplate\":\"http:\/\/esponsorama.ad\/es\/?s={search_term_string}\"},\"query-input\":{\"@type\":\"PropertyValueSpecification\",\"valueRequired\":true,\"valueName\":\"search_term_string\"}}],\"inLanguage\":\"it-IT\"},{\"@type\":\"Person\",\"@id\":\"http:\/\/esponsorama.ad\/es\/#\/schema\/person\/a5cde74945183d737066e46b61c6f9c4\",\"name\":\"Xavi Andornet\",\"image\":{\"@type\":\"ImageObject\",\"inLanguage\":\"it-IT\",\"@id\":\"http:\/\/esponsorama.ad\/es\/#\/schema\/person\/image\/\",\"url\":\"https:\/\/secure.gravatar.com\/avatar\/f10eaf9ad601244a2357c9fd7cd9805ed166cfaaf76d5d9ab08a9d873e70147a?s=96&d=mm&r=g\",\"contentUrl\":\"https:\/\/secure.gravatar.com\/avatar\/f10eaf9ad601244a2357c9fd7cd9805ed166cfaaf76d5d9ab08a9d873e70147a?s=96&d=mm&r=g\",\"caption\":\"Xavi Andornet\"},\"sameAs\":[\"http:\/\/www.andornet.ad\"],\"url\":\"http:\/\/esponsorama.ad\/it\/author\/andornet\/\"}]}<\/script>\n<!-- \/ Yoast SEO plugin. -->","yoast_head_json":{"title":"Buenos cronometrados del Reale Avintia Academy77 en el FIM CEV de Jerez - Esponsorama","robots":{"index":"index","follow":"follow","max-snippet":"max-snippet:-1","max-image-preview":"max-image-preview:large","max-video-preview":"max-video-preview:-1"},"canonical":"http:\/\/esponsorama.ad\/ca\/buenos-cronometrados-del-reale-avintia-academy77-fim-cev-jerez-3\/","og_locale":"it_IT","og_type":"article","og_title":"Buenos cronometrados del Reale Avintia Academy77 en el FIM CEV de Jerez - Esponsorama","og_description":"Reale Avintia Academy \u2013 Jerez \u2013 Circuito de Jerez , \u00c1ngel Nieto El s\u00e1bado del FIM CEV de Jerez ha sido muy positivo para los pilotos del Reale Avintia Academy, y\u00a0Carlos Tatay ma\u00f1ana saldr\u00e1 quinto en la parrilla de salida de las dos carreras que se disputan en la categor\u00eda de Moto3, despu\u00e9s de marcar [&hellip;]","og_url":"http:\/\/esponsorama.ad\/ca\/buenos-cronometrados-del-reale-avintia-academy77-fim-cev-jerez-3\/","og_site_name":"Esponsorama","article_published_time":"2018-09-30T19:58:33+00:00","og_image":[{"width":3782,"height":2523,"url":"http:\/\/esponsorama.ad\/wp-content\/uploads\/2018\/09\/MG_3065.jpg","type":"image\/jpeg"}],"author":"Xavi Andornet","twitter_card":"summary_large_image","twitter_misc":{"Written by":"Xavi Andornet","Est. reading time":"2 minutes"},"schema":{"@context":"https:\/\/schema.org","@graph":[{"@type":"Article","@id":"http:\/\/esponsorama.ad\/ca\/buenos-cronometrados-del-reale-avintia-academy77-fim-cev-jerez-3\/#article","isPartOf":{"@id":"http:\/\/esponsorama.ad\/ca\/buenos-cronometrados-del-reale-avintia-academy77-fim-cev-jerez-3\/"},"author":{"name":"Xavi Andornet","@id":"http:\/\/esponsorama.ad\/es\/#\/schema\/person\/a5cde74945183d737066e46b61c6f9c4"},"headline":"Buenos cronometrados del Reale Avintia Academy77 en el FIM CEV de Jerez","datePublished":"2018-09-30T19:58:33+00:00","mainEntityOfPage":{"@id":"http:\/\/esponsorama.ad\/ca\/buenos-cronometrados-del-reale-avintia-academy77-fim-cev-jerez-3\/"},"wordCount":354,"image":{"@id":"http:\/\/esponsorama.ad\/ca\/buenos-cronometrados-del-reale-avintia-academy77-fim-cev-jerez-3\/#primaryimage"},"thumbnailUrl":"http:\/\/esponsorama.ad\/wp-content\/uploads\/2018\/09\/MG_3065.jpg","articleSection":[""],"inLanguage":"it-IT"},{"@type":"WebPage","@id":"http:\/\/esponsorama.ad\/ca\/buenos-cronometrados-del-reale-avintia-academy77-fim-cev-jerez-3\/","url":"http:\/\/esponsorama.ad\/ca\/buenos-cronometrados-del-reale-avintia-academy77-fim-cev-jerez-3\/","name":"Buenos cronometrados del Reale Avintia Academy77 en el FIM CEV de Jerez - Esponsorama","isPartOf":{"@id":"http:\/\/esponsorama.ad\/es\/#website"},"primaryImageOfPage":{"@id":"http:\/\/esponsorama.ad\/ca\/buenos-cronometrados-del-reale-avintia-academy77-fim-cev-jerez-3\/#primaryimage"},"image":{"@id":"http:\/\/esponsorama.ad\/ca\/buenos-cronometrados-del-reale-avintia-academy77-fim-cev-jerez-3\/#primaryimage"},"thumbnailUrl":"http:\/\/esponsorama.ad\/wp-content\/uploads\/2018\/09\/MG_3065.jpg","datePublished":"2018-09-30T19:58:33+00:00","author":{"@id":"http:\/\/esponsorama.ad\/es\/#\/schema\/person\/a5cde74945183d737066e46b61c6f9c4"},"breadcrumb":{"@id":"http:\/\/esponsorama.ad\/ca\/buenos-cronometrados-del-reale-avintia-academy77-fim-cev-jerez-3\/#breadcrumb"},"inLanguage":"it-IT","potentialAction":[{"@type":"ReadAction","target":["http:\/\/esponsorama.ad\/ca\/buenos-cronometrados-del-reale-avintia-academy77-fim-cev-jerez-3\/"]}]},{"@type":"ImageObject","inLanguage":"it-IT","@id":"http:\/\/esponsorama.ad\/ca\/buenos-cronometrados-del-reale-avintia-academy77-fim-cev-jerez-3\/#primaryimage","url":"http:\/\/esponsorama.ad\/wp-content\/uploads\/2018\/09\/MG_3065.jpg","contentUrl":"http:\/\/esponsorama.ad\/wp-content\/uploads\/2018\/09\/MG_3065.jpg","width":3782,"height":2523},{"@type":"BreadcrumbList","@id":"http:\/\/esponsorama.ad\/ca\/buenos-cronometrados-del-reale-avintia-academy77-fim-cev-jerez-3\/#breadcrumb","itemListElement":[{"@type":"ListItem","position":1,"name":"Home","item":"http:\/\/esponsorama.ad\/ca\/"},{"@type":"ListItem","position":2,"name":"Buenos cronometrados del Reale Avintia Academy77 en el FIM CEV de Jerez"}]},{"@type":"WebSite","@id":"http:\/\/esponsorama.ad\/es\/#website","url":"http:\/\/esponsorama.ad\/es\/","name":"Esponsorama","description":"Specialist in motorsport sponsorship and event promotions","potentialAction":[{"@type":"SearchAction","target":{"@type":"EntryPoint","urlTemplate":"http:\/\/esponsorama.ad\/es\/?s={search_term_string}"},"query-input":{"@type":"PropertyValueSpecification","valueRequired":true,"valueName":"search_term_string"}}],"inLanguage":"it-IT"},{"@type":"Person","@id":"http:\/\/esponsorama.ad\/es\/#\/schema\/person\/a5cde74945183d737066e46b61c6f9c4","name":"Xavi Andornet","image":{"@type":"ImageObject","inLanguage":"it-IT","@id":"http:\/\/esponsorama.ad\/es\/#\/schema\/person\/image\/","url":"https:\/\/secure.gravatar.com\/avatar\/f10eaf9ad601244a2357c9fd7cd9805ed166cfaaf76d5d9ab08a9d873e70147a?s=96&d=mm&r=g","contentUrl":"https:\/\/secure.gravatar.com\/avatar\/f10eaf9ad601244a2357c9fd7cd9805ed166cfaaf76d5d9ab08a9d873e70147a?s=96&d=mm&r=g","caption":"Xavi Andornet"},"sameAs":["http:\/\/www.andornet.ad"],"url":"http:\/\/esponsorama.ad\/it\/author\/andornet\/"}]}},"_links":{"self":[{"href":"http:\/\/esponsorama.ad\/it\/wp-json\/wp\/v2\/posts\/12504","targetHints":{"allow":["GET"]}}],"collection":[{"href":"http:\/\/esponsorama.ad\/it\/wp-json\/wp\/v2\/posts"}],"about":[{"href":"http:\/\/esponsorama.ad\/it\/wp-json\/wp\/v2\/types\/post"}],"author":[{"embeddable":true,"href":"http:\/\/esponsorama.ad\/it\/wp-json\/wp\/v2\/users\/6"}],"replies":[{"embeddable":true,"href":"http:\/\/esponsorama.ad\/it\/wp-json\/wp\/v2\/comments?post=12504"}],"version-history":[{"count":0,"href":"http:\/\/esponsorama.ad\/it\/wp-json\/wp\/v2\/posts\/12504\/revisions"}],"wp:featuredmedia":[{"embeddable":true,"href":"http:\/\/esponsorama.ad\/it\/wp-json\/wp\/v2\/media\/12442"}],"wp:attachment":[{"href":"http:\/\/esponsorama.ad\/it\/wp-json\/wp\/v2\/media?parent=12504"}],"wp:term":[{"taxonomy":"category","embeddable":true,"href":"http:\/\/esponsorama.ad\/it\/wp-json\/wp\/v2\/categories?post=12504"},{"taxonomy":"post_tag","embeddable":true,"href":"http:\/\/esponsorama.ad\/it\/wp-json\/wp\/v2\/tags?post=12504"}],"curies":[{"name":"wp","href":"https:\/\/api.w.org\/{rel}","templated":true}]}}