{"id":12563,"date":"2018-09-30T21:57:07","date_gmt":"2018-09-30T19:57:07","guid":{"rendered":"http:\/\/esponsorama.ad\/?p=12563"},"modified":"2018-09-30T21:57:07","modified_gmt":"2018-09-30T19:57:07","slug":"carlos-tatay-logra-estar-grupo-delante-fimcev-albacete-moto3-3","status":"publish","type":"post","link":"http:\/\/esponsorama.ad\/ca\/carlos-tatay-logra-estar-grupo-delante-fimcev-albacete-moto3-3\/","title":{"rendered":"Carlos Tatay logra estar en el grupo de delante en el FIMCEV de Jerez de Moto3"},"content":{"rendered":"<p><strong>Reale Avintia Academy \u2013 Jerez \u2013 Circuito de Jerez , \u00c1ngel Nieto<\/strong><\/p>\n<p><strong>\u00a0<\/strong>El domingo de carreras el FIM CEV de Jerez no se ha rematado como se esperaba pero Carlos Tatay ha estado luchando en el grupo de cabeza en ambas carreras de Moto3. En la primera el piloto valenciano no ha podido finalizar bien\u00a0su luchar, pero en la segunda se ha clasificado s\u00e9ptimo, a un segundo del vencedor, que ha sido Sergio Garc\u00eda.<\/p>\n<p>Por su parte, Barry Baltus ha terminado en la P18 en las dos carreras de Moto3 y sabiendo que cuenta con un buen ritmo para hacerlo mejor en lo que resta de la temporada 2018.<\/p>\n<p>En la European Talent Cup, el mejor situado ha sido Iker Garc\u00eda, terminando en la P18 y P19 respectivamente. El piloto catal\u00e1n est\u00e1 satisfecho con su fin de semana y sabe que puede dar el 100% en el resto de citas.<\/p>\n<p>Se esperaba mejores resultados para el madrile\u00f1o Adri\u00e1n Huertas y el piloto no ha conseguido demostrar su talento en ninguna de las dos carreras de la European Talent Cup, una P20 y P22 ha sido con lo que se ha tenido que conformar<\/p>\n<p>El alem\u00e1n Nicolas Czyba, no ha tenido un fin de semana el todo bueno y finalmente se ha situado en la P28 y P33.<\/p>\n<p>El Reale Avintia Academy77 y sus pilotos ahora muestran sus fuerzas y objetivos para la pen\u00faltima cita de la temporada que ser\u00e1 en Albacete, en el circuito de la \u201ctorrecica\u201d del 12 al 14 de octubre<\/p>\n<p><strong>JORDI GATELL TEAM MANAGER<\/strong><\/p>\n<p>\u201cEstamos muy contentos con el resultado de Carlos Tatay, que en su tercera carrera en la categor\u00eda de Moto3 ha sido capaz de luchar dentro del primer grupo, logrando la s\u00e9ptima posici\u00f3n a s\u00f3lo 6 segundos del ganador. Por su parte, Barry Baltus, tambi\u00e9n ha dado muestras de su calidad, si duda es un t\u00e1ndem con mucho futuro.\u201d<\/p>\n","protected":false},"excerpt":{"rendered":"<p>Reale Avintia Academy \u2013 Jerez \u2013 Circuito de Jerez , \u00c1ngel Nieto \u00a0El domingo de carreras el FIM CEV de Jerez no se ha rematado como se esperaba pero Carlos Tatay ha estado luchando en el grupo de cabeza en ambas carreras de Moto3. En la primera el piloto valenciano no ha podido finalizar bien\u00a0su [&hellip;]<\/p>\n","protected":false},"author":6,"featured_media":12554,"comment_status":"closed","ping_status":"closed","sticky":false,"template":"","format":"standard","meta":{"footnotes":""},"categories":[10],"tags":[],"class_list":["post-12563","post","type-post","status-publish","format-standard","has-post-thumbnail","hentry"],"yoast_head":"<!-- This site is optimized with the Yoast SEO plugin v27.1.1 - https:\/\/yoast.com\/product\/yoast-seo-wordpress\/ -->\n<title>Carlos Tatay logra estar en el grupo de delante en el FIMCEV de Jerez de Moto3 - Esponsorama<\/title>\n<meta name=\"robots\" content=\"index, follow, max-snippet:-1, max-image-preview:large, max-video-preview:-1\" \/>\n<link rel=\"canonical\" href=\"http:\/\/esponsorama.ad\/ca\/carlos-tatay-logra-estar-grupo-delante-fimcev-albacete-moto3-3\/\" \/>\n<meta property=\"og:locale\" content=\"it_IT\" \/>\n<meta property=\"og:type\" content=\"article\" \/>\n<meta property=\"og:title\" content=\"Carlos Tatay logra estar en el grupo de delante en el FIMCEV de Jerez de Moto3 - Esponsorama\" \/>\n<meta property=\"og:description\" content=\"Reale Avintia Academy \u2013 Jerez \u2013 Circuito de Jerez , \u00c1ngel Nieto \u00a0El domingo de carreras el FIM CEV de Jerez no se ha rematado como se esperaba pero Carlos Tatay ha estado luchando en el grupo de cabeza en ambas carreras de Moto3. En la primera el piloto valenciano no ha podido finalizar bien\u00a0su [&hellip;]\" \/>\n<meta property=\"og:url\" content=\"http:\/\/esponsorama.ad\/ca\/carlos-tatay-logra-estar-grupo-delante-fimcev-albacete-moto3-3\/\" \/>\n<meta property=\"og:site_name\" content=\"Esponsorama\" \/>\n<meta property=\"article:published_time\" content=\"2018-09-30T19:57:07+00:00\" \/>\n<meta property=\"og:image\" content=\"http:\/\/esponsorama.ad\/wp-content\/uploads\/2018\/09\/MG_5457.jpg\" \/>\n\t<meta property=\"og:image:width\" content=\"2684\" \/>\n\t<meta property=\"og:image:height\" content=\"1790\" \/>\n\t<meta property=\"og:image:type\" content=\"image\/jpeg\" \/>\n<meta name=\"author\" content=\"Xavi Andornet\" \/>\n<meta name=\"twitter:card\" content=\"summary_large_image\" \/>\n<meta name=\"twitter:label1\" content=\"Written by\" \/>\n\t<meta name=\"twitter:data1\" content=\"Xavi Andornet\" \/>\n\t<meta name=\"twitter:label2\" content=\"Est. reading time\" \/>\n\t<meta name=\"twitter:data2\" content=\"2 minutes\" \/>\n<script type=\"application\/ld+json\" class=\"yoast-schema-graph\">{\"@context\":\"https:\/\/schema.org\",\"@graph\":[{\"@type\":\"Article\",\"@id\":\"http:\/\/esponsorama.ad\/ca\/carlos-tatay-logra-estar-grupo-delante-fimcev-albacete-moto3-3\/#article\",\"isPartOf\":{\"@id\":\"http:\/\/esponsorama.ad\/ca\/carlos-tatay-logra-estar-grupo-delante-fimcev-albacete-moto3-3\/\"},\"author\":{\"name\":\"Xavi Andornet\",\"@id\":\"http:\/\/esponsorama.ad\/es\/#\/schema\/person\/a5cde74945183d737066e46b61c6f9c4\"},\"headline\":\"Carlos Tatay logra estar en el grupo de delante en el FIMCEV de Jerez de Moto3\",\"datePublished\":\"2018-09-30T19:57:07+00:00\",\"mainEntityOfPage\":{\"@id\":\"http:\/\/esponsorama.ad\/ca\/carlos-tatay-logra-estar-grupo-delante-fimcev-albacete-moto3-3\/\"},\"wordCount\":338,\"image\":{\"@id\":\"http:\/\/esponsorama.ad\/ca\/carlos-tatay-logra-estar-grupo-delante-fimcev-albacete-moto3-3\/#primaryimage\"},\"thumbnailUrl\":\"http:\/\/esponsorama.ad\/wp-content\/uploads\/2018\/09\/MG_5457.jpg\",\"articleSection\":[\"\"],\"inLanguage\":\"it-IT\"},{\"@type\":\"WebPage\",\"@id\":\"http:\/\/esponsorama.ad\/ca\/carlos-tatay-logra-estar-grupo-delante-fimcev-albacete-moto3-3\/\",\"url\":\"http:\/\/esponsorama.ad\/ca\/carlos-tatay-logra-estar-grupo-delante-fimcev-albacete-moto3-3\/\",\"name\":\"Carlos Tatay logra estar en el grupo de delante en el FIMCEV de Jerez de Moto3 - Esponsorama\",\"isPartOf\":{\"@id\":\"http:\/\/esponsorama.ad\/es\/#website\"},\"primaryImageOfPage\":{\"@id\":\"http:\/\/esponsorama.ad\/ca\/carlos-tatay-logra-estar-grupo-delante-fimcev-albacete-moto3-3\/#primaryimage\"},\"image\":{\"@id\":\"http:\/\/esponsorama.ad\/ca\/carlos-tatay-logra-estar-grupo-delante-fimcev-albacete-moto3-3\/#primaryimage\"},\"thumbnailUrl\":\"http:\/\/esponsorama.ad\/wp-content\/uploads\/2018\/09\/MG_5457.jpg\",\"datePublished\":\"2018-09-30T19:57:07+00:00\",\"author\":{\"@id\":\"http:\/\/esponsorama.ad\/es\/#\/schema\/person\/a5cde74945183d737066e46b61c6f9c4\"},\"breadcrumb\":{\"@id\":\"http:\/\/esponsorama.ad\/ca\/carlos-tatay-logra-estar-grupo-delante-fimcev-albacete-moto3-3\/#breadcrumb\"},\"inLanguage\":\"it-IT\",\"potentialAction\":[{\"@type\":\"ReadAction\",\"target\":[\"http:\/\/esponsorama.ad\/ca\/carlos-tatay-logra-estar-grupo-delante-fimcev-albacete-moto3-3\/\"]}]},{\"@type\":\"ImageObject\",\"inLanguage\":\"it-IT\",\"@id\":\"http:\/\/esponsorama.ad\/ca\/carlos-tatay-logra-estar-grupo-delante-fimcev-albacete-moto3-3\/#primaryimage\",\"url\":\"http:\/\/esponsorama.ad\/wp-content\/uploads\/2018\/09\/MG_5457.jpg\",\"contentUrl\":\"http:\/\/esponsorama.ad\/wp-content\/uploads\/2018\/09\/MG_5457.jpg\",\"width\":2684,\"height\":1790},{\"@type\":\"BreadcrumbList\",\"@id\":\"http:\/\/esponsorama.ad\/ca\/carlos-tatay-logra-estar-grupo-delante-fimcev-albacete-moto3-3\/#breadcrumb\",\"itemListElement\":[{\"@type\":\"ListItem\",\"position\":1,\"name\":\"Home\",\"item\":\"http:\/\/esponsorama.ad\/en\/\"},{\"@type\":\"ListItem\",\"position\":2,\"name\":\"Carlos Tatay logra estar en el grupo de delante en el FIMCEV de Jerez de Moto3\"}]},{\"@type\":\"WebSite\",\"@id\":\"http:\/\/esponsorama.ad\/es\/#website\",\"url\":\"http:\/\/esponsorama.ad\/es\/\",\"name\":\"Esponsorama\",\"description\":\"Specialist in motorsport sponsorship and event promotions\",\"potentialAction\":[{\"@type\":\"SearchAction\",\"target\":{\"@type\":\"EntryPoint\",\"urlTemplate\":\"http:\/\/esponsorama.ad\/es\/?s={search_term_string}\"},\"query-input\":{\"@type\":\"PropertyValueSpecification\",\"valueRequired\":true,\"valueName\":\"search_term_string\"}}],\"inLanguage\":\"it-IT\"},{\"@type\":\"Person\",\"@id\":\"http:\/\/esponsorama.ad\/es\/#\/schema\/person\/a5cde74945183d737066e46b61c6f9c4\",\"name\":\"Xavi Andornet\",\"image\":{\"@type\":\"ImageObject\",\"inLanguage\":\"it-IT\",\"@id\":\"http:\/\/esponsorama.ad\/es\/#\/schema\/person\/image\/\",\"url\":\"https:\/\/secure.gravatar.com\/avatar\/f10eaf9ad601244a2357c9fd7cd9805ed166cfaaf76d5d9ab08a9d873e70147a?s=96&d=mm&r=g\",\"contentUrl\":\"https:\/\/secure.gravatar.com\/avatar\/f10eaf9ad601244a2357c9fd7cd9805ed166cfaaf76d5d9ab08a9d873e70147a?s=96&d=mm&r=g\",\"caption\":\"Xavi Andornet\"},\"sameAs\":[\"http:\/\/www.andornet.ad\"],\"url\":\"http:\/\/esponsorama.ad\/it\/author\/andornet\/\"}]}<\/script>\n<!-- \/ Yoast SEO plugin. -->","yoast_head_json":{"title":"Carlos Tatay logra estar en el grupo de delante en el FIMCEV de Jerez de Moto3 - Esponsorama","robots":{"index":"index","follow":"follow","max-snippet":"max-snippet:-1","max-image-preview":"max-image-preview:large","max-video-preview":"max-video-preview:-1"},"canonical":"http:\/\/esponsorama.ad\/ca\/carlos-tatay-logra-estar-grupo-delante-fimcev-albacete-moto3-3\/","og_locale":"it_IT","og_type":"article","og_title":"Carlos Tatay logra estar en el grupo de delante en el FIMCEV de Jerez de Moto3 - Esponsorama","og_description":"Reale Avintia Academy \u2013 Jerez \u2013 Circuito de Jerez , \u00c1ngel Nieto \u00a0El domingo de carreras el FIM CEV de Jerez no se ha rematado como se esperaba pero Carlos Tatay ha estado luchando en el grupo de cabeza en ambas carreras de Moto3. En la primera el piloto valenciano no ha podido finalizar bien\u00a0su [&hellip;]","og_url":"http:\/\/esponsorama.ad\/ca\/carlos-tatay-logra-estar-grupo-delante-fimcev-albacete-moto3-3\/","og_site_name":"Esponsorama","article_published_time":"2018-09-30T19:57:07+00:00","og_image":[{"width":2684,"height":1790,"url":"http:\/\/esponsorama.ad\/wp-content\/uploads\/2018\/09\/MG_5457.jpg","type":"image\/jpeg"}],"author":"Xavi Andornet","twitter_card":"summary_large_image","twitter_misc":{"Written by":"Xavi Andornet","Est. reading time":"2 minutes"},"schema":{"@context":"https:\/\/schema.org","@graph":[{"@type":"Article","@id":"http:\/\/esponsorama.ad\/ca\/carlos-tatay-logra-estar-grupo-delante-fimcev-albacete-moto3-3\/#article","isPartOf":{"@id":"http:\/\/esponsorama.ad\/ca\/carlos-tatay-logra-estar-grupo-delante-fimcev-albacete-moto3-3\/"},"author":{"name":"Xavi Andornet","@id":"http:\/\/esponsorama.ad\/es\/#\/schema\/person\/a5cde74945183d737066e46b61c6f9c4"},"headline":"Carlos Tatay logra estar en el grupo de delante en el FIMCEV de Jerez de Moto3","datePublished":"2018-09-30T19:57:07+00:00","mainEntityOfPage":{"@id":"http:\/\/esponsorama.ad\/ca\/carlos-tatay-logra-estar-grupo-delante-fimcev-albacete-moto3-3\/"},"wordCount":338,"image":{"@id":"http:\/\/esponsorama.ad\/ca\/carlos-tatay-logra-estar-grupo-delante-fimcev-albacete-moto3-3\/#primaryimage"},"thumbnailUrl":"http:\/\/esponsorama.ad\/wp-content\/uploads\/2018\/09\/MG_5457.jpg","articleSection":[""],"inLanguage":"it-IT"},{"@type":"WebPage","@id":"http:\/\/esponsorama.ad\/ca\/carlos-tatay-logra-estar-grupo-delante-fimcev-albacete-moto3-3\/","url":"http:\/\/esponsorama.ad\/ca\/carlos-tatay-logra-estar-grupo-delante-fimcev-albacete-moto3-3\/","name":"Carlos Tatay logra estar en el grupo de delante en el FIMCEV de Jerez de Moto3 - Esponsorama","isPartOf":{"@id":"http:\/\/esponsorama.ad\/es\/#website"},"primaryImageOfPage":{"@id":"http:\/\/esponsorama.ad\/ca\/carlos-tatay-logra-estar-grupo-delante-fimcev-albacete-moto3-3\/#primaryimage"},"image":{"@id":"http:\/\/esponsorama.ad\/ca\/carlos-tatay-logra-estar-grupo-delante-fimcev-albacete-moto3-3\/#primaryimage"},"thumbnailUrl":"http:\/\/esponsorama.ad\/wp-content\/uploads\/2018\/09\/MG_5457.jpg","datePublished":"2018-09-30T19:57:07+00:00","author":{"@id":"http:\/\/esponsorama.ad\/es\/#\/schema\/person\/a5cde74945183d737066e46b61c6f9c4"},"breadcrumb":{"@id":"http:\/\/esponsorama.ad\/ca\/carlos-tatay-logra-estar-grupo-delante-fimcev-albacete-moto3-3\/#breadcrumb"},"inLanguage":"it-IT","potentialAction":[{"@type":"ReadAction","target":["http:\/\/esponsorama.ad\/ca\/carlos-tatay-logra-estar-grupo-delante-fimcev-albacete-moto3-3\/"]}]},{"@type":"ImageObject","inLanguage":"it-IT","@id":"http:\/\/esponsorama.ad\/ca\/carlos-tatay-logra-estar-grupo-delante-fimcev-albacete-moto3-3\/#primaryimage","url":"http:\/\/esponsorama.ad\/wp-content\/uploads\/2018\/09\/MG_5457.jpg","contentUrl":"http:\/\/esponsorama.ad\/wp-content\/uploads\/2018\/09\/MG_5457.jpg","width":2684,"height":1790},{"@type":"BreadcrumbList","@id":"http:\/\/esponsorama.ad\/ca\/carlos-tatay-logra-estar-grupo-delante-fimcev-albacete-moto3-3\/#breadcrumb","itemListElement":[{"@type":"ListItem","position":1,"name":"Home","item":"http:\/\/esponsorama.ad\/en\/"},{"@type":"ListItem","position":2,"name":"Carlos Tatay logra estar en el grupo de delante en el FIMCEV de Jerez de Moto3"}]},{"@type":"WebSite","@id":"http:\/\/esponsorama.ad\/es\/#website","url":"http:\/\/esponsorama.ad\/es\/","name":"Esponsorama","description":"Specialist in motorsport sponsorship and event promotions","potentialAction":[{"@type":"SearchAction","target":{"@type":"EntryPoint","urlTemplate":"http:\/\/esponsorama.ad\/es\/?s={search_term_string}"},"query-input":{"@type":"PropertyValueSpecification","valueRequired":true,"valueName":"search_term_string"}}],"inLanguage":"it-IT"},{"@type":"Person","@id":"http:\/\/esponsorama.ad\/es\/#\/schema\/person\/a5cde74945183d737066e46b61c6f9c4","name":"Xavi Andornet","image":{"@type":"ImageObject","inLanguage":"it-IT","@id":"http:\/\/esponsorama.ad\/es\/#\/schema\/person\/image\/","url":"https:\/\/secure.gravatar.com\/avatar\/f10eaf9ad601244a2357c9fd7cd9805ed166cfaaf76d5d9ab08a9d873e70147a?s=96&d=mm&r=g","contentUrl":"https:\/\/secure.gravatar.com\/avatar\/f10eaf9ad601244a2357c9fd7cd9805ed166cfaaf76d5d9ab08a9d873e70147a?s=96&d=mm&r=g","caption":"Xavi Andornet"},"sameAs":["http:\/\/www.andornet.ad"],"url":"http:\/\/esponsorama.ad\/it\/author\/andornet\/"}]}},"_links":{"self":[{"href":"http:\/\/esponsorama.ad\/it\/wp-json\/wp\/v2\/posts\/12563","targetHints":{"allow":["GET"]}}],"collection":[{"href":"http:\/\/esponsorama.ad\/it\/wp-json\/wp\/v2\/posts"}],"about":[{"href":"http:\/\/esponsorama.ad\/it\/wp-json\/wp\/v2\/types\/post"}],"author":[{"embeddable":true,"href":"http:\/\/esponsorama.ad\/it\/wp-json\/wp\/v2\/users\/6"}],"replies":[{"embeddable":true,"href":"http:\/\/esponsorama.ad\/it\/wp-json\/wp\/v2\/comments?post=12563"}],"version-history":[{"count":0,"href":"http:\/\/esponsorama.ad\/it\/wp-json\/wp\/v2\/posts\/12563\/revisions"}],"wp:featuredmedia":[{"embeddable":true,"href":"http:\/\/esponsorama.ad\/it\/wp-json\/wp\/v2\/media\/12554"}],"wp:attachment":[{"href":"http:\/\/esponsorama.ad\/it\/wp-json\/wp\/v2\/media?parent=12563"}],"wp:term":[{"taxonomy":"category","embeddable":true,"href":"http:\/\/esponsorama.ad\/it\/wp-json\/wp\/v2\/categories?post=12563"},{"taxonomy":"post_tag","embeddable":true,"href":"http:\/\/esponsorama.ad\/it\/wp-json\/wp\/v2\/tags?post=12563"}],"curies":[{"name":"wp","href":"https:\/\/api.w.org\/{rel}","templated":true}]}}