{"id":13030,"date":"2018-10-20T06:14:45","date_gmt":"2018-10-20T04:14:45","guid":{"rendered":"http:\/\/esponsorama.ad\/?p=13030"},"modified":"2018-10-20T07:16:10","modified_gmt":"2018-10-20T05:16:10","slug":"xavi-simeon-eric-granado-esponsorama-motoe-2","status":"publish","type":"post","link":"http:\/\/esponsorama.ad\/ca\/xavi-simeon-eric-granado-esponsorama-motoe-2\/","title":{"rendered":"Xavi Simeon y Eric Granado con Esponsorama en MotoE"},"content":{"rendered":"<p><strong>Esponsorama Racing MotoE &#8211; GP de Jap\u00f3n \u2013 Twin Ring Motegi<\/strong><\/p>\n<p>Esponsorama tiene el placer de anunciar sus pilotos para la FIM Enel MotoE World Cup en 2019. Xavier Simeon y Eric Granado ser\u00e1n los encargados de luchar por el primer t\u00edtulo de la historia con motos el\u00e9ctricas, que el pr\u00f3ximo a\u00f1o contar\u00e1 con cinco pruebas en distintos circuitos europeos y, donde 18 pilotos competir\u00e1n con las mismas motos.<\/p>\n<p>Para Xavier Simeon, (29 a\u00f1os) despu\u00e9s de un a\u00f1o en MotoGP, ser\u00e1 una nueva experiencia en su carrera deportiva. El piloto belga est\u00e1 muy ilusionado y espera dar guerra desde el primer momento.<\/p>\n<p>Eric Granado, con 22 a\u00f1os, es el piloto brasile\u00f1o con m\u00e1s proyecci\u00f3n. Granado cuenta con experiencia en el Campeonato del Mundo en las categor\u00edas de Moto3 y Moto2, adem\u00e1s se proclam\u00f3 Campe\u00f3n de Europa de Moto2 en 2017. Eric es un luchador y seguro que sobre la Energica Ego Corsa, dar\u00e1 un buen espect\u00e1culo y luchar\u00e1 por estar delante en cada carrera.<\/p>\n<p>A finales del mes de noviembre tendr\u00e1n lugar los primeros test oficiales en el circuito de Jerez y, el 5 de mayo, el trazado andaluz acoger\u00e1 la primera de las cinco carreras que compondr\u00e1n el calendario de MotoE en 2019. Simeon y Granado competir\u00e1n despu\u00e9s en Le Mans (19 de mayo), Sachsenring (7 de julio), Spielberg (11 de agosto) y Misano (15 de septiembre).<\/p>\n\n<p>\u201cCreo que sin duda ser\u00e1 un paso muy importante en mi carrera deportiva. Sin embargo, me atrae la idea de formar parte del primer campeonato mundial de una nueva generaci\u00f3n de motos de competici\u00f3n. Ser\u00e1 una experiencia muy diferente, pero a la vez muy excitante. Llevo meses pensando, porque estoy en un momento de mi carrera deportiva en el que es muy importante pensar bien en el futuro. He vivido un a\u00f1o en MotoGP, que no ha sido nada f\u00e1cil, pero estoy muy contento de formar parte de una nueva aventura en este campeonato y con mi equipo. Tengo ganas de probar y ver qu\u00e9 podemos hacer, porque aunque las motos ser\u00e1n diferentes, el nivel de los pilotos ser\u00e1 alto. Pero faltan todav\u00eda cinco carreras para terminar la temporada y, de aqu\u00ed a Valencia, espero sumar alg\u00fan punto en MotoGP.\u201d<\/p>\n\t\t\t\t\t<div class=\"rider-short\">\n\t\t\t\t<a href=\"http:\/\/esponsorama.ad\/es\/piloto\/eric-granado\/\"><img loading=\"lazy\" decoding=\"async\" width=\"300\" height=\"300\" src=\"http:\/\/esponsorama.ad\/wp-content\/uploads\/2018\/10\/numero-granado-comunicados-2018.png\" class=\"attachment-medium size-medium\" alt=\"\" srcset=\"http:\/\/esponsorama.ad\/wp-content\/uploads\/2018\/10\/numero-granado-comunicados-2018.png 300w, http:\/\/esponsorama.ad\/wp-content\/uploads\/2018\/10\/numero-granado-comunicados-2018-150x150.png 150w\" sizes=\"auto, (max-width: 300px) 100vw, 300px\" \/><\/a><div class=\"info\"><h3><a href=\"http:\/\/esponsorama.ad\/es\/piloto\/eric-granado\/\">Eric Granado<\/a><\/h3><div class=\"rrss\"><a target=\"_blank\" href=\"https:\/\/www.facebook.com\/PilotoEricGranado\/?ref=br_rs\"><i class=\"fa fa-facebook\"><\/i><\/a><a target=\"_blank\" href=\"https:\/\/twitter.com\/ericgranado\"><i class=\"fa fa-twitter\"><\/i><\/a><a target=\"_blank\" href=\"https:\/\/www.instagram.com\/ericgranado\/\"><i class=\"fa fa-instagram\"><\/i><\/a><\/div><\/div>\t\t\t\t\t<\/div>\n\t\t\t\t\n<p>\u201cAntes de nada quiero dar las gracias a Ra\u00fal, Bocha y todo el equipo por darme esta oportunidad, me hace much\u00edsima ilusi\u00f3n y no veo la hora de probar la moto por primera vez en Jerez. El Mundial de MotoE es algo nuevo para todos, ser\u00e1 un verdadera inc\u00f3gnita c\u00f3mo funcionar\u00e1 la moto y c\u00f3mo tendremos que adaptar el pilotaje, pero seguro que con el apoyo de este gran equipo lo haremos bien. MotoE marcar\u00e1 un hito en la historia del motociclismo y estoy encantado de poder formar parte de esta nueva aventura. Estoy preparado para ello y quiero llegar al m\u00e1ximo a los primeros test. Gracias a mi familia y todos los que me han apoyado desde Brasil. Ahora toca dar gas a fondo.\u201d<\/p>\n","protected":false},"excerpt":{"rendered":"<p>Esponsorama Racing MotoE &#8211; GP de Jap\u00f3n \u2013 Twin Ring Motegi Esponsorama tiene el placer de anunciar sus pilotos para la FIM Enel MotoE World Cup en 2019. Xavier Simeon y Eric Granado ser\u00e1n los encargados de luchar por el primer t\u00edtulo de la historia con motos el\u00e9ctricas, que el pr\u00f3ximo a\u00f1o contar\u00e1 con cinco [&hellip;]<\/p>\n","protected":false},"author":6,"featured_media":13026,"comment_status":"closed","ping_status":"closed","sticky":false,"template":"","format":"standard","meta":{"footnotes":""},"categories":[9,3],"tags":[],"class_list":["post-13030","post","type-post","status-publish","format-standard","has-post-thumbnail","hentry","category-motogp"],"yoast_head":"<!-- This site is optimized with the Yoast SEO plugin v27.1.1 - https:\/\/yoast.com\/product\/yoast-seo-wordpress\/ -->\n<title>Xavi Simeon y Eric Granado con Esponsorama en MotoE - Esponsorama<\/title>\n<meta name=\"robots\" content=\"index, follow, max-snippet:-1, max-image-preview:large, max-video-preview:-1\" \/>\n<link rel=\"canonical\" href=\"http:\/\/esponsorama.ad\/ca\/xavi-simeon-eric-granado-esponsorama-motoe-2\/\" \/>\n<meta property=\"og:locale\" content=\"it_IT\" \/>\n<meta property=\"og:type\" content=\"article\" \/>\n<meta property=\"og:title\" content=\"Xavi Simeon y Eric Granado con Esponsorama en MotoE - Esponsorama\" \/>\n<meta property=\"og:description\" content=\"Esponsorama Racing MotoE &#8211; GP de Jap\u00f3n \u2013 Twin Ring Motegi Esponsorama tiene el placer de anunciar sus pilotos para la FIM Enel MotoE World Cup en 2019. Xavier Simeon y Eric Granado ser\u00e1n los encargados de luchar por el primer t\u00edtulo de la historia con motos el\u00e9ctricas, que el pr\u00f3ximo a\u00f1o contar\u00e1 con cinco [&hellip;]\" \/>\n<meta property=\"og:url\" content=\"http:\/\/esponsorama.ad\/ca\/xavi-simeon-eric-granado-esponsorama-motoe-2\/\" \/>\n<meta property=\"og:site_name\" content=\"Esponsorama\" \/>\n<meta property=\"article:published_time\" content=\"2018-10-20T04:14:45+00:00\" \/>\n<meta property=\"article:modified_time\" content=\"2018-10-20T05:16:10+00:00\" \/>\n<meta property=\"og:image\" content=\"http:\/\/esponsorama.ad\/wp-content\/uploads\/2018\/10\/11_RedBullRing_2018_MotoGP_Simeon_Saturday-4973-1024x683.jpg\" \/>\n\t<meta property=\"og:image:width\" content=\"1024\" \/>\n\t<meta property=\"og:image:height\" content=\"683\" \/>\n\t<meta property=\"og:image:type\" content=\"image\/jpeg\" \/>\n<meta name=\"author\" content=\"Xavi Andornet\" \/>\n<meta name=\"twitter:card\" content=\"summary_large_image\" \/>\n<meta name=\"twitter:label1\" content=\"Written by\" \/>\n\t<meta name=\"twitter:data1\" content=\"Xavi Andornet\" \/>\n\t<meta name=\"twitter:label2\" content=\"Est. reading time\" \/>\n\t<meta name=\"twitter:data2\" content=\"3 minutes\" \/>\n<script type=\"application\/ld+json\" class=\"yoast-schema-graph\">{\"@context\":\"https:\/\/schema.org\",\"@graph\":[{\"@type\":\"Article\",\"@id\":\"http:\/\/esponsorama.ad\/ca\/xavi-simeon-eric-granado-esponsorama-motoe-2\/#article\",\"isPartOf\":{\"@id\":\"http:\/\/esponsorama.ad\/ca\/xavi-simeon-eric-granado-esponsorama-motoe-2\/\"},\"author\":{\"name\":\"Xavi Andornet\",\"@id\":\"http:\/\/esponsorama.ad\/es\/#\/schema\/person\/a5cde74945183d737066e46b61c6f9c4\"},\"headline\":\"Xavi Simeon y Eric Granado con Esponsorama en MotoE\",\"datePublished\":\"2018-10-20T04:14:45+00:00\",\"dateModified\":\"2018-10-20T05:16:10+00:00\",\"mainEntityOfPage\":{\"@id\":\"http:\/\/esponsorama.ad\/ca\/xavi-simeon-eric-granado-esponsorama-motoe-2\/\"},\"wordCount\":530,\"image\":{\"@id\":\"http:\/\/esponsorama.ad\/ca\/xavi-simeon-eric-granado-esponsorama-motoe-2\/#primaryimage\"},\"thumbnailUrl\":\"http:\/\/esponsorama.ad\/wp-content\/uploads\/2018\/10\/11_RedBullRing_2018_MotoGP_Simeon_Saturday-4973.jpg\",\"articleSection\":[\"\",\"MotoGP\"],\"inLanguage\":\"it-IT\"},{\"@type\":\"WebPage\",\"@id\":\"http:\/\/esponsorama.ad\/ca\/xavi-simeon-eric-granado-esponsorama-motoe-2\/\",\"url\":\"http:\/\/esponsorama.ad\/ca\/xavi-simeon-eric-granado-esponsorama-motoe-2\/\",\"name\":\"Xavi Simeon y Eric Granado con Esponsorama en MotoE - Esponsorama\",\"isPartOf\":{\"@id\":\"http:\/\/esponsorama.ad\/es\/#website\"},\"primaryImageOfPage\":{\"@id\":\"http:\/\/esponsorama.ad\/ca\/xavi-simeon-eric-granado-esponsorama-motoe-2\/#primaryimage\"},\"image\":{\"@id\":\"http:\/\/esponsorama.ad\/ca\/xavi-simeon-eric-granado-esponsorama-motoe-2\/#primaryimage\"},\"thumbnailUrl\":\"http:\/\/esponsorama.ad\/wp-content\/uploads\/2018\/10\/11_RedBullRing_2018_MotoGP_Simeon_Saturday-4973.jpg\",\"datePublished\":\"2018-10-20T04:14:45+00:00\",\"dateModified\":\"2018-10-20T05:16:10+00:00\",\"author\":{\"@id\":\"http:\/\/esponsorama.ad\/es\/#\/schema\/person\/a5cde74945183d737066e46b61c6f9c4\"},\"breadcrumb\":{\"@id\":\"http:\/\/esponsorama.ad\/ca\/xavi-simeon-eric-granado-esponsorama-motoe-2\/#breadcrumb\"},\"inLanguage\":\"it-IT\",\"potentialAction\":[{\"@type\":\"ReadAction\",\"target\":[\"http:\/\/esponsorama.ad\/ca\/xavi-simeon-eric-granado-esponsorama-motoe-2\/\"]}]},{\"@type\":\"ImageObject\",\"inLanguage\":\"it-IT\",\"@id\":\"http:\/\/esponsorama.ad\/ca\/xavi-simeon-eric-granado-esponsorama-motoe-2\/#primaryimage\",\"url\":\"http:\/\/esponsorama.ad\/wp-content\/uploads\/2018\/10\/11_RedBullRing_2018_MotoGP_Simeon_Saturday-4973.jpg\",\"contentUrl\":\"http:\/\/esponsorama.ad\/wp-content\/uploads\/2018\/10\/11_RedBullRing_2018_MotoGP_Simeon_Saturday-4973.jpg\",\"width\":3400,\"height\":2267},{\"@type\":\"BreadcrumbList\",\"@id\":\"http:\/\/esponsorama.ad\/ca\/xavi-simeon-eric-granado-esponsorama-motoe-2\/#breadcrumb\",\"itemListElement\":[{\"@type\":\"ListItem\",\"position\":1,\"name\":\"Home\",\"item\":\"http:\/\/esponsorama.ad\/en\/\"},{\"@type\":\"ListItem\",\"position\":2,\"name\":\"Xavi Simeon y Eric Granado con Esponsorama en MotoE\"}]},{\"@type\":\"WebSite\",\"@id\":\"http:\/\/esponsorama.ad\/es\/#website\",\"url\":\"http:\/\/esponsorama.ad\/es\/\",\"name\":\"Esponsorama\",\"description\":\"Specialist in motorsport sponsorship and event promotions\",\"potentialAction\":[{\"@type\":\"SearchAction\",\"target\":{\"@type\":\"EntryPoint\",\"urlTemplate\":\"http:\/\/esponsorama.ad\/es\/?s={search_term_string}\"},\"query-input\":{\"@type\":\"PropertyValueSpecification\",\"valueRequired\":true,\"valueName\":\"search_term_string\"}}],\"inLanguage\":\"it-IT\"},{\"@type\":\"Person\",\"@id\":\"http:\/\/esponsorama.ad\/es\/#\/schema\/person\/a5cde74945183d737066e46b61c6f9c4\",\"name\":\"Xavi Andornet\",\"image\":{\"@type\":\"ImageObject\",\"inLanguage\":\"it-IT\",\"@id\":\"http:\/\/esponsorama.ad\/es\/#\/schema\/person\/image\/\",\"url\":\"https:\/\/secure.gravatar.com\/avatar\/f10eaf9ad601244a2357c9fd7cd9805ed166cfaaf76d5d9ab08a9d873e70147a?s=96&d=mm&r=g\",\"contentUrl\":\"https:\/\/secure.gravatar.com\/avatar\/f10eaf9ad601244a2357c9fd7cd9805ed166cfaaf76d5d9ab08a9d873e70147a?s=96&d=mm&r=g\",\"caption\":\"Xavi Andornet\"},\"sameAs\":[\"http:\/\/www.andornet.ad\"],\"url\":\"http:\/\/esponsorama.ad\/it\/author\/andornet\/\"}]}<\/script>\n<!-- \/ Yoast SEO plugin. -->","yoast_head_json":{"title":"Xavi Simeon y Eric Granado con Esponsorama en MotoE - Esponsorama","robots":{"index":"index","follow":"follow","max-snippet":"max-snippet:-1","max-image-preview":"max-image-preview:large","max-video-preview":"max-video-preview:-1"},"canonical":"http:\/\/esponsorama.ad\/ca\/xavi-simeon-eric-granado-esponsorama-motoe-2\/","og_locale":"it_IT","og_type":"article","og_title":"Xavi Simeon y Eric Granado con Esponsorama en MotoE - Esponsorama","og_description":"Esponsorama Racing MotoE &#8211; GP de Jap\u00f3n \u2013 Twin Ring Motegi Esponsorama tiene el placer de anunciar sus pilotos para la FIM Enel MotoE World Cup en 2019. Xavier Simeon y Eric Granado ser\u00e1n los encargados de luchar por el primer t\u00edtulo de la historia con motos el\u00e9ctricas, que el pr\u00f3ximo a\u00f1o contar\u00e1 con cinco [&hellip;]","og_url":"http:\/\/esponsorama.ad\/ca\/xavi-simeon-eric-granado-esponsorama-motoe-2\/","og_site_name":"Esponsorama","article_published_time":"2018-10-20T04:14:45+00:00","article_modified_time":"2018-10-20T05:16:10+00:00","og_image":[{"width":1024,"height":683,"url":"http:\/\/esponsorama.ad\/wp-content\/uploads\/2018\/10\/11_RedBullRing_2018_MotoGP_Simeon_Saturday-4973-1024x683.jpg","type":"image\/jpeg"}],"author":"Xavi Andornet","twitter_card":"summary_large_image","twitter_misc":{"Written by":"Xavi Andornet","Est. reading time":"3 minutes"},"schema":{"@context":"https:\/\/schema.org","@graph":[{"@type":"Article","@id":"http:\/\/esponsorama.ad\/ca\/xavi-simeon-eric-granado-esponsorama-motoe-2\/#article","isPartOf":{"@id":"http:\/\/esponsorama.ad\/ca\/xavi-simeon-eric-granado-esponsorama-motoe-2\/"},"author":{"name":"Xavi Andornet","@id":"http:\/\/esponsorama.ad\/es\/#\/schema\/person\/a5cde74945183d737066e46b61c6f9c4"},"headline":"Xavi Simeon y Eric Granado con Esponsorama en MotoE","datePublished":"2018-10-20T04:14:45+00:00","dateModified":"2018-10-20T05:16:10+00:00","mainEntityOfPage":{"@id":"http:\/\/esponsorama.ad\/ca\/xavi-simeon-eric-granado-esponsorama-motoe-2\/"},"wordCount":530,"image":{"@id":"http:\/\/esponsorama.ad\/ca\/xavi-simeon-eric-granado-esponsorama-motoe-2\/#primaryimage"},"thumbnailUrl":"http:\/\/esponsorama.ad\/wp-content\/uploads\/2018\/10\/11_RedBullRing_2018_MotoGP_Simeon_Saturday-4973.jpg","articleSection":["","MotoGP"],"inLanguage":"it-IT"},{"@type":"WebPage","@id":"http:\/\/esponsorama.ad\/ca\/xavi-simeon-eric-granado-esponsorama-motoe-2\/","url":"http:\/\/esponsorama.ad\/ca\/xavi-simeon-eric-granado-esponsorama-motoe-2\/","name":"Xavi Simeon y Eric Granado con Esponsorama en MotoE - Esponsorama","isPartOf":{"@id":"http:\/\/esponsorama.ad\/es\/#website"},"primaryImageOfPage":{"@id":"http:\/\/esponsorama.ad\/ca\/xavi-simeon-eric-granado-esponsorama-motoe-2\/#primaryimage"},"image":{"@id":"http:\/\/esponsorama.ad\/ca\/xavi-simeon-eric-granado-esponsorama-motoe-2\/#primaryimage"},"thumbnailUrl":"http:\/\/esponsorama.ad\/wp-content\/uploads\/2018\/10\/11_RedBullRing_2018_MotoGP_Simeon_Saturday-4973.jpg","datePublished":"2018-10-20T04:14:45+00:00","dateModified":"2018-10-20T05:16:10+00:00","author":{"@id":"http:\/\/esponsorama.ad\/es\/#\/schema\/person\/a5cde74945183d737066e46b61c6f9c4"},"breadcrumb":{"@id":"http:\/\/esponsorama.ad\/ca\/xavi-simeon-eric-granado-esponsorama-motoe-2\/#breadcrumb"},"inLanguage":"it-IT","potentialAction":[{"@type":"ReadAction","target":["http:\/\/esponsorama.ad\/ca\/xavi-simeon-eric-granado-esponsorama-motoe-2\/"]}]},{"@type":"ImageObject","inLanguage":"it-IT","@id":"http:\/\/esponsorama.ad\/ca\/xavi-simeon-eric-granado-esponsorama-motoe-2\/#primaryimage","url":"http:\/\/esponsorama.ad\/wp-content\/uploads\/2018\/10\/11_RedBullRing_2018_MotoGP_Simeon_Saturday-4973.jpg","contentUrl":"http:\/\/esponsorama.ad\/wp-content\/uploads\/2018\/10\/11_RedBullRing_2018_MotoGP_Simeon_Saturday-4973.jpg","width":3400,"height":2267},{"@type":"BreadcrumbList","@id":"http:\/\/esponsorama.ad\/ca\/xavi-simeon-eric-granado-esponsorama-motoe-2\/#breadcrumb","itemListElement":[{"@type":"ListItem","position":1,"name":"Home","item":"http:\/\/esponsorama.ad\/en\/"},{"@type":"ListItem","position":2,"name":"Xavi Simeon y Eric Granado con Esponsorama en MotoE"}]},{"@type":"WebSite","@id":"http:\/\/esponsorama.ad\/es\/#website","url":"http:\/\/esponsorama.ad\/es\/","name":"Esponsorama","description":"Specialist in motorsport sponsorship and event promotions","potentialAction":[{"@type":"SearchAction","target":{"@type":"EntryPoint","urlTemplate":"http:\/\/esponsorama.ad\/es\/?s={search_term_string}"},"query-input":{"@type":"PropertyValueSpecification","valueRequired":true,"valueName":"search_term_string"}}],"inLanguage":"it-IT"},{"@type":"Person","@id":"http:\/\/esponsorama.ad\/es\/#\/schema\/person\/a5cde74945183d737066e46b61c6f9c4","name":"Xavi Andornet","image":{"@type":"ImageObject","inLanguage":"it-IT","@id":"http:\/\/esponsorama.ad\/es\/#\/schema\/person\/image\/","url":"https:\/\/secure.gravatar.com\/avatar\/f10eaf9ad601244a2357c9fd7cd9805ed166cfaaf76d5d9ab08a9d873e70147a?s=96&d=mm&r=g","contentUrl":"https:\/\/secure.gravatar.com\/avatar\/f10eaf9ad601244a2357c9fd7cd9805ed166cfaaf76d5d9ab08a9d873e70147a?s=96&d=mm&r=g","caption":"Xavi Andornet"},"sameAs":["http:\/\/www.andornet.ad"],"url":"http:\/\/esponsorama.ad\/it\/author\/andornet\/"}]}},"_links":{"self":[{"href":"http:\/\/esponsorama.ad\/it\/wp-json\/wp\/v2\/posts\/13030","targetHints":{"allow":["GET"]}}],"collection":[{"href":"http:\/\/esponsorama.ad\/it\/wp-json\/wp\/v2\/posts"}],"about":[{"href":"http:\/\/esponsorama.ad\/it\/wp-json\/wp\/v2\/types\/post"}],"author":[{"embeddable":true,"href":"http:\/\/esponsorama.ad\/it\/wp-json\/wp\/v2\/users\/6"}],"replies":[{"embeddable":true,"href":"http:\/\/esponsorama.ad\/it\/wp-json\/wp\/v2\/comments?post=13030"}],"version-history":[{"count":0,"href":"http:\/\/esponsorama.ad\/it\/wp-json\/wp\/v2\/posts\/13030\/revisions"}],"wp:featuredmedia":[{"embeddable":true,"href":"http:\/\/esponsorama.ad\/it\/wp-json\/wp\/v2\/media\/13026"}],"wp:attachment":[{"href":"http:\/\/esponsorama.ad\/it\/wp-json\/wp\/v2\/media?parent=13030"}],"wp:term":[{"taxonomy":"category","embeddable":true,"href":"http:\/\/esponsorama.ad\/it\/wp-json\/wp\/v2\/categories?post=13030"},{"taxonomy":"post_tag","embeddable":true,"href":"http:\/\/esponsorama.ad\/it\/wp-json\/wp\/v2\/tags?post=13030"}],"curies":[{"name":"wp","href":"https:\/\/api.w.org\/{rel}","templated":true}]}}