{"id":13643,"date":"2018-11-14T11:56:35","date_gmt":"2018-11-14T09:56:35","guid":{"rendered":"http:\/\/esponsorama.ad\/?p=13643"},"modified":"2018-11-14T11:58:58","modified_gmt":"2018-11-14T09:58:58","slug":"simeon-torres-preparados-cerrar-la-temporada-valencia-2","status":"publish","type":"post","link":"http:\/\/esponsorama.ad\/ca\/simeon-torres-preparados-cerrar-la-temporada-valencia-2\/","title":{"rendered":"Simeon y Torres preparados para cerrar la temporada en Valencia"},"content":{"rendered":"<p><strong>MotoGP GP de Valencia \u2013 Ricardo Tormo<\/strong><\/p>\n<p>Los pilotos del equipo Reale Avintia Racing, Xavier Simeon y Jordi Torres, llegan este fin de semana al Circuito Ricardo Tormo para disputar el Gran Premio de la Comunidad Valenciana, la \u00faltima cita del Campeonato del Mundo de MotoGP 2018.<\/p>\n<p>Para Xavier Simeon ser\u00e1 un fin de semana muy especial, porque ser\u00e1 el \u00faltimo en la categor\u00eda de MotoGP antes de embarcarse en la nueva FIM MotoE Cup la pr\u00f3xima temporada. Simeon volver\u00e1 a contar en Valencia con la Ducati GP17 de Tito Rabat, con la que consigui\u00f3 estrenar su casillero de puntos en Australia y, el piloto belga de 29 a\u00f1os, llega con muchas ganas de volver a puntuar.<\/p>\n<p>Jordi Torres llega a Valencia todav\u00eda algo tocado tras someterse a una intervenci\u00f3n quir\u00fargica para reducir la fractura en el metacarpiano de su pulgar izquierdo. Sin embargo, el trabajo realizado por el Dr. Mir ha sido fant\u00e1stico y el piloto de Rub\u00ed espera poder hacerlo bien en su \u00faltima carrera con el equipo.<\/p>\n<p>La acci\u00f3n en MotoGP comenzar\u00e1 con el FP1 el viernes a las 9:55h, con la carrera el domingo a las 14:00h.<\/p>\n\n<p>\u201cValencia va a ser un Gran Premio muy emocionante y especial, porque ser\u00e1 el \u00faltimo para m\u00ed en MotoGP. Tito no ha podido recuperarse antes de la carrera y le deseo que est\u00e9 en forma lo antes posible, sin embargo, poder hacer correr este fin de semana con la Ducati GP17 ser\u00e1 muy importante para m\u00ed. En las \u00faltimas carreras hemos mejorado mucho con la moto y espero poder seguir en la misma l\u00ednea en Valencia para, como siempre, dar el m\u00e1ximo. Quiero terminar mi carrera en MotoGP de la mejor manera posible en un circuito que me gusta mucho y disfrutar cada minuto del fin de semana.\u201d<\/p>\n\n<p>&#8220;Vamos a Valencia con muchas ganas, es la \u00faltima carrera del a\u00f1o, en un circuito de casa y siempre es especial. L\u00e1stima que llegar\u00e9 un poquito mermado tras la lesi\u00f3n en Malasia, pero cada d\u00eda va mejorando y veremos c\u00f3mo va. Soy consciente de mi estado y, si conseguimos hacer una modificaci\u00f3n en el manillar para no apoyar tanto del dedo, creo que ir\u00e1 bien. Quiero dar las gracias al Dr. Mir y al equipo porque todo ha ido s\u00faper r\u00e1pido. Valencia es un circuito muy t\u00e9cnico y que siempre se me ha dado bien, aunque tambi\u00e9n es cierto que hace mucho tiempo que no corro all\u00ed.\u201d<\/p>\n","protected":false},"excerpt":{"rendered":"<p>MotoGP GP de Valencia \u2013 Ricardo Tormo Los pilotos del equipo Reale Avintia Racing, Xavier Simeon y Jordi Torres, llegan este fin de semana al Circuito Ricardo Tormo para disputar el Gran Premio de la Comunidad Valenciana, la \u00faltima cita del Campeonato del Mundo de MotoGP 2018. Para Xavier Simeon ser\u00e1 un fin de semana [&hellip;]<\/p>\n","protected":false},"author":6,"featured_media":13473,"comment_status":"closed","ping_status":"closed","sticky":false,"template":"","format":"standard","meta":{"footnotes":""},"categories":[3],"tags":[],"class_list":["post-13643","post","type-post","status-publish","format-standard","has-post-thumbnail","hentry","category-motogp"],"yoast_head":"<!-- This site is optimized with the Yoast SEO plugin v27.1.1 - https:\/\/yoast.com\/product\/yoast-seo-wordpress\/ -->\n<title>Simeon y Torres preparados para cerrar la temporada en Valencia - Esponsorama<\/title>\n<meta name=\"robots\" content=\"index, follow, max-snippet:-1, max-image-preview:large, max-video-preview:-1\" \/>\n<link rel=\"canonical\" href=\"http:\/\/esponsorama.ad\/ca\/simeon-torres-preparados-cerrar-la-temporada-valencia-2\/\" \/>\n<meta property=\"og:locale\" content=\"it_IT\" \/>\n<meta property=\"og:type\" content=\"article\" \/>\n<meta property=\"og:title\" content=\"Simeon y Torres preparados para cerrar la temporada en Valencia - Esponsorama\" \/>\n<meta property=\"og:description\" content=\"MotoGP GP de Valencia \u2013 Ricardo Tormo Los pilotos del equipo Reale Avintia Racing, Xavier Simeon y Jordi Torres, llegan este fin de semana al Circuito Ricardo Tormo para disputar el Gran Premio de la Comunidad Valenciana, la \u00faltima cita del Campeonato del Mundo de MotoGP 2018. Para Xavier Simeon ser\u00e1 un fin de semana [&hellip;]\" \/>\n<meta property=\"og:url\" content=\"http:\/\/esponsorama.ad\/ca\/simeon-torres-preparados-cerrar-la-temporada-valencia-2\/\" \/>\n<meta property=\"og:site_name\" content=\"Esponsorama\" \/>\n<meta property=\"article:published_time\" content=\"2018-11-14T09:56:35+00:00\" \/>\n<meta property=\"article:modified_time\" content=\"2018-11-14T09:58:58+00:00\" \/>\n<meta property=\"og:image\" content=\"http:\/\/esponsorama.ad\/wp-content\/uploads\/2018\/11\/18_Sepang_2018_MotoGP_Simeon_Friday-2672-1024x683.jpg\" \/>\n\t<meta property=\"og:image:width\" content=\"1024\" \/>\n\t<meta property=\"og:image:height\" content=\"683\" \/>\n\t<meta property=\"og:image:type\" content=\"image\/jpeg\" \/>\n<meta name=\"author\" content=\"Xavi Andornet\" \/>\n<meta name=\"twitter:card\" content=\"summary_large_image\" \/>\n<meta name=\"twitter:label1\" content=\"Written by\" \/>\n\t<meta name=\"twitter:data1\" content=\"Xavi Andornet\" \/>\n\t<meta name=\"twitter:label2\" content=\"Est. reading time\" \/>\n\t<meta name=\"twitter:data2\" content=\"2 minutes\" \/>\n<script type=\"application\/ld+json\" class=\"yoast-schema-graph\">{\"@context\":\"https:\/\/schema.org\",\"@graph\":[{\"@type\":\"Article\",\"@id\":\"http:\/\/esponsorama.ad\/ca\/simeon-torres-preparados-cerrar-la-temporada-valencia-2\/#article\",\"isPartOf\":{\"@id\":\"http:\/\/esponsorama.ad\/ca\/simeon-torres-preparados-cerrar-la-temporada-valencia-2\/\"},\"author\":{\"name\":\"Xavi Andornet\",\"@id\":\"http:\/\/esponsorama.ad\/es\/#\/schema\/person\/a5cde74945183d737066e46b61c6f9c4\"},\"headline\":\"Simeon y Torres preparados para cerrar la temporada en Valencia\",\"datePublished\":\"2018-11-14T09:56:35+00:00\",\"dateModified\":\"2018-11-14T09:58:58+00:00\",\"mainEntityOfPage\":{\"@id\":\"http:\/\/esponsorama.ad\/ca\/simeon-torres-preparados-cerrar-la-temporada-valencia-2\/\"},\"wordCount\":437,\"image\":{\"@id\":\"http:\/\/esponsorama.ad\/ca\/simeon-torres-preparados-cerrar-la-temporada-valencia-2\/#primaryimage\"},\"thumbnailUrl\":\"http:\/\/esponsorama.ad\/wp-content\/uploads\/2018\/11\/18_Sepang_2018_MotoGP_Simeon_Friday-2672.jpg\",\"articleSection\":[\"MotoGP\"],\"inLanguage\":\"it-IT\"},{\"@type\":\"WebPage\",\"@id\":\"http:\/\/esponsorama.ad\/ca\/simeon-torres-preparados-cerrar-la-temporada-valencia-2\/\",\"url\":\"http:\/\/esponsorama.ad\/ca\/simeon-torres-preparados-cerrar-la-temporada-valencia-2\/\",\"name\":\"Simeon y Torres preparados para cerrar la temporada en Valencia - Esponsorama\",\"isPartOf\":{\"@id\":\"http:\/\/esponsorama.ad\/es\/#website\"},\"primaryImageOfPage\":{\"@id\":\"http:\/\/esponsorama.ad\/ca\/simeon-torres-preparados-cerrar-la-temporada-valencia-2\/#primaryimage\"},\"image\":{\"@id\":\"http:\/\/esponsorama.ad\/ca\/simeon-torres-preparados-cerrar-la-temporada-valencia-2\/#primaryimage\"},\"thumbnailUrl\":\"http:\/\/esponsorama.ad\/wp-content\/uploads\/2018\/11\/18_Sepang_2018_MotoGP_Simeon_Friday-2672.jpg\",\"datePublished\":\"2018-11-14T09:56:35+00:00\",\"dateModified\":\"2018-11-14T09:58:58+00:00\",\"author\":{\"@id\":\"http:\/\/esponsorama.ad\/es\/#\/schema\/person\/a5cde74945183d737066e46b61c6f9c4\"},\"breadcrumb\":{\"@id\":\"http:\/\/esponsorama.ad\/ca\/simeon-torres-preparados-cerrar-la-temporada-valencia-2\/#breadcrumb\"},\"inLanguage\":\"it-IT\",\"potentialAction\":[{\"@type\":\"ReadAction\",\"target\":[\"http:\/\/esponsorama.ad\/ca\/simeon-torres-preparados-cerrar-la-temporada-valencia-2\/\"]}]},{\"@type\":\"ImageObject\",\"inLanguage\":\"it-IT\",\"@id\":\"http:\/\/esponsorama.ad\/ca\/simeon-torres-preparados-cerrar-la-temporada-valencia-2\/#primaryimage\",\"url\":\"http:\/\/esponsorama.ad\/wp-content\/uploads\/2018\/11\/18_Sepang_2018_MotoGP_Simeon_Friday-2672.jpg\",\"contentUrl\":\"http:\/\/esponsorama.ad\/wp-content\/uploads\/2018\/11\/18_Sepang_2018_MotoGP_Simeon_Friday-2672.jpg\",\"width\":3400,\"height\":2267},{\"@type\":\"BreadcrumbList\",\"@id\":\"http:\/\/esponsorama.ad\/ca\/simeon-torres-preparados-cerrar-la-temporada-valencia-2\/#breadcrumb\",\"itemListElement\":[{\"@type\":\"ListItem\",\"position\":1,\"name\":\"Home\",\"item\":\"http:\/\/esponsorama.ad\/ca\/\"},{\"@type\":\"ListItem\",\"position\":2,\"name\":\"Simeon y Torres preparados para cerrar la temporada en Valencia\"}]},{\"@type\":\"WebSite\",\"@id\":\"http:\/\/esponsorama.ad\/es\/#website\",\"url\":\"http:\/\/esponsorama.ad\/es\/\",\"name\":\"Esponsorama\",\"description\":\"Specialist in motorsport sponsorship and event promotions\",\"potentialAction\":[{\"@type\":\"SearchAction\",\"target\":{\"@type\":\"EntryPoint\",\"urlTemplate\":\"http:\/\/esponsorama.ad\/es\/?s={search_term_string}\"},\"query-input\":{\"@type\":\"PropertyValueSpecification\",\"valueRequired\":true,\"valueName\":\"search_term_string\"}}],\"inLanguage\":\"it-IT\"},{\"@type\":\"Person\",\"@id\":\"http:\/\/esponsorama.ad\/es\/#\/schema\/person\/a5cde74945183d737066e46b61c6f9c4\",\"name\":\"Xavi Andornet\",\"image\":{\"@type\":\"ImageObject\",\"inLanguage\":\"it-IT\",\"@id\":\"http:\/\/esponsorama.ad\/es\/#\/schema\/person\/image\/\",\"url\":\"https:\/\/secure.gravatar.com\/avatar\/f10eaf9ad601244a2357c9fd7cd9805ed166cfaaf76d5d9ab08a9d873e70147a?s=96&d=mm&r=g\",\"contentUrl\":\"https:\/\/secure.gravatar.com\/avatar\/f10eaf9ad601244a2357c9fd7cd9805ed166cfaaf76d5d9ab08a9d873e70147a?s=96&d=mm&r=g\",\"caption\":\"Xavi Andornet\"},\"sameAs\":[\"http:\/\/www.andornet.ad\"],\"url\":\"http:\/\/esponsorama.ad\/it\/author\/andornet\/\"}]}<\/script>\n<!-- \/ Yoast SEO plugin. -->","yoast_head_json":{"title":"Simeon y Torres preparados para cerrar la temporada en Valencia - Esponsorama","robots":{"index":"index","follow":"follow","max-snippet":"max-snippet:-1","max-image-preview":"max-image-preview:large","max-video-preview":"max-video-preview:-1"},"canonical":"http:\/\/esponsorama.ad\/ca\/simeon-torres-preparados-cerrar-la-temporada-valencia-2\/","og_locale":"it_IT","og_type":"article","og_title":"Simeon y Torres preparados para cerrar la temporada en Valencia - Esponsorama","og_description":"MotoGP GP de Valencia \u2013 Ricardo Tormo Los pilotos del equipo Reale Avintia Racing, Xavier Simeon y Jordi Torres, llegan este fin de semana al Circuito Ricardo Tormo para disputar el Gran Premio de la Comunidad Valenciana, la \u00faltima cita del Campeonato del Mundo de MotoGP 2018. Para Xavier Simeon ser\u00e1 un fin de semana [&hellip;]","og_url":"http:\/\/esponsorama.ad\/ca\/simeon-torres-preparados-cerrar-la-temporada-valencia-2\/","og_site_name":"Esponsorama","article_published_time":"2018-11-14T09:56:35+00:00","article_modified_time":"2018-11-14T09:58:58+00:00","og_image":[{"width":1024,"height":683,"url":"http:\/\/esponsorama.ad\/wp-content\/uploads\/2018\/11\/18_Sepang_2018_MotoGP_Simeon_Friday-2672-1024x683.jpg","type":"image\/jpeg"}],"author":"Xavi Andornet","twitter_card":"summary_large_image","twitter_misc":{"Written by":"Xavi Andornet","Est. reading time":"2 minutes"},"schema":{"@context":"https:\/\/schema.org","@graph":[{"@type":"Article","@id":"http:\/\/esponsorama.ad\/ca\/simeon-torres-preparados-cerrar-la-temporada-valencia-2\/#article","isPartOf":{"@id":"http:\/\/esponsorama.ad\/ca\/simeon-torres-preparados-cerrar-la-temporada-valencia-2\/"},"author":{"name":"Xavi Andornet","@id":"http:\/\/esponsorama.ad\/es\/#\/schema\/person\/a5cde74945183d737066e46b61c6f9c4"},"headline":"Simeon y Torres preparados para cerrar la temporada en Valencia","datePublished":"2018-11-14T09:56:35+00:00","dateModified":"2018-11-14T09:58:58+00:00","mainEntityOfPage":{"@id":"http:\/\/esponsorama.ad\/ca\/simeon-torres-preparados-cerrar-la-temporada-valencia-2\/"},"wordCount":437,"image":{"@id":"http:\/\/esponsorama.ad\/ca\/simeon-torres-preparados-cerrar-la-temporada-valencia-2\/#primaryimage"},"thumbnailUrl":"http:\/\/esponsorama.ad\/wp-content\/uploads\/2018\/11\/18_Sepang_2018_MotoGP_Simeon_Friday-2672.jpg","articleSection":["MotoGP"],"inLanguage":"it-IT"},{"@type":"WebPage","@id":"http:\/\/esponsorama.ad\/ca\/simeon-torres-preparados-cerrar-la-temporada-valencia-2\/","url":"http:\/\/esponsorama.ad\/ca\/simeon-torres-preparados-cerrar-la-temporada-valencia-2\/","name":"Simeon y Torres preparados para cerrar la temporada en Valencia - Esponsorama","isPartOf":{"@id":"http:\/\/esponsorama.ad\/es\/#website"},"primaryImageOfPage":{"@id":"http:\/\/esponsorama.ad\/ca\/simeon-torres-preparados-cerrar-la-temporada-valencia-2\/#primaryimage"},"image":{"@id":"http:\/\/esponsorama.ad\/ca\/simeon-torres-preparados-cerrar-la-temporada-valencia-2\/#primaryimage"},"thumbnailUrl":"http:\/\/esponsorama.ad\/wp-content\/uploads\/2018\/11\/18_Sepang_2018_MotoGP_Simeon_Friday-2672.jpg","datePublished":"2018-11-14T09:56:35+00:00","dateModified":"2018-11-14T09:58:58+00:00","author":{"@id":"http:\/\/esponsorama.ad\/es\/#\/schema\/person\/a5cde74945183d737066e46b61c6f9c4"},"breadcrumb":{"@id":"http:\/\/esponsorama.ad\/ca\/simeon-torres-preparados-cerrar-la-temporada-valencia-2\/#breadcrumb"},"inLanguage":"it-IT","potentialAction":[{"@type":"ReadAction","target":["http:\/\/esponsorama.ad\/ca\/simeon-torres-preparados-cerrar-la-temporada-valencia-2\/"]}]},{"@type":"ImageObject","inLanguage":"it-IT","@id":"http:\/\/esponsorama.ad\/ca\/simeon-torres-preparados-cerrar-la-temporada-valencia-2\/#primaryimage","url":"http:\/\/esponsorama.ad\/wp-content\/uploads\/2018\/11\/18_Sepang_2018_MotoGP_Simeon_Friday-2672.jpg","contentUrl":"http:\/\/esponsorama.ad\/wp-content\/uploads\/2018\/11\/18_Sepang_2018_MotoGP_Simeon_Friday-2672.jpg","width":3400,"height":2267},{"@type":"BreadcrumbList","@id":"http:\/\/esponsorama.ad\/ca\/simeon-torres-preparados-cerrar-la-temporada-valencia-2\/#breadcrumb","itemListElement":[{"@type":"ListItem","position":1,"name":"Home","item":"http:\/\/esponsorama.ad\/ca\/"},{"@type":"ListItem","position":2,"name":"Simeon y Torres preparados para cerrar la temporada en Valencia"}]},{"@type":"WebSite","@id":"http:\/\/esponsorama.ad\/es\/#website","url":"http:\/\/esponsorama.ad\/es\/","name":"Esponsorama","description":"Specialist in motorsport sponsorship and event promotions","potentialAction":[{"@type":"SearchAction","target":{"@type":"EntryPoint","urlTemplate":"http:\/\/esponsorama.ad\/es\/?s={search_term_string}"},"query-input":{"@type":"PropertyValueSpecification","valueRequired":true,"valueName":"search_term_string"}}],"inLanguage":"it-IT"},{"@type":"Person","@id":"http:\/\/esponsorama.ad\/es\/#\/schema\/person\/a5cde74945183d737066e46b61c6f9c4","name":"Xavi Andornet","image":{"@type":"ImageObject","inLanguage":"it-IT","@id":"http:\/\/esponsorama.ad\/es\/#\/schema\/person\/image\/","url":"https:\/\/secure.gravatar.com\/avatar\/f10eaf9ad601244a2357c9fd7cd9805ed166cfaaf76d5d9ab08a9d873e70147a?s=96&d=mm&r=g","contentUrl":"https:\/\/secure.gravatar.com\/avatar\/f10eaf9ad601244a2357c9fd7cd9805ed166cfaaf76d5d9ab08a9d873e70147a?s=96&d=mm&r=g","caption":"Xavi Andornet"},"sameAs":["http:\/\/www.andornet.ad"],"url":"http:\/\/esponsorama.ad\/it\/author\/andornet\/"}]}},"_links":{"self":[{"href":"http:\/\/esponsorama.ad\/it\/wp-json\/wp\/v2\/posts\/13643","targetHints":{"allow":["GET"]}}],"collection":[{"href":"http:\/\/esponsorama.ad\/it\/wp-json\/wp\/v2\/posts"}],"about":[{"href":"http:\/\/esponsorama.ad\/it\/wp-json\/wp\/v2\/types\/post"}],"author":[{"embeddable":true,"href":"http:\/\/esponsorama.ad\/it\/wp-json\/wp\/v2\/users\/6"}],"replies":[{"embeddable":true,"href":"http:\/\/esponsorama.ad\/it\/wp-json\/wp\/v2\/comments?post=13643"}],"version-history":[{"count":0,"href":"http:\/\/esponsorama.ad\/it\/wp-json\/wp\/v2\/posts\/13643\/revisions"}],"wp:featuredmedia":[{"embeddable":true,"href":"http:\/\/esponsorama.ad\/it\/wp-json\/wp\/v2\/media\/13473"}],"wp:attachment":[{"href":"http:\/\/esponsorama.ad\/it\/wp-json\/wp\/v2\/media?parent=13643"}],"wp:term":[{"taxonomy":"category","embeddable":true,"href":"http:\/\/esponsorama.ad\/it\/wp-json\/wp\/v2\/categories?post=13643"},{"taxonomy":"post_tag","embeddable":true,"href":"http:\/\/esponsorama.ad\/it\/wp-json\/wp\/v2\/tags?post=13643"}],"curies":[{"name":"wp","href":"https:\/\/api.w.org\/{rel}","templated":true}]}}