{"id":13817,"date":"2018-11-17T17:59:40","date_gmt":"2018-11-17T15:59:40","guid":{"rendered":"http:\/\/esponsorama.ad\/?p=13817"},"modified":"2018-11-17T18:30:11","modified_gmt":"2018-11-17T16:30:11","slug":"simeon-no-podra-correr-ultimo-gran-premio-motogp-torres-da-paso-adelante-2","status":"publish","type":"post","link":"http:\/\/esponsorama.ad\/ca\/simeon-no-podra-correr-ultimo-gran-premio-motogp-torres-da-paso-adelante-2\/","title":{"rendered":"Simeon no podr\u00e1 correr su \u00faltimo Gran Premio en MotoGP; Torres da un paso adelante"},"content":{"rendered":"<p><strong>MotoGP GP de Valencia \u2013 Ricardo Tormo<\/strong><\/p>\n<p>El piloto del equipo Reale Avintia Racing, Xavier Simeon, no podr\u00e1 disputar su \u00faltima carrera en el Campeonato del Mundo de MotoGP. La conmoci\u00f3n cerebral provocada tras sufrir dos ca\u00eddas ayer le ha provocado molestias durante la noche. Quer\u00eda volver a subirse a la moto pero tras ser visitado por el Dr. \u00c1ngel Charte no ha sido declarado apto para competir. Hay que dejar pasar 48 horas y no ser\u00eda seguro, ni para \u00e9l, ni para el resto del pilotos.<\/p>\n<p>Jordi Torres, ha sido hoy el \u00fanico representante del equipo en pista y el piloto de Rub\u00ed ha mejorado bastante con respecto al primer d\u00eda. En los libres de la ma\u00f1ana en agua ha rodado m\u00e1s r\u00e1pido, pero ha sido en los clasificatorios con el asfalto completamente seco cuando ha dado un gran paso adelante. Torres saldr\u00e1 ma\u00f1ana desde la 23\u00aa posici\u00f3n de la parrilla y ha terminado a solo tres segundos del m\u00e1s r\u00e1pido.<\/p>\n<p>Ma\u00f1ana la previsi\u00f3n es de lluvia, y el warm-up comenzar\u00e1 a las 9:40h. La carrera de MotoGP est\u00e1 programada para las 14:00h.<\/p>\n\n<p>\u201cLa verdad es que es una l\u00e1stima. He tenido complicaciones inesperadas tras las ca\u00eddas de ayer y, aunque ahora mismo me encuentro muy bien, por decisi\u00f3n de los doctores no puedo correr. Terminar mi primer y \u00faltimo a\u00f1o en MotoGP de esta manera no es lo que hab\u00eda so\u00f1ado, sobre todo cuando ten\u00eda posibilidades de hacerlo bien en condiciones de agua. Quiero pedir disculpas a todos mis fans y al equipo, me hubiera gustado despedirme con un buen resultado, pero no ha podido ser. Es muy frustrante\u201d.<\/p>\n\n<p>&#8220;Hoy me he encontrado mucho mejor y desde el FP3 hemos dado un paso adelante en mojado, lo que ha sido positivo para ser mi primer fin de semana en esas condiciones. En la FP4 se ha ido secando y al final hemos montado neum\u00e1ticos slick, pero no estaba seco del todo y no hemos tomado riesgos. En la clasificaci\u00f3n, quitando un par de parches h\u00famedos, la pista estaba seca y hemos podido mejorar. Me esperaba que fuera peor debido a mi mano, porque cada vez que la moto se mueve veo las estrellas pero, al final, no salimos \u00faltimos.\u201d<\/p>\n","protected":false},"excerpt":{"rendered":"<p>MotoGP GP de Valencia \u2013 Ricardo Tormo El piloto del equipo Reale Avintia Racing, Xavier Simeon, no podr\u00e1 disputar su \u00faltima carrera en el Campeonato del Mundo de MotoGP. La conmoci\u00f3n cerebral provocada tras sufrir dos ca\u00eddas ayer le ha provocado molestias durante la noche. Quer\u00eda volver a subirse a la moto pero tras ser [&hellip;]<\/p>\n","protected":false},"author":6,"featured_media":13814,"comment_status":"closed","ping_status":"closed","sticky":false,"template":"","format":"standard","meta":{"footnotes":""},"categories":[3],"tags":[],"class_list":["post-13817","post","type-post","status-publish","format-standard","has-post-thumbnail","hentry","category-motogp"],"yoast_head":"<!-- This site is optimized with the Yoast SEO plugin v27.1.1 - https:\/\/yoast.com\/product\/yoast-seo-wordpress\/ -->\n<title>Simeon no podr\u00e1 correr su \u00faltimo Gran Premio en MotoGP; Torres da un paso adelante - Esponsorama<\/title>\n<meta name=\"robots\" content=\"index, follow, max-snippet:-1, max-image-preview:large, max-video-preview:-1\" \/>\n<link rel=\"canonical\" href=\"http:\/\/esponsorama.ad\/ca\/simeon-no-podra-correr-ultimo-gran-premio-motogp-torres-da-paso-adelante-2\/\" \/>\n<meta property=\"og:locale\" content=\"it_IT\" \/>\n<meta property=\"og:type\" content=\"article\" \/>\n<meta property=\"og:title\" content=\"Simeon no podr\u00e1 correr su \u00faltimo Gran Premio en MotoGP; Torres da un paso adelante - Esponsorama\" \/>\n<meta property=\"og:description\" content=\"MotoGP GP de Valencia \u2013 Ricardo Tormo El piloto del equipo Reale Avintia Racing, Xavier Simeon, no podr\u00e1 disputar su \u00faltima carrera en el Campeonato del Mundo de MotoGP. La conmoci\u00f3n cerebral provocada tras sufrir dos ca\u00eddas ayer le ha provocado molestias durante la noche. Quer\u00eda volver a subirse a la moto pero tras ser [&hellip;]\" \/>\n<meta property=\"og:url\" content=\"http:\/\/esponsorama.ad\/ca\/simeon-no-podra-correr-ultimo-gran-premio-motogp-torres-da-paso-adelante-2\/\" \/>\n<meta property=\"og:site_name\" content=\"Esponsorama\" \/>\n<meta property=\"article:published_time\" content=\"2018-11-17T15:59:40+00:00\" \/>\n<meta property=\"article:modified_time\" content=\"2018-11-17T16:30:11+00:00\" \/>\n<meta property=\"og:image\" content=\"http:\/\/esponsorama.ad\/wp-content\/uploads\/2018\/11\/IMG_3620-1024x768.jpg\" \/>\n\t<meta property=\"og:image:width\" content=\"1024\" \/>\n\t<meta property=\"og:image:height\" content=\"768\" \/>\n\t<meta property=\"og:image:type\" content=\"image\/jpeg\" \/>\n<meta name=\"author\" content=\"Xavi Andornet\" \/>\n<meta name=\"twitter:card\" content=\"summary_large_image\" \/>\n<meta name=\"twitter:label1\" content=\"Written by\" \/>\n\t<meta name=\"twitter:data1\" content=\"Xavi Andornet\" \/>\n\t<meta name=\"twitter:label2\" content=\"Est. reading time\" \/>\n\t<meta name=\"twitter:data2\" content=\"2 minutes\" \/>\n<script type=\"application\/ld+json\" class=\"yoast-schema-graph\">{\"@context\":\"https:\/\/schema.org\",\"@graph\":[{\"@type\":\"Article\",\"@id\":\"http:\/\/esponsorama.ad\/ca\/simeon-no-podra-correr-ultimo-gran-premio-motogp-torres-da-paso-adelante-2\/#article\",\"isPartOf\":{\"@id\":\"http:\/\/esponsorama.ad\/ca\/simeon-no-podra-correr-ultimo-gran-premio-motogp-torres-da-paso-adelante-2\/\"},\"author\":{\"name\":\"Xavi Andornet\",\"@id\":\"http:\/\/esponsorama.ad\/es\/#\/schema\/person\/a5cde74945183d737066e46b61c6f9c4\"},\"headline\":\"Simeon no podr\u00e1 correr su \u00faltimo Gran Premio en MotoGP; Torres da un paso adelante\",\"datePublished\":\"2018-11-17T15:59:40+00:00\",\"dateModified\":\"2018-11-17T16:30:11+00:00\",\"mainEntityOfPage\":{\"@id\":\"http:\/\/esponsorama.ad\/ca\/simeon-no-podra-correr-ultimo-gran-premio-motogp-torres-da-paso-adelante-2\/\"},\"wordCount\":414,\"image\":{\"@id\":\"http:\/\/esponsorama.ad\/ca\/simeon-no-podra-correr-ultimo-gran-premio-motogp-torres-da-paso-adelante-2\/#primaryimage\"},\"thumbnailUrl\":\"http:\/\/esponsorama.ad\/wp-content\/uploads\/2018\/11\/IMG_3620.jpg\",\"articleSection\":[\"MotoGP\"],\"inLanguage\":\"it-IT\"},{\"@type\":\"WebPage\",\"@id\":\"http:\/\/esponsorama.ad\/ca\/simeon-no-podra-correr-ultimo-gran-premio-motogp-torres-da-paso-adelante-2\/\",\"url\":\"http:\/\/esponsorama.ad\/ca\/simeon-no-podra-correr-ultimo-gran-premio-motogp-torres-da-paso-adelante-2\/\",\"name\":\"Simeon no podr\u00e1 correr su \u00faltimo Gran Premio en MotoGP; Torres da un paso adelante - Esponsorama\",\"isPartOf\":{\"@id\":\"http:\/\/esponsorama.ad\/es\/#website\"},\"primaryImageOfPage\":{\"@id\":\"http:\/\/esponsorama.ad\/ca\/simeon-no-podra-correr-ultimo-gran-premio-motogp-torres-da-paso-adelante-2\/#primaryimage\"},\"image\":{\"@id\":\"http:\/\/esponsorama.ad\/ca\/simeon-no-podra-correr-ultimo-gran-premio-motogp-torres-da-paso-adelante-2\/#primaryimage\"},\"thumbnailUrl\":\"http:\/\/esponsorama.ad\/wp-content\/uploads\/2018\/11\/IMG_3620.jpg\",\"datePublished\":\"2018-11-17T15:59:40+00:00\",\"dateModified\":\"2018-11-17T16:30:11+00:00\",\"author\":{\"@id\":\"http:\/\/esponsorama.ad\/es\/#\/schema\/person\/a5cde74945183d737066e46b61c6f9c4\"},\"breadcrumb\":{\"@id\":\"http:\/\/esponsorama.ad\/ca\/simeon-no-podra-correr-ultimo-gran-premio-motogp-torres-da-paso-adelante-2\/#breadcrumb\"},\"inLanguage\":\"it-IT\",\"potentialAction\":[{\"@type\":\"ReadAction\",\"target\":[\"http:\/\/esponsorama.ad\/ca\/simeon-no-podra-correr-ultimo-gran-premio-motogp-torres-da-paso-adelante-2\/\"]}]},{\"@type\":\"ImageObject\",\"inLanguage\":\"it-IT\",\"@id\":\"http:\/\/esponsorama.ad\/ca\/simeon-no-podra-correr-ultimo-gran-premio-motogp-torres-da-paso-adelante-2\/#primaryimage\",\"url\":\"http:\/\/esponsorama.ad\/wp-content\/uploads\/2018\/11\/IMG_3620.jpg\",\"contentUrl\":\"http:\/\/esponsorama.ad\/wp-content\/uploads\/2018\/11\/IMG_3620.jpg\",\"width\":4032,\"height\":3024},{\"@type\":\"BreadcrumbList\",\"@id\":\"http:\/\/esponsorama.ad\/ca\/simeon-no-podra-correr-ultimo-gran-premio-motogp-torres-da-paso-adelante-2\/#breadcrumb\",\"itemListElement\":[{\"@type\":\"ListItem\",\"position\":1,\"name\":\"Home\",\"item\":\"http:\/\/esponsorama.ad\/ca\/\"},{\"@type\":\"ListItem\",\"position\":2,\"name\":\"Simeon no podr\u00e1 correr su \u00faltimo Gran Premio en MotoGP; Torres da un paso adelante\"}]},{\"@type\":\"WebSite\",\"@id\":\"http:\/\/esponsorama.ad\/es\/#website\",\"url\":\"http:\/\/esponsorama.ad\/es\/\",\"name\":\"Esponsorama\",\"description\":\"Specialist in motorsport sponsorship and event promotions\",\"potentialAction\":[{\"@type\":\"SearchAction\",\"target\":{\"@type\":\"EntryPoint\",\"urlTemplate\":\"http:\/\/esponsorama.ad\/es\/?s={search_term_string}\"},\"query-input\":{\"@type\":\"PropertyValueSpecification\",\"valueRequired\":true,\"valueName\":\"search_term_string\"}}],\"inLanguage\":\"it-IT\"},{\"@type\":\"Person\",\"@id\":\"http:\/\/esponsorama.ad\/es\/#\/schema\/person\/a5cde74945183d737066e46b61c6f9c4\",\"name\":\"Xavi Andornet\",\"image\":{\"@type\":\"ImageObject\",\"inLanguage\":\"it-IT\",\"@id\":\"http:\/\/esponsorama.ad\/es\/#\/schema\/person\/image\/\",\"url\":\"https:\/\/secure.gravatar.com\/avatar\/f10eaf9ad601244a2357c9fd7cd9805ed166cfaaf76d5d9ab08a9d873e70147a?s=96&d=mm&r=g\",\"contentUrl\":\"https:\/\/secure.gravatar.com\/avatar\/f10eaf9ad601244a2357c9fd7cd9805ed166cfaaf76d5d9ab08a9d873e70147a?s=96&d=mm&r=g\",\"caption\":\"Xavi Andornet\"},\"sameAs\":[\"http:\/\/www.andornet.ad\"],\"url\":\"http:\/\/esponsorama.ad\/it\/author\/andornet\/\"}]}<\/script>\n<!-- \/ Yoast SEO plugin. -->","yoast_head_json":{"title":"Simeon no podr\u00e1 correr su \u00faltimo Gran Premio en MotoGP; Torres da un paso adelante - Esponsorama","robots":{"index":"index","follow":"follow","max-snippet":"max-snippet:-1","max-image-preview":"max-image-preview:large","max-video-preview":"max-video-preview:-1"},"canonical":"http:\/\/esponsorama.ad\/ca\/simeon-no-podra-correr-ultimo-gran-premio-motogp-torres-da-paso-adelante-2\/","og_locale":"it_IT","og_type":"article","og_title":"Simeon no podr\u00e1 correr su \u00faltimo Gran Premio en MotoGP; Torres da un paso adelante - Esponsorama","og_description":"MotoGP GP de Valencia \u2013 Ricardo Tormo El piloto del equipo Reale Avintia Racing, Xavier Simeon, no podr\u00e1 disputar su \u00faltima carrera en el Campeonato del Mundo de MotoGP. La conmoci\u00f3n cerebral provocada tras sufrir dos ca\u00eddas ayer le ha provocado molestias durante la noche. Quer\u00eda volver a subirse a la moto pero tras ser [&hellip;]","og_url":"http:\/\/esponsorama.ad\/ca\/simeon-no-podra-correr-ultimo-gran-premio-motogp-torres-da-paso-adelante-2\/","og_site_name":"Esponsorama","article_published_time":"2018-11-17T15:59:40+00:00","article_modified_time":"2018-11-17T16:30:11+00:00","og_image":[{"width":1024,"height":768,"url":"http:\/\/esponsorama.ad\/wp-content\/uploads\/2018\/11\/IMG_3620-1024x768.jpg","type":"image\/jpeg"}],"author":"Xavi Andornet","twitter_card":"summary_large_image","twitter_misc":{"Written by":"Xavi Andornet","Est. reading time":"2 minutes"},"schema":{"@context":"https:\/\/schema.org","@graph":[{"@type":"Article","@id":"http:\/\/esponsorama.ad\/ca\/simeon-no-podra-correr-ultimo-gran-premio-motogp-torres-da-paso-adelante-2\/#article","isPartOf":{"@id":"http:\/\/esponsorama.ad\/ca\/simeon-no-podra-correr-ultimo-gran-premio-motogp-torres-da-paso-adelante-2\/"},"author":{"name":"Xavi Andornet","@id":"http:\/\/esponsorama.ad\/es\/#\/schema\/person\/a5cde74945183d737066e46b61c6f9c4"},"headline":"Simeon no podr\u00e1 correr su \u00faltimo Gran Premio en MotoGP; Torres da un paso adelante","datePublished":"2018-11-17T15:59:40+00:00","dateModified":"2018-11-17T16:30:11+00:00","mainEntityOfPage":{"@id":"http:\/\/esponsorama.ad\/ca\/simeon-no-podra-correr-ultimo-gran-premio-motogp-torres-da-paso-adelante-2\/"},"wordCount":414,"image":{"@id":"http:\/\/esponsorama.ad\/ca\/simeon-no-podra-correr-ultimo-gran-premio-motogp-torres-da-paso-adelante-2\/#primaryimage"},"thumbnailUrl":"http:\/\/esponsorama.ad\/wp-content\/uploads\/2018\/11\/IMG_3620.jpg","articleSection":["MotoGP"],"inLanguage":"it-IT"},{"@type":"WebPage","@id":"http:\/\/esponsorama.ad\/ca\/simeon-no-podra-correr-ultimo-gran-premio-motogp-torres-da-paso-adelante-2\/","url":"http:\/\/esponsorama.ad\/ca\/simeon-no-podra-correr-ultimo-gran-premio-motogp-torres-da-paso-adelante-2\/","name":"Simeon no podr\u00e1 correr su \u00faltimo Gran Premio en MotoGP; Torres da un paso adelante - Esponsorama","isPartOf":{"@id":"http:\/\/esponsorama.ad\/es\/#website"},"primaryImageOfPage":{"@id":"http:\/\/esponsorama.ad\/ca\/simeon-no-podra-correr-ultimo-gran-premio-motogp-torres-da-paso-adelante-2\/#primaryimage"},"image":{"@id":"http:\/\/esponsorama.ad\/ca\/simeon-no-podra-correr-ultimo-gran-premio-motogp-torres-da-paso-adelante-2\/#primaryimage"},"thumbnailUrl":"http:\/\/esponsorama.ad\/wp-content\/uploads\/2018\/11\/IMG_3620.jpg","datePublished":"2018-11-17T15:59:40+00:00","dateModified":"2018-11-17T16:30:11+00:00","author":{"@id":"http:\/\/esponsorama.ad\/es\/#\/schema\/person\/a5cde74945183d737066e46b61c6f9c4"},"breadcrumb":{"@id":"http:\/\/esponsorama.ad\/ca\/simeon-no-podra-correr-ultimo-gran-premio-motogp-torres-da-paso-adelante-2\/#breadcrumb"},"inLanguage":"it-IT","potentialAction":[{"@type":"ReadAction","target":["http:\/\/esponsorama.ad\/ca\/simeon-no-podra-correr-ultimo-gran-premio-motogp-torres-da-paso-adelante-2\/"]}]},{"@type":"ImageObject","inLanguage":"it-IT","@id":"http:\/\/esponsorama.ad\/ca\/simeon-no-podra-correr-ultimo-gran-premio-motogp-torres-da-paso-adelante-2\/#primaryimage","url":"http:\/\/esponsorama.ad\/wp-content\/uploads\/2018\/11\/IMG_3620.jpg","contentUrl":"http:\/\/esponsorama.ad\/wp-content\/uploads\/2018\/11\/IMG_3620.jpg","width":4032,"height":3024},{"@type":"BreadcrumbList","@id":"http:\/\/esponsorama.ad\/ca\/simeon-no-podra-correr-ultimo-gran-premio-motogp-torres-da-paso-adelante-2\/#breadcrumb","itemListElement":[{"@type":"ListItem","position":1,"name":"Home","item":"http:\/\/esponsorama.ad\/ca\/"},{"@type":"ListItem","position":2,"name":"Simeon no podr\u00e1 correr su \u00faltimo Gran Premio en MotoGP; Torres da un paso adelante"}]},{"@type":"WebSite","@id":"http:\/\/esponsorama.ad\/es\/#website","url":"http:\/\/esponsorama.ad\/es\/","name":"Esponsorama","description":"Specialist in motorsport sponsorship and event promotions","potentialAction":[{"@type":"SearchAction","target":{"@type":"EntryPoint","urlTemplate":"http:\/\/esponsorama.ad\/es\/?s={search_term_string}"},"query-input":{"@type":"PropertyValueSpecification","valueRequired":true,"valueName":"search_term_string"}}],"inLanguage":"it-IT"},{"@type":"Person","@id":"http:\/\/esponsorama.ad\/es\/#\/schema\/person\/a5cde74945183d737066e46b61c6f9c4","name":"Xavi Andornet","image":{"@type":"ImageObject","inLanguage":"it-IT","@id":"http:\/\/esponsorama.ad\/es\/#\/schema\/person\/image\/","url":"https:\/\/secure.gravatar.com\/avatar\/f10eaf9ad601244a2357c9fd7cd9805ed166cfaaf76d5d9ab08a9d873e70147a?s=96&d=mm&r=g","contentUrl":"https:\/\/secure.gravatar.com\/avatar\/f10eaf9ad601244a2357c9fd7cd9805ed166cfaaf76d5d9ab08a9d873e70147a?s=96&d=mm&r=g","caption":"Xavi Andornet"},"sameAs":["http:\/\/www.andornet.ad"],"url":"http:\/\/esponsorama.ad\/it\/author\/andornet\/"}]}},"_links":{"self":[{"href":"http:\/\/esponsorama.ad\/it\/wp-json\/wp\/v2\/posts\/13817","targetHints":{"allow":["GET"]}}],"collection":[{"href":"http:\/\/esponsorama.ad\/it\/wp-json\/wp\/v2\/posts"}],"about":[{"href":"http:\/\/esponsorama.ad\/it\/wp-json\/wp\/v2\/types\/post"}],"author":[{"embeddable":true,"href":"http:\/\/esponsorama.ad\/it\/wp-json\/wp\/v2\/users\/6"}],"replies":[{"embeddable":true,"href":"http:\/\/esponsorama.ad\/it\/wp-json\/wp\/v2\/comments?post=13817"}],"version-history":[{"count":0,"href":"http:\/\/esponsorama.ad\/it\/wp-json\/wp\/v2\/posts\/13817\/revisions"}],"wp:featuredmedia":[{"embeddable":true,"href":"http:\/\/esponsorama.ad\/it\/wp-json\/wp\/v2\/media\/13814"}],"wp:attachment":[{"href":"http:\/\/esponsorama.ad\/it\/wp-json\/wp\/v2\/media?parent=13817"}],"wp:term":[{"taxonomy":"category","embeddable":true,"href":"http:\/\/esponsorama.ad\/it\/wp-json\/wp\/v2\/categories?post=13817"},{"taxonomy":"post_tag","embeddable":true,"href":"http:\/\/esponsorama.ad\/it\/wp-json\/wp\/v2\/tags?post=13817"}],"curies":[{"name":"wp","href":"https:\/\/api.w.org\/{rel}","templated":true}]}}