{"id":1964,"date":"2016-11-24T18:26:40","date_gmt":"2016-11-24T16:26:40","guid":{"rendered":"http:\/\/esponsorama.ad\/?p=1964"},"modified":"2017-03-16T00:46:52","modified_gmt":"2017-03-15T22:46:52","slug":"baz-y-barbera-terminan-los-test-de-jerez-antes-de-tiempo-ca","status":"publish","type":"post","link":"http:\/\/esponsorama.ad\/ca\/baz-y-barbera-terminan-los-test-de-jerez-antes-de-tiempo-ca\/","title":{"rendered":"Baz i Barber\u00e1 acaben les proves de Jerez abans d&#8217;hora"},"content":{"rendered":"<p>Els pilots de Avintia Racing, H\u00e9ctor Barber\u00e1 i Loris Baz, han completat dos positius dies de test al circuit de J\u00e9rez. Tot i les previsions que de pluja, el sol ha brillat en el tra\u00e7at andal\u00fas en les dues primeres jornades d&#8217;entrenaments, on diversos equips Ducati, m\u00e9s Aprilia, Suzuki, KTM i Honda s&#8217;han donat cita per completar tres dies de test per concloure la temporada 2016 de MotoGP.<\/p>\n<p>H\u00e9ctor Barber\u00e1 va ser el m\u00e9s r\u00e0pid ahir sobre la seva Ducati Desmosedici GP 2016, per\u00f2 avui ha acabat abans del previst per un problema mec\u00e0nic. El valenci\u00e0 s&#8217;ha quedat amb les ganes de millorar els seus temps amb pneum\u00e0tics nous, per\u00f2 tot i aix\u00ed les seves sensacions han estat molt bones, i quan torni a l&#8217;acci\u00f3 a finals del mes de gener a Mal\u00e0isia, espera comptar amb un major suport de Ducati per poder seguir avan\u00e7ant amb la seva adaptaci\u00f3 a la nova moto.<\/p>\n<p>Loris Baz ha acabat rodant molt r\u00e0pid i est\u00e0 encantat amb la seva nova moto i amb el seu nou t\u00e8cnic. L&#8217;adaptaci\u00f3 del pilot franc\u00e8s a la Desmosedici GP15 ha estat molt bona, i despr\u00e9s d&#8217;una temporada complicada arriba a l&#8217;aturada hivernal amb un somriure a la cara.<\/p>\n\n<p>&#8220;Estic molt content, perqu\u00e8 feia molt temps que no tenia tan bones sensacions sobre la moto. Crec que hem fet dos dies molt bons de treball, a poc a poc vaig agafant confian\u00e7a amb la moto i ha estat molt positiu. Hem provat moltes coses i hem rodat amb un ritme molt r\u00e0pid, i avui he donat una volta molt r\u00e0pida, tot i que es podia fer millor. Per\u00f2 estic content perqu\u00e8 he tornat a divertir-me sobre la moto, ara puc emp\u00e8nyer amb confian\u00e7a i entenc el que fa la moto i els pneum\u00e0tics. Ha estat un test molt positiu i me&#8217;n vaig amb el cervell relaxat per aquest hivern, perqu\u00e8 ha estat un any molt complicat, amb molts dubtes i acabar aix\u00ed \u00e9s fant\u00e0stic.&#8221;<\/p>\n\n<p>&#8220;Em vaig dels \u00faltims test de l&#8217;any amb un sabor una mica agredol\u00e7. D&#8217;una banda, hem tornat a comprovar el gran potencial que t\u00e9 aquesta moto i tamb\u00e9 hem provat diversos nous pneum\u00e0tics Michelin davanters que m&#8217;han agradat molt. Per\u00f2 em vaig disgustat, perqu\u00e8 a Val\u00e8ncia ja es va trencar alguna cosa en el canvi, i aqu\u00ed ha tornat a passar. He parat de rodar a les tres de la tarda i no he pogut donar moltes voltes; he passat tot el mat\u00ed provant pneum\u00e0tics, i quan era l&#8217;hora de muntar gomes noves i baixar els temps hem tingut aquest problema. Fins al primer test de l&#8217;any que ve no tindrem la segona moto, i per aix\u00f2, hem acabat els entrenaments abans del previst. Espero que a Mal\u00e0isia s&#8217;hagi solucionat tot, perqu\u00e8 en les dues carreres que vaig fer amb Ducati no vam tenir cap problema, i ara en dos tests els hem tingut. Confio Ducati i segur que ens ajudaran per poder treure tot el potencial de la meva GP16.&#8221;<\/p>\n","protected":false},"excerpt":{"rendered":"<p>Els pilots de Avintia Racing, H\u00e9ctor Barber\u00e1 i Loris Baz, han completat dos positius dies de test al circuit de J\u00e9rez. Tot i les previsions que de pluja, el sol ha brillat en el tra\u00e7at andal\u00fas en les dues primeres jornades d&#8217;entrenaments, on diversos equips Ducati, m\u00e9s Aprilia, Suzuki, KTM i Honda s&#8217;han donat cita [&hellip;]<\/p>\n","protected":false},"author":6,"featured_media":1398,"comment_status":"closed","ping_status":"closed","sticky":false,"template":"","format":"standard","meta":{"footnotes":""},"categories":[3],"tags":[],"class_list":["post-1964","post","type-post","status-publish","format-standard","has-post-thumbnail","hentry","category-motogp"],"yoast_head":"<!-- This site is optimized with the Yoast SEO plugin v27.1.1 - https:\/\/yoast.com\/product\/yoast-seo-wordpress\/ -->\n<title>Baz i Barber\u00e1 acaben les proves de Jerez abans d&#039;hora - Esponsorama<\/title>\n<meta name=\"robots\" content=\"index, follow, max-snippet:-1, max-image-preview:large, max-video-preview:-1\" \/>\n<link rel=\"canonical\" href=\"http:\/\/esponsorama.ad\/ca\/baz-y-barbera-terminan-los-test-de-jerez-antes-de-tiempo-ca\/\" \/>\n<meta property=\"og:locale\" content=\"it_IT\" \/>\n<meta property=\"og:type\" content=\"article\" \/>\n<meta property=\"og:title\" content=\"Baz i Barber\u00e1 acaben les proves de Jerez abans d&#039;hora - Esponsorama\" \/>\n<meta property=\"og:description\" content=\"Els pilots de Avintia Racing, H\u00e9ctor Barber\u00e1 i Loris Baz, han completat dos positius dies de test al circuit de J\u00e9rez. Tot i les previsions que de pluja, el sol ha brillat en el tra\u00e7at andal\u00fas en les dues primeres jornades d&#8217;entrenaments, on diversos equips Ducati, m\u00e9s Aprilia, Suzuki, KTM i Honda s&#8217;han donat cita [&hellip;]\" \/>\n<meta property=\"og:url\" content=\"http:\/\/esponsorama.ad\/ca\/baz-y-barbera-terminan-los-test-de-jerez-antes-de-tiempo-ca\/\" \/>\n<meta property=\"og:site_name\" content=\"Esponsorama\" \/>\n<meta property=\"article:published_time\" content=\"2016-11-24T16:26:40+00:00\" \/>\n<meta property=\"article:modified_time\" content=\"2017-03-15T22:46:52+00:00\" \/>\n<meta property=\"og:image\" content=\"http:\/\/esponsorama.ad\/wp-content\/uploads\/2017\/03\/0136_T02_Baz_action.jpg\" \/>\n\t<meta property=\"og:image:width\" content=\"2500\" \/>\n\t<meta property=\"og:image:height\" content=\"1664\" \/>\n\t<meta property=\"og:image:type\" content=\"image\/jpeg\" \/>\n<meta name=\"author\" content=\"Xavi Andornet\" \/>\n<meta name=\"twitter:card\" content=\"summary_large_image\" \/>\n<meta name=\"twitter:label1\" content=\"Written by\" \/>\n\t<meta name=\"twitter:data1\" content=\"Xavi Andornet\" \/>\n\t<meta name=\"twitter:label2\" content=\"Est. reading time\" \/>\n\t<meta name=\"twitter:data2\" content=\"3 minutes\" \/>\n<script type=\"application\/ld+json\" class=\"yoast-schema-graph\">{\"@context\":\"https:\/\/schema.org\",\"@graph\":[{\"@type\":\"Article\",\"@id\":\"http:\/\/esponsorama.ad\/ca\/baz-y-barbera-terminan-los-test-de-jerez-antes-de-tiempo-ca\/#article\",\"isPartOf\":{\"@id\":\"http:\/\/esponsorama.ad\/ca\/baz-y-barbera-terminan-los-test-de-jerez-antes-de-tiempo-ca\/\"},\"author\":{\"name\":\"Xavi Andornet\",\"@id\":\"http:\/\/esponsorama.ad\/es\/#\/schema\/person\/a5cde74945183d737066e46b61c6f9c4\"},\"headline\":\"Baz i Barber\u00e1 acaben les proves de Jerez abans d&#8217;hora\",\"datePublished\":\"2016-11-24T16:26:40+00:00\",\"dateModified\":\"2017-03-15T22:46:52+00:00\",\"mainEntityOfPage\":{\"@id\":\"http:\/\/esponsorama.ad\/ca\/baz-y-barbera-terminan-los-test-de-jerez-antes-de-tiempo-ca\/\"},\"wordCount\":542,\"image\":{\"@id\":\"http:\/\/esponsorama.ad\/ca\/baz-y-barbera-terminan-los-test-de-jerez-antes-de-tiempo-ca\/#primaryimage\"},\"thumbnailUrl\":\"http:\/\/esponsorama.ad\/wp-content\/uploads\/2017\/03\/0136_T02_Baz_action.jpg\",\"articleSection\":[\"MotoGP\"],\"inLanguage\":\"it-IT\"},{\"@type\":\"WebPage\",\"@id\":\"http:\/\/esponsorama.ad\/ca\/baz-y-barbera-terminan-los-test-de-jerez-antes-de-tiempo-ca\/\",\"url\":\"http:\/\/esponsorama.ad\/ca\/baz-y-barbera-terminan-los-test-de-jerez-antes-de-tiempo-ca\/\",\"name\":\"Baz i Barber\u00e1 acaben les proves de Jerez abans d'hora - Esponsorama\",\"isPartOf\":{\"@id\":\"http:\/\/esponsorama.ad\/es\/#website\"},\"primaryImageOfPage\":{\"@id\":\"http:\/\/esponsorama.ad\/ca\/baz-y-barbera-terminan-los-test-de-jerez-antes-de-tiempo-ca\/#primaryimage\"},\"image\":{\"@id\":\"http:\/\/esponsorama.ad\/ca\/baz-y-barbera-terminan-los-test-de-jerez-antes-de-tiempo-ca\/#primaryimage\"},\"thumbnailUrl\":\"http:\/\/esponsorama.ad\/wp-content\/uploads\/2017\/03\/0136_T02_Baz_action.jpg\",\"datePublished\":\"2016-11-24T16:26:40+00:00\",\"dateModified\":\"2017-03-15T22:46:52+00:00\",\"author\":{\"@id\":\"http:\/\/esponsorama.ad\/es\/#\/schema\/person\/a5cde74945183d737066e46b61c6f9c4\"},\"breadcrumb\":{\"@id\":\"http:\/\/esponsorama.ad\/ca\/baz-y-barbera-terminan-los-test-de-jerez-antes-de-tiempo-ca\/#breadcrumb\"},\"inLanguage\":\"it-IT\",\"potentialAction\":[{\"@type\":\"ReadAction\",\"target\":[\"http:\/\/esponsorama.ad\/ca\/baz-y-barbera-terminan-los-test-de-jerez-antes-de-tiempo-ca\/\"]}]},{\"@type\":\"ImageObject\",\"inLanguage\":\"it-IT\",\"@id\":\"http:\/\/esponsorama.ad\/ca\/baz-y-barbera-terminan-los-test-de-jerez-antes-de-tiempo-ca\/#primaryimage\",\"url\":\"http:\/\/esponsorama.ad\/wp-content\/uploads\/2017\/03\/0136_T02_Baz_action.jpg\",\"contentUrl\":\"http:\/\/esponsorama.ad\/wp-content\/uploads\/2017\/03\/0136_T02_Baz_action.jpg\",\"width\":2500,\"height\":1664},{\"@type\":\"BreadcrumbList\",\"@id\":\"http:\/\/esponsorama.ad\/ca\/baz-y-barbera-terminan-los-test-de-jerez-antes-de-tiempo-ca\/#breadcrumb\",\"itemListElement\":[{\"@type\":\"ListItem\",\"position\":1,\"name\":\"Home\",\"item\":\"http:\/\/esponsorama.ad\/ca\/\"},{\"@type\":\"ListItem\",\"position\":2,\"name\":\"Baz i Barber\u00e1 acaben les proves de Jerez abans d&#8217;hora\"}]},{\"@type\":\"WebSite\",\"@id\":\"http:\/\/esponsorama.ad\/es\/#website\",\"url\":\"http:\/\/esponsorama.ad\/es\/\",\"name\":\"Esponsorama\",\"description\":\"Specialist in motorsport sponsorship and event promotions\",\"potentialAction\":[{\"@type\":\"SearchAction\",\"target\":{\"@type\":\"EntryPoint\",\"urlTemplate\":\"http:\/\/esponsorama.ad\/es\/?s={search_term_string}\"},\"query-input\":{\"@type\":\"PropertyValueSpecification\",\"valueRequired\":true,\"valueName\":\"search_term_string\"}}],\"inLanguage\":\"it-IT\"},{\"@type\":\"Person\",\"@id\":\"http:\/\/esponsorama.ad\/es\/#\/schema\/person\/a5cde74945183d737066e46b61c6f9c4\",\"name\":\"Xavi Andornet\",\"image\":{\"@type\":\"ImageObject\",\"inLanguage\":\"it-IT\",\"@id\":\"http:\/\/esponsorama.ad\/es\/#\/schema\/person\/image\/\",\"url\":\"https:\/\/secure.gravatar.com\/avatar\/f10eaf9ad601244a2357c9fd7cd9805ed166cfaaf76d5d9ab08a9d873e70147a?s=96&d=mm&r=g\",\"contentUrl\":\"https:\/\/secure.gravatar.com\/avatar\/f10eaf9ad601244a2357c9fd7cd9805ed166cfaaf76d5d9ab08a9d873e70147a?s=96&d=mm&r=g\",\"caption\":\"Xavi Andornet\"},\"sameAs\":[\"http:\/\/www.andornet.ad\"],\"url\":\"http:\/\/esponsorama.ad\/it\/author\/andornet\/\"}]}<\/script>\n<!-- \/ Yoast SEO plugin. -->","yoast_head_json":{"title":"Baz i Barber\u00e1 acaben les proves de Jerez abans d'hora - Esponsorama","robots":{"index":"index","follow":"follow","max-snippet":"max-snippet:-1","max-image-preview":"max-image-preview:large","max-video-preview":"max-video-preview:-1"},"canonical":"http:\/\/esponsorama.ad\/ca\/baz-y-barbera-terminan-los-test-de-jerez-antes-de-tiempo-ca\/","og_locale":"it_IT","og_type":"article","og_title":"Baz i Barber\u00e1 acaben les proves de Jerez abans d'hora - Esponsorama","og_description":"Els pilots de Avintia Racing, H\u00e9ctor Barber\u00e1 i Loris Baz, han completat dos positius dies de test al circuit de J\u00e9rez. Tot i les previsions que de pluja, el sol ha brillat en el tra\u00e7at andal\u00fas en les dues primeres jornades d&#8217;entrenaments, on diversos equips Ducati, m\u00e9s Aprilia, Suzuki, KTM i Honda s&#8217;han donat cita [&hellip;]","og_url":"http:\/\/esponsorama.ad\/ca\/baz-y-barbera-terminan-los-test-de-jerez-antes-de-tiempo-ca\/","og_site_name":"Esponsorama","article_published_time":"2016-11-24T16:26:40+00:00","article_modified_time":"2017-03-15T22:46:52+00:00","og_image":[{"width":2500,"height":1664,"url":"http:\/\/esponsorama.ad\/wp-content\/uploads\/2017\/03\/0136_T02_Baz_action.jpg","type":"image\/jpeg"}],"author":"Xavi Andornet","twitter_card":"summary_large_image","twitter_misc":{"Written by":"Xavi Andornet","Est. reading time":"3 minutes"},"schema":{"@context":"https:\/\/schema.org","@graph":[{"@type":"Article","@id":"http:\/\/esponsorama.ad\/ca\/baz-y-barbera-terminan-los-test-de-jerez-antes-de-tiempo-ca\/#article","isPartOf":{"@id":"http:\/\/esponsorama.ad\/ca\/baz-y-barbera-terminan-los-test-de-jerez-antes-de-tiempo-ca\/"},"author":{"name":"Xavi Andornet","@id":"http:\/\/esponsorama.ad\/es\/#\/schema\/person\/a5cde74945183d737066e46b61c6f9c4"},"headline":"Baz i Barber\u00e1 acaben les proves de Jerez abans d&#8217;hora","datePublished":"2016-11-24T16:26:40+00:00","dateModified":"2017-03-15T22:46:52+00:00","mainEntityOfPage":{"@id":"http:\/\/esponsorama.ad\/ca\/baz-y-barbera-terminan-los-test-de-jerez-antes-de-tiempo-ca\/"},"wordCount":542,"image":{"@id":"http:\/\/esponsorama.ad\/ca\/baz-y-barbera-terminan-los-test-de-jerez-antes-de-tiempo-ca\/#primaryimage"},"thumbnailUrl":"http:\/\/esponsorama.ad\/wp-content\/uploads\/2017\/03\/0136_T02_Baz_action.jpg","articleSection":["MotoGP"],"inLanguage":"it-IT"},{"@type":"WebPage","@id":"http:\/\/esponsorama.ad\/ca\/baz-y-barbera-terminan-los-test-de-jerez-antes-de-tiempo-ca\/","url":"http:\/\/esponsorama.ad\/ca\/baz-y-barbera-terminan-los-test-de-jerez-antes-de-tiempo-ca\/","name":"Baz i Barber\u00e1 acaben les proves de Jerez abans d'hora - Esponsorama","isPartOf":{"@id":"http:\/\/esponsorama.ad\/es\/#website"},"primaryImageOfPage":{"@id":"http:\/\/esponsorama.ad\/ca\/baz-y-barbera-terminan-los-test-de-jerez-antes-de-tiempo-ca\/#primaryimage"},"image":{"@id":"http:\/\/esponsorama.ad\/ca\/baz-y-barbera-terminan-los-test-de-jerez-antes-de-tiempo-ca\/#primaryimage"},"thumbnailUrl":"http:\/\/esponsorama.ad\/wp-content\/uploads\/2017\/03\/0136_T02_Baz_action.jpg","datePublished":"2016-11-24T16:26:40+00:00","dateModified":"2017-03-15T22:46:52+00:00","author":{"@id":"http:\/\/esponsorama.ad\/es\/#\/schema\/person\/a5cde74945183d737066e46b61c6f9c4"},"breadcrumb":{"@id":"http:\/\/esponsorama.ad\/ca\/baz-y-barbera-terminan-los-test-de-jerez-antes-de-tiempo-ca\/#breadcrumb"},"inLanguage":"it-IT","potentialAction":[{"@type":"ReadAction","target":["http:\/\/esponsorama.ad\/ca\/baz-y-barbera-terminan-los-test-de-jerez-antes-de-tiempo-ca\/"]}]},{"@type":"ImageObject","inLanguage":"it-IT","@id":"http:\/\/esponsorama.ad\/ca\/baz-y-barbera-terminan-los-test-de-jerez-antes-de-tiempo-ca\/#primaryimage","url":"http:\/\/esponsorama.ad\/wp-content\/uploads\/2017\/03\/0136_T02_Baz_action.jpg","contentUrl":"http:\/\/esponsorama.ad\/wp-content\/uploads\/2017\/03\/0136_T02_Baz_action.jpg","width":2500,"height":1664},{"@type":"BreadcrumbList","@id":"http:\/\/esponsorama.ad\/ca\/baz-y-barbera-terminan-los-test-de-jerez-antes-de-tiempo-ca\/#breadcrumb","itemListElement":[{"@type":"ListItem","position":1,"name":"Home","item":"http:\/\/esponsorama.ad\/ca\/"},{"@type":"ListItem","position":2,"name":"Baz i Barber\u00e1 acaben les proves de Jerez abans d&#8217;hora"}]},{"@type":"WebSite","@id":"http:\/\/esponsorama.ad\/es\/#website","url":"http:\/\/esponsorama.ad\/es\/","name":"Esponsorama","description":"Specialist in motorsport sponsorship and event promotions","potentialAction":[{"@type":"SearchAction","target":{"@type":"EntryPoint","urlTemplate":"http:\/\/esponsorama.ad\/es\/?s={search_term_string}"},"query-input":{"@type":"PropertyValueSpecification","valueRequired":true,"valueName":"search_term_string"}}],"inLanguage":"it-IT"},{"@type":"Person","@id":"http:\/\/esponsorama.ad\/es\/#\/schema\/person\/a5cde74945183d737066e46b61c6f9c4","name":"Xavi Andornet","image":{"@type":"ImageObject","inLanguage":"it-IT","@id":"http:\/\/esponsorama.ad\/es\/#\/schema\/person\/image\/","url":"https:\/\/secure.gravatar.com\/avatar\/f10eaf9ad601244a2357c9fd7cd9805ed166cfaaf76d5d9ab08a9d873e70147a?s=96&d=mm&r=g","contentUrl":"https:\/\/secure.gravatar.com\/avatar\/f10eaf9ad601244a2357c9fd7cd9805ed166cfaaf76d5d9ab08a9d873e70147a?s=96&d=mm&r=g","caption":"Xavi Andornet"},"sameAs":["http:\/\/www.andornet.ad"],"url":"http:\/\/esponsorama.ad\/it\/author\/andornet\/"}]}},"_links":{"self":[{"href":"http:\/\/esponsorama.ad\/it\/wp-json\/wp\/v2\/posts\/1964","targetHints":{"allow":["GET"]}}],"collection":[{"href":"http:\/\/esponsorama.ad\/it\/wp-json\/wp\/v2\/posts"}],"about":[{"href":"http:\/\/esponsorama.ad\/it\/wp-json\/wp\/v2\/types\/post"}],"author":[{"embeddable":true,"href":"http:\/\/esponsorama.ad\/it\/wp-json\/wp\/v2\/users\/6"}],"replies":[{"embeddable":true,"href":"http:\/\/esponsorama.ad\/it\/wp-json\/wp\/v2\/comments?post=1964"}],"version-history":[{"count":0,"href":"http:\/\/esponsorama.ad\/it\/wp-json\/wp\/v2\/posts\/1964\/revisions"}],"wp:featuredmedia":[{"embeddable":true,"href":"http:\/\/esponsorama.ad\/it\/wp-json\/wp\/v2\/media\/1398"}],"wp:attachment":[{"href":"http:\/\/esponsorama.ad\/it\/wp-json\/wp\/v2\/media?parent=1964"}],"wp:term":[{"taxonomy":"category","embeddable":true,"href":"http:\/\/esponsorama.ad\/it\/wp-json\/wp\/v2\/categories?post=1964"},{"taxonomy":"post_tag","embeddable":true,"href":"http:\/\/esponsorama.ad\/it\/wp-json\/wp\/v2\/tags?post=1964"}],"curies":[{"name":"wp","href":"https:\/\/api.w.org\/{rel}","templated":true}]}}