{"id":2643,"date":"2017-04-22T20:35:09","date_gmt":"2017-04-22T18:35:09","guid":{"rendered":"http:\/\/esponsorama.ad\/?p=2643"},"modified":"2017-04-22T20:35:09","modified_gmt":"2017-04-22T18:35:09","slug":"reale-avintia-racing-and-ducati-renew-their-contract-for-2018","status":"publish","type":"post","link":"http:\/\/esponsorama.ad\/ca\/reale-avintia-racing-and-ducati-renew-their-contract-for-2018\/","title":{"rendered":"Reale Avintia Racing i Ducati renoven el seu acord per 2018"},"content":{"rendered":"<p>L&#8217;equip Reale Avintia Racing t\u00e9 el plaer d&#8217;anunciar la renovaci\u00f3 del seu contracte amb Ducati Corse per seguir competint amb les motos de Borgo Panigale en el Campionat del M\u00f3n de MotoGP el 2018. L&#8217;acord s&#8217;ha signat aquest cap de setmana al Circuit de les Am\u00e8riques, i l&#8217;equip disposar\u00e0 de dos Ducati Desmosedici GP 2017 la propera temporada.<\/p>\n<p>Despr\u00e9s de comen\u00e7ar la relaci\u00f3 amb la marca italiana a la fi de 2014, l&#8217;equip ha anat creixent cada any i estrenyent els seus lla\u00e7os amb la f\u00e0brica. La primerenca renovaci\u00f3 del contracte \u00e9s un pas m\u00e9s en aquest sentit i una mostra de la confian\u00e7a m\u00fatua d&#8217;ambdues parts.<\/p>\n\n<p>&#8220;Estic s\u00faper content per haver renovat amb Ducati, som com una fam\u00edlia i ens sentim molt integrats en el seu projecte a MotoGP. Ten\u00edem diverses opcions per a la temporada que ve, per\u00f2 la confian\u00e7a i l&#8217;ajuda que sempre ens han demostrat Paolo Ciabatti i Gigi Dall\u2019Igna ens ha fet prendre la decisi\u00f3 de renovar el m\u00e9s aviat possible. Ens sentim molt acompanyats per la f\u00e0brica i la garantia de comptar amb les motos de f\u00e0brica d&#8217;aquest any per a la temporada que \u00e9s molt important per a nosaltres. Aix\u00f2 ens permetr\u00e0 treballar per trobar m\u00e9s patrocinadors i fer cr\u00e9ixer m\u00e9s al nostre equip. &#8221;<\/p>\n\n<p>&#8220;Estem molt contents i satisfets de poder continuar la nostra relaci\u00f3 amb l&#8217;equip Reale Avintia Racing en 2018. \u00c9s un equip que va comen\u00e7ar amb nosaltres a finals del 2014 i des de llavors no han parat de cr\u00e9ixer al costat de Ducati. L&#8217;any que ve , creiem que l&#8217;equip tindr\u00e0 una gran oportunitat de fer un \u00f2ptim treball, com ja est\u00e0 fent aquesta temporada, i com ho ha fet en les anteriors. &#8220;<\/p>\n","protected":false},"excerpt":{"rendered":"<p>L&#8217;equip Reale Avintia Racing t\u00e9 el plaer d&#8217;anunciar la renovaci\u00f3 del seu contracte amb Ducati Corse per seguir competint amb les motos de Borgo Panigale en el Campionat del M\u00f3n de MotoGP el 2018. L&#8217;acord s&#8217;ha signat aquest cap de setmana al Circuit de les Am\u00e8riques, i l&#8217;equip disposar\u00e0 de dos Ducati Desmosedici GP 2017 [&hellip;]<\/p>\n","protected":false},"author":6,"featured_media":2636,"comment_status":"closed","ping_status":"closed","sticky":false,"template":"","format":"standard","meta":{"footnotes":""},"categories":[3],"tags":[],"class_list":["post-2643","post","type-post","status-publish","format-standard","has-post-thumbnail","hentry","category-motogp"],"yoast_head":"<!-- This site is optimized with the Yoast SEO plugin v27.1.1 - https:\/\/yoast.com\/product\/yoast-seo-wordpress\/ -->\n<title>Reale Avintia Racing i Ducati renoven el seu acord per 2018 - Esponsorama<\/title>\n<meta name=\"robots\" content=\"index, follow, max-snippet:-1, max-image-preview:large, max-video-preview:-1\" \/>\n<link rel=\"canonical\" href=\"http:\/\/esponsorama.ad\/ca\/reale-avintia-racing-and-ducati-renew-their-contract-for-2018\/\" \/>\n<meta property=\"og:locale\" content=\"it_IT\" \/>\n<meta property=\"og:type\" content=\"article\" \/>\n<meta property=\"og:title\" content=\"Reale Avintia Racing i Ducati renoven el seu acord per 2018 - Esponsorama\" \/>\n<meta property=\"og:description\" content=\"L&#8217;equip Reale Avintia Racing t\u00e9 el plaer d&#8217;anunciar la renovaci\u00f3 del seu contracte amb Ducati Corse per seguir competint amb les motos de Borgo Panigale en el Campionat del M\u00f3n de MotoGP el 2018. L&#8217;acord s&#8217;ha signat aquest cap de setmana al Circuit de les Am\u00e8riques, i l&#8217;equip disposar\u00e0 de dos Ducati Desmosedici GP 2017 [&hellip;]\" \/>\n<meta property=\"og:url\" content=\"http:\/\/esponsorama.ad\/ca\/reale-avintia-racing-and-ducati-renew-their-contract-for-2018\/\" \/>\n<meta property=\"og:site_name\" content=\"Esponsorama\" \/>\n<meta property=\"article:published_time\" content=\"2017-04-22T18:35:09+00:00\" \/>\n<meta property=\"og:image\" content=\"http:\/\/esponsorama.ad\/wp-content\/uploads\/2017\/04\/IMG_5549.jpg\" \/>\n\t<meta property=\"og:image:width\" content=\"2048\" \/>\n\t<meta property=\"og:image:height\" content=\"1536\" \/>\n\t<meta property=\"og:image:type\" content=\"image\/jpeg\" \/>\n<meta name=\"author\" content=\"Xavi Andornet\" \/>\n<meta name=\"twitter:card\" content=\"summary_large_image\" \/>\n<meta name=\"twitter:label1\" content=\"Written by\" \/>\n\t<meta name=\"twitter:data1\" content=\"Xavi Andornet\" \/>\n\t<meta name=\"twitter:label2\" content=\"Est. reading time\" \/>\n\t<meta name=\"twitter:data2\" content=\"2 minutes\" \/>\n<script type=\"application\/ld+json\" class=\"yoast-schema-graph\">{\"@context\":\"https:\/\/schema.org\",\"@graph\":[{\"@type\":\"Article\",\"@id\":\"http:\/\/esponsorama.ad\/ca\/reale-avintia-racing-and-ducati-renew-their-contract-for-2018\/#article\",\"isPartOf\":{\"@id\":\"http:\/\/esponsorama.ad\/ca\/reale-avintia-racing-and-ducati-renew-their-contract-for-2018\/\"},\"author\":{\"name\":\"Xavi Andornet\",\"@id\":\"http:\/\/esponsorama.ad\/es\/#\/schema\/person\/a5cde74945183d737066e46b61c6f9c4\"},\"headline\":\"Reale Avintia Racing i Ducati renoven el seu acord per 2018\",\"datePublished\":\"2017-04-22T18:35:09+00:00\",\"mainEntityOfPage\":{\"@id\":\"http:\/\/esponsorama.ad\/ca\/reale-avintia-racing-and-ducati-renew-their-contract-for-2018\/\"},\"wordCount\":322,\"image\":{\"@id\":\"http:\/\/esponsorama.ad\/ca\/reale-avintia-racing-and-ducati-renew-their-contract-for-2018\/#primaryimage\"},\"thumbnailUrl\":\"http:\/\/esponsorama.ad\/wp-content\/uploads\/2017\/04\/IMG_5549.jpg\",\"articleSection\":[\"MotoGP\"],\"inLanguage\":\"it-IT\"},{\"@type\":\"WebPage\",\"@id\":\"http:\/\/esponsorama.ad\/ca\/reale-avintia-racing-and-ducati-renew-their-contract-for-2018\/\",\"url\":\"http:\/\/esponsorama.ad\/ca\/reale-avintia-racing-and-ducati-renew-their-contract-for-2018\/\",\"name\":\"Reale Avintia Racing i Ducati renoven el seu acord per 2018 - Esponsorama\",\"isPartOf\":{\"@id\":\"http:\/\/esponsorama.ad\/es\/#website\"},\"primaryImageOfPage\":{\"@id\":\"http:\/\/esponsorama.ad\/ca\/reale-avintia-racing-and-ducati-renew-their-contract-for-2018\/#primaryimage\"},\"image\":{\"@id\":\"http:\/\/esponsorama.ad\/ca\/reale-avintia-racing-and-ducati-renew-their-contract-for-2018\/#primaryimage\"},\"thumbnailUrl\":\"http:\/\/esponsorama.ad\/wp-content\/uploads\/2017\/04\/IMG_5549.jpg\",\"datePublished\":\"2017-04-22T18:35:09+00:00\",\"author\":{\"@id\":\"http:\/\/esponsorama.ad\/es\/#\/schema\/person\/a5cde74945183d737066e46b61c6f9c4\"},\"breadcrumb\":{\"@id\":\"http:\/\/esponsorama.ad\/ca\/reale-avintia-racing-and-ducati-renew-their-contract-for-2018\/#breadcrumb\"},\"inLanguage\":\"it-IT\",\"potentialAction\":[{\"@type\":\"ReadAction\",\"target\":[\"http:\/\/esponsorama.ad\/ca\/reale-avintia-racing-and-ducati-renew-their-contract-for-2018\/\"]}]},{\"@type\":\"ImageObject\",\"inLanguage\":\"it-IT\",\"@id\":\"http:\/\/esponsorama.ad\/ca\/reale-avintia-racing-and-ducati-renew-their-contract-for-2018\/#primaryimage\",\"url\":\"http:\/\/esponsorama.ad\/wp-content\/uploads\/2017\/04\/IMG_5549.jpg\",\"contentUrl\":\"http:\/\/esponsorama.ad\/wp-content\/uploads\/2017\/04\/IMG_5549.jpg\",\"width\":2048,\"height\":1536},{\"@type\":\"BreadcrumbList\",\"@id\":\"http:\/\/esponsorama.ad\/ca\/reale-avintia-racing-and-ducati-renew-their-contract-for-2018\/#breadcrumb\",\"itemListElement\":[{\"@type\":\"ListItem\",\"position\":1,\"name\":\"Home\",\"item\":\"http:\/\/esponsorama.ad\/en\/\"},{\"@type\":\"ListItem\",\"position\":2,\"name\":\"Reale Avintia Racing i Ducati renoven el seu acord per 2018\"}]},{\"@type\":\"WebSite\",\"@id\":\"http:\/\/esponsorama.ad\/es\/#website\",\"url\":\"http:\/\/esponsorama.ad\/es\/\",\"name\":\"Esponsorama\",\"description\":\"Specialist in motorsport sponsorship and event promotions\",\"potentialAction\":[{\"@type\":\"SearchAction\",\"target\":{\"@type\":\"EntryPoint\",\"urlTemplate\":\"http:\/\/esponsorama.ad\/es\/?s={search_term_string}\"},\"query-input\":{\"@type\":\"PropertyValueSpecification\",\"valueRequired\":true,\"valueName\":\"search_term_string\"}}],\"inLanguage\":\"it-IT\"},{\"@type\":\"Person\",\"@id\":\"http:\/\/esponsorama.ad\/es\/#\/schema\/person\/a5cde74945183d737066e46b61c6f9c4\",\"name\":\"Xavi Andornet\",\"image\":{\"@type\":\"ImageObject\",\"inLanguage\":\"it-IT\",\"@id\":\"http:\/\/esponsorama.ad\/es\/#\/schema\/person\/image\/\",\"url\":\"https:\/\/secure.gravatar.com\/avatar\/f10eaf9ad601244a2357c9fd7cd9805ed166cfaaf76d5d9ab08a9d873e70147a?s=96&d=mm&r=g\",\"contentUrl\":\"https:\/\/secure.gravatar.com\/avatar\/f10eaf9ad601244a2357c9fd7cd9805ed166cfaaf76d5d9ab08a9d873e70147a?s=96&d=mm&r=g\",\"caption\":\"Xavi Andornet\"},\"sameAs\":[\"http:\/\/www.andornet.ad\"],\"url\":\"http:\/\/esponsorama.ad\/it\/author\/andornet\/\"}]}<\/script>\n<!-- \/ Yoast SEO plugin. -->","yoast_head_json":{"title":"Reale Avintia Racing i Ducati renoven el seu acord per 2018 - Esponsorama","robots":{"index":"index","follow":"follow","max-snippet":"max-snippet:-1","max-image-preview":"max-image-preview:large","max-video-preview":"max-video-preview:-1"},"canonical":"http:\/\/esponsorama.ad\/ca\/reale-avintia-racing-and-ducati-renew-their-contract-for-2018\/","og_locale":"it_IT","og_type":"article","og_title":"Reale Avintia Racing i Ducati renoven el seu acord per 2018 - Esponsorama","og_description":"L&#8217;equip Reale Avintia Racing t\u00e9 el plaer d&#8217;anunciar la renovaci\u00f3 del seu contracte amb Ducati Corse per seguir competint amb les motos de Borgo Panigale en el Campionat del M\u00f3n de MotoGP el 2018. L&#8217;acord s&#8217;ha signat aquest cap de setmana al Circuit de les Am\u00e8riques, i l&#8217;equip disposar\u00e0 de dos Ducati Desmosedici GP 2017 [&hellip;]","og_url":"http:\/\/esponsorama.ad\/ca\/reale-avintia-racing-and-ducati-renew-their-contract-for-2018\/","og_site_name":"Esponsorama","article_published_time":"2017-04-22T18:35:09+00:00","og_image":[{"width":2048,"height":1536,"url":"http:\/\/esponsorama.ad\/wp-content\/uploads\/2017\/04\/IMG_5549.jpg","type":"image\/jpeg"}],"author":"Xavi Andornet","twitter_card":"summary_large_image","twitter_misc":{"Written by":"Xavi Andornet","Est. reading time":"2 minutes"},"schema":{"@context":"https:\/\/schema.org","@graph":[{"@type":"Article","@id":"http:\/\/esponsorama.ad\/ca\/reale-avintia-racing-and-ducati-renew-their-contract-for-2018\/#article","isPartOf":{"@id":"http:\/\/esponsorama.ad\/ca\/reale-avintia-racing-and-ducati-renew-their-contract-for-2018\/"},"author":{"name":"Xavi Andornet","@id":"http:\/\/esponsorama.ad\/es\/#\/schema\/person\/a5cde74945183d737066e46b61c6f9c4"},"headline":"Reale Avintia Racing i Ducati renoven el seu acord per 2018","datePublished":"2017-04-22T18:35:09+00:00","mainEntityOfPage":{"@id":"http:\/\/esponsorama.ad\/ca\/reale-avintia-racing-and-ducati-renew-their-contract-for-2018\/"},"wordCount":322,"image":{"@id":"http:\/\/esponsorama.ad\/ca\/reale-avintia-racing-and-ducati-renew-their-contract-for-2018\/#primaryimage"},"thumbnailUrl":"http:\/\/esponsorama.ad\/wp-content\/uploads\/2017\/04\/IMG_5549.jpg","articleSection":["MotoGP"],"inLanguage":"it-IT"},{"@type":"WebPage","@id":"http:\/\/esponsorama.ad\/ca\/reale-avintia-racing-and-ducati-renew-their-contract-for-2018\/","url":"http:\/\/esponsorama.ad\/ca\/reale-avintia-racing-and-ducati-renew-their-contract-for-2018\/","name":"Reale Avintia Racing i Ducati renoven el seu acord per 2018 - Esponsorama","isPartOf":{"@id":"http:\/\/esponsorama.ad\/es\/#website"},"primaryImageOfPage":{"@id":"http:\/\/esponsorama.ad\/ca\/reale-avintia-racing-and-ducati-renew-their-contract-for-2018\/#primaryimage"},"image":{"@id":"http:\/\/esponsorama.ad\/ca\/reale-avintia-racing-and-ducati-renew-their-contract-for-2018\/#primaryimage"},"thumbnailUrl":"http:\/\/esponsorama.ad\/wp-content\/uploads\/2017\/04\/IMG_5549.jpg","datePublished":"2017-04-22T18:35:09+00:00","author":{"@id":"http:\/\/esponsorama.ad\/es\/#\/schema\/person\/a5cde74945183d737066e46b61c6f9c4"},"breadcrumb":{"@id":"http:\/\/esponsorama.ad\/ca\/reale-avintia-racing-and-ducati-renew-their-contract-for-2018\/#breadcrumb"},"inLanguage":"it-IT","potentialAction":[{"@type":"ReadAction","target":["http:\/\/esponsorama.ad\/ca\/reale-avintia-racing-and-ducati-renew-their-contract-for-2018\/"]}]},{"@type":"ImageObject","inLanguage":"it-IT","@id":"http:\/\/esponsorama.ad\/ca\/reale-avintia-racing-and-ducati-renew-their-contract-for-2018\/#primaryimage","url":"http:\/\/esponsorama.ad\/wp-content\/uploads\/2017\/04\/IMG_5549.jpg","contentUrl":"http:\/\/esponsorama.ad\/wp-content\/uploads\/2017\/04\/IMG_5549.jpg","width":2048,"height":1536},{"@type":"BreadcrumbList","@id":"http:\/\/esponsorama.ad\/ca\/reale-avintia-racing-and-ducati-renew-their-contract-for-2018\/#breadcrumb","itemListElement":[{"@type":"ListItem","position":1,"name":"Home","item":"http:\/\/esponsorama.ad\/en\/"},{"@type":"ListItem","position":2,"name":"Reale Avintia Racing i Ducati renoven el seu acord per 2018"}]},{"@type":"WebSite","@id":"http:\/\/esponsorama.ad\/es\/#website","url":"http:\/\/esponsorama.ad\/es\/","name":"Esponsorama","description":"Specialist in motorsport sponsorship and event promotions","potentialAction":[{"@type":"SearchAction","target":{"@type":"EntryPoint","urlTemplate":"http:\/\/esponsorama.ad\/es\/?s={search_term_string}"},"query-input":{"@type":"PropertyValueSpecification","valueRequired":true,"valueName":"search_term_string"}}],"inLanguage":"it-IT"},{"@type":"Person","@id":"http:\/\/esponsorama.ad\/es\/#\/schema\/person\/a5cde74945183d737066e46b61c6f9c4","name":"Xavi Andornet","image":{"@type":"ImageObject","inLanguage":"it-IT","@id":"http:\/\/esponsorama.ad\/es\/#\/schema\/person\/image\/","url":"https:\/\/secure.gravatar.com\/avatar\/f10eaf9ad601244a2357c9fd7cd9805ed166cfaaf76d5d9ab08a9d873e70147a?s=96&d=mm&r=g","contentUrl":"https:\/\/secure.gravatar.com\/avatar\/f10eaf9ad601244a2357c9fd7cd9805ed166cfaaf76d5d9ab08a9d873e70147a?s=96&d=mm&r=g","caption":"Xavi Andornet"},"sameAs":["http:\/\/www.andornet.ad"],"url":"http:\/\/esponsorama.ad\/it\/author\/andornet\/"}]}},"_links":{"self":[{"href":"http:\/\/esponsorama.ad\/it\/wp-json\/wp\/v2\/posts\/2643","targetHints":{"allow":["GET"]}}],"collection":[{"href":"http:\/\/esponsorama.ad\/it\/wp-json\/wp\/v2\/posts"}],"about":[{"href":"http:\/\/esponsorama.ad\/it\/wp-json\/wp\/v2\/types\/post"}],"author":[{"embeddable":true,"href":"http:\/\/esponsorama.ad\/it\/wp-json\/wp\/v2\/users\/6"}],"replies":[{"embeddable":true,"href":"http:\/\/esponsorama.ad\/it\/wp-json\/wp\/v2\/comments?post=2643"}],"version-history":[{"count":0,"href":"http:\/\/esponsorama.ad\/it\/wp-json\/wp\/v2\/posts\/2643\/revisions"}],"wp:featuredmedia":[{"embeddable":true,"href":"http:\/\/esponsorama.ad\/it\/wp-json\/wp\/v2\/media\/2636"}],"wp:attachment":[{"href":"http:\/\/esponsorama.ad\/it\/wp-json\/wp\/v2\/media?parent=2643"}],"wp:term":[{"taxonomy":"category","embeddable":true,"href":"http:\/\/esponsorama.ad\/it\/wp-json\/wp\/v2\/categories?post=2643"},{"taxonomy":"post_tag","embeddable":true,"href":"http:\/\/esponsorama.ad\/it\/wp-json\/wp\/v2\/tags?post=2643"}],"curies":[{"name":"wp","href":"https:\/\/api.w.org\/{rel}","templated":true}]}}