{"id":2705,"date":"2017-04-22T17:53:23","date_gmt":"2017-04-22T15:53:23","guid":{"rendered":"http:\/\/esponsorama.ad\/?p=2705"},"modified":"2017-04-23T01:04:06","modified_gmt":"2017-04-22T23:04:06","slug":"quinta-linea-parrilla-baz-barbera-texas-3","status":"publish","type":"post","link":"http:\/\/esponsorama.ad\/ca\/quinta-linea-parrilla-baz-barbera-texas-3\/","title":{"rendered":"Cinquena l\u00ednia de graella per Baz i Barber\u00e1 a Texas"},"content":{"rendered":"<p>Els pilots de l&#8217;equip Reale Avintia Racing sortiran dem\u00e0 al Gran Premi de les Am\u00e8riques des de la cinquena l\u00ednia de la graella. Loris Baz ho far\u00e0 des de la 14a posici\u00f3 i H\u00e9ctor Barber\u00e1 just per darrere del franc\u00e8s. Els dos pilots han lluitat a la Q1 per poder passar a la Q2, i tot i que Baz ha estat molt a prop, ha perdut totes les seves opcions en l&#8217;\u00faltima corba on ha estat a punt de caure. Per\u00f2 el brau pilot de Reale Avintia Racing ha aconseguit salvar la caiguda al m\u00e9s pur estil del rodeo americ\u00e0, i ha acabat sent el protagonista en la primera sessi\u00f3 classificat\u00f2ria. Dem\u00e0 t\u00e9 bon ritme i, tot i que no ser\u00e0 f\u00e0cil, espera poder lluitar pel Top 10.<\/p>\n<p>H\u00e9ctor Barber\u00e1 ha acabat molt a prop, per\u00f2 el pilot espanyol segueix treballant per adaptar el seu estil a la Desmosedici GP16. Tot i que la posici\u00f3 en graella no \u00e9s molt bona, Barber\u00e1 ha acabat el dia content amb la seva progressi\u00f3 i dem\u00e0 espera seguir millorant la seva forma de pilotar la Ducati a les 21 voltes de la cursa.<\/p>\n\n<p>&#8220;Ha estat un dia complicat, sobretot al mat\u00ed. Al FP4 hem trobat alguna cosa positiva i no ha anat malament. En els cronometrats el feeling era bo, he intentat buscar una roda per fer una volta, per\u00f2 no ha pogut ser. Per\u00f2 tot i anar sol la volta no ha estat malament. Despr\u00e9s estava millorant amb el segon pneum\u00e0tic, per\u00f2 potser he emp\u00e8s massa. Sabia que ja anava just quan he frenat, i potser m&#8217;hauria d&#8217;haver anat llarg per fer la corba, per\u00f2 volia entrar a la Q2 &#8230; B\u00e9, no ho he aconseguit, per\u00f2 he fet una bona salvada i almenys es veuran els patrocinadors a tot el m\u00f3n. &#8221;<\/p>\n\n<p>&#8220;Estic content per\u00f2 nom\u00e9s a mitges. Estem en fase d&#8217;adaptaci\u00f3, encara que soni estrany que ho digui un pilot que porta 16 anys al Mundial. Per\u00f2 he de comen\u00e7ar de zero i canviar el meu estil de pilotatge. Amb el meu estil aquesta moto no va i sabem que he de canviar-lo. Hem millorat bastant respecte a la cursa anterior, no el que ens hagu\u00e9s agradat, per\u00f2 crec que estem en el cam\u00ed correcte, encara que sabem que no \u00e9s f\u00e0cil perqu\u00e8 cal canviar tots els h\u00e0bits de conducci\u00f3. El major problema \u00e9s quan vull anar r\u00e0pid, perqu\u00e8 \u00e9s quan no penses i instintivament surt el meu estil i aix\u00f2 \u00e9s el que m\u00e9s em penalitza. He de agafar-me la carrera amb calma, com si fos un entrenament i el meu objectiu \u00e9s millorar el meu estil, sense importar la posici\u00f3 final. &#8220;<\/p>\n","protected":false},"excerpt":{"rendered":"<p>Els pilots de l&#8217;equip Reale Avintia Racing sortiran dem\u00e0 al Gran Premi de les Am\u00e8riques des de la cinquena l\u00ednia de la graella. Loris Baz ho far\u00e0 des de la 14a posici\u00f3 i H\u00e9ctor Barber\u00e1 just per darrere del franc\u00e8s. Els dos pilots han lluitat a la Q1 per poder passar a la Q2, i [&hellip;]<\/p>\n","protected":false},"author":6,"featured_media":2669,"comment_status":"closed","ping_status":"closed","sticky":false,"template":"","format":"standard","meta":{"footnotes":""},"categories":[3],"tags":[],"class_list":["post-2705","post","type-post","status-publish","format-standard","has-post-thumbnail","hentry","category-motogp"],"yoast_head":"<!-- This site is optimized with the Yoast SEO plugin v27.1.1 - https:\/\/yoast.com\/product\/yoast-seo-wordpress\/ -->\n<title>Cinquena l\u00ednia de graella per Baz i Barber\u00e1 a Texas - Esponsorama<\/title>\n<meta name=\"robots\" content=\"index, follow, max-snippet:-1, max-image-preview:large, max-video-preview:-1\" \/>\n<link rel=\"canonical\" href=\"http:\/\/esponsorama.ad\/ca\/quinta-linea-parrilla-baz-barbera-texas-3\/\" \/>\n<meta property=\"og:locale\" content=\"it_IT\" \/>\n<meta property=\"og:type\" content=\"article\" \/>\n<meta property=\"og:title\" content=\"Cinquena l\u00ednia de graella per Baz i Barber\u00e1 a Texas - Esponsorama\" \/>\n<meta property=\"og:description\" content=\"Els pilots de l&#8217;equip Reale Avintia Racing sortiran dem\u00e0 al Gran Premi de les Am\u00e8riques des de la cinquena l\u00ednia de la graella. Loris Baz ho far\u00e0 des de la 14a posici\u00f3 i H\u00e9ctor Barber\u00e1 just per darrere del franc\u00e8s. Els dos pilots han lluitat a la Q1 per poder passar a la Q2, i [&hellip;]\" \/>\n<meta property=\"og:url\" content=\"http:\/\/esponsorama.ad\/ca\/quinta-linea-parrilla-baz-barbera-texas-3\/\" \/>\n<meta property=\"og:site_name\" content=\"Esponsorama\" \/>\n<meta property=\"article:published_time\" content=\"2017-04-22T15:53:23+00:00\" \/>\n<meta property=\"article:modified_time\" content=\"2017-04-22T23:04:06+00:00\" \/>\n<meta property=\"og:image\" content=\"http:\/\/esponsorama.ad\/wp-content\/uploads\/2017\/04\/03_TEX_2017-0677.jpg\" \/>\n\t<meta property=\"og:image:width\" content=\"4299\" \/>\n\t<meta property=\"og:image:height\" content=\"2866\" \/>\n\t<meta property=\"og:image:type\" content=\"image\/jpeg\" \/>\n<meta name=\"author\" content=\"Xavi Andornet\" \/>\n<meta name=\"twitter:card\" content=\"summary_large_image\" \/>\n<meta name=\"twitter:label1\" content=\"Written by\" \/>\n\t<meta name=\"twitter:data1\" content=\"Xavi Andornet\" \/>\n\t<meta name=\"twitter:label2\" content=\"Est. reading time\" \/>\n\t<meta name=\"twitter:data2\" content=\"2 minutes\" \/>\n<script type=\"application\/ld+json\" class=\"yoast-schema-graph\">{\"@context\":\"https:\/\/schema.org\",\"@graph\":[{\"@type\":\"Article\",\"@id\":\"http:\/\/esponsorama.ad\/ca\/quinta-linea-parrilla-baz-barbera-texas-3\/#article\",\"isPartOf\":{\"@id\":\"http:\/\/esponsorama.ad\/ca\/quinta-linea-parrilla-baz-barbera-texas-3\/\"},\"author\":{\"name\":\"Xavi Andornet\",\"@id\":\"http:\/\/esponsorama.ad\/es\/#\/schema\/person\/a5cde74945183d737066e46b61c6f9c4\"},\"headline\":\"Cinquena l\u00ednia de graella per Baz i Barber\u00e1 a Texas\",\"datePublished\":\"2017-04-22T15:53:23+00:00\",\"dateModified\":\"2017-04-22T23:04:06+00:00\",\"mainEntityOfPage\":{\"@id\":\"http:\/\/esponsorama.ad\/ca\/quinta-linea-parrilla-baz-barbera-texas-3\/\"},\"wordCount\":479,\"image\":{\"@id\":\"http:\/\/esponsorama.ad\/ca\/quinta-linea-parrilla-baz-barbera-texas-3\/#primaryimage\"},\"thumbnailUrl\":\"http:\/\/esponsorama.ad\/wp-content\/uploads\/2017\/04\/03_TEX_2017-0677.jpg\",\"articleSection\":[\"MotoGP\"],\"inLanguage\":\"it-IT\"},{\"@type\":\"WebPage\",\"@id\":\"http:\/\/esponsorama.ad\/ca\/quinta-linea-parrilla-baz-barbera-texas-3\/\",\"url\":\"http:\/\/esponsorama.ad\/ca\/quinta-linea-parrilla-baz-barbera-texas-3\/\",\"name\":\"Cinquena l\u00ednia de graella per Baz i Barber\u00e1 a Texas - Esponsorama\",\"isPartOf\":{\"@id\":\"http:\/\/esponsorama.ad\/es\/#website\"},\"primaryImageOfPage\":{\"@id\":\"http:\/\/esponsorama.ad\/ca\/quinta-linea-parrilla-baz-barbera-texas-3\/#primaryimage\"},\"image\":{\"@id\":\"http:\/\/esponsorama.ad\/ca\/quinta-linea-parrilla-baz-barbera-texas-3\/#primaryimage\"},\"thumbnailUrl\":\"http:\/\/esponsorama.ad\/wp-content\/uploads\/2017\/04\/03_TEX_2017-0677.jpg\",\"datePublished\":\"2017-04-22T15:53:23+00:00\",\"dateModified\":\"2017-04-22T23:04:06+00:00\",\"author\":{\"@id\":\"http:\/\/esponsorama.ad\/es\/#\/schema\/person\/a5cde74945183d737066e46b61c6f9c4\"},\"breadcrumb\":{\"@id\":\"http:\/\/esponsorama.ad\/ca\/quinta-linea-parrilla-baz-barbera-texas-3\/#breadcrumb\"},\"inLanguage\":\"it-IT\",\"potentialAction\":[{\"@type\":\"ReadAction\",\"target\":[\"http:\/\/esponsorama.ad\/ca\/quinta-linea-parrilla-baz-barbera-texas-3\/\"]}]},{\"@type\":\"ImageObject\",\"inLanguage\":\"it-IT\",\"@id\":\"http:\/\/esponsorama.ad\/ca\/quinta-linea-parrilla-baz-barbera-texas-3\/#primaryimage\",\"url\":\"http:\/\/esponsorama.ad\/wp-content\/uploads\/2017\/04\/03_TEX_2017-0677.jpg\",\"contentUrl\":\"http:\/\/esponsorama.ad\/wp-content\/uploads\/2017\/04\/03_TEX_2017-0677.jpg\",\"width\":4299,\"height\":2866},{\"@type\":\"BreadcrumbList\",\"@id\":\"http:\/\/esponsorama.ad\/ca\/quinta-linea-parrilla-baz-barbera-texas-3\/#breadcrumb\",\"itemListElement\":[{\"@type\":\"ListItem\",\"position\":1,\"name\":\"Home\",\"item\":\"http:\/\/esponsorama.ad\/es\/\"},{\"@type\":\"ListItem\",\"position\":2,\"name\":\"Cinquena l\u00ednia de graella per Baz i Barber\u00e1 a Texas\"}]},{\"@type\":\"WebSite\",\"@id\":\"http:\/\/esponsorama.ad\/es\/#website\",\"url\":\"http:\/\/esponsorama.ad\/es\/\",\"name\":\"Esponsorama\",\"description\":\"Specialist in motorsport sponsorship and event promotions\",\"potentialAction\":[{\"@type\":\"SearchAction\",\"target\":{\"@type\":\"EntryPoint\",\"urlTemplate\":\"http:\/\/esponsorama.ad\/es\/?s={search_term_string}\"},\"query-input\":{\"@type\":\"PropertyValueSpecification\",\"valueRequired\":true,\"valueName\":\"search_term_string\"}}],\"inLanguage\":\"it-IT\"},{\"@type\":\"Person\",\"@id\":\"http:\/\/esponsorama.ad\/es\/#\/schema\/person\/a5cde74945183d737066e46b61c6f9c4\",\"name\":\"Xavi Andornet\",\"image\":{\"@type\":\"ImageObject\",\"inLanguage\":\"it-IT\",\"@id\":\"http:\/\/esponsorama.ad\/es\/#\/schema\/person\/image\/\",\"url\":\"https:\/\/secure.gravatar.com\/avatar\/f10eaf9ad601244a2357c9fd7cd9805ed166cfaaf76d5d9ab08a9d873e70147a?s=96&d=mm&r=g\",\"contentUrl\":\"https:\/\/secure.gravatar.com\/avatar\/f10eaf9ad601244a2357c9fd7cd9805ed166cfaaf76d5d9ab08a9d873e70147a?s=96&d=mm&r=g\",\"caption\":\"Xavi Andornet\"},\"sameAs\":[\"http:\/\/www.andornet.ad\"],\"url\":\"http:\/\/esponsorama.ad\/it\/author\/andornet\/\"}]}<\/script>\n<!-- \/ Yoast SEO plugin. -->","yoast_head_json":{"title":"Cinquena l\u00ednia de graella per Baz i Barber\u00e1 a Texas - Esponsorama","robots":{"index":"index","follow":"follow","max-snippet":"max-snippet:-1","max-image-preview":"max-image-preview:large","max-video-preview":"max-video-preview:-1"},"canonical":"http:\/\/esponsorama.ad\/ca\/quinta-linea-parrilla-baz-barbera-texas-3\/","og_locale":"it_IT","og_type":"article","og_title":"Cinquena l\u00ednia de graella per Baz i Barber\u00e1 a Texas - Esponsorama","og_description":"Els pilots de l&#8217;equip Reale Avintia Racing sortiran dem\u00e0 al Gran Premi de les Am\u00e8riques des de la cinquena l\u00ednia de la graella. Loris Baz ho far\u00e0 des de la 14a posici\u00f3 i H\u00e9ctor Barber\u00e1 just per darrere del franc\u00e8s. Els dos pilots han lluitat a la Q1 per poder passar a la Q2, i [&hellip;]","og_url":"http:\/\/esponsorama.ad\/ca\/quinta-linea-parrilla-baz-barbera-texas-3\/","og_site_name":"Esponsorama","article_published_time":"2017-04-22T15:53:23+00:00","article_modified_time":"2017-04-22T23:04:06+00:00","og_image":[{"width":4299,"height":2866,"url":"http:\/\/esponsorama.ad\/wp-content\/uploads\/2017\/04\/03_TEX_2017-0677.jpg","type":"image\/jpeg"}],"author":"Xavi Andornet","twitter_card":"summary_large_image","twitter_misc":{"Written by":"Xavi Andornet","Est. reading time":"2 minutes"},"schema":{"@context":"https:\/\/schema.org","@graph":[{"@type":"Article","@id":"http:\/\/esponsorama.ad\/ca\/quinta-linea-parrilla-baz-barbera-texas-3\/#article","isPartOf":{"@id":"http:\/\/esponsorama.ad\/ca\/quinta-linea-parrilla-baz-barbera-texas-3\/"},"author":{"name":"Xavi Andornet","@id":"http:\/\/esponsorama.ad\/es\/#\/schema\/person\/a5cde74945183d737066e46b61c6f9c4"},"headline":"Cinquena l\u00ednia de graella per Baz i Barber\u00e1 a Texas","datePublished":"2017-04-22T15:53:23+00:00","dateModified":"2017-04-22T23:04:06+00:00","mainEntityOfPage":{"@id":"http:\/\/esponsorama.ad\/ca\/quinta-linea-parrilla-baz-barbera-texas-3\/"},"wordCount":479,"image":{"@id":"http:\/\/esponsorama.ad\/ca\/quinta-linea-parrilla-baz-barbera-texas-3\/#primaryimage"},"thumbnailUrl":"http:\/\/esponsorama.ad\/wp-content\/uploads\/2017\/04\/03_TEX_2017-0677.jpg","articleSection":["MotoGP"],"inLanguage":"it-IT"},{"@type":"WebPage","@id":"http:\/\/esponsorama.ad\/ca\/quinta-linea-parrilla-baz-barbera-texas-3\/","url":"http:\/\/esponsorama.ad\/ca\/quinta-linea-parrilla-baz-barbera-texas-3\/","name":"Cinquena l\u00ednia de graella per Baz i Barber\u00e1 a Texas - Esponsorama","isPartOf":{"@id":"http:\/\/esponsorama.ad\/es\/#website"},"primaryImageOfPage":{"@id":"http:\/\/esponsorama.ad\/ca\/quinta-linea-parrilla-baz-barbera-texas-3\/#primaryimage"},"image":{"@id":"http:\/\/esponsorama.ad\/ca\/quinta-linea-parrilla-baz-barbera-texas-3\/#primaryimage"},"thumbnailUrl":"http:\/\/esponsorama.ad\/wp-content\/uploads\/2017\/04\/03_TEX_2017-0677.jpg","datePublished":"2017-04-22T15:53:23+00:00","dateModified":"2017-04-22T23:04:06+00:00","author":{"@id":"http:\/\/esponsorama.ad\/es\/#\/schema\/person\/a5cde74945183d737066e46b61c6f9c4"},"breadcrumb":{"@id":"http:\/\/esponsorama.ad\/ca\/quinta-linea-parrilla-baz-barbera-texas-3\/#breadcrumb"},"inLanguage":"it-IT","potentialAction":[{"@type":"ReadAction","target":["http:\/\/esponsorama.ad\/ca\/quinta-linea-parrilla-baz-barbera-texas-3\/"]}]},{"@type":"ImageObject","inLanguage":"it-IT","@id":"http:\/\/esponsorama.ad\/ca\/quinta-linea-parrilla-baz-barbera-texas-3\/#primaryimage","url":"http:\/\/esponsorama.ad\/wp-content\/uploads\/2017\/04\/03_TEX_2017-0677.jpg","contentUrl":"http:\/\/esponsorama.ad\/wp-content\/uploads\/2017\/04\/03_TEX_2017-0677.jpg","width":4299,"height":2866},{"@type":"BreadcrumbList","@id":"http:\/\/esponsorama.ad\/ca\/quinta-linea-parrilla-baz-barbera-texas-3\/#breadcrumb","itemListElement":[{"@type":"ListItem","position":1,"name":"Home","item":"http:\/\/esponsorama.ad\/es\/"},{"@type":"ListItem","position":2,"name":"Cinquena l\u00ednia de graella per Baz i Barber\u00e1 a Texas"}]},{"@type":"WebSite","@id":"http:\/\/esponsorama.ad\/es\/#website","url":"http:\/\/esponsorama.ad\/es\/","name":"Esponsorama","description":"Specialist in motorsport sponsorship and event promotions","potentialAction":[{"@type":"SearchAction","target":{"@type":"EntryPoint","urlTemplate":"http:\/\/esponsorama.ad\/es\/?s={search_term_string}"},"query-input":{"@type":"PropertyValueSpecification","valueRequired":true,"valueName":"search_term_string"}}],"inLanguage":"it-IT"},{"@type":"Person","@id":"http:\/\/esponsorama.ad\/es\/#\/schema\/person\/a5cde74945183d737066e46b61c6f9c4","name":"Xavi Andornet","image":{"@type":"ImageObject","inLanguage":"it-IT","@id":"http:\/\/esponsorama.ad\/es\/#\/schema\/person\/image\/","url":"https:\/\/secure.gravatar.com\/avatar\/f10eaf9ad601244a2357c9fd7cd9805ed166cfaaf76d5d9ab08a9d873e70147a?s=96&d=mm&r=g","contentUrl":"https:\/\/secure.gravatar.com\/avatar\/f10eaf9ad601244a2357c9fd7cd9805ed166cfaaf76d5d9ab08a9d873e70147a?s=96&d=mm&r=g","caption":"Xavi Andornet"},"sameAs":["http:\/\/www.andornet.ad"],"url":"http:\/\/esponsorama.ad\/it\/author\/andornet\/"}]}},"_links":{"self":[{"href":"http:\/\/esponsorama.ad\/it\/wp-json\/wp\/v2\/posts\/2705","targetHints":{"allow":["GET"]}}],"collection":[{"href":"http:\/\/esponsorama.ad\/it\/wp-json\/wp\/v2\/posts"}],"about":[{"href":"http:\/\/esponsorama.ad\/it\/wp-json\/wp\/v2\/types\/post"}],"author":[{"embeddable":true,"href":"http:\/\/esponsorama.ad\/it\/wp-json\/wp\/v2\/users\/6"}],"replies":[{"embeddable":true,"href":"http:\/\/esponsorama.ad\/it\/wp-json\/wp\/v2\/comments?post=2705"}],"version-history":[{"count":0,"href":"http:\/\/esponsorama.ad\/it\/wp-json\/wp\/v2\/posts\/2705\/revisions"}],"wp:featuredmedia":[{"embeddable":true,"href":"http:\/\/esponsorama.ad\/it\/wp-json\/wp\/v2\/media\/2669"}],"wp:attachment":[{"href":"http:\/\/esponsorama.ad\/it\/wp-json\/wp\/v2\/media?parent=2705"}],"wp:term":[{"taxonomy":"category","embeddable":true,"href":"http:\/\/esponsorama.ad\/it\/wp-json\/wp\/v2\/categories?post=2705"},{"taxonomy":"post_tag","embeddable":true,"href":"http:\/\/esponsorama.ad\/it\/wp-json\/wp\/v2\/tags?post=2705"}],"curies":[{"name":"wp","href":"https:\/\/api.w.org\/{rel}","templated":true}]}}