{"id":2745,"date":"2017-04-23T18:30:15","date_gmt":"2017-04-23T16:30:15","guid":{"rendered":"http:\/\/esponsorama.ad\/?p=2745"},"modified":"2017-04-24T01:06:19","modified_gmt":"2017-04-23T23:06:19","slug":"barbera-baz-dejan-texas-sabor-agridulce-3","status":"publish","type":"post","link":"http:\/\/esponsorama.ad\/ca\/barbera-baz-dejan-texas-sabor-agridulce-3\/","title":{"rendered":"Barber\u00e1 i Baz deixen Texas amb un sabor agredol\u00e7"},"content":{"rendered":"<p>La tercera cita del Campionat del M\u00f3n de MotoGP ha deixat un gust agredol\u00e7 als pilots de l&#8217;equip Reale Avintia Racing. H\u00e9ctor Barber\u00e1 ha sumat dos punts despr\u00e9s d&#8217;acabar 14\u00e8, mentre que Loris Baz s&#8217;ha quedat sense premi despr\u00e9s de caure en la novena volta de la carrera, quan estava lluitant amb el brit\u00e0nic Scott Redding.<\/p>\n<p>Per\u00f2 tots dos pilots han tret coses positives del cap de setmana al Circuit de les Am\u00e8riques, un circuit que no s&#8217;ha mostrat gens favorable a les Ducati. H\u00e9ctor Barber\u00e1 ha fet un pas endavant en el seu proc\u00e9s d&#8217;adaptaci\u00f3 a la Desmosedici GP16 i encara que la posici\u00f3 de carrera no hagi estat la millor, ha compr\u00e8s coses que li poden ser d&#8217;ajuda en la pr\u00f2xima cita a casa. Baz avui no ha tingut sort, per\u00f2 fins al moment de la caiguda ha estat en el grup que lluitava pel top 10, el que sens dubte \u00e9s una cosa positiva.<\/p>\n<p>Despr\u00e9s de tres carreres fora d&#8217;Europa, el Mundial arribar\u00e0 a Jerez aqu\u00ed a dues setmanes, la cursa de casa per al Reale Avintia Racing i H\u00e9ctor Barber\u00e1.<\/p>\n\n<p>&#8220;Ha estat una cursa bastant estranya, perqu\u00e8 encara que el resultat no \u00e9s el que ens agradaria, he fet un pas endavant amb el nou estil de pilotatge, l&#8217;estil que requereix aquesta moto. Ha estat el primer cap de setmana que no hem modificat la moto, per\u00f2 jo s\u00ed que he canviat. En les \u00faltimes cinc voltes he patit molt amb l&#8217;avantbra\u00e7, aquest \u00e9s un circuit molt f\u00edsic i aquest any amb tant entrebanc encara m\u00e9s. per\u00f2 crec que hem de quedar-nos amb la part positiva i \u00e9s que hem acabat m\u00e9s a prop de les altres Ducati. Dono les gr\u00e0cies a l&#8217;equip per la seva paci\u00e8ncia i jo seguir\u00e9 treballant al m\u00e0xim. a m\u00e9s la propera \u00e9s Jerez, un circuit que m&#8217;agrada i on podem fer-ho b\u00e9. &#8221;<\/p>\n\n<p>&#8220;\u00c9s una ll\u00e0stima, perqu\u00e8 encara que no estava anant perfecte, he aguantat al grup. Per\u00f2 intentant recuperar amb Scott (Redding) m&#8217;ha fallat el canvi entrant en un revolt lenta, la moto s&#8217;ha quedat com a punt mort, m&#8217;he sortit recte i he perdut diversos segons. despr\u00e9s he tornat a pista i no s\u00e9 si ho he fet amb massa ganes perqu\u00e8 m&#8217;he caigut dues o tres revolts despr\u00e9s. he agafat un sot frenant i avui no he pogut salvar-la &#8230; Sab\u00edem que el m\u00e9s important era acabar la carrera i sumar punts, per\u00f2 ha estat complicat i la moto no era tan f\u00e0cil com a l&#8217;Argentina. a Jerez tornarem a donar guerra. &#8220;<\/p>\n","protected":false},"excerpt":{"rendered":"<p>La tercera cita del Campionat del M\u00f3n de MotoGP ha deixat un gust agredol\u00e7 als pilots de l&#8217;equip Reale Avintia Racing. H\u00e9ctor Barber\u00e1 ha sumat dos punts despr\u00e9s d&#8217;acabar 14\u00e8, mentre que Loris Baz s&#8217;ha quedat sense premi despr\u00e9s de caure en la novena volta de la carrera, quan estava lluitant amb el brit\u00e0nic Scott [&hellip;]<\/p>\n","protected":false},"author":6,"featured_media":2733,"comment_status":"closed","ping_status":"closed","sticky":false,"template":"","format":"standard","meta":{"footnotes":""},"categories":[3],"tags":[],"class_list":["post-2745","post","type-post","status-publish","format-standard","has-post-thumbnail","hentry","category-motogp"],"yoast_head":"<!-- This site is optimized with the Yoast SEO plugin v27.1.1 - https:\/\/yoast.com\/product\/yoast-seo-wordpress\/ -->\n<title>Barber\u00e1 i Baz deixen Texas amb un sabor agredol\u00e7 - Esponsorama<\/title>\n<meta name=\"robots\" content=\"index, follow, max-snippet:-1, max-image-preview:large, max-video-preview:-1\" \/>\n<link rel=\"canonical\" href=\"http:\/\/esponsorama.ad\/ca\/barbera-baz-dejan-texas-sabor-agridulce-3\/\" \/>\n<meta property=\"og:locale\" content=\"it_IT\" \/>\n<meta property=\"og:type\" content=\"article\" \/>\n<meta property=\"og:title\" content=\"Barber\u00e1 i Baz deixen Texas amb un sabor agredol\u00e7 - Esponsorama\" \/>\n<meta property=\"og:description\" content=\"La tercera cita del Campionat del M\u00f3n de MotoGP ha deixat un gust agredol\u00e7 als pilots de l&#8217;equip Reale Avintia Racing. H\u00e9ctor Barber\u00e1 ha sumat dos punts despr\u00e9s d&#8217;acabar 14\u00e8, mentre que Loris Baz s&#8217;ha quedat sense premi despr\u00e9s de caure en la novena volta de la carrera, quan estava lluitant amb el brit\u00e0nic Scott [&hellip;]\" \/>\n<meta property=\"og:url\" content=\"http:\/\/esponsorama.ad\/ca\/barbera-baz-dejan-texas-sabor-agridulce-3\/\" \/>\n<meta property=\"og:site_name\" content=\"Esponsorama\" \/>\n<meta property=\"article:published_time\" content=\"2017-04-23T16:30:15+00:00\" \/>\n<meta property=\"article:modified_time\" content=\"2017-04-23T23:06:19+00:00\" \/>\n<meta property=\"og:image\" content=\"http:\/\/esponsorama.ad\/wp-content\/uploads\/2017\/04\/03_TEX_2017-7861.jpg\" \/>\n\t<meta property=\"og:image:width\" content=\"4193\" \/>\n\t<meta property=\"og:image:height\" content=\"2795\" \/>\n\t<meta property=\"og:image:type\" content=\"image\/jpeg\" \/>\n<meta name=\"author\" content=\"Xavi Andornet\" \/>\n<meta name=\"twitter:card\" content=\"summary_large_image\" \/>\n<meta name=\"twitter:label1\" content=\"Written by\" \/>\n\t<meta name=\"twitter:data1\" content=\"Xavi Andornet\" \/>\n\t<meta name=\"twitter:label2\" content=\"Est. reading time\" \/>\n\t<meta name=\"twitter:data2\" content=\"2 minutes\" \/>\n<script type=\"application\/ld+json\" class=\"yoast-schema-graph\">{\"@context\":\"https:\/\/schema.org\",\"@graph\":[{\"@type\":\"Article\",\"@id\":\"http:\/\/esponsorama.ad\/ca\/barbera-baz-dejan-texas-sabor-agridulce-3\/#article\",\"isPartOf\":{\"@id\":\"http:\/\/esponsorama.ad\/ca\/barbera-baz-dejan-texas-sabor-agridulce-3\/\"},\"author\":{\"name\":\"Xavi Andornet\",\"@id\":\"http:\/\/esponsorama.ad\/es\/#\/schema\/person\/a5cde74945183d737066e46b61c6f9c4\"},\"headline\":\"Barber\u00e1 i Baz deixen Texas amb un sabor agredol\u00e7\",\"datePublished\":\"2017-04-23T16:30:15+00:00\",\"dateModified\":\"2017-04-23T23:06:19+00:00\",\"mainEntityOfPage\":{\"@id\":\"http:\/\/esponsorama.ad\/ca\/barbera-baz-dejan-texas-sabor-agridulce-3\/\"},\"wordCount\":462,\"image\":{\"@id\":\"http:\/\/esponsorama.ad\/ca\/barbera-baz-dejan-texas-sabor-agridulce-3\/#primaryimage\"},\"thumbnailUrl\":\"http:\/\/esponsorama.ad\/wp-content\/uploads\/2017\/04\/03_TEX_2017-7861.jpg\",\"articleSection\":[\"MotoGP\"],\"inLanguage\":\"it-IT\"},{\"@type\":\"WebPage\",\"@id\":\"http:\/\/esponsorama.ad\/ca\/barbera-baz-dejan-texas-sabor-agridulce-3\/\",\"url\":\"http:\/\/esponsorama.ad\/ca\/barbera-baz-dejan-texas-sabor-agridulce-3\/\",\"name\":\"Barber\u00e1 i Baz deixen Texas amb un sabor agredol\u00e7 - Esponsorama\",\"isPartOf\":{\"@id\":\"http:\/\/esponsorama.ad\/es\/#website\"},\"primaryImageOfPage\":{\"@id\":\"http:\/\/esponsorama.ad\/ca\/barbera-baz-dejan-texas-sabor-agridulce-3\/#primaryimage\"},\"image\":{\"@id\":\"http:\/\/esponsorama.ad\/ca\/barbera-baz-dejan-texas-sabor-agridulce-3\/#primaryimage\"},\"thumbnailUrl\":\"http:\/\/esponsorama.ad\/wp-content\/uploads\/2017\/04\/03_TEX_2017-7861.jpg\",\"datePublished\":\"2017-04-23T16:30:15+00:00\",\"dateModified\":\"2017-04-23T23:06:19+00:00\",\"author\":{\"@id\":\"http:\/\/esponsorama.ad\/es\/#\/schema\/person\/a5cde74945183d737066e46b61c6f9c4\"},\"breadcrumb\":{\"@id\":\"http:\/\/esponsorama.ad\/ca\/barbera-baz-dejan-texas-sabor-agridulce-3\/#breadcrumb\"},\"inLanguage\":\"it-IT\",\"potentialAction\":[{\"@type\":\"ReadAction\",\"target\":[\"http:\/\/esponsorama.ad\/ca\/barbera-baz-dejan-texas-sabor-agridulce-3\/\"]}]},{\"@type\":\"ImageObject\",\"inLanguage\":\"it-IT\",\"@id\":\"http:\/\/esponsorama.ad\/ca\/barbera-baz-dejan-texas-sabor-agridulce-3\/#primaryimage\",\"url\":\"http:\/\/esponsorama.ad\/wp-content\/uploads\/2017\/04\/03_TEX_2017-7861.jpg\",\"contentUrl\":\"http:\/\/esponsorama.ad\/wp-content\/uploads\/2017\/04\/03_TEX_2017-7861.jpg\",\"width\":4193,\"height\":2795},{\"@type\":\"BreadcrumbList\",\"@id\":\"http:\/\/esponsorama.ad\/ca\/barbera-baz-dejan-texas-sabor-agridulce-3\/#breadcrumb\",\"itemListElement\":[{\"@type\":\"ListItem\",\"position\":1,\"name\":\"Home\",\"item\":\"http:\/\/esponsorama.ad\/en\/\"},{\"@type\":\"ListItem\",\"position\":2,\"name\":\"Barber\u00e1 i Baz deixen Texas amb un sabor agredol\u00e7\"}]},{\"@type\":\"WebSite\",\"@id\":\"http:\/\/esponsorama.ad\/es\/#website\",\"url\":\"http:\/\/esponsorama.ad\/es\/\",\"name\":\"Esponsorama\",\"description\":\"Specialist in motorsport sponsorship and event promotions\",\"potentialAction\":[{\"@type\":\"SearchAction\",\"target\":{\"@type\":\"EntryPoint\",\"urlTemplate\":\"http:\/\/esponsorama.ad\/es\/?s={search_term_string}\"},\"query-input\":{\"@type\":\"PropertyValueSpecification\",\"valueRequired\":true,\"valueName\":\"search_term_string\"}}],\"inLanguage\":\"it-IT\"},{\"@type\":\"Person\",\"@id\":\"http:\/\/esponsorama.ad\/es\/#\/schema\/person\/a5cde74945183d737066e46b61c6f9c4\",\"name\":\"Xavi Andornet\",\"image\":{\"@type\":\"ImageObject\",\"inLanguage\":\"it-IT\",\"@id\":\"http:\/\/esponsorama.ad\/es\/#\/schema\/person\/image\/\",\"url\":\"https:\/\/secure.gravatar.com\/avatar\/f10eaf9ad601244a2357c9fd7cd9805ed166cfaaf76d5d9ab08a9d873e70147a?s=96&d=mm&r=g\",\"contentUrl\":\"https:\/\/secure.gravatar.com\/avatar\/f10eaf9ad601244a2357c9fd7cd9805ed166cfaaf76d5d9ab08a9d873e70147a?s=96&d=mm&r=g\",\"caption\":\"Xavi Andornet\"},\"sameAs\":[\"http:\/\/www.andornet.ad\"],\"url\":\"http:\/\/esponsorama.ad\/it\/author\/andornet\/\"}]}<\/script>\n<!-- \/ Yoast SEO plugin. -->","yoast_head_json":{"title":"Barber\u00e1 i Baz deixen Texas amb un sabor agredol\u00e7 - Esponsorama","robots":{"index":"index","follow":"follow","max-snippet":"max-snippet:-1","max-image-preview":"max-image-preview:large","max-video-preview":"max-video-preview:-1"},"canonical":"http:\/\/esponsorama.ad\/ca\/barbera-baz-dejan-texas-sabor-agridulce-3\/","og_locale":"it_IT","og_type":"article","og_title":"Barber\u00e1 i Baz deixen Texas amb un sabor agredol\u00e7 - Esponsorama","og_description":"La tercera cita del Campionat del M\u00f3n de MotoGP ha deixat un gust agredol\u00e7 als pilots de l&#8217;equip Reale Avintia Racing. H\u00e9ctor Barber\u00e1 ha sumat dos punts despr\u00e9s d&#8217;acabar 14\u00e8, mentre que Loris Baz s&#8217;ha quedat sense premi despr\u00e9s de caure en la novena volta de la carrera, quan estava lluitant amb el brit\u00e0nic Scott [&hellip;]","og_url":"http:\/\/esponsorama.ad\/ca\/barbera-baz-dejan-texas-sabor-agridulce-3\/","og_site_name":"Esponsorama","article_published_time":"2017-04-23T16:30:15+00:00","article_modified_time":"2017-04-23T23:06:19+00:00","og_image":[{"width":4193,"height":2795,"url":"http:\/\/esponsorama.ad\/wp-content\/uploads\/2017\/04\/03_TEX_2017-7861.jpg","type":"image\/jpeg"}],"author":"Xavi Andornet","twitter_card":"summary_large_image","twitter_misc":{"Written by":"Xavi Andornet","Est. reading time":"2 minutes"},"schema":{"@context":"https:\/\/schema.org","@graph":[{"@type":"Article","@id":"http:\/\/esponsorama.ad\/ca\/barbera-baz-dejan-texas-sabor-agridulce-3\/#article","isPartOf":{"@id":"http:\/\/esponsorama.ad\/ca\/barbera-baz-dejan-texas-sabor-agridulce-3\/"},"author":{"name":"Xavi Andornet","@id":"http:\/\/esponsorama.ad\/es\/#\/schema\/person\/a5cde74945183d737066e46b61c6f9c4"},"headline":"Barber\u00e1 i Baz deixen Texas amb un sabor agredol\u00e7","datePublished":"2017-04-23T16:30:15+00:00","dateModified":"2017-04-23T23:06:19+00:00","mainEntityOfPage":{"@id":"http:\/\/esponsorama.ad\/ca\/barbera-baz-dejan-texas-sabor-agridulce-3\/"},"wordCount":462,"image":{"@id":"http:\/\/esponsorama.ad\/ca\/barbera-baz-dejan-texas-sabor-agridulce-3\/#primaryimage"},"thumbnailUrl":"http:\/\/esponsorama.ad\/wp-content\/uploads\/2017\/04\/03_TEX_2017-7861.jpg","articleSection":["MotoGP"],"inLanguage":"it-IT"},{"@type":"WebPage","@id":"http:\/\/esponsorama.ad\/ca\/barbera-baz-dejan-texas-sabor-agridulce-3\/","url":"http:\/\/esponsorama.ad\/ca\/barbera-baz-dejan-texas-sabor-agridulce-3\/","name":"Barber\u00e1 i Baz deixen Texas amb un sabor agredol\u00e7 - Esponsorama","isPartOf":{"@id":"http:\/\/esponsorama.ad\/es\/#website"},"primaryImageOfPage":{"@id":"http:\/\/esponsorama.ad\/ca\/barbera-baz-dejan-texas-sabor-agridulce-3\/#primaryimage"},"image":{"@id":"http:\/\/esponsorama.ad\/ca\/barbera-baz-dejan-texas-sabor-agridulce-3\/#primaryimage"},"thumbnailUrl":"http:\/\/esponsorama.ad\/wp-content\/uploads\/2017\/04\/03_TEX_2017-7861.jpg","datePublished":"2017-04-23T16:30:15+00:00","dateModified":"2017-04-23T23:06:19+00:00","author":{"@id":"http:\/\/esponsorama.ad\/es\/#\/schema\/person\/a5cde74945183d737066e46b61c6f9c4"},"breadcrumb":{"@id":"http:\/\/esponsorama.ad\/ca\/barbera-baz-dejan-texas-sabor-agridulce-3\/#breadcrumb"},"inLanguage":"it-IT","potentialAction":[{"@type":"ReadAction","target":["http:\/\/esponsorama.ad\/ca\/barbera-baz-dejan-texas-sabor-agridulce-3\/"]}]},{"@type":"ImageObject","inLanguage":"it-IT","@id":"http:\/\/esponsorama.ad\/ca\/barbera-baz-dejan-texas-sabor-agridulce-3\/#primaryimage","url":"http:\/\/esponsorama.ad\/wp-content\/uploads\/2017\/04\/03_TEX_2017-7861.jpg","contentUrl":"http:\/\/esponsorama.ad\/wp-content\/uploads\/2017\/04\/03_TEX_2017-7861.jpg","width":4193,"height":2795},{"@type":"BreadcrumbList","@id":"http:\/\/esponsorama.ad\/ca\/barbera-baz-dejan-texas-sabor-agridulce-3\/#breadcrumb","itemListElement":[{"@type":"ListItem","position":1,"name":"Home","item":"http:\/\/esponsorama.ad\/en\/"},{"@type":"ListItem","position":2,"name":"Barber\u00e1 i Baz deixen Texas amb un sabor agredol\u00e7"}]},{"@type":"WebSite","@id":"http:\/\/esponsorama.ad\/es\/#website","url":"http:\/\/esponsorama.ad\/es\/","name":"Esponsorama","description":"Specialist in motorsport sponsorship and event promotions","potentialAction":[{"@type":"SearchAction","target":{"@type":"EntryPoint","urlTemplate":"http:\/\/esponsorama.ad\/es\/?s={search_term_string}"},"query-input":{"@type":"PropertyValueSpecification","valueRequired":true,"valueName":"search_term_string"}}],"inLanguage":"it-IT"},{"@type":"Person","@id":"http:\/\/esponsorama.ad\/es\/#\/schema\/person\/a5cde74945183d737066e46b61c6f9c4","name":"Xavi Andornet","image":{"@type":"ImageObject","inLanguage":"it-IT","@id":"http:\/\/esponsorama.ad\/es\/#\/schema\/person\/image\/","url":"https:\/\/secure.gravatar.com\/avatar\/f10eaf9ad601244a2357c9fd7cd9805ed166cfaaf76d5d9ab08a9d873e70147a?s=96&d=mm&r=g","contentUrl":"https:\/\/secure.gravatar.com\/avatar\/f10eaf9ad601244a2357c9fd7cd9805ed166cfaaf76d5d9ab08a9d873e70147a?s=96&d=mm&r=g","caption":"Xavi Andornet"},"sameAs":["http:\/\/www.andornet.ad"],"url":"http:\/\/esponsorama.ad\/it\/author\/andornet\/"}]}},"_links":{"self":[{"href":"http:\/\/esponsorama.ad\/it\/wp-json\/wp\/v2\/posts\/2745","targetHints":{"allow":["GET"]}}],"collection":[{"href":"http:\/\/esponsorama.ad\/it\/wp-json\/wp\/v2\/posts"}],"about":[{"href":"http:\/\/esponsorama.ad\/it\/wp-json\/wp\/v2\/types\/post"}],"author":[{"embeddable":true,"href":"http:\/\/esponsorama.ad\/it\/wp-json\/wp\/v2\/users\/6"}],"replies":[{"embeddable":true,"href":"http:\/\/esponsorama.ad\/it\/wp-json\/wp\/v2\/comments?post=2745"}],"version-history":[{"count":0,"href":"http:\/\/esponsorama.ad\/it\/wp-json\/wp\/v2\/posts\/2745\/revisions"}],"wp:featuredmedia":[{"embeddable":true,"href":"http:\/\/esponsorama.ad\/it\/wp-json\/wp\/v2\/media\/2733"}],"wp:attachment":[{"href":"http:\/\/esponsorama.ad\/it\/wp-json\/wp\/v2\/media?parent=2745"}],"wp:term":[{"taxonomy":"category","embeddable":true,"href":"http:\/\/esponsorama.ad\/it\/wp-json\/wp\/v2\/categories?post=2745"},{"taxonomy":"post_tag","embeddable":true,"href":"http:\/\/esponsorama.ad\/it\/wp-json\/wp\/v2\/tags?post=2745"}],"curies":[{"name":"wp","href":"https:\/\/api.w.org\/{rel}","templated":true}]}}