{"id":3308,"date":"2017-05-06T17:45:15","date_gmt":"2017-05-06T15:45:15","guid":{"rendered":"http:\/\/esponsorama.ad\/3304-autosave-v1\/"},"modified":"2017-05-06T18:28:54","modified_gmt":"2017-05-06T16:28:54","slug":"3304-autosave-v1","status":"publish","type":"post","link":"http:\/\/esponsorama.ad\/ca\/3304-autosave-v1\/","title":{"rendered":"Baz i Barber\u00e1 milloren les seves sensacions el segon dia a Jerez"},"content":{"rendered":"<p>Els pilots de l&#8217;equip Reale Avintia Racing, Loris Baz i H\u00e9ctor Barber\u00e1, sortiran dem\u00e0 al Gran Premi d&#8217;Espanya des de la setena l\u00ednia de la graella despr\u00e9s d&#8217;acabar els entrenaments cronometrats en 20a i 21a posici\u00f3, respectivament. Loris Baz, ha acabat bastant enfadat per no aconseguir recuperar les bones sensacions que va tenir en el test realitzat a Jerez el passat mes de novembre,<\/p>\n<div class=\"column\">\n<p>quan va acabar segon amb un temps de 1&#8217;39.184. \u00d2bviament la temperatura no \u00e9s la mateixa i tamb\u00e9 Michelin ha introdu\u00eft nous compostos en els seus pneum\u00e0tics, per\u00f2 Baz esperava molt m\u00e9s avui a la sessi\u00f3 classificat\u00f2ria de 45 minuts. Aix\u00ed i confia que, amb alguns canvis en la seva moto, pugui millorar el seu ritme de carrera i lluitar per acabar en els punts en la cursa a 27 voltes de dem\u00e0.<\/p>\n<p>Tot i que la posici\u00f3 final no ho reflecteix, H\u00e9ctor Barber\u00e1 ha acabat el dia amb sensacions for\u00e7a positives despr\u00e9s de realitzar canvis bastant dr\u00e0stics en la seva Ducati Desmosedici GP16. El seu equip ha treballat per a modificar la posici\u00f3 del pilot sobre la moto i aconseguir millorar la seva &#8216;feeling&#8217; amb la part davantera, cosa que li est\u00e0 condicionant en aquesta primera part del campionat. Dem\u00e0 en cursa espera poder confirmar-ho i donar un altre pas en el seu proc\u00e9s d&#8217;adaptaci\u00f3 a la nova moto.<\/p>\n<p><span style=\"line-height: 1.5;\"><\/span><\/p>\n<p><span style=\"line-height: 1.5;\">&#8220;Avuihaestatundiacomplicatperami.Lamoto\u00e9smoltdif\u00edcildeportariens cal un segon en comparaci\u00f3 amb els temps que vam fer en els tests d&#8217;hivern. El &#8216;feeling&#8217; no em deixa emp\u00e8nyer, la moto no gira i em costa molt. Anem a provar diverses coses, dem\u00e0 al warm-up, per\u00f2 a veure si \u00e9s suficient com per poder mantenir una mica el ritme i no estar tan enrere. &#8220;<\/span><\/p>\n\n<p>&#8220;Ha estat una sessi\u00f3 una mica complicada. Hem tornat a modificar coses, per\u00f2 segueixo sense sentir b\u00e9 la roda davantera. Des que vaig pujar en aquesta moto mai m\u2019he sentit c\u00f2mode en ella. Aquest mat\u00ed hem canviat la meva posici\u00f3 sobre de la moto i comen\u00e7o a sentir millor el tren davanter. Espero que dem\u00e0 aquest canvi es reflexi en el resultat.L&#8217;equip i jo no deixem de lluitar. Ja hem tocat fons i ara nom\u00e9s podem anar cap amunt. Moltes gr\u00e0cies a l&#8217;equip i els patrocinadors pel seu treball, i sobretot per comprendre aquesta situaci\u00f3.\u201d<\/p>\n<\/div>\n","protected":false},"excerpt":{"rendered":"<p>Els pilots de l&#8217;equip Reale Avintia Racing, Loris Baz i H\u00e9ctor Barber\u00e1, sortiran dem\u00e0 al Gran Premi d&#8217;Espanya des de la setena l\u00ednia de la graella despr\u00e9s d&#8217;acabar els entrenaments cronometrats en 20a i 21a posici\u00f3, respectivament. Loris Baz, ha acabat bastant enfadat per no aconseguir recuperar les bones sensacions que va tenir en el [&hellip;]<\/p>\n","protected":false},"author":6,"featured_media":3281,"comment_status":"closed","ping_status":"closed","sticky":false,"template":"","format":"standard","meta":{"footnotes":""},"categories":[3],"tags":[],"class_list":["post-3308","post","type-post","status-publish","format-standard","has-post-thumbnail","hentry","category-motogp"],"yoast_head":"<!-- This site is optimized with the Yoast SEO plugin v27.1.1 - https:\/\/yoast.com\/product\/yoast-seo-wordpress\/ -->\n<title>Baz i Barber\u00e1 milloren les seves sensacions el segon dia a Jerez - Esponsorama<\/title>\n<meta name=\"robots\" content=\"index, follow, max-snippet:-1, max-image-preview:large, max-video-preview:-1\" \/>\n<link rel=\"canonical\" href=\"http:\/\/esponsorama.ad\/ca\/3304-autosave-v1\/\" \/>\n<meta property=\"og:locale\" content=\"it_IT\" \/>\n<meta property=\"og:type\" content=\"article\" \/>\n<meta property=\"og:title\" content=\"Baz i Barber\u00e1 milloren les seves sensacions el segon dia a Jerez - Esponsorama\" \/>\n<meta property=\"og:description\" content=\"Els pilots de l&#8217;equip Reale Avintia Racing, Loris Baz i H\u00e9ctor Barber\u00e1, sortiran dem\u00e0 al Gran Premi d&#8217;Espanya des de la setena l\u00ednia de la graella despr\u00e9s d&#8217;acabar els entrenaments cronometrats en 20a i 21a posici\u00f3, respectivament. Loris Baz, ha acabat bastant enfadat per no aconseguir recuperar les bones sensacions que va tenir en el [&hellip;]\" \/>\n<meta property=\"og:url\" content=\"http:\/\/esponsorama.ad\/ca\/3304-autosave-v1\/\" \/>\n<meta property=\"og:site_name\" content=\"Esponsorama\" \/>\n<meta property=\"article:published_time\" content=\"2017-05-06T15:45:15+00:00\" \/>\n<meta property=\"article:modified_time\" content=\"2017-05-06T16:28:54+00:00\" \/>\n<meta property=\"og:image\" content=\"http:\/\/esponsorama.ad\/wp-content\/uploads\/2017\/05\/04Jerez17-0067.jpg\" \/>\n\t<meta property=\"og:image:width\" content=\"4733\" \/>\n\t<meta property=\"og:image:height\" content=\"3155\" \/>\n\t<meta property=\"og:image:type\" content=\"image\/jpeg\" \/>\n<meta name=\"author\" content=\"Xavi Andornet\" \/>\n<meta name=\"twitter:card\" content=\"summary_large_image\" \/>\n<meta name=\"twitter:label1\" content=\"Written by\" \/>\n\t<meta name=\"twitter:data1\" content=\"Xavi Andornet\" \/>\n\t<meta name=\"twitter:label2\" content=\"Est. reading time\" \/>\n\t<meta name=\"twitter:data2\" content=\"2 minutes\" \/>\n<script type=\"application\/ld+json\" class=\"yoast-schema-graph\">{\"@context\":\"https:\/\/schema.org\",\"@graph\":[{\"@type\":\"Article\",\"@id\":\"http:\/\/esponsorama.ad\/ca\/3304-autosave-v1\/#article\",\"isPartOf\":{\"@id\":\"http:\/\/esponsorama.ad\/ca\/3304-autosave-v1\/\"},\"author\":{\"name\":\"Xavi Andornet\",\"@id\":\"http:\/\/esponsorama.ad\/es\/#\/schema\/person\/a5cde74945183d737066e46b61c6f9c4\"},\"headline\":\"Baz i Barber\u00e1 milloren les seves sensacions el segon dia a Jerez\",\"datePublished\":\"2017-05-06T15:45:15+00:00\",\"dateModified\":\"2017-05-06T16:28:54+00:00\",\"mainEntityOfPage\":{\"@id\":\"http:\/\/esponsorama.ad\/ca\/3304-autosave-v1\/\"},\"wordCount\":418,\"image\":{\"@id\":\"http:\/\/esponsorama.ad\/ca\/3304-autosave-v1\/#primaryimage\"},\"thumbnailUrl\":\"http:\/\/esponsorama.ad\/wp-content\/uploads\/2017\/05\/04Jerez17-0067.jpg\",\"articleSection\":[\"MotoGP\"],\"inLanguage\":\"it-IT\"},{\"@type\":\"WebPage\",\"@id\":\"http:\/\/esponsorama.ad\/ca\/3304-autosave-v1\/\",\"url\":\"http:\/\/esponsorama.ad\/ca\/3304-autosave-v1\/\",\"name\":\"Baz i Barber\u00e1 milloren les seves sensacions el segon dia a Jerez - Esponsorama\",\"isPartOf\":{\"@id\":\"http:\/\/esponsorama.ad\/es\/#website\"},\"primaryImageOfPage\":{\"@id\":\"http:\/\/esponsorama.ad\/ca\/3304-autosave-v1\/#primaryimage\"},\"image\":{\"@id\":\"http:\/\/esponsorama.ad\/ca\/3304-autosave-v1\/#primaryimage\"},\"thumbnailUrl\":\"http:\/\/esponsorama.ad\/wp-content\/uploads\/2017\/05\/04Jerez17-0067.jpg\",\"datePublished\":\"2017-05-06T15:45:15+00:00\",\"dateModified\":\"2017-05-06T16:28:54+00:00\",\"author\":{\"@id\":\"http:\/\/esponsorama.ad\/es\/#\/schema\/person\/a5cde74945183d737066e46b61c6f9c4\"},\"breadcrumb\":{\"@id\":\"http:\/\/esponsorama.ad\/ca\/3304-autosave-v1\/#breadcrumb\"},\"inLanguage\":\"it-IT\",\"potentialAction\":[{\"@type\":\"ReadAction\",\"target\":[\"http:\/\/esponsorama.ad\/ca\/3304-autosave-v1\/\"]}]},{\"@type\":\"ImageObject\",\"inLanguage\":\"it-IT\",\"@id\":\"http:\/\/esponsorama.ad\/ca\/3304-autosave-v1\/#primaryimage\",\"url\":\"http:\/\/esponsorama.ad\/wp-content\/uploads\/2017\/05\/04Jerez17-0067.jpg\",\"contentUrl\":\"http:\/\/esponsorama.ad\/wp-content\/uploads\/2017\/05\/04Jerez17-0067.jpg\",\"width\":4733,\"height\":3155},{\"@type\":\"BreadcrumbList\",\"@id\":\"http:\/\/esponsorama.ad\/ca\/3304-autosave-v1\/#breadcrumb\",\"itemListElement\":[{\"@type\":\"ListItem\",\"position\":1,\"name\":\"Home\",\"item\":\"http:\/\/esponsorama.ad\/en\/\"},{\"@type\":\"ListItem\",\"position\":2,\"name\":\"Baz i Barber\u00e1 milloren les seves sensacions el segon dia a Jerez\",\"item\":\"http:\/\/esponsorama.ad\/ca\/?p=3304\"},{\"@type\":\"ListItem\",\"position\":3,\"name\":\"Baz i Barber\u00e1 milloren les seves sensacions el segon dia a Jerez\"}]},{\"@type\":\"WebSite\",\"@id\":\"http:\/\/esponsorama.ad\/es\/#website\",\"url\":\"http:\/\/esponsorama.ad\/es\/\",\"name\":\"Esponsorama\",\"description\":\"Specialist in motorsport sponsorship and event promotions\",\"potentialAction\":[{\"@type\":\"SearchAction\",\"target\":{\"@type\":\"EntryPoint\",\"urlTemplate\":\"http:\/\/esponsorama.ad\/es\/?s={search_term_string}\"},\"query-input\":{\"@type\":\"PropertyValueSpecification\",\"valueRequired\":true,\"valueName\":\"search_term_string\"}}],\"inLanguage\":\"it-IT\"},{\"@type\":\"Person\",\"@id\":\"http:\/\/esponsorama.ad\/es\/#\/schema\/person\/a5cde74945183d737066e46b61c6f9c4\",\"name\":\"Xavi Andornet\",\"image\":{\"@type\":\"ImageObject\",\"inLanguage\":\"it-IT\",\"@id\":\"http:\/\/esponsorama.ad\/es\/#\/schema\/person\/image\/\",\"url\":\"https:\/\/secure.gravatar.com\/avatar\/f10eaf9ad601244a2357c9fd7cd9805ed166cfaaf76d5d9ab08a9d873e70147a?s=96&d=mm&r=g\",\"contentUrl\":\"https:\/\/secure.gravatar.com\/avatar\/f10eaf9ad601244a2357c9fd7cd9805ed166cfaaf76d5d9ab08a9d873e70147a?s=96&d=mm&r=g\",\"caption\":\"Xavi Andornet\"},\"sameAs\":[\"http:\/\/www.andornet.ad\"],\"url\":\"http:\/\/esponsorama.ad\/it\/author\/andornet\/\"}]}<\/script>\n<!-- \/ Yoast SEO plugin. -->","yoast_head_json":{"title":"Baz i Barber\u00e1 milloren les seves sensacions el segon dia a Jerez - Esponsorama","robots":{"index":"index","follow":"follow","max-snippet":"max-snippet:-1","max-image-preview":"max-image-preview:large","max-video-preview":"max-video-preview:-1"},"canonical":"http:\/\/esponsorama.ad\/ca\/3304-autosave-v1\/","og_locale":"it_IT","og_type":"article","og_title":"Baz i Barber\u00e1 milloren les seves sensacions el segon dia a Jerez - Esponsorama","og_description":"Els pilots de l&#8217;equip Reale Avintia Racing, Loris Baz i H\u00e9ctor Barber\u00e1, sortiran dem\u00e0 al Gran Premi d&#8217;Espanya des de la setena l\u00ednia de la graella despr\u00e9s d&#8217;acabar els entrenaments cronometrats en 20a i 21a posici\u00f3, respectivament. Loris Baz, ha acabat bastant enfadat per no aconseguir recuperar les bones sensacions que va tenir en el [&hellip;]","og_url":"http:\/\/esponsorama.ad\/ca\/3304-autosave-v1\/","og_site_name":"Esponsorama","article_published_time":"2017-05-06T15:45:15+00:00","article_modified_time":"2017-05-06T16:28:54+00:00","og_image":[{"width":4733,"height":3155,"url":"http:\/\/esponsorama.ad\/wp-content\/uploads\/2017\/05\/04Jerez17-0067.jpg","type":"image\/jpeg"}],"author":"Xavi Andornet","twitter_card":"summary_large_image","twitter_misc":{"Written by":"Xavi Andornet","Est. reading time":"2 minutes"},"schema":{"@context":"https:\/\/schema.org","@graph":[{"@type":"Article","@id":"http:\/\/esponsorama.ad\/ca\/3304-autosave-v1\/#article","isPartOf":{"@id":"http:\/\/esponsorama.ad\/ca\/3304-autosave-v1\/"},"author":{"name":"Xavi Andornet","@id":"http:\/\/esponsorama.ad\/es\/#\/schema\/person\/a5cde74945183d737066e46b61c6f9c4"},"headline":"Baz i Barber\u00e1 milloren les seves sensacions el segon dia a Jerez","datePublished":"2017-05-06T15:45:15+00:00","dateModified":"2017-05-06T16:28:54+00:00","mainEntityOfPage":{"@id":"http:\/\/esponsorama.ad\/ca\/3304-autosave-v1\/"},"wordCount":418,"image":{"@id":"http:\/\/esponsorama.ad\/ca\/3304-autosave-v1\/#primaryimage"},"thumbnailUrl":"http:\/\/esponsorama.ad\/wp-content\/uploads\/2017\/05\/04Jerez17-0067.jpg","articleSection":["MotoGP"],"inLanguage":"it-IT"},{"@type":"WebPage","@id":"http:\/\/esponsorama.ad\/ca\/3304-autosave-v1\/","url":"http:\/\/esponsorama.ad\/ca\/3304-autosave-v1\/","name":"Baz i Barber\u00e1 milloren les seves sensacions el segon dia a Jerez - Esponsorama","isPartOf":{"@id":"http:\/\/esponsorama.ad\/es\/#website"},"primaryImageOfPage":{"@id":"http:\/\/esponsorama.ad\/ca\/3304-autosave-v1\/#primaryimage"},"image":{"@id":"http:\/\/esponsorama.ad\/ca\/3304-autosave-v1\/#primaryimage"},"thumbnailUrl":"http:\/\/esponsorama.ad\/wp-content\/uploads\/2017\/05\/04Jerez17-0067.jpg","datePublished":"2017-05-06T15:45:15+00:00","dateModified":"2017-05-06T16:28:54+00:00","author":{"@id":"http:\/\/esponsorama.ad\/es\/#\/schema\/person\/a5cde74945183d737066e46b61c6f9c4"},"breadcrumb":{"@id":"http:\/\/esponsorama.ad\/ca\/3304-autosave-v1\/#breadcrumb"},"inLanguage":"it-IT","potentialAction":[{"@type":"ReadAction","target":["http:\/\/esponsorama.ad\/ca\/3304-autosave-v1\/"]}]},{"@type":"ImageObject","inLanguage":"it-IT","@id":"http:\/\/esponsorama.ad\/ca\/3304-autosave-v1\/#primaryimage","url":"http:\/\/esponsorama.ad\/wp-content\/uploads\/2017\/05\/04Jerez17-0067.jpg","contentUrl":"http:\/\/esponsorama.ad\/wp-content\/uploads\/2017\/05\/04Jerez17-0067.jpg","width":4733,"height":3155},{"@type":"BreadcrumbList","@id":"http:\/\/esponsorama.ad\/ca\/3304-autosave-v1\/#breadcrumb","itemListElement":[{"@type":"ListItem","position":1,"name":"Home","item":"http:\/\/esponsorama.ad\/en\/"},{"@type":"ListItem","position":2,"name":"Baz i Barber\u00e1 milloren les seves sensacions el segon dia a Jerez","item":"http:\/\/esponsorama.ad\/ca\/?p=3304"},{"@type":"ListItem","position":3,"name":"Baz i Barber\u00e1 milloren les seves sensacions el segon dia a Jerez"}]},{"@type":"WebSite","@id":"http:\/\/esponsorama.ad\/es\/#website","url":"http:\/\/esponsorama.ad\/es\/","name":"Esponsorama","description":"Specialist in motorsport sponsorship and event promotions","potentialAction":[{"@type":"SearchAction","target":{"@type":"EntryPoint","urlTemplate":"http:\/\/esponsorama.ad\/es\/?s={search_term_string}"},"query-input":{"@type":"PropertyValueSpecification","valueRequired":true,"valueName":"search_term_string"}}],"inLanguage":"it-IT"},{"@type":"Person","@id":"http:\/\/esponsorama.ad\/es\/#\/schema\/person\/a5cde74945183d737066e46b61c6f9c4","name":"Xavi Andornet","image":{"@type":"ImageObject","inLanguage":"it-IT","@id":"http:\/\/esponsorama.ad\/es\/#\/schema\/person\/image\/","url":"https:\/\/secure.gravatar.com\/avatar\/f10eaf9ad601244a2357c9fd7cd9805ed166cfaaf76d5d9ab08a9d873e70147a?s=96&d=mm&r=g","contentUrl":"https:\/\/secure.gravatar.com\/avatar\/f10eaf9ad601244a2357c9fd7cd9805ed166cfaaf76d5d9ab08a9d873e70147a?s=96&d=mm&r=g","caption":"Xavi Andornet"},"sameAs":["http:\/\/www.andornet.ad"],"url":"http:\/\/esponsorama.ad\/it\/author\/andornet\/"}]}},"_links":{"self":[{"href":"http:\/\/esponsorama.ad\/it\/wp-json\/wp\/v2\/posts\/3308","targetHints":{"allow":["GET"]}}],"collection":[{"href":"http:\/\/esponsorama.ad\/it\/wp-json\/wp\/v2\/posts"}],"about":[{"href":"http:\/\/esponsorama.ad\/it\/wp-json\/wp\/v2\/types\/post"}],"author":[{"embeddable":true,"href":"http:\/\/esponsorama.ad\/it\/wp-json\/wp\/v2\/users\/6"}],"replies":[{"embeddable":true,"href":"http:\/\/esponsorama.ad\/it\/wp-json\/wp\/v2\/comments?post=3308"}],"version-history":[{"count":0,"href":"http:\/\/esponsorama.ad\/it\/wp-json\/wp\/v2\/posts\/3308\/revisions"}],"wp:featuredmedia":[{"embeddable":true,"href":"http:\/\/esponsorama.ad\/it\/wp-json\/wp\/v2\/media\/3281"}],"wp:attachment":[{"href":"http:\/\/esponsorama.ad\/it\/wp-json\/wp\/v2\/media?parent=3308"}],"wp:term":[{"taxonomy":"category","embeddable":true,"href":"http:\/\/esponsorama.ad\/it\/wp-json\/wp\/v2\/categories?post=3308"},{"taxonomy":"post_tag","embeddable":true,"href":"http:\/\/esponsorama.ad\/it\/wp-json\/wp\/v2\/tags?post=3308"}],"curies":[{"name":"wp","href":"https:\/\/api.w.org\/{rel}","templated":true}]}}