{"id":3724,"date":"2017-05-30T15:52:20","date_gmt":"2017-05-30T13:52:20","guid":{"rendered":"http:\/\/esponsorama.ad\/?p=3724"},"modified":"2017-05-30T15:53:16","modified_gmt":"2017-05-30T13:53:16","slug":"barbera-baz-preparados-dar-guerra-mugello","status":"publish","type":"post","link":"http:\/\/esponsorama.ad\/ca\/barbera-baz-preparados-dar-guerra-mugello\/","title":{"rendered":"Barber\u00e1 i Baz preparats per donar guerra a Mugello"},"content":{"rendered":"<p>Aquest cap de setmana comen\u00e7a una de les fases m\u00e9s intenses de la temporada amb quatre carreres en cinc setmanes. El Gran Premi d&#8217;It\u00e0lia ser\u00e0 el primer i els pilots del Reale Avintia Racing, H\u00e9ctor Barber\u00e1 i Loris Baz, arriben molt motivats despr\u00e9s del test a Barcelona, on tots dos pilots van millorar les sensacions amb les seves Ducati i amb els pneum\u00e0tics davanters que Michelin s&#8217;estrenar\u00e0 a Mugello aquest cap de setmana.<\/p>\n<p>Per a Barber\u00e1 les primeres carreres de l&#8217;any no han estat a l&#8217;altura de les seves expectatives, per\u00f2 el pilot espanyol espera que el Gran Premi d&#8217;It\u00e0lia sigui un punt d&#8217;inflexi\u00f3 en la temporada.<\/p>\n<p>El seu company al Reale Avintia Loris Baz t\u00e9 clar que aconseguir un bon resultat diumenge ser\u00e0 crucial per comen\u00e7ar amb bon peu aquesta fase de carreres en qu\u00e8 el Campionat del M\u00f3n de MotoGP passar\u00e0 per Mugello, Barcelona, Assen i Sachsenring en tan sols cinc setmanes.<\/p>\n\n<p>&#8220;Anem a Mugello amb moltes ganes. El test que vam fer la setmana passada a Barcelona va ser molt positiu i vam arribar amb la motivaci\u00f3 al m\u00e0xim. L&#8217;inici del campionat ha estat molt complicat per a nosaltres, per\u00f2 crec que hem trobat el cam\u00ed i estic desitjant arribar a Mugello per poder comprovar-ho. Anem a fer com que aquestes cinc primeres carreres nom\u00e9s han estat un mal son i ara toca comen\u00e7ar de zero aquest cap de setmana en un circuit que m&#8217;agrada molt.&#8221;<\/p>\n\n<p>&#8220;Ja comen\u00e7a la part m\u00e9s seriosa de la temporada, amb un mes que tenim per davant amb quatre carreres en cinc setmanes. Ser\u00e0 un mes molt important i el que \u00e9s bo per a nosaltres \u00e9s que estem en un gran moment i tenim bon &#8216;feeling&#8217; amb la moto. Cal seguir aix\u00ed treballant b\u00e9 i comen\u00e7ant el divendres a Mugello per posar a punt la moto per a la carrera. \u00c9s un circuit que m&#8217;agrada i sempre va b\u00e9 a la Ducati, aix\u00ed que espero que puguem estar el m\u00e9s amunt possible i sumar punts. &#8220;<\/p>\n","protected":false},"excerpt":{"rendered":"<p>Aquest cap de setmana comen\u00e7a una de les fases m\u00e9s intenses de la temporada amb quatre carreres en cinc setmanes. El Gran Premi d&#8217;It\u00e0lia ser\u00e0 el primer i els pilots del Reale Avintia Racing, H\u00e9ctor Barber\u00e1 i Loris Baz, arriben molt motivats despr\u00e9s del test a Barcelona, on tots dos pilots van millorar les sensacions [&hellip;]<\/p>\n","protected":false},"author":6,"featured_media":3564,"comment_status":"closed","ping_status":"closed","sticky":false,"template":"","format":"standard","meta":{"footnotes":""},"categories":[3],"tags":[],"class_list":["post-3724","post","type-post","status-publish","format-standard","has-post-thumbnail","hentry","category-motogp"],"yoast_head":"<!-- This site is optimized with the Yoast SEO plugin v27.1.1 - https:\/\/yoast.com\/product\/yoast-seo-wordpress\/ -->\n<title>Barber\u00e1 i Baz preparats per donar guerra a Mugello - Esponsorama<\/title>\n<meta name=\"robots\" content=\"index, follow, max-snippet:-1, max-image-preview:large, max-video-preview:-1\" \/>\n<link rel=\"canonical\" href=\"http:\/\/esponsorama.ad\/ca\/barbera-baz-preparados-dar-guerra-mugello\/\" \/>\n<meta property=\"og:locale\" content=\"it_IT\" \/>\n<meta property=\"og:type\" content=\"article\" \/>\n<meta property=\"og:title\" content=\"Barber\u00e1 i Baz preparats per donar guerra a Mugello - Esponsorama\" \/>\n<meta property=\"og:description\" content=\"Aquest cap de setmana comen\u00e7a una de les fases m\u00e9s intenses de la temporada amb quatre carreres en cinc setmanes. El Gran Premi d&#8217;It\u00e0lia ser\u00e0 el primer i els pilots del Reale Avintia Racing, H\u00e9ctor Barber\u00e1 i Loris Baz, arriben molt motivats despr\u00e9s del test a Barcelona, on tots dos pilots van millorar les sensacions [&hellip;]\" \/>\n<meta property=\"og:url\" content=\"http:\/\/esponsorama.ad\/ca\/barbera-baz-preparados-dar-guerra-mugello\/\" \/>\n<meta property=\"og:site_name\" content=\"Esponsorama\" \/>\n<meta property=\"article:published_time\" content=\"2017-05-30T13:52:20+00:00\" \/>\n<meta property=\"article:modified_time\" content=\"2017-05-30T13:53:16+00:00\" \/>\n<meta property=\"og:image\" content=\"http:\/\/esponsorama.ad\/wp-content\/uploads\/2017\/05\/05LeMans17MgpREPSOL_JOC20628.jpg\" \/>\n\t<meta property=\"og:image:width\" content=\"5184\" \/>\n\t<meta property=\"og:image:height\" content=\"3456\" \/>\n\t<meta property=\"og:image:type\" content=\"image\/jpeg\" \/>\n<meta name=\"author\" content=\"Xavi Andornet\" \/>\n<meta name=\"twitter:card\" content=\"summary_large_image\" \/>\n<meta name=\"twitter:label1\" content=\"Written by\" \/>\n\t<meta name=\"twitter:data1\" content=\"Xavi Andornet\" \/>\n\t<meta name=\"twitter:label2\" content=\"Est. reading time\" \/>\n\t<meta name=\"twitter:data2\" content=\"2 minutes\" \/>\n<script type=\"application\/ld+json\" class=\"yoast-schema-graph\">{\"@context\":\"https:\/\/schema.org\",\"@graph\":[{\"@type\":\"Article\",\"@id\":\"http:\/\/esponsorama.ad\/ca\/barbera-baz-preparados-dar-guerra-mugello\/#article\",\"isPartOf\":{\"@id\":\"http:\/\/esponsorama.ad\/ca\/barbera-baz-preparados-dar-guerra-mugello\/\"},\"author\":{\"name\":\"Xavi Andornet\",\"@id\":\"http:\/\/esponsorama.ad\/es\/#\/schema\/person\/a5cde74945183d737066e46b61c6f9c4\"},\"headline\":\"Barber\u00e1 i Baz preparats per donar guerra a Mugello\",\"datePublished\":\"2017-05-30T13:52:20+00:00\",\"dateModified\":\"2017-05-30T13:53:16+00:00\",\"mainEntityOfPage\":{\"@id\":\"http:\/\/esponsorama.ad\/ca\/barbera-baz-preparados-dar-guerra-mugello\/\"},\"wordCount\":363,\"image\":{\"@id\":\"http:\/\/esponsorama.ad\/ca\/barbera-baz-preparados-dar-guerra-mugello\/#primaryimage\"},\"thumbnailUrl\":\"http:\/\/esponsorama.ad\/wp-content\/uploads\/2017\/05\/05LeMans17MgpREPSOL_JOC20628.jpg\",\"articleSection\":[\"MotoGP\"],\"inLanguage\":\"it-IT\"},{\"@type\":\"WebPage\",\"@id\":\"http:\/\/esponsorama.ad\/ca\/barbera-baz-preparados-dar-guerra-mugello\/\",\"url\":\"http:\/\/esponsorama.ad\/ca\/barbera-baz-preparados-dar-guerra-mugello\/\",\"name\":\"Barber\u00e1 i Baz preparats per donar guerra a Mugello - Esponsorama\",\"isPartOf\":{\"@id\":\"http:\/\/esponsorama.ad\/es\/#website\"},\"primaryImageOfPage\":{\"@id\":\"http:\/\/esponsorama.ad\/ca\/barbera-baz-preparados-dar-guerra-mugello\/#primaryimage\"},\"image\":{\"@id\":\"http:\/\/esponsorama.ad\/ca\/barbera-baz-preparados-dar-guerra-mugello\/#primaryimage\"},\"thumbnailUrl\":\"http:\/\/esponsorama.ad\/wp-content\/uploads\/2017\/05\/05LeMans17MgpREPSOL_JOC20628.jpg\",\"datePublished\":\"2017-05-30T13:52:20+00:00\",\"dateModified\":\"2017-05-30T13:53:16+00:00\",\"author\":{\"@id\":\"http:\/\/esponsorama.ad\/es\/#\/schema\/person\/a5cde74945183d737066e46b61c6f9c4\"},\"breadcrumb\":{\"@id\":\"http:\/\/esponsorama.ad\/ca\/barbera-baz-preparados-dar-guerra-mugello\/#breadcrumb\"},\"inLanguage\":\"it-IT\",\"potentialAction\":[{\"@type\":\"ReadAction\",\"target\":[\"http:\/\/esponsorama.ad\/ca\/barbera-baz-preparados-dar-guerra-mugello\/\"]}]},{\"@type\":\"ImageObject\",\"inLanguage\":\"it-IT\",\"@id\":\"http:\/\/esponsorama.ad\/ca\/barbera-baz-preparados-dar-guerra-mugello\/#primaryimage\",\"url\":\"http:\/\/esponsorama.ad\/wp-content\/uploads\/2017\/05\/05LeMans17MgpREPSOL_JOC20628.jpg\",\"contentUrl\":\"http:\/\/esponsorama.ad\/wp-content\/uploads\/2017\/05\/05LeMans17MgpREPSOL_JOC20628.jpg\",\"width\":5184,\"height\":3456,\"caption\":\"05 Le Mans 18, 19, 20 y 21 de mayo de 2017. Circuito de Le Mans, Francia. MotoGP, MGP, mgp, motogp\"},{\"@type\":\"BreadcrumbList\",\"@id\":\"http:\/\/esponsorama.ad\/ca\/barbera-baz-preparados-dar-guerra-mugello\/#breadcrumb\",\"itemListElement\":[{\"@type\":\"ListItem\",\"position\":1,\"name\":\"Home\",\"item\":\"http:\/\/esponsorama.ad\/es\/\"},{\"@type\":\"ListItem\",\"position\":2,\"name\":\"Barber\u00e1 i Baz preparats per donar guerra a Mugello\"}]},{\"@type\":\"WebSite\",\"@id\":\"http:\/\/esponsorama.ad\/es\/#website\",\"url\":\"http:\/\/esponsorama.ad\/es\/\",\"name\":\"Esponsorama\",\"description\":\"Specialist in motorsport sponsorship and event promotions\",\"potentialAction\":[{\"@type\":\"SearchAction\",\"target\":{\"@type\":\"EntryPoint\",\"urlTemplate\":\"http:\/\/esponsorama.ad\/es\/?s={search_term_string}\"},\"query-input\":{\"@type\":\"PropertyValueSpecification\",\"valueRequired\":true,\"valueName\":\"search_term_string\"}}],\"inLanguage\":\"it-IT\"},{\"@type\":\"Person\",\"@id\":\"http:\/\/esponsorama.ad\/es\/#\/schema\/person\/a5cde74945183d737066e46b61c6f9c4\",\"name\":\"Xavi Andornet\",\"image\":{\"@type\":\"ImageObject\",\"inLanguage\":\"it-IT\",\"@id\":\"http:\/\/esponsorama.ad\/es\/#\/schema\/person\/image\/\",\"url\":\"https:\/\/secure.gravatar.com\/avatar\/f10eaf9ad601244a2357c9fd7cd9805ed166cfaaf76d5d9ab08a9d873e70147a?s=96&d=mm&r=g\",\"contentUrl\":\"https:\/\/secure.gravatar.com\/avatar\/f10eaf9ad601244a2357c9fd7cd9805ed166cfaaf76d5d9ab08a9d873e70147a?s=96&d=mm&r=g\",\"caption\":\"Xavi Andornet\"},\"sameAs\":[\"http:\/\/www.andornet.ad\"],\"url\":\"http:\/\/esponsorama.ad\/it\/author\/andornet\/\"}]}<\/script>\n<!-- \/ Yoast SEO plugin. -->","yoast_head_json":{"title":"Barber\u00e1 i Baz preparats per donar guerra a Mugello - Esponsorama","robots":{"index":"index","follow":"follow","max-snippet":"max-snippet:-1","max-image-preview":"max-image-preview:large","max-video-preview":"max-video-preview:-1"},"canonical":"http:\/\/esponsorama.ad\/ca\/barbera-baz-preparados-dar-guerra-mugello\/","og_locale":"it_IT","og_type":"article","og_title":"Barber\u00e1 i Baz preparats per donar guerra a Mugello - Esponsorama","og_description":"Aquest cap de setmana comen\u00e7a una de les fases m\u00e9s intenses de la temporada amb quatre carreres en cinc setmanes. El Gran Premi d&#8217;It\u00e0lia ser\u00e0 el primer i els pilots del Reale Avintia Racing, H\u00e9ctor Barber\u00e1 i Loris Baz, arriben molt motivats despr\u00e9s del test a Barcelona, on tots dos pilots van millorar les sensacions [&hellip;]","og_url":"http:\/\/esponsorama.ad\/ca\/barbera-baz-preparados-dar-guerra-mugello\/","og_site_name":"Esponsorama","article_published_time":"2017-05-30T13:52:20+00:00","article_modified_time":"2017-05-30T13:53:16+00:00","og_image":[{"width":5184,"height":3456,"url":"http:\/\/esponsorama.ad\/wp-content\/uploads\/2017\/05\/05LeMans17MgpREPSOL_JOC20628.jpg","type":"image\/jpeg"}],"author":"Xavi Andornet","twitter_card":"summary_large_image","twitter_misc":{"Written by":"Xavi Andornet","Est. reading time":"2 minutes"},"schema":{"@context":"https:\/\/schema.org","@graph":[{"@type":"Article","@id":"http:\/\/esponsorama.ad\/ca\/barbera-baz-preparados-dar-guerra-mugello\/#article","isPartOf":{"@id":"http:\/\/esponsorama.ad\/ca\/barbera-baz-preparados-dar-guerra-mugello\/"},"author":{"name":"Xavi Andornet","@id":"http:\/\/esponsorama.ad\/es\/#\/schema\/person\/a5cde74945183d737066e46b61c6f9c4"},"headline":"Barber\u00e1 i Baz preparats per donar guerra a Mugello","datePublished":"2017-05-30T13:52:20+00:00","dateModified":"2017-05-30T13:53:16+00:00","mainEntityOfPage":{"@id":"http:\/\/esponsorama.ad\/ca\/barbera-baz-preparados-dar-guerra-mugello\/"},"wordCount":363,"image":{"@id":"http:\/\/esponsorama.ad\/ca\/barbera-baz-preparados-dar-guerra-mugello\/#primaryimage"},"thumbnailUrl":"http:\/\/esponsorama.ad\/wp-content\/uploads\/2017\/05\/05LeMans17MgpREPSOL_JOC20628.jpg","articleSection":["MotoGP"],"inLanguage":"it-IT"},{"@type":"WebPage","@id":"http:\/\/esponsorama.ad\/ca\/barbera-baz-preparados-dar-guerra-mugello\/","url":"http:\/\/esponsorama.ad\/ca\/barbera-baz-preparados-dar-guerra-mugello\/","name":"Barber\u00e1 i Baz preparats per donar guerra a Mugello - Esponsorama","isPartOf":{"@id":"http:\/\/esponsorama.ad\/es\/#website"},"primaryImageOfPage":{"@id":"http:\/\/esponsorama.ad\/ca\/barbera-baz-preparados-dar-guerra-mugello\/#primaryimage"},"image":{"@id":"http:\/\/esponsorama.ad\/ca\/barbera-baz-preparados-dar-guerra-mugello\/#primaryimage"},"thumbnailUrl":"http:\/\/esponsorama.ad\/wp-content\/uploads\/2017\/05\/05LeMans17MgpREPSOL_JOC20628.jpg","datePublished":"2017-05-30T13:52:20+00:00","dateModified":"2017-05-30T13:53:16+00:00","author":{"@id":"http:\/\/esponsorama.ad\/es\/#\/schema\/person\/a5cde74945183d737066e46b61c6f9c4"},"breadcrumb":{"@id":"http:\/\/esponsorama.ad\/ca\/barbera-baz-preparados-dar-guerra-mugello\/#breadcrumb"},"inLanguage":"it-IT","potentialAction":[{"@type":"ReadAction","target":["http:\/\/esponsorama.ad\/ca\/barbera-baz-preparados-dar-guerra-mugello\/"]}]},{"@type":"ImageObject","inLanguage":"it-IT","@id":"http:\/\/esponsorama.ad\/ca\/barbera-baz-preparados-dar-guerra-mugello\/#primaryimage","url":"http:\/\/esponsorama.ad\/wp-content\/uploads\/2017\/05\/05LeMans17MgpREPSOL_JOC20628.jpg","contentUrl":"http:\/\/esponsorama.ad\/wp-content\/uploads\/2017\/05\/05LeMans17MgpREPSOL_JOC20628.jpg","width":5184,"height":3456,"caption":"05 Le Mans 18, 19, 20 y 21 de mayo de 2017. Circuito de Le Mans, Francia. MotoGP, MGP, mgp, motogp"},{"@type":"BreadcrumbList","@id":"http:\/\/esponsorama.ad\/ca\/barbera-baz-preparados-dar-guerra-mugello\/#breadcrumb","itemListElement":[{"@type":"ListItem","position":1,"name":"Home","item":"http:\/\/esponsorama.ad\/es\/"},{"@type":"ListItem","position":2,"name":"Barber\u00e1 i Baz preparats per donar guerra a Mugello"}]},{"@type":"WebSite","@id":"http:\/\/esponsorama.ad\/es\/#website","url":"http:\/\/esponsorama.ad\/es\/","name":"Esponsorama","description":"Specialist in motorsport sponsorship and event promotions","potentialAction":[{"@type":"SearchAction","target":{"@type":"EntryPoint","urlTemplate":"http:\/\/esponsorama.ad\/es\/?s={search_term_string}"},"query-input":{"@type":"PropertyValueSpecification","valueRequired":true,"valueName":"search_term_string"}}],"inLanguage":"it-IT"},{"@type":"Person","@id":"http:\/\/esponsorama.ad\/es\/#\/schema\/person\/a5cde74945183d737066e46b61c6f9c4","name":"Xavi Andornet","image":{"@type":"ImageObject","inLanguage":"it-IT","@id":"http:\/\/esponsorama.ad\/es\/#\/schema\/person\/image\/","url":"https:\/\/secure.gravatar.com\/avatar\/f10eaf9ad601244a2357c9fd7cd9805ed166cfaaf76d5d9ab08a9d873e70147a?s=96&d=mm&r=g","contentUrl":"https:\/\/secure.gravatar.com\/avatar\/f10eaf9ad601244a2357c9fd7cd9805ed166cfaaf76d5d9ab08a9d873e70147a?s=96&d=mm&r=g","caption":"Xavi Andornet"},"sameAs":["http:\/\/www.andornet.ad"],"url":"http:\/\/esponsorama.ad\/it\/author\/andornet\/"}]}},"_links":{"self":[{"href":"http:\/\/esponsorama.ad\/it\/wp-json\/wp\/v2\/posts\/3724","targetHints":{"allow":["GET"]}}],"collection":[{"href":"http:\/\/esponsorama.ad\/it\/wp-json\/wp\/v2\/posts"}],"about":[{"href":"http:\/\/esponsorama.ad\/it\/wp-json\/wp\/v2\/types\/post"}],"author":[{"embeddable":true,"href":"http:\/\/esponsorama.ad\/it\/wp-json\/wp\/v2\/users\/6"}],"replies":[{"embeddable":true,"href":"http:\/\/esponsorama.ad\/it\/wp-json\/wp\/v2\/comments?post=3724"}],"version-history":[{"count":0,"href":"http:\/\/esponsorama.ad\/it\/wp-json\/wp\/v2\/posts\/3724\/revisions"}],"wp:featuredmedia":[{"embeddable":true,"href":"http:\/\/esponsorama.ad\/it\/wp-json\/wp\/v2\/media\/3564"}],"wp:attachment":[{"href":"http:\/\/esponsorama.ad\/it\/wp-json\/wp\/v2\/media?parent=3724"}],"wp:term":[{"taxonomy":"category","embeddable":true,"href":"http:\/\/esponsorama.ad\/it\/wp-json\/wp\/v2\/categories?post=3724"},{"taxonomy":"post_tag","embeddable":true,"href":"http:\/\/esponsorama.ad\/it\/wp-json\/wp\/v2\/tags?post=3724"}],"curies":[{"name":"wp","href":"https:\/\/api.w.org\/{rel}","templated":true}]}}