{"id":3793,"date":"2017-06-03T17:53:55","date_gmt":"2017-06-03T15:53:55","guid":{"rendered":"http:\/\/esponsorama.ad\/?p=3793"},"modified":"2017-06-03T17:56:05","modified_gmt":"2017-06-03T15:56:05","slug":"barbera-baz-mejoran-ritmo-las-sensaciones-segundo-dia-mugello","status":"publish","type":"post","link":"http:\/\/esponsorama.ad\/ca\/barbera-baz-mejoran-ritmo-las-sensaciones-segundo-dia-mugello\/","title":{"rendered":"Barber\u00e1 i Baz milloren el ritme i les sensacions el segon dia a Mugello"},"content":{"rendered":"<p>Els pilots de l&#8217;equip Reale Avintia Racing, H\u00e9ctor Barber\u00e1 i Loris Baz, sortiran dem\u00e0 al Gran Premi d&#8217;It\u00e0lia des de la cinquena i sisena l\u00ednies de la graella despr\u00e9s d&#8217;acabar els entrenaments cronometrats en 14a i 17a posici\u00f3, respectivament.<br \/>\nLes sensacions d&#8217;H\u00e9ctor Barber\u00e1 han tornat i ahir ja va demostrar que pot estar amb els deu m\u00e9s r\u00e0pids acabant el dia vuit\u00e8. Avui ha aconseguit millorar el seu temps del primer dia en gaireb\u00e9 mig segon, per\u00f2 no ha estat suficient per poder passar a la Q2 i dem\u00e0 sortir\u00e0 a la meitat de la cinquena l\u00ednia al costat de Cal Crutchlow i Jonas Folger. Dem\u00e0 espera poder fer una bona sortida i lluitar per acabar en el &#8216;Top 10&#8217; per primera vegada aquesta temporada.<br \/>\nLoris Baz tamb\u00e9 ha millorat respecte al primer dia i dem\u00e0 sortir\u00e0 just darrere del seu company al Reale Avintia Racing. El pilot franc\u00e8s ha treballat dur al costat del seu equip per treure el major potencial del nou pneum\u00e0tic davanter de Michelin i, aquesta tarda ha donat un gran pas amb el que ha millorat el ritme i les sensacions.<\/p>\n<p><br \/>\n&#8220;Hem fet un pas endavant i hem estat molt a prop d&#8217;aconseguir passar a la Q2. Ha estat molt ajustat, hem acabat molt a prop de Zarco i dem\u00e0 sortim a la millor posici\u00f3 del que portem de campionat. Per aix\u00f2 \u00e9s evident que estem millor . Tenim bon ritme per a la carrera i em trobo molt millor i amb m\u00e9s ganes. L&#8217;objectiu de dem\u00e0 \u00e9s gaudir pilotant i si ho aconsegueixo, segur que podrem estar davant. Hi ha un grup del sis\u00e8 al dotz\u00e8 en el qual tots tenim el mateix ritme, aix\u00ed que el meu objectiu dem\u00e0 ser\u00e0 ser-hi lluitant. &#8221;<\/p>\n<p><br \/>\n&#8220;Avui hem seguit treballant en la posada a punt i la moto ha millorat molt. Al final de l&#8217;FP4 ten\u00edem alguna cosa que provar, per\u00f2 s&#8217;ha aturat la moto i al final hem hagut de provar a la Q1. La veritat \u00e9s que ens ha anat bastant b\u00e9, per\u00f2 falta per ajustar un parell de coses abans de la cursa. Per\u00f2 estic content perqu\u00e8 el ritme \u00e9s molt millor que ahir, el &#8216;chatter&#8217; no ha desaparegut del tot, per\u00f2 almenys em deixa pilotar. Dem\u00e0 la cursa ser\u00e0 molt llarga, Mugello \u00e9s un circuit molt f\u00edsic i aquesta moto cansa molt m\u00e9s, per\u00f2 hem de gestionar b\u00e9 la cursa, ser intel\u00b7ligents i si arribem al final, segur que sumem uns punts importants\u201d.<\/p>\n","protected":false},"excerpt":{"rendered":"<p>Els pilots de l&#8217;equip Reale Avintia Racing, H\u00e9ctor Barber\u00e1 i Loris Baz, sortiran dem\u00e0 al Gran Premi d&#8217;It\u00e0lia des de la cinquena i sisena l\u00ednies de la graella despr\u00e9s d&#8217;acabar els entrenaments cronometrats en 14a i 17a posici\u00f3, respectivament. Les sensacions d&#8217;H\u00e9ctor Barber\u00e1 han tornat i ahir ja va demostrar que pot estar amb els [&hellip;]<\/p>\n","protected":false},"author":6,"featured_media":3760,"comment_status":"closed","ping_status":"closed","sticky":false,"template":"","format":"standard","meta":{"footnotes":""},"categories":[3],"tags":[],"class_list":["post-3793","post","type-post","status-publish","format-standard","has-post-thumbnail","hentry","category-motogp"],"yoast_head":"<!-- This site is optimized with the Yoast SEO plugin v27.1.1 - https:\/\/yoast.com\/product\/yoast-seo-wordpress\/ -->\n<title>Barber\u00e1 i Baz milloren el ritme i les sensacions el segon dia a Mugello - Esponsorama<\/title>\n<meta name=\"robots\" content=\"index, follow, max-snippet:-1, max-image-preview:large, max-video-preview:-1\" \/>\n<link rel=\"canonical\" href=\"http:\/\/esponsorama.ad\/ca\/barbera-baz-mejoran-ritmo-las-sensaciones-segundo-dia-mugello\/\" \/>\n<meta property=\"og:locale\" content=\"it_IT\" \/>\n<meta property=\"og:type\" content=\"article\" \/>\n<meta property=\"og:title\" content=\"Barber\u00e1 i Baz milloren el ritme i les sensacions el segon dia a Mugello - Esponsorama\" \/>\n<meta property=\"og:description\" content=\"Els pilots de l&#8217;equip Reale Avintia Racing, H\u00e9ctor Barber\u00e1 i Loris Baz, sortiran dem\u00e0 al Gran Premi d&#8217;It\u00e0lia des de la cinquena i sisena l\u00ednies de la graella despr\u00e9s d&#8217;acabar els entrenaments cronometrats en 14a i 17a posici\u00f3, respectivament. Les sensacions d&#8217;H\u00e9ctor Barber\u00e1 han tornat i ahir ja va demostrar que pot estar amb els [&hellip;]\" \/>\n<meta property=\"og:url\" content=\"http:\/\/esponsorama.ad\/ca\/barbera-baz-mejoran-ritmo-las-sensaciones-segundo-dia-mugello\/\" \/>\n<meta property=\"og:site_name\" content=\"Esponsorama\" \/>\n<meta property=\"article:published_time\" content=\"2017-06-03T15:53:55+00:00\" \/>\n<meta property=\"article:modified_time\" content=\"2017-06-03T15:56:05+00:00\" \/>\n<meta property=\"og:image\" content=\"http:\/\/esponsorama.ad\/wp-content\/uploads\/2017\/06\/06Mugello17MgpESPONSORAMA_4728-1024x683.jpg\" \/>\n\t<meta property=\"og:image:width\" content=\"1024\" \/>\n\t<meta property=\"og:image:height\" content=\"683\" \/>\n\t<meta property=\"og:image:type\" content=\"image\/jpeg\" \/>\n<meta name=\"author\" content=\"Xavi Andornet\" \/>\n<meta name=\"twitter:card\" content=\"summary_large_image\" \/>\n<meta name=\"twitter:label1\" content=\"Written by\" \/>\n\t<meta name=\"twitter:data1\" content=\"Xavi Andornet\" \/>\n\t<meta name=\"twitter:label2\" content=\"Est. reading time\" \/>\n\t<meta name=\"twitter:data2\" content=\"2 minutes\" \/>\n<script type=\"application\/ld+json\" class=\"yoast-schema-graph\">{\"@context\":\"https:\/\/schema.org\",\"@graph\":[{\"@type\":\"Article\",\"@id\":\"http:\/\/esponsorama.ad\/ca\/barbera-baz-mejoran-ritmo-las-sensaciones-segundo-dia-mugello\/#article\",\"isPartOf\":{\"@id\":\"http:\/\/esponsorama.ad\/ca\/barbera-baz-mejoran-ritmo-las-sensaciones-segundo-dia-mugello\/\"},\"author\":{\"name\":\"Xavi Andornet\",\"@id\":\"http:\/\/esponsorama.ad\/es\/#\/schema\/person\/a5cde74945183d737066e46b61c6f9c4\"},\"headline\":\"Barber\u00e1 i Baz milloren el ritme i les sensacions el segon dia a Mugello\",\"datePublished\":\"2017-06-03T15:53:55+00:00\",\"dateModified\":\"2017-06-03T15:56:05+00:00\",\"mainEntityOfPage\":{\"@id\":\"http:\/\/esponsorama.ad\/ca\/barbera-baz-mejoran-ritmo-las-sensaciones-segundo-dia-mugello\/\"},\"wordCount\":448,\"image\":{\"@id\":\"http:\/\/esponsorama.ad\/ca\/barbera-baz-mejoran-ritmo-las-sensaciones-segundo-dia-mugello\/#primaryimage\"},\"thumbnailUrl\":\"http:\/\/esponsorama.ad\/wp-content\/uploads\/2017\/06\/06Mugello17MgpESPONSORAMA_4728.jpg\",\"articleSection\":[\"MotoGP\"],\"inLanguage\":\"it-IT\"},{\"@type\":\"WebPage\",\"@id\":\"http:\/\/esponsorama.ad\/ca\/barbera-baz-mejoran-ritmo-las-sensaciones-segundo-dia-mugello\/\",\"url\":\"http:\/\/esponsorama.ad\/ca\/barbera-baz-mejoran-ritmo-las-sensaciones-segundo-dia-mugello\/\",\"name\":\"Barber\u00e1 i Baz milloren el ritme i les sensacions el segon dia a Mugello - Esponsorama\",\"isPartOf\":{\"@id\":\"http:\/\/esponsorama.ad\/es\/#website\"},\"primaryImageOfPage\":{\"@id\":\"http:\/\/esponsorama.ad\/ca\/barbera-baz-mejoran-ritmo-las-sensaciones-segundo-dia-mugello\/#primaryimage\"},\"image\":{\"@id\":\"http:\/\/esponsorama.ad\/ca\/barbera-baz-mejoran-ritmo-las-sensaciones-segundo-dia-mugello\/#primaryimage\"},\"thumbnailUrl\":\"http:\/\/esponsorama.ad\/wp-content\/uploads\/2017\/06\/06Mugello17MgpESPONSORAMA_4728.jpg\",\"datePublished\":\"2017-06-03T15:53:55+00:00\",\"dateModified\":\"2017-06-03T15:56:05+00:00\",\"author\":{\"@id\":\"http:\/\/esponsorama.ad\/es\/#\/schema\/person\/a5cde74945183d737066e46b61c6f9c4\"},\"breadcrumb\":{\"@id\":\"http:\/\/esponsorama.ad\/ca\/barbera-baz-mejoran-ritmo-las-sensaciones-segundo-dia-mugello\/#breadcrumb\"},\"inLanguage\":\"it-IT\",\"potentialAction\":[{\"@type\":\"ReadAction\",\"target\":[\"http:\/\/esponsorama.ad\/ca\/barbera-baz-mejoran-ritmo-las-sensaciones-segundo-dia-mugello\/\"]}]},{\"@type\":\"ImageObject\",\"inLanguage\":\"it-IT\",\"@id\":\"http:\/\/esponsorama.ad\/ca\/barbera-baz-mejoran-ritmo-las-sensaciones-segundo-dia-mugello\/#primaryimage\",\"url\":\"http:\/\/esponsorama.ad\/wp-content\/uploads\/2017\/06\/06Mugello17MgpESPONSORAMA_4728.jpg\",\"contentUrl\":\"http:\/\/esponsorama.ad\/wp-content\/uploads\/2017\/06\/06Mugello17MgpESPONSORAMA_4728.jpg\",\"width\":5184,\"height\":3456,\"caption\":\"06 Mugello 1, 2, 3 y 4 de junio de 2017. Circuito de Mugello, Scarperia, ITALIA.MotoGP, MGP, mgp, motogp\"},{\"@type\":\"BreadcrumbList\",\"@id\":\"http:\/\/esponsorama.ad\/ca\/barbera-baz-mejoran-ritmo-las-sensaciones-segundo-dia-mugello\/#breadcrumb\",\"itemListElement\":[{\"@type\":\"ListItem\",\"position\":1,\"name\":\"Home\",\"item\":\"http:\/\/esponsorama.ad\/en\/\"},{\"@type\":\"ListItem\",\"position\":2,\"name\":\"Barber\u00e1 i Baz milloren el ritme i les sensacions el segon dia a Mugello\"}]},{\"@type\":\"WebSite\",\"@id\":\"http:\/\/esponsorama.ad\/es\/#website\",\"url\":\"http:\/\/esponsorama.ad\/es\/\",\"name\":\"Esponsorama\",\"description\":\"Specialist in motorsport sponsorship and event promotions\",\"potentialAction\":[{\"@type\":\"SearchAction\",\"target\":{\"@type\":\"EntryPoint\",\"urlTemplate\":\"http:\/\/esponsorama.ad\/es\/?s={search_term_string}\"},\"query-input\":{\"@type\":\"PropertyValueSpecification\",\"valueRequired\":true,\"valueName\":\"search_term_string\"}}],\"inLanguage\":\"it-IT\"},{\"@type\":\"Person\",\"@id\":\"http:\/\/esponsorama.ad\/es\/#\/schema\/person\/a5cde74945183d737066e46b61c6f9c4\",\"name\":\"Xavi Andornet\",\"image\":{\"@type\":\"ImageObject\",\"inLanguage\":\"it-IT\",\"@id\":\"http:\/\/esponsorama.ad\/es\/#\/schema\/person\/image\/\",\"url\":\"https:\/\/secure.gravatar.com\/avatar\/f10eaf9ad601244a2357c9fd7cd9805ed166cfaaf76d5d9ab08a9d873e70147a?s=96&d=mm&r=g\",\"contentUrl\":\"https:\/\/secure.gravatar.com\/avatar\/f10eaf9ad601244a2357c9fd7cd9805ed166cfaaf76d5d9ab08a9d873e70147a?s=96&d=mm&r=g\",\"caption\":\"Xavi Andornet\"},\"sameAs\":[\"http:\/\/www.andornet.ad\"],\"url\":\"http:\/\/esponsorama.ad\/it\/author\/andornet\/\"}]}<\/script>\n<!-- \/ Yoast SEO plugin. -->","yoast_head_json":{"title":"Barber\u00e1 i Baz milloren el ritme i les sensacions el segon dia a Mugello - Esponsorama","robots":{"index":"index","follow":"follow","max-snippet":"max-snippet:-1","max-image-preview":"max-image-preview:large","max-video-preview":"max-video-preview:-1"},"canonical":"http:\/\/esponsorama.ad\/ca\/barbera-baz-mejoran-ritmo-las-sensaciones-segundo-dia-mugello\/","og_locale":"it_IT","og_type":"article","og_title":"Barber\u00e1 i Baz milloren el ritme i les sensacions el segon dia a Mugello - Esponsorama","og_description":"Els pilots de l&#8217;equip Reale Avintia Racing, H\u00e9ctor Barber\u00e1 i Loris Baz, sortiran dem\u00e0 al Gran Premi d&#8217;It\u00e0lia des de la cinquena i sisena l\u00ednies de la graella despr\u00e9s d&#8217;acabar els entrenaments cronometrats en 14a i 17a posici\u00f3, respectivament. Les sensacions d&#8217;H\u00e9ctor Barber\u00e1 han tornat i ahir ja va demostrar que pot estar amb els [&hellip;]","og_url":"http:\/\/esponsorama.ad\/ca\/barbera-baz-mejoran-ritmo-las-sensaciones-segundo-dia-mugello\/","og_site_name":"Esponsorama","article_published_time":"2017-06-03T15:53:55+00:00","article_modified_time":"2017-06-03T15:56:05+00:00","og_image":[{"width":1024,"height":683,"url":"http:\/\/esponsorama.ad\/wp-content\/uploads\/2017\/06\/06Mugello17MgpESPONSORAMA_4728-1024x683.jpg","type":"image\/jpeg"}],"author":"Xavi Andornet","twitter_card":"summary_large_image","twitter_misc":{"Written by":"Xavi Andornet","Est. reading time":"2 minutes"},"schema":{"@context":"https:\/\/schema.org","@graph":[{"@type":"Article","@id":"http:\/\/esponsorama.ad\/ca\/barbera-baz-mejoran-ritmo-las-sensaciones-segundo-dia-mugello\/#article","isPartOf":{"@id":"http:\/\/esponsorama.ad\/ca\/barbera-baz-mejoran-ritmo-las-sensaciones-segundo-dia-mugello\/"},"author":{"name":"Xavi Andornet","@id":"http:\/\/esponsorama.ad\/es\/#\/schema\/person\/a5cde74945183d737066e46b61c6f9c4"},"headline":"Barber\u00e1 i Baz milloren el ritme i les sensacions el segon dia a Mugello","datePublished":"2017-06-03T15:53:55+00:00","dateModified":"2017-06-03T15:56:05+00:00","mainEntityOfPage":{"@id":"http:\/\/esponsorama.ad\/ca\/barbera-baz-mejoran-ritmo-las-sensaciones-segundo-dia-mugello\/"},"wordCount":448,"image":{"@id":"http:\/\/esponsorama.ad\/ca\/barbera-baz-mejoran-ritmo-las-sensaciones-segundo-dia-mugello\/#primaryimage"},"thumbnailUrl":"http:\/\/esponsorama.ad\/wp-content\/uploads\/2017\/06\/06Mugello17MgpESPONSORAMA_4728.jpg","articleSection":["MotoGP"],"inLanguage":"it-IT"},{"@type":"WebPage","@id":"http:\/\/esponsorama.ad\/ca\/barbera-baz-mejoran-ritmo-las-sensaciones-segundo-dia-mugello\/","url":"http:\/\/esponsorama.ad\/ca\/barbera-baz-mejoran-ritmo-las-sensaciones-segundo-dia-mugello\/","name":"Barber\u00e1 i Baz milloren el ritme i les sensacions el segon dia a Mugello - Esponsorama","isPartOf":{"@id":"http:\/\/esponsorama.ad\/es\/#website"},"primaryImageOfPage":{"@id":"http:\/\/esponsorama.ad\/ca\/barbera-baz-mejoran-ritmo-las-sensaciones-segundo-dia-mugello\/#primaryimage"},"image":{"@id":"http:\/\/esponsorama.ad\/ca\/barbera-baz-mejoran-ritmo-las-sensaciones-segundo-dia-mugello\/#primaryimage"},"thumbnailUrl":"http:\/\/esponsorama.ad\/wp-content\/uploads\/2017\/06\/06Mugello17MgpESPONSORAMA_4728.jpg","datePublished":"2017-06-03T15:53:55+00:00","dateModified":"2017-06-03T15:56:05+00:00","author":{"@id":"http:\/\/esponsorama.ad\/es\/#\/schema\/person\/a5cde74945183d737066e46b61c6f9c4"},"breadcrumb":{"@id":"http:\/\/esponsorama.ad\/ca\/barbera-baz-mejoran-ritmo-las-sensaciones-segundo-dia-mugello\/#breadcrumb"},"inLanguage":"it-IT","potentialAction":[{"@type":"ReadAction","target":["http:\/\/esponsorama.ad\/ca\/barbera-baz-mejoran-ritmo-las-sensaciones-segundo-dia-mugello\/"]}]},{"@type":"ImageObject","inLanguage":"it-IT","@id":"http:\/\/esponsorama.ad\/ca\/barbera-baz-mejoran-ritmo-las-sensaciones-segundo-dia-mugello\/#primaryimage","url":"http:\/\/esponsorama.ad\/wp-content\/uploads\/2017\/06\/06Mugello17MgpESPONSORAMA_4728.jpg","contentUrl":"http:\/\/esponsorama.ad\/wp-content\/uploads\/2017\/06\/06Mugello17MgpESPONSORAMA_4728.jpg","width":5184,"height":3456,"caption":"06 Mugello 1, 2, 3 y 4 de junio de 2017. Circuito de Mugello, Scarperia, ITALIA.MotoGP, MGP, mgp, motogp"},{"@type":"BreadcrumbList","@id":"http:\/\/esponsorama.ad\/ca\/barbera-baz-mejoran-ritmo-las-sensaciones-segundo-dia-mugello\/#breadcrumb","itemListElement":[{"@type":"ListItem","position":1,"name":"Home","item":"http:\/\/esponsorama.ad\/en\/"},{"@type":"ListItem","position":2,"name":"Barber\u00e1 i Baz milloren el ritme i les sensacions el segon dia a Mugello"}]},{"@type":"WebSite","@id":"http:\/\/esponsorama.ad\/es\/#website","url":"http:\/\/esponsorama.ad\/es\/","name":"Esponsorama","description":"Specialist in motorsport sponsorship and event promotions","potentialAction":[{"@type":"SearchAction","target":{"@type":"EntryPoint","urlTemplate":"http:\/\/esponsorama.ad\/es\/?s={search_term_string}"},"query-input":{"@type":"PropertyValueSpecification","valueRequired":true,"valueName":"search_term_string"}}],"inLanguage":"it-IT"},{"@type":"Person","@id":"http:\/\/esponsorama.ad\/es\/#\/schema\/person\/a5cde74945183d737066e46b61c6f9c4","name":"Xavi Andornet","image":{"@type":"ImageObject","inLanguage":"it-IT","@id":"http:\/\/esponsorama.ad\/es\/#\/schema\/person\/image\/","url":"https:\/\/secure.gravatar.com\/avatar\/f10eaf9ad601244a2357c9fd7cd9805ed166cfaaf76d5d9ab08a9d873e70147a?s=96&d=mm&r=g","contentUrl":"https:\/\/secure.gravatar.com\/avatar\/f10eaf9ad601244a2357c9fd7cd9805ed166cfaaf76d5d9ab08a9d873e70147a?s=96&d=mm&r=g","caption":"Xavi Andornet"},"sameAs":["http:\/\/www.andornet.ad"],"url":"http:\/\/esponsorama.ad\/it\/author\/andornet\/"}]}},"_links":{"self":[{"href":"http:\/\/esponsorama.ad\/it\/wp-json\/wp\/v2\/posts\/3793","targetHints":{"allow":["GET"]}}],"collection":[{"href":"http:\/\/esponsorama.ad\/it\/wp-json\/wp\/v2\/posts"}],"about":[{"href":"http:\/\/esponsorama.ad\/it\/wp-json\/wp\/v2\/types\/post"}],"author":[{"embeddable":true,"href":"http:\/\/esponsorama.ad\/it\/wp-json\/wp\/v2\/users\/6"}],"replies":[{"embeddable":true,"href":"http:\/\/esponsorama.ad\/it\/wp-json\/wp\/v2\/comments?post=3793"}],"version-history":[{"count":0,"href":"http:\/\/esponsorama.ad\/it\/wp-json\/wp\/v2\/posts\/3793\/revisions"}],"wp:featuredmedia":[{"embeddable":true,"href":"http:\/\/esponsorama.ad\/it\/wp-json\/wp\/v2\/media\/3760"}],"wp:attachment":[{"href":"http:\/\/esponsorama.ad\/it\/wp-json\/wp\/v2\/media?parent=3793"}],"wp:term":[{"taxonomy":"category","embeddable":true,"href":"http:\/\/esponsorama.ad\/it\/wp-json\/wp\/v2\/categories?post=3793"},{"taxonomy":"post_tag","embeddable":true,"href":"http:\/\/esponsorama.ad\/it\/wp-json\/wp\/v2\/tags?post=3793"}],"curies":[{"name":"wp","href":"https:\/\/api.w.org\/{rel}","templated":true}]}}