{"id":3831,"date":"2017-06-06T13:26:32","date_gmt":"2017-06-06T11:26:32","guid":{"rendered":"http:\/\/esponsorama.ad\/?p=3831"},"modified":"2017-06-06T13:26:32","modified_gmt":"2017-06-06T11:26:32","slug":"vicente-perez-torna-wild-card-al-gran-premi-catalunya","status":"publish","type":"post","link":"http:\/\/esponsorama.ad\/ca\/vicente-perez-torna-wild-card-al-gran-premi-catalunya\/","title":{"rendered":"Vicente P\u00e9rez torna de &#8220;wild card&#8221; al Gran Premi de Catalunya"},"content":{"rendered":"<p>Vicente P\u00e9rez, de Reale Avintia Academy, ser\u00e0 de nou wild card al Mundial; aquesta vegada disputar\u00e0 aquest cap de setmana el Gran Premi de Catalunya de Moto3.<br \/>\nDespr\u00e9s de la seva participaci\u00f3 en el Gran Premi d&#8217;Espanya, el pilot valenci\u00e0 tenia ganes de treure l&#8217;espineta i fer un bon resultat al Mundial. La seva caiguda durant la carrera en el circuit de Jerez, el va fer quedar-se amb les ganes de creuar la meta en una bona posici\u00f3.<br \/>\nPer a Vicente, la invitaci\u00f3 a ser part\u00edcip de nou al Mundial li va a servir per seguir en la seva evoluci\u00f3 com a pilot i anar tenint m\u00e9s experi\u00e8ncia de cara al seu futur.<\/p>\n<div class=\"column\">\n<p>Vicente actualment \u00e9s set\u00e8, amb 16 punts en el FIM CEV de Moto3 i correr\u00e0 la tercera prova del Campionat del 16 al 18 de juny, tamb\u00e9 al tra\u00e7at catal\u00e0. Est\u00e0 fent una temporada bona i es va afermant com un dels pilots m\u00e9s forts de la seva categoria.<\/p>\n\n<p>&#8220;Aquest cap de setmana va a ser bo perqu\u00e8 en dues setmanes ser\u00e0 la cursa del FIM CEV i aix\u00f2 va servir d&#8217;entrenament. Estic molt motivat per fer-ho b\u00e9 en els dos campionats. F\u00edsicament estic avan\u00e7ant molt i cada vegada em sento m\u00e9s fort. El circuit de Montmel\u00f3 m&#8217;agrada bastant; no he rodat molt aqu\u00ed per\u00f2 crec que podrem fer una bona carrera. Guanyar la cursa aquest cap de setmana \u00e9s molt dif\u00edcil, per\u00f2 entrar en els punt podria ser i ens vindria molt b\u00e9 a l&#8217;equip i a mi &#8221;<\/p>\n\n<p>&#8220;El&#8221; wild card &#8220;de Catalunya ho plantegem com a preparaci\u00f3 de la cursa del FIM CEV on correrem la setmana que ve en el mateix escenari. \u00c9s una gran oportunitat per a Vicente P\u00e9rez per seguir creixent com a pilot, sens dubte Montmel\u00f3 \u00e9s un gran circuit, extremadament complet a nivell t\u00e8cnic i Vicente tindr\u00e0 l&#8217;oportunitat de poder rodar amb els millors pilots del m\u00f3n. Treball i serenitat seran els secrets per fer un bon paper .\u201d<\/p>\n<\/div>\n","protected":false},"excerpt":{"rendered":"<p>Vicente P\u00e9rez, de Reale Avintia Academy, ser\u00e0 de nou wild card al Mundial; aquesta vegada disputar\u00e0 aquest cap de setmana el Gran Premi de Catalunya de Moto3. Despr\u00e9s de la seva participaci\u00f3 en el Gran Premi d&#8217;Espanya, el pilot valenci\u00e0 tenia ganes de treure l&#8217;espineta i fer un bon resultat al Mundial. La seva caiguda [&hellip;]<\/p>\n","protected":false},"author":6,"featured_media":3070,"comment_status":"closed","ping_status":"closed","sticky":false,"template":"","format":"standard","meta":{"footnotes":""},"categories":[10],"tags":[],"class_list":["post-3831","post","type-post","status-publish","format-standard","has-post-thumbnail","hentry"],"yoast_head":"<!-- This site is optimized with the Yoast SEO plugin v27.1.1 - https:\/\/yoast.com\/product\/yoast-seo-wordpress\/ -->\n<title>Vicente P\u00e9rez torna de &quot;wild card&quot; al Gran Premi de Catalunya - Esponsorama<\/title>\n<meta name=\"robots\" content=\"index, follow, max-snippet:-1, max-image-preview:large, max-video-preview:-1\" \/>\n<link rel=\"canonical\" href=\"http:\/\/esponsorama.ad\/ca\/vicente-perez-torna-wild-card-al-gran-premi-catalunya\/\" \/>\n<meta property=\"og:locale\" content=\"it_IT\" \/>\n<meta property=\"og:type\" content=\"article\" \/>\n<meta property=\"og:title\" content=\"Vicente P\u00e9rez torna de &quot;wild card&quot; al Gran Premi de Catalunya - Esponsorama\" \/>\n<meta property=\"og:description\" content=\"Vicente P\u00e9rez, de Reale Avintia Academy, ser\u00e0 de nou wild card al Mundial; aquesta vegada disputar\u00e0 aquest cap de setmana el Gran Premi de Catalunya de Moto3. Despr\u00e9s de la seva participaci\u00f3 en el Gran Premi d&#8217;Espanya, el pilot valenci\u00e0 tenia ganes de treure l&#8217;espineta i fer un bon resultat al Mundial. La seva caiguda [&hellip;]\" \/>\n<meta property=\"og:url\" content=\"http:\/\/esponsorama.ad\/ca\/vicente-perez-torna-wild-card-al-gran-premi-catalunya\/\" \/>\n<meta property=\"og:site_name\" content=\"Esponsorama\" \/>\n<meta property=\"article:published_time\" content=\"2017-06-06T11:26:32+00:00\" \/>\n<meta property=\"og:image\" content=\"http:\/\/esponsorama.ad\/wp-content\/uploads\/2017\/04\/MG_9956.jpg\" \/>\n\t<meta property=\"og:image:width\" content=\"4272\" \/>\n\t<meta property=\"og:image:height\" content=\"2848\" \/>\n\t<meta property=\"og:image:type\" content=\"image\/jpeg\" \/>\n<meta name=\"author\" content=\"Xavi Andornet\" \/>\n<meta name=\"twitter:card\" content=\"summary_large_image\" \/>\n<meta name=\"twitter:label1\" content=\"Written by\" \/>\n\t<meta name=\"twitter:data1\" content=\"Xavi Andornet\" \/>\n\t<meta name=\"twitter:label2\" content=\"Est. reading time\" \/>\n\t<meta name=\"twitter:data2\" content=\"2 minutes\" \/>\n<script type=\"application\/ld+json\" class=\"yoast-schema-graph\">{\"@context\":\"https:\/\/schema.org\",\"@graph\":[{\"@type\":\"Article\",\"@id\":\"http:\/\/esponsorama.ad\/ca\/vicente-perez-torna-wild-card-al-gran-premi-catalunya\/#article\",\"isPartOf\":{\"@id\":\"http:\/\/esponsorama.ad\/ca\/vicente-perez-torna-wild-card-al-gran-premi-catalunya\/\"},\"author\":{\"name\":\"Xavi Andornet\",\"@id\":\"http:\/\/esponsorama.ad\/es\/#\/schema\/person\/a5cde74945183d737066e46b61c6f9c4\"},\"headline\":\"Vicente P\u00e9rez torna de &#8220;wild card&#8221; al Gran Premi de Catalunya\",\"datePublished\":\"2017-06-06T11:26:32+00:00\",\"mainEntityOfPage\":{\"@id\":\"http:\/\/esponsorama.ad\/ca\/vicente-perez-torna-wild-card-al-gran-premi-catalunya\/\"},\"wordCount\":358,\"image\":{\"@id\":\"http:\/\/esponsorama.ad\/ca\/vicente-perez-torna-wild-card-al-gran-premi-catalunya\/#primaryimage\"},\"thumbnailUrl\":\"http:\/\/esponsorama.ad\/wp-content\/uploads\/2017\/04\/MG_9956.jpg\",\"articleSection\":[\"\"],\"inLanguage\":\"it-IT\"},{\"@type\":\"WebPage\",\"@id\":\"http:\/\/esponsorama.ad\/ca\/vicente-perez-torna-wild-card-al-gran-premi-catalunya\/\",\"url\":\"http:\/\/esponsorama.ad\/ca\/vicente-perez-torna-wild-card-al-gran-premi-catalunya\/\",\"name\":\"Vicente P\u00e9rez torna de \\\"wild card\\\" al Gran Premi de Catalunya - Esponsorama\",\"isPartOf\":{\"@id\":\"http:\/\/esponsorama.ad\/es\/#website\"},\"primaryImageOfPage\":{\"@id\":\"http:\/\/esponsorama.ad\/ca\/vicente-perez-torna-wild-card-al-gran-premi-catalunya\/#primaryimage\"},\"image\":{\"@id\":\"http:\/\/esponsorama.ad\/ca\/vicente-perez-torna-wild-card-al-gran-premi-catalunya\/#primaryimage\"},\"thumbnailUrl\":\"http:\/\/esponsorama.ad\/wp-content\/uploads\/2017\/04\/MG_9956.jpg\",\"datePublished\":\"2017-06-06T11:26:32+00:00\",\"author\":{\"@id\":\"http:\/\/esponsorama.ad\/es\/#\/schema\/person\/a5cde74945183d737066e46b61c6f9c4\"},\"breadcrumb\":{\"@id\":\"http:\/\/esponsorama.ad\/ca\/vicente-perez-torna-wild-card-al-gran-premi-catalunya\/#breadcrumb\"},\"inLanguage\":\"it-IT\",\"potentialAction\":[{\"@type\":\"ReadAction\",\"target\":[\"http:\/\/esponsorama.ad\/ca\/vicente-perez-torna-wild-card-al-gran-premi-catalunya\/\"]}]},{\"@type\":\"ImageObject\",\"inLanguage\":\"it-IT\",\"@id\":\"http:\/\/esponsorama.ad\/ca\/vicente-perez-torna-wild-card-al-gran-premi-catalunya\/#primaryimage\",\"url\":\"http:\/\/esponsorama.ad\/wp-content\/uploads\/2017\/04\/MG_9956.jpg\",\"contentUrl\":\"http:\/\/esponsorama.ad\/wp-content\/uploads\/2017\/04\/MG_9956.jpg\",\"width\":4272,\"height\":2848},{\"@type\":\"BreadcrumbList\",\"@id\":\"http:\/\/esponsorama.ad\/ca\/vicente-perez-torna-wild-card-al-gran-premi-catalunya\/#breadcrumb\",\"itemListElement\":[{\"@type\":\"ListItem\",\"position\":1,\"name\":\"Home\",\"item\":\"http:\/\/esponsorama.ad\/ca\/\"},{\"@type\":\"ListItem\",\"position\":2,\"name\":\"Vicente P\u00e9rez torna de \u00abwild card\u00bb al Gran Premi de Catalunya\"}]},{\"@type\":\"WebSite\",\"@id\":\"http:\/\/esponsorama.ad\/es\/#website\",\"url\":\"http:\/\/esponsorama.ad\/es\/\",\"name\":\"Esponsorama\",\"description\":\"Specialist in motorsport sponsorship and event promotions\",\"potentialAction\":[{\"@type\":\"SearchAction\",\"target\":{\"@type\":\"EntryPoint\",\"urlTemplate\":\"http:\/\/esponsorama.ad\/es\/?s={search_term_string}\"},\"query-input\":{\"@type\":\"PropertyValueSpecification\",\"valueRequired\":true,\"valueName\":\"search_term_string\"}}],\"inLanguage\":\"it-IT\"},{\"@type\":\"Person\",\"@id\":\"http:\/\/esponsorama.ad\/es\/#\/schema\/person\/a5cde74945183d737066e46b61c6f9c4\",\"name\":\"Xavi Andornet\",\"image\":{\"@type\":\"ImageObject\",\"inLanguage\":\"it-IT\",\"@id\":\"http:\/\/esponsorama.ad\/es\/#\/schema\/person\/image\/\",\"url\":\"https:\/\/secure.gravatar.com\/avatar\/f10eaf9ad601244a2357c9fd7cd9805ed166cfaaf76d5d9ab08a9d873e70147a?s=96&d=mm&r=g\",\"contentUrl\":\"https:\/\/secure.gravatar.com\/avatar\/f10eaf9ad601244a2357c9fd7cd9805ed166cfaaf76d5d9ab08a9d873e70147a?s=96&d=mm&r=g\",\"caption\":\"Xavi Andornet\"},\"sameAs\":[\"http:\/\/www.andornet.ad\"],\"url\":\"http:\/\/esponsorama.ad\/it\/author\/andornet\/\"}]}<\/script>\n<!-- \/ Yoast SEO plugin. -->","yoast_head_json":{"title":"Vicente P\u00e9rez torna de \"wild card\" al Gran Premi de Catalunya - Esponsorama","robots":{"index":"index","follow":"follow","max-snippet":"max-snippet:-1","max-image-preview":"max-image-preview:large","max-video-preview":"max-video-preview:-1"},"canonical":"http:\/\/esponsorama.ad\/ca\/vicente-perez-torna-wild-card-al-gran-premi-catalunya\/","og_locale":"it_IT","og_type":"article","og_title":"Vicente P\u00e9rez torna de \"wild card\" al Gran Premi de Catalunya - Esponsorama","og_description":"Vicente P\u00e9rez, de Reale Avintia Academy, ser\u00e0 de nou wild card al Mundial; aquesta vegada disputar\u00e0 aquest cap de setmana el Gran Premi de Catalunya de Moto3. Despr\u00e9s de la seva participaci\u00f3 en el Gran Premi d&#8217;Espanya, el pilot valenci\u00e0 tenia ganes de treure l&#8217;espineta i fer un bon resultat al Mundial. La seva caiguda [&hellip;]","og_url":"http:\/\/esponsorama.ad\/ca\/vicente-perez-torna-wild-card-al-gran-premi-catalunya\/","og_site_name":"Esponsorama","article_published_time":"2017-06-06T11:26:32+00:00","og_image":[{"width":4272,"height":2848,"url":"http:\/\/esponsorama.ad\/wp-content\/uploads\/2017\/04\/MG_9956.jpg","type":"image\/jpeg"}],"author":"Xavi Andornet","twitter_card":"summary_large_image","twitter_misc":{"Written by":"Xavi Andornet","Est. reading time":"2 minutes"},"schema":{"@context":"https:\/\/schema.org","@graph":[{"@type":"Article","@id":"http:\/\/esponsorama.ad\/ca\/vicente-perez-torna-wild-card-al-gran-premi-catalunya\/#article","isPartOf":{"@id":"http:\/\/esponsorama.ad\/ca\/vicente-perez-torna-wild-card-al-gran-premi-catalunya\/"},"author":{"name":"Xavi Andornet","@id":"http:\/\/esponsorama.ad\/es\/#\/schema\/person\/a5cde74945183d737066e46b61c6f9c4"},"headline":"Vicente P\u00e9rez torna de &#8220;wild card&#8221; al Gran Premi de Catalunya","datePublished":"2017-06-06T11:26:32+00:00","mainEntityOfPage":{"@id":"http:\/\/esponsorama.ad\/ca\/vicente-perez-torna-wild-card-al-gran-premi-catalunya\/"},"wordCount":358,"image":{"@id":"http:\/\/esponsorama.ad\/ca\/vicente-perez-torna-wild-card-al-gran-premi-catalunya\/#primaryimage"},"thumbnailUrl":"http:\/\/esponsorama.ad\/wp-content\/uploads\/2017\/04\/MG_9956.jpg","articleSection":[""],"inLanguage":"it-IT"},{"@type":"WebPage","@id":"http:\/\/esponsorama.ad\/ca\/vicente-perez-torna-wild-card-al-gran-premi-catalunya\/","url":"http:\/\/esponsorama.ad\/ca\/vicente-perez-torna-wild-card-al-gran-premi-catalunya\/","name":"Vicente P\u00e9rez torna de \"wild card\" al Gran Premi de Catalunya - Esponsorama","isPartOf":{"@id":"http:\/\/esponsorama.ad\/es\/#website"},"primaryImageOfPage":{"@id":"http:\/\/esponsorama.ad\/ca\/vicente-perez-torna-wild-card-al-gran-premi-catalunya\/#primaryimage"},"image":{"@id":"http:\/\/esponsorama.ad\/ca\/vicente-perez-torna-wild-card-al-gran-premi-catalunya\/#primaryimage"},"thumbnailUrl":"http:\/\/esponsorama.ad\/wp-content\/uploads\/2017\/04\/MG_9956.jpg","datePublished":"2017-06-06T11:26:32+00:00","author":{"@id":"http:\/\/esponsorama.ad\/es\/#\/schema\/person\/a5cde74945183d737066e46b61c6f9c4"},"breadcrumb":{"@id":"http:\/\/esponsorama.ad\/ca\/vicente-perez-torna-wild-card-al-gran-premi-catalunya\/#breadcrumb"},"inLanguage":"it-IT","potentialAction":[{"@type":"ReadAction","target":["http:\/\/esponsorama.ad\/ca\/vicente-perez-torna-wild-card-al-gran-premi-catalunya\/"]}]},{"@type":"ImageObject","inLanguage":"it-IT","@id":"http:\/\/esponsorama.ad\/ca\/vicente-perez-torna-wild-card-al-gran-premi-catalunya\/#primaryimage","url":"http:\/\/esponsorama.ad\/wp-content\/uploads\/2017\/04\/MG_9956.jpg","contentUrl":"http:\/\/esponsorama.ad\/wp-content\/uploads\/2017\/04\/MG_9956.jpg","width":4272,"height":2848},{"@type":"BreadcrumbList","@id":"http:\/\/esponsorama.ad\/ca\/vicente-perez-torna-wild-card-al-gran-premi-catalunya\/#breadcrumb","itemListElement":[{"@type":"ListItem","position":1,"name":"Home","item":"http:\/\/esponsorama.ad\/ca\/"},{"@type":"ListItem","position":2,"name":"Vicente P\u00e9rez torna de \u00abwild card\u00bb al Gran Premi de Catalunya"}]},{"@type":"WebSite","@id":"http:\/\/esponsorama.ad\/es\/#website","url":"http:\/\/esponsorama.ad\/es\/","name":"Esponsorama","description":"Specialist in motorsport sponsorship and event promotions","potentialAction":[{"@type":"SearchAction","target":{"@type":"EntryPoint","urlTemplate":"http:\/\/esponsorama.ad\/es\/?s={search_term_string}"},"query-input":{"@type":"PropertyValueSpecification","valueRequired":true,"valueName":"search_term_string"}}],"inLanguage":"it-IT"},{"@type":"Person","@id":"http:\/\/esponsorama.ad\/es\/#\/schema\/person\/a5cde74945183d737066e46b61c6f9c4","name":"Xavi Andornet","image":{"@type":"ImageObject","inLanguage":"it-IT","@id":"http:\/\/esponsorama.ad\/es\/#\/schema\/person\/image\/","url":"https:\/\/secure.gravatar.com\/avatar\/f10eaf9ad601244a2357c9fd7cd9805ed166cfaaf76d5d9ab08a9d873e70147a?s=96&d=mm&r=g","contentUrl":"https:\/\/secure.gravatar.com\/avatar\/f10eaf9ad601244a2357c9fd7cd9805ed166cfaaf76d5d9ab08a9d873e70147a?s=96&d=mm&r=g","caption":"Xavi Andornet"},"sameAs":["http:\/\/www.andornet.ad"],"url":"http:\/\/esponsorama.ad\/it\/author\/andornet\/"}]}},"_links":{"self":[{"href":"http:\/\/esponsorama.ad\/it\/wp-json\/wp\/v2\/posts\/3831","targetHints":{"allow":["GET"]}}],"collection":[{"href":"http:\/\/esponsorama.ad\/it\/wp-json\/wp\/v2\/posts"}],"about":[{"href":"http:\/\/esponsorama.ad\/it\/wp-json\/wp\/v2\/types\/post"}],"author":[{"embeddable":true,"href":"http:\/\/esponsorama.ad\/it\/wp-json\/wp\/v2\/users\/6"}],"replies":[{"embeddable":true,"href":"http:\/\/esponsorama.ad\/it\/wp-json\/wp\/v2\/comments?post=3831"}],"version-history":[{"count":0,"href":"http:\/\/esponsorama.ad\/it\/wp-json\/wp\/v2\/posts\/3831\/revisions"}],"wp:featuredmedia":[{"embeddable":true,"href":"http:\/\/esponsorama.ad\/it\/wp-json\/wp\/v2\/media\/3070"}],"wp:attachment":[{"href":"http:\/\/esponsorama.ad\/it\/wp-json\/wp\/v2\/media?parent=3831"}],"wp:term":[{"taxonomy":"category","embeddable":true,"href":"http:\/\/esponsorama.ad\/it\/wp-json\/wp\/v2\/categories?post=3831"},{"taxonomy":"post_tag","embeddable":true,"href":"http:\/\/esponsorama.ad\/it\/wp-json\/wp\/v2\/tags?post=3831"}],"curies":[{"name":"wp","href":"https:\/\/api.w.org\/{rel}","templated":true}]}}