{"id":4558,"date":"2017-06-23T17:59:27","date_gmt":"2017-06-23T15:59:27","guid":{"rendered":"http:\/\/esponsorama.ad\/?p=4558"},"modified":"2017-06-23T17:59:27","modified_gmt":"2017-06-23T15:59:27","slug":"equipo-reale-avintia-racing-comienza-trabajo-primer-dia-assen","status":"publish","type":"post","link":"http:\/\/esponsorama.ad\/ca\/equipo-reale-avintia-racing-comienza-trabajo-primer-dia-assen\/","title":{"rendered":"L&#8217;equip Reale Avintia Racing comen\u00e7a la feina el primer dia a Assen"},"content":{"rendered":"<p>Els pilots de Reale Avintia Racing, Loris Baz i H\u00e9ctor Barber\u00e1 han acabat el primer dia d&#8217;entrenaments lliures per al Gran Premi d&#8217;Holanda en 16a i 18a posici\u00f3, respectivament. Tots dos pilots han treballat dur amb els seus equips per afinar al m\u00e0xim la posada a punt de les seves Ducati. Assen \u00e9s un circuit<\/p>\n<p>r\u00e0pid i enlla\u00e7at en el qual les frenades no s\u00f3n molt forts, per tant cal carregar m\u00e9s pes en el pneum\u00e0tic davanter per aprofitar tot el seu potencial. En aquest punt s&#8217;han concentrat tant Baz com Barber\u00e1 i, tot i que mirant la taula de temps la posici\u00f3 no \u00e9s la millor, les difer\u00e8ncies amb els primer no s\u00f3n tan grans i tot est\u00e0 molt atape\u00eft.<\/p>\n<p>La previsi\u00f3 climatol\u00f2gica per dem\u00e0 \u00e9s de pluja. Si finalment es confirma els pilots de Reale Avintia esperen poder lluitar per millorar la seva posici\u00f3, en unes condicions que habitualment han estat favorables per a ells i les seves Ducati Desmosedici.<\/p>\n\n<p>&#8220;Al mat\u00ed ha estat complicat perqu\u00e8 no tenia bones sensacions amb la moto. Per\u00f2 hem canviat algunes coses i aquesta tarda ha anat molt millor. Amb aquests nous pneum\u00e0tics cal carregar molt pes davant perqu\u00e8 funcionin, per\u00f2 sent tan alt no \u00e9s f\u00e0cil acostumar-se, per\u00f2 ens ha ajudat molt per millorar. Despr\u00e9s per buscar un temps hem muntat els compostos m\u00e9s tous i potser hauria anat millor amb el davanter mig. per\u00f2 estem a nom\u00e9s quatre d\u00e8cimes del &#8216;Top 10&#8217; i no est\u00e0 malament. Dem\u00e0 sembla que plour\u00e0 tot el dia, aix\u00ed que caldr\u00e0 preparar b\u00e9 la Q1 per intentar passar a la Q2 &#8220;.<\/p>\n\n<p>&#8220;La veritat \u00e9s que no hem comen\u00e7at el cap de setmana com ens hagu\u00e9s agradat i potser en aquest circuit s&#8217;accentuen una mica m\u00e9s els problemes. Ens segueix faltant pes a la part davantera i no \u00e9s una pista on es freni molt. Si mirem els temps est\u00e0 tot molt ajustat, ens han faltat unes d\u00e8cimes per entrar a la Q2, i potser m&#8217;ha faltat fer una bona volta, per\u00f2 en general crec que el ritme no ha estat dolent. Si tinc la sort que no plogui per la mat\u00ed espero poder millorar el meu temps en sec. Cal millorar la moto a les frenades. Si plou la veritat \u00e9s que he rodat poc amb aquesta moto en aigua, per\u00f2 com sempre intentar\u00e9 donar el millor de mi per acabar el m\u00e9s amunt possible\u201d.<\/p>\n","protected":false},"excerpt":{"rendered":"<p>Els pilots de Reale Avintia Racing, Loris Baz i H\u00e9ctor Barber\u00e1 han acabat el primer dia d&#8217;entrenaments lliures per al Gran Premi d&#8217;Holanda en 16a i 18a posici\u00f3, respectivament. Tots dos pilots han treballat dur amb els seus equips per afinar al m\u00e0xim la posada a punt de les seves Ducati. Assen \u00e9s un circuit [&hellip;]<\/p>\n","protected":false},"author":6,"featured_media":4512,"comment_status":"closed","ping_status":"closed","sticky":false,"template":"","format":"standard","meta":{"footnotes":""},"categories":[3],"tags":[],"class_list":["post-4558","post","type-post","status-publish","format-standard","has-post-thumbnail","hentry","category-motogp"],"yoast_head":"<!-- This site is optimized with the Yoast SEO plugin v27.1.1 - https:\/\/yoast.com\/product\/yoast-seo-wordpress\/ -->\n<title>L&#039;equip Reale Avintia Racing comen\u00e7a la feina el primer dia a Assen - Esponsorama<\/title>\n<meta name=\"robots\" content=\"index, follow, max-snippet:-1, max-image-preview:large, max-video-preview:-1\" \/>\n<link rel=\"canonical\" href=\"http:\/\/esponsorama.ad\/ca\/equipo-reale-avintia-racing-comienza-trabajo-primer-dia-assen\/\" \/>\n<meta property=\"og:locale\" content=\"it_IT\" \/>\n<meta property=\"og:type\" content=\"article\" \/>\n<meta property=\"og:title\" content=\"L&#039;equip Reale Avintia Racing comen\u00e7a la feina el primer dia a Assen - Esponsorama\" \/>\n<meta property=\"og:description\" content=\"Els pilots de Reale Avintia Racing, Loris Baz i H\u00e9ctor Barber\u00e1 han acabat el primer dia d&#8217;entrenaments lliures per al Gran Premi d&#8217;Holanda en 16a i 18a posici\u00f3, respectivament. Tots dos pilots han treballat dur amb els seus equips per afinar al m\u00e0xim la posada a punt de les seves Ducati. Assen \u00e9s un circuit [&hellip;]\" \/>\n<meta property=\"og:url\" content=\"http:\/\/esponsorama.ad\/ca\/equipo-reale-avintia-racing-comienza-trabajo-primer-dia-assen\/\" \/>\n<meta property=\"og:site_name\" content=\"Esponsorama\" \/>\n<meta property=\"article:published_time\" content=\"2017-06-23T15:59:27+00:00\" \/>\n<meta property=\"og:image\" content=\"http:\/\/esponsorama.ad\/wp-content\/uploads\/2017\/06\/08ASSEN17Avintia-0400.jpg\" \/>\n\t<meta property=\"og:image:width\" content=\"3856\" \/>\n\t<meta property=\"og:image:height\" content=\"2571\" \/>\n\t<meta property=\"og:image:type\" content=\"image\/jpeg\" \/>\n<meta name=\"author\" content=\"Xavi Andornet\" \/>\n<meta name=\"twitter:card\" content=\"summary_large_image\" \/>\n<meta name=\"twitter:label1\" content=\"Written by\" \/>\n\t<meta name=\"twitter:data1\" content=\"Xavi Andornet\" \/>\n\t<meta name=\"twitter:label2\" content=\"Est. reading time\" \/>\n\t<meta name=\"twitter:data2\" content=\"2 minutes\" \/>\n<script type=\"application\/ld+json\" class=\"yoast-schema-graph\">{\"@context\":\"https:\/\/schema.org\",\"@graph\":[{\"@type\":\"Article\",\"@id\":\"http:\/\/esponsorama.ad\/ca\/equipo-reale-avintia-racing-comienza-trabajo-primer-dia-assen\/#article\",\"isPartOf\":{\"@id\":\"http:\/\/esponsorama.ad\/ca\/equipo-reale-avintia-racing-comienza-trabajo-primer-dia-assen\/\"},\"author\":{\"name\":\"Xavi Andornet\",\"@id\":\"http:\/\/esponsorama.ad\/es\/#\/schema\/person\/a5cde74945183d737066e46b61c6f9c4\"},\"headline\":\"L&#8217;equip Reale Avintia Racing comen\u00e7a la feina el primer dia a Assen\",\"datePublished\":\"2017-06-23T15:59:27+00:00\",\"mainEntityOfPage\":{\"@id\":\"http:\/\/esponsorama.ad\/ca\/equipo-reale-avintia-racing-comienza-trabajo-primer-dia-assen\/\"},\"wordCount\":445,\"image\":{\"@id\":\"http:\/\/esponsorama.ad\/ca\/equipo-reale-avintia-racing-comienza-trabajo-primer-dia-assen\/#primaryimage\"},\"thumbnailUrl\":\"http:\/\/esponsorama.ad\/wp-content\/uploads\/2017\/06\/08ASSEN17Avintia-0400.jpg\",\"articleSection\":[\"MotoGP\"],\"inLanguage\":\"it-IT\"},{\"@type\":\"WebPage\",\"@id\":\"http:\/\/esponsorama.ad\/ca\/equipo-reale-avintia-racing-comienza-trabajo-primer-dia-assen\/\",\"url\":\"http:\/\/esponsorama.ad\/ca\/equipo-reale-avintia-racing-comienza-trabajo-primer-dia-assen\/\",\"name\":\"L'equip Reale Avintia Racing comen\u00e7a la feina el primer dia a Assen - Esponsorama\",\"isPartOf\":{\"@id\":\"http:\/\/esponsorama.ad\/es\/#website\"},\"primaryImageOfPage\":{\"@id\":\"http:\/\/esponsorama.ad\/ca\/equipo-reale-avintia-racing-comienza-trabajo-primer-dia-assen\/#primaryimage\"},\"image\":{\"@id\":\"http:\/\/esponsorama.ad\/ca\/equipo-reale-avintia-racing-comienza-trabajo-primer-dia-assen\/#primaryimage\"},\"thumbnailUrl\":\"http:\/\/esponsorama.ad\/wp-content\/uploads\/2017\/06\/08ASSEN17Avintia-0400.jpg\",\"datePublished\":\"2017-06-23T15:59:27+00:00\",\"author\":{\"@id\":\"http:\/\/esponsorama.ad\/es\/#\/schema\/person\/a5cde74945183d737066e46b61c6f9c4\"},\"breadcrumb\":{\"@id\":\"http:\/\/esponsorama.ad\/ca\/equipo-reale-avintia-racing-comienza-trabajo-primer-dia-assen\/#breadcrumb\"},\"inLanguage\":\"it-IT\",\"potentialAction\":[{\"@type\":\"ReadAction\",\"target\":[\"http:\/\/esponsorama.ad\/ca\/equipo-reale-avintia-racing-comienza-trabajo-primer-dia-assen\/\"]}]},{\"@type\":\"ImageObject\",\"inLanguage\":\"it-IT\",\"@id\":\"http:\/\/esponsorama.ad\/ca\/equipo-reale-avintia-racing-comienza-trabajo-primer-dia-assen\/#primaryimage\",\"url\":\"http:\/\/esponsorama.ad\/wp-content\/uploads\/2017\/06\/08ASSEN17Avintia-0400.jpg\",\"contentUrl\":\"http:\/\/esponsorama.ad\/wp-content\/uploads\/2017\/06\/08ASSEN17Avintia-0400.jpg\",\"width\":3856,\"height\":2571},{\"@type\":\"BreadcrumbList\",\"@id\":\"http:\/\/esponsorama.ad\/ca\/equipo-reale-avintia-racing-comienza-trabajo-primer-dia-assen\/#breadcrumb\",\"itemListElement\":[{\"@type\":\"ListItem\",\"position\":1,\"name\":\"Home\",\"item\":\"http:\/\/esponsorama.ad\/en\/\"},{\"@type\":\"ListItem\",\"position\":2,\"name\":\"L&#8217;equip Reale Avintia Racing comen\u00e7a la feina el primer dia a Assen\"}]},{\"@type\":\"WebSite\",\"@id\":\"http:\/\/esponsorama.ad\/es\/#website\",\"url\":\"http:\/\/esponsorama.ad\/es\/\",\"name\":\"Esponsorama\",\"description\":\"Specialist in motorsport sponsorship and event promotions\",\"potentialAction\":[{\"@type\":\"SearchAction\",\"target\":{\"@type\":\"EntryPoint\",\"urlTemplate\":\"http:\/\/esponsorama.ad\/es\/?s={search_term_string}\"},\"query-input\":{\"@type\":\"PropertyValueSpecification\",\"valueRequired\":true,\"valueName\":\"search_term_string\"}}],\"inLanguage\":\"it-IT\"},{\"@type\":\"Person\",\"@id\":\"http:\/\/esponsorama.ad\/es\/#\/schema\/person\/a5cde74945183d737066e46b61c6f9c4\",\"name\":\"Xavi Andornet\",\"image\":{\"@type\":\"ImageObject\",\"inLanguage\":\"it-IT\",\"@id\":\"http:\/\/esponsorama.ad\/es\/#\/schema\/person\/image\/\",\"url\":\"https:\/\/secure.gravatar.com\/avatar\/f10eaf9ad601244a2357c9fd7cd9805ed166cfaaf76d5d9ab08a9d873e70147a?s=96&d=mm&r=g\",\"contentUrl\":\"https:\/\/secure.gravatar.com\/avatar\/f10eaf9ad601244a2357c9fd7cd9805ed166cfaaf76d5d9ab08a9d873e70147a?s=96&d=mm&r=g\",\"caption\":\"Xavi Andornet\"},\"sameAs\":[\"http:\/\/www.andornet.ad\"],\"url\":\"http:\/\/esponsorama.ad\/it\/author\/andornet\/\"}]}<\/script>\n<!-- \/ Yoast SEO plugin. -->","yoast_head_json":{"title":"L'equip Reale Avintia Racing comen\u00e7a la feina el primer dia a Assen - Esponsorama","robots":{"index":"index","follow":"follow","max-snippet":"max-snippet:-1","max-image-preview":"max-image-preview:large","max-video-preview":"max-video-preview:-1"},"canonical":"http:\/\/esponsorama.ad\/ca\/equipo-reale-avintia-racing-comienza-trabajo-primer-dia-assen\/","og_locale":"it_IT","og_type":"article","og_title":"L'equip Reale Avintia Racing comen\u00e7a la feina el primer dia a Assen - Esponsorama","og_description":"Els pilots de Reale Avintia Racing, Loris Baz i H\u00e9ctor Barber\u00e1 han acabat el primer dia d&#8217;entrenaments lliures per al Gran Premi d&#8217;Holanda en 16a i 18a posici\u00f3, respectivament. Tots dos pilots han treballat dur amb els seus equips per afinar al m\u00e0xim la posada a punt de les seves Ducati. Assen \u00e9s un circuit [&hellip;]","og_url":"http:\/\/esponsorama.ad\/ca\/equipo-reale-avintia-racing-comienza-trabajo-primer-dia-assen\/","og_site_name":"Esponsorama","article_published_time":"2017-06-23T15:59:27+00:00","og_image":[{"width":3856,"height":2571,"url":"http:\/\/esponsorama.ad\/wp-content\/uploads\/2017\/06\/08ASSEN17Avintia-0400.jpg","type":"image\/jpeg"}],"author":"Xavi Andornet","twitter_card":"summary_large_image","twitter_misc":{"Written by":"Xavi Andornet","Est. reading time":"2 minutes"},"schema":{"@context":"https:\/\/schema.org","@graph":[{"@type":"Article","@id":"http:\/\/esponsorama.ad\/ca\/equipo-reale-avintia-racing-comienza-trabajo-primer-dia-assen\/#article","isPartOf":{"@id":"http:\/\/esponsorama.ad\/ca\/equipo-reale-avintia-racing-comienza-trabajo-primer-dia-assen\/"},"author":{"name":"Xavi Andornet","@id":"http:\/\/esponsorama.ad\/es\/#\/schema\/person\/a5cde74945183d737066e46b61c6f9c4"},"headline":"L&#8217;equip Reale Avintia Racing comen\u00e7a la feina el primer dia a Assen","datePublished":"2017-06-23T15:59:27+00:00","mainEntityOfPage":{"@id":"http:\/\/esponsorama.ad\/ca\/equipo-reale-avintia-racing-comienza-trabajo-primer-dia-assen\/"},"wordCount":445,"image":{"@id":"http:\/\/esponsorama.ad\/ca\/equipo-reale-avintia-racing-comienza-trabajo-primer-dia-assen\/#primaryimage"},"thumbnailUrl":"http:\/\/esponsorama.ad\/wp-content\/uploads\/2017\/06\/08ASSEN17Avintia-0400.jpg","articleSection":["MotoGP"],"inLanguage":"it-IT"},{"@type":"WebPage","@id":"http:\/\/esponsorama.ad\/ca\/equipo-reale-avintia-racing-comienza-trabajo-primer-dia-assen\/","url":"http:\/\/esponsorama.ad\/ca\/equipo-reale-avintia-racing-comienza-trabajo-primer-dia-assen\/","name":"L'equip Reale Avintia Racing comen\u00e7a la feina el primer dia a Assen - Esponsorama","isPartOf":{"@id":"http:\/\/esponsorama.ad\/es\/#website"},"primaryImageOfPage":{"@id":"http:\/\/esponsorama.ad\/ca\/equipo-reale-avintia-racing-comienza-trabajo-primer-dia-assen\/#primaryimage"},"image":{"@id":"http:\/\/esponsorama.ad\/ca\/equipo-reale-avintia-racing-comienza-trabajo-primer-dia-assen\/#primaryimage"},"thumbnailUrl":"http:\/\/esponsorama.ad\/wp-content\/uploads\/2017\/06\/08ASSEN17Avintia-0400.jpg","datePublished":"2017-06-23T15:59:27+00:00","author":{"@id":"http:\/\/esponsorama.ad\/es\/#\/schema\/person\/a5cde74945183d737066e46b61c6f9c4"},"breadcrumb":{"@id":"http:\/\/esponsorama.ad\/ca\/equipo-reale-avintia-racing-comienza-trabajo-primer-dia-assen\/#breadcrumb"},"inLanguage":"it-IT","potentialAction":[{"@type":"ReadAction","target":["http:\/\/esponsorama.ad\/ca\/equipo-reale-avintia-racing-comienza-trabajo-primer-dia-assen\/"]}]},{"@type":"ImageObject","inLanguage":"it-IT","@id":"http:\/\/esponsorama.ad\/ca\/equipo-reale-avintia-racing-comienza-trabajo-primer-dia-assen\/#primaryimage","url":"http:\/\/esponsorama.ad\/wp-content\/uploads\/2017\/06\/08ASSEN17Avintia-0400.jpg","contentUrl":"http:\/\/esponsorama.ad\/wp-content\/uploads\/2017\/06\/08ASSEN17Avintia-0400.jpg","width":3856,"height":2571},{"@type":"BreadcrumbList","@id":"http:\/\/esponsorama.ad\/ca\/equipo-reale-avintia-racing-comienza-trabajo-primer-dia-assen\/#breadcrumb","itemListElement":[{"@type":"ListItem","position":1,"name":"Home","item":"http:\/\/esponsorama.ad\/en\/"},{"@type":"ListItem","position":2,"name":"L&#8217;equip Reale Avintia Racing comen\u00e7a la feina el primer dia a Assen"}]},{"@type":"WebSite","@id":"http:\/\/esponsorama.ad\/es\/#website","url":"http:\/\/esponsorama.ad\/es\/","name":"Esponsorama","description":"Specialist in motorsport sponsorship and event promotions","potentialAction":[{"@type":"SearchAction","target":{"@type":"EntryPoint","urlTemplate":"http:\/\/esponsorama.ad\/es\/?s={search_term_string}"},"query-input":{"@type":"PropertyValueSpecification","valueRequired":true,"valueName":"search_term_string"}}],"inLanguage":"it-IT"},{"@type":"Person","@id":"http:\/\/esponsorama.ad\/es\/#\/schema\/person\/a5cde74945183d737066e46b61c6f9c4","name":"Xavi Andornet","image":{"@type":"ImageObject","inLanguage":"it-IT","@id":"http:\/\/esponsorama.ad\/es\/#\/schema\/person\/image\/","url":"https:\/\/secure.gravatar.com\/avatar\/f10eaf9ad601244a2357c9fd7cd9805ed166cfaaf76d5d9ab08a9d873e70147a?s=96&d=mm&r=g","contentUrl":"https:\/\/secure.gravatar.com\/avatar\/f10eaf9ad601244a2357c9fd7cd9805ed166cfaaf76d5d9ab08a9d873e70147a?s=96&d=mm&r=g","caption":"Xavi Andornet"},"sameAs":["http:\/\/www.andornet.ad"],"url":"http:\/\/esponsorama.ad\/it\/author\/andornet\/"}]}},"_links":{"self":[{"href":"http:\/\/esponsorama.ad\/it\/wp-json\/wp\/v2\/posts\/4558","targetHints":{"allow":["GET"]}}],"collection":[{"href":"http:\/\/esponsorama.ad\/it\/wp-json\/wp\/v2\/posts"}],"about":[{"href":"http:\/\/esponsorama.ad\/it\/wp-json\/wp\/v2\/types\/post"}],"author":[{"embeddable":true,"href":"http:\/\/esponsorama.ad\/it\/wp-json\/wp\/v2\/users\/6"}],"replies":[{"embeddable":true,"href":"http:\/\/esponsorama.ad\/it\/wp-json\/wp\/v2\/comments?post=4558"}],"version-history":[{"count":0,"href":"http:\/\/esponsorama.ad\/it\/wp-json\/wp\/v2\/posts\/4558\/revisions"}],"wp:featuredmedia":[{"embeddable":true,"href":"http:\/\/esponsorama.ad\/it\/wp-json\/wp\/v2\/media\/4512"}],"wp:attachment":[{"href":"http:\/\/esponsorama.ad\/it\/wp-json\/wp\/v2\/media?parent=4558"}],"wp:term":[{"taxonomy":"category","embeddable":true,"href":"http:\/\/esponsorama.ad\/it\/wp-json\/wp\/v2\/categories?post=4558"},{"taxonomy":"post_tag","embeddable":true,"href":"http:\/\/esponsorama.ad\/it\/wp-json\/wp\/v2\/tags?post=4558"}],"curies":[{"name":"wp","href":"https:\/\/api.w.org\/{rel}","templated":true}]}}