{"id":4611,"date":"2017-06-24T19:35:40","date_gmt":"2017-06-24T17:35:40","guid":{"rendered":"http:\/\/esponsorama.ad\/?p=4611"},"modified":"2017-06-24T19:35:40","modified_gmt":"2017-06-24T17:35:40","slug":"los-pilotos-reale-avintia-racing-completan-una-emocionante-sesion-clasificatoria-assen","status":"publish","type":"post","link":"http:\/\/esponsorama.ad\/ca\/los-pilotos-reale-avintia-racing-completan-una-emocionante-sesion-clasificatoria-assen\/","title":{"rendered":"Els pilots de Reale Avintia Racing completen una emocionant sessi\u00f3 classificat\u00f2ria a Assen"},"content":{"rendered":"<p>Les previsions de pluja s&#8217;han complert avui a Assen i totes les sessions lliures i cronometrades s&#8217;han disputat en mullat. Al mat\u00ed els pilots de Reale Avintia Racing, H\u00e9ctor Barber\u00e1 i Loris Baz han acabat sis\u00e8 i nov\u00e8, respectivament, de manera que les expectatives de l&#8217;equip per a la Q1 eren bastant altes.<\/p>\n<p>A la tarda les bones sensacions que han tingut Barber\u00e1 i Baz han desaparegut i la manca d&#8217;adher\u00e8ncia en el pneum\u00e0tic posterior no els ha perm\u00e8s rendir com al mat\u00ed. Tot i aix\u00ed Baz ho ha donat tot i ha lluitat fins a l&#8217;\u00faltima volta per passar el tall a la Q2. Al final no ha pogut ser i ha acabat quart, de manera que dem\u00e0 sortir\u00e0 a la cursa 14\u00e8 des de la cinquena l\u00ednia de la graella.<\/p>\n<p>Barber\u00e1 no ha pogut acostar-se a la seva ritme del FP3 i dem\u00e0 sortir\u00e0 20\u00e8 des de la pen\u00faltima l\u00ednia, encara que tots dos confien a poder fer una bona carrera, plogui o no.<\/p>\n\n<p>&#8220;Ha faltat molt poc per passar a la Q2. Aquest mat\u00ed he tingut molt bones sensacions en mullat per\u00f2 la tarda tot i que he anat b\u00e9, les sensacions han estat diferents. Encara que he caigut aquest mat\u00ed el &#8216;grip&#8217; era molt bo, per\u00f2 durant la Q1 no tenia res d&#8217;adher\u00e8ncia darrere i sobretot en l&#8217;\u00faltima part del circuit ha estat complicat. Ho he intentat fins al final, he estat sempre primer, segon, tercer, quart &#8230; Sabia que calia donar una \u00faltima volta molt bona i aix\u00ed ha estat fins al T3. Gaireb\u00e9 caic deu vegades en l&#8217;\u00faltima volta i, tot i que he millorat, no ha estat prou. La posici\u00f3 no \u00e9s dolenta i veurem qu\u00e8 passa dem\u00e0 amb la pluja. Crec que estem b\u00e9 per a qualsevol condici\u00f3 i per poder fer una bona cursa. &#8221;<\/p>\n\n<p>&#8220;Ha estat una sessi\u00f3 classificat\u00f2ria for\u00e7a complicada. Aquest mat\u00ed he acabat sis\u00e8 i el &#8216;feeling&#8217; era molt bo. Per\u00f2 aquesta tarda ha canviat tot, no hi havia &#8216;grip&#8217; darrere i semblava que anava a perdre la moto a cada corba. Aix\u00ed ha estat impossible estr\u00e8nyer i no he pogut rodar com al mat\u00ed. En nom\u00e9s 15 minuts no tens temps d&#8217;aturar i al final vam sortir bastant enrere. Les condicions de la pista eren diferents i m&#8217;hauria d&#8217;haver adaptat millor. Sincerament no s\u00e9 qu\u00e8 prefereixo per dem\u00e0, si pluja o sec. Aquest mat\u00ed ha anat molt b\u00e9, per\u00f2 molt mal a la tarda. Ahir vaig anar r\u00e0pid al mat\u00ed i no tant a la tarda. Caldr\u00e0 fer-ho b\u00e9 en la condici\u00f3 que ens toqui.\u201d<\/p>\n","protected":false},"excerpt":{"rendered":"<p>Les previsions de pluja s&#8217;han complert avui a Assen i totes les sessions lliures i cronometrades s&#8217;han disputat en mullat. Al mat\u00ed els pilots de Reale Avintia Racing, H\u00e9ctor Barber\u00e1 i Loris Baz han acabat sis\u00e8 i nov\u00e8, respectivament, de manera que les expectatives de l&#8217;equip per a la Q1 eren bastant altes. A la [&hellip;]<\/p>\n","protected":false},"author":6,"featured_media":4564,"comment_status":"closed","ping_status":"closed","sticky":false,"template":"","format":"standard","meta":{"footnotes":""},"categories":[3],"tags":[],"class_list":["post-4611","post","type-post","status-publish","format-standard","has-post-thumbnail","hentry","category-motogp"],"yoast_head":"<!-- This site is optimized with the Yoast SEO plugin v27.1.1 - https:\/\/yoast.com\/product\/yoast-seo-wordpress\/ -->\n<title>Els pilots de Reale Avintia Racing completen una emocionant sessi\u00f3 classificat\u00f2ria a Assen - Esponsorama<\/title>\n<meta name=\"robots\" content=\"index, follow, max-snippet:-1, max-image-preview:large, max-video-preview:-1\" \/>\n<link rel=\"canonical\" href=\"http:\/\/esponsorama.ad\/ca\/los-pilotos-reale-avintia-racing-completan-una-emocionante-sesion-clasificatoria-assen\/\" \/>\n<meta property=\"og:locale\" content=\"it_IT\" \/>\n<meta property=\"og:type\" content=\"article\" \/>\n<meta property=\"og:title\" content=\"Els pilots de Reale Avintia Racing completen una emocionant sessi\u00f3 classificat\u00f2ria a Assen - Esponsorama\" \/>\n<meta property=\"og:description\" content=\"Les previsions de pluja s&#8217;han complert avui a Assen i totes les sessions lliures i cronometrades s&#8217;han disputat en mullat. Al mat\u00ed els pilots de Reale Avintia Racing, H\u00e9ctor Barber\u00e1 i Loris Baz han acabat sis\u00e8 i nov\u00e8, respectivament, de manera que les expectatives de l&#8217;equip per a la Q1 eren bastant altes. A la [&hellip;]\" \/>\n<meta property=\"og:url\" content=\"http:\/\/esponsorama.ad\/ca\/los-pilotos-reale-avintia-racing-completan-una-emocionante-sesion-clasificatoria-assen\/\" \/>\n<meta property=\"og:site_name\" content=\"Esponsorama\" \/>\n<meta property=\"article:published_time\" content=\"2017-06-24T17:35:40+00:00\" \/>\n<meta property=\"og:image\" content=\"http:\/\/esponsorama.ad\/wp-content\/uploads\/2017\/06\/08Assen17MgpESPONSORAMA_FK7826.jpg\" \/>\n\t<meta property=\"og:image:width\" content=\"3779\" \/>\n\t<meta property=\"og:image:height\" content=\"2519\" \/>\n\t<meta property=\"og:image:type\" content=\"image\/jpeg\" \/>\n<meta name=\"author\" content=\"Xavi Andornet\" \/>\n<meta name=\"twitter:card\" content=\"summary_large_image\" \/>\n<meta name=\"twitter:label1\" content=\"Written by\" \/>\n\t<meta name=\"twitter:data1\" content=\"Xavi Andornet\" \/>\n\t<meta name=\"twitter:label2\" content=\"Est. reading time\" \/>\n\t<meta name=\"twitter:data2\" content=\"2 minutes\" \/>\n<script type=\"application\/ld+json\" class=\"yoast-schema-graph\">{\"@context\":\"https:\/\/schema.org\",\"@graph\":[{\"@type\":\"Article\",\"@id\":\"http:\/\/esponsorama.ad\/ca\/los-pilotos-reale-avintia-racing-completan-una-emocionante-sesion-clasificatoria-assen\/#article\",\"isPartOf\":{\"@id\":\"http:\/\/esponsorama.ad\/ca\/los-pilotos-reale-avintia-racing-completan-una-emocionante-sesion-clasificatoria-assen\/\"},\"author\":{\"name\":\"Xavi Andornet\",\"@id\":\"http:\/\/esponsorama.ad\/es\/#\/schema\/person\/a5cde74945183d737066e46b61c6f9c4\"},\"headline\":\"Els pilots de Reale Avintia Racing completen una emocionant sessi\u00f3 classificat\u00f2ria a Assen\",\"datePublished\":\"2017-06-24T17:35:40+00:00\",\"mainEntityOfPage\":{\"@id\":\"http:\/\/esponsorama.ad\/ca\/los-pilotos-reale-avintia-racing-completan-una-emocionante-sesion-clasificatoria-assen\/\"},\"wordCount\":463,\"image\":{\"@id\":\"http:\/\/esponsorama.ad\/ca\/los-pilotos-reale-avintia-racing-completan-una-emocionante-sesion-clasificatoria-assen\/#primaryimage\"},\"thumbnailUrl\":\"http:\/\/esponsorama.ad\/wp-content\/uploads\/2017\/06\/08Assen17MgpESPONSORAMA_FK7826.jpg\",\"articleSection\":[\"MotoGP\"],\"inLanguage\":\"it-IT\"},{\"@type\":\"WebPage\",\"@id\":\"http:\/\/esponsorama.ad\/ca\/los-pilotos-reale-avintia-racing-completan-una-emocionante-sesion-clasificatoria-assen\/\",\"url\":\"http:\/\/esponsorama.ad\/ca\/los-pilotos-reale-avintia-racing-completan-una-emocionante-sesion-clasificatoria-assen\/\",\"name\":\"Els pilots de Reale Avintia Racing completen una emocionant sessi\u00f3 classificat\u00f2ria a Assen - Esponsorama\",\"isPartOf\":{\"@id\":\"http:\/\/esponsorama.ad\/es\/#website\"},\"primaryImageOfPage\":{\"@id\":\"http:\/\/esponsorama.ad\/ca\/los-pilotos-reale-avintia-racing-completan-una-emocionante-sesion-clasificatoria-assen\/#primaryimage\"},\"image\":{\"@id\":\"http:\/\/esponsorama.ad\/ca\/los-pilotos-reale-avintia-racing-completan-una-emocionante-sesion-clasificatoria-assen\/#primaryimage\"},\"thumbnailUrl\":\"http:\/\/esponsorama.ad\/wp-content\/uploads\/2017\/06\/08Assen17MgpESPONSORAMA_FK7826.jpg\",\"datePublished\":\"2017-06-24T17:35:40+00:00\",\"author\":{\"@id\":\"http:\/\/esponsorama.ad\/es\/#\/schema\/person\/a5cde74945183d737066e46b61c6f9c4\"},\"breadcrumb\":{\"@id\":\"http:\/\/esponsorama.ad\/ca\/los-pilotos-reale-avintia-racing-completan-una-emocionante-sesion-clasificatoria-assen\/#breadcrumb\"},\"inLanguage\":\"it-IT\",\"potentialAction\":[{\"@type\":\"ReadAction\",\"target\":[\"http:\/\/esponsorama.ad\/ca\/los-pilotos-reale-avintia-racing-completan-una-emocionante-sesion-clasificatoria-assen\/\"]}]},{\"@type\":\"ImageObject\",\"inLanguage\":\"it-IT\",\"@id\":\"http:\/\/esponsorama.ad\/ca\/los-pilotos-reale-avintia-racing-completan-una-emocionante-sesion-clasificatoria-assen\/#primaryimage\",\"url\":\"http:\/\/esponsorama.ad\/wp-content\/uploads\/2017\/06\/08Assen17MgpESPONSORAMA_FK7826.jpg\",\"contentUrl\":\"http:\/\/esponsorama.ad\/wp-content\/uploads\/2017\/06\/08Assen17MgpESPONSORAMA_FK7826.jpg\",\"width\":3779,\"height\":2519},{\"@type\":\"BreadcrumbList\",\"@id\":\"http:\/\/esponsorama.ad\/ca\/los-pilotos-reale-avintia-racing-completan-una-emocionante-sesion-clasificatoria-assen\/#breadcrumb\",\"itemListElement\":[{\"@type\":\"ListItem\",\"position\":1,\"name\":\"Home\",\"item\":\"http:\/\/esponsorama.ad\/en\/\"},{\"@type\":\"ListItem\",\"position\":2,\"name\":\"Els pilots de Reale Avintia Racing completen una emocionant sessi\u00f3 classificat\u00f2ria a Assen\"}]},{\"@type\":\"WebSite\",\"@id\":\"http:\/\/esponsorama.ad\/es\/#website\",\"url\":\"http:\/\/esponsorama.ad\/es\/\",\"name\":\"Esponsorama\",\"description\":\"Specialist in motorsport sponsorship and event promotions\",\"potentialAction\":[{\"@type\":\"SearchAction\",\"target\":{\"@type\":\"EntryPoint\",\"urlTemplate\":\"http:\/\/esponsorama.ad\/es\/?s={search_term_string}\"},\"query-input\":{\"@type\":\"PropertyValueSpecification\",\"valueRequired\":true,\"valueName\":\"search_term_string\"}}],\"inLanguage\":\"it-IT\"},{\"@type\":\"Person\",\"@id\":\"http:\/\/esponsorama.ad\/es\/#\/schema\/person\/a5cde74945183d737066e46b61c6f9c4\",\"name\":\"Xavi Andornet\",\"image\":{\"@type\":\"ImageObject\",\"inLanguage\":\"it-IT\",\"@id\":\"http:\/\/esponsorama.ad\/es\/#\/schema\/person\/image\/\",\"url\":\"https:\/\/secure.gravatar.com\/avatar\/f10eaf9ad601244a2357c9fd7cd9805ed166cfaaf76d5d9ab08a9d873e70147a?s=96&d=mm&r=g\",\"contentUrl\":\"https:\/\/secure.gravatar.com\/avatar\/f10eaf9ad601244a2357c9fd7cd9805ed166cfaaf76d5d9ab08a9d873e70147a?s=96&d=mm&r=g\",\"caption\":\"Xavi Andornet\"},\"sameAs\":[\"http:\/\/www.andornet.ad\"],\"url\":\"http:\/\/esponsorama.ad\/it\/author\/andornet\/\"}]}<\/script>\n<!-- \/ Yoast SEO plugin. -->","yoast_head_json":{"title":"Els pilots de Reale Avintia Racing completen una emocionant sessi\u00f3 classificat\u00f2ria a Assen - Esponsorama","robots":{"index":"index","follow":"follow","max-snippet":"max-snippet:-1","max-image-preview":"max-image-preview:large","max-video-preview":"max-video-preview:-1"},"canonical":"http:\/\/esponsorama.ad\/ca\/los-pilotos-reale-avintia-racing-completan-una-emocionante-sesion-clasificatoria-assen\/","og_locale":"it_IT","og_type":"article","og_title":"Els pilots de Reale Avintia Racing completen una emocionant sessi\u00f3 classificat\u00f2ria a Assen - Esponsorama","og_description":"Les previsions de pluja s&#8217;han complert avui a Assen i totes les sessions lliures i cronometrades s&#8217;han disputat en mullat. Al mat\u00ed els pilots de Reale Avintia Racing, H\u00e9ctor Barber\u00e1 i Loris Baz han acabat sis\u00e8 i nov\u00e8, respectivament, de manera que les expectatives de l&#8217;equip per a la Q1 eren bastant altes. A la [&hellip;]","og_url":"http:\/\/esponsorama.ad\/ca\/los-pilotos-reale-avintia-racing-completan-una-emocionante-sesion-clasificatoria-assen\/","og_site_name":"Esponsorama","article_published_time":"2017-06-24T17:35:40+00:00","og_image":[{"width":3779,"height":2519,"url":"http:\/\/esponsorama.ad\/wp-content\/uploads\/2017\/06\/08Assen17MgpESPONSORAMA_FK7826.jpg","type":"image\/jpeg"}],"author":"Xavi Andornet","twitter_card":"summary_large_image","twitter_misc":{"Written by":"Xavi Andornet","Est. reading time":"2 minutes"},"schema":{"@context":"https:\/\/schema.org","@graph":[{"@type":"Article","@id":"http:\/\/esponsorama.ad\/ca\/los-pilotos-reale-avintia-racing-completan-una-emocionante-sesion-clasificatoria-assen\/#article","isPartOf":{"@id":"http:\/\/esponsorama.ad\/ca\/los-pilotos-reale-avintia-racing-completan-una-emocionante-sesion-clasificatoria-assen\/"},"author":{"name":"Xavi Andornet","@id":"http:\/\/esponsorama.ad\/es\/#\/schema\/person\/a5cde74945183d737066e46b61c6f9c4"},"headline":"Els pilots de Reale Avintia Racing completen una emocionant sessi\u00f3 classificat\u00f2ria a Assen","datePublished":"2017-06-24T17:35:40+00:00","mainEntityOfPage":{"@id":"http:\/\/esponsorama.ad\/ca\/los-pilotos-reale-avintia-racing-completan-una-emocionante-sesion-clasificatoria-assen\/"},"wordCount":463,"image":{"@id":"http:\/\/esponsorama.ad\/ca\/los-pilotos-reale-avintia-racing-completan-una-emocionante-sesion-clasificatoria-assen\/#primaryimage"},"thumbnailUrl":"http:\/\/esponsorama.ad\/wp-content\/uploads\/2017\/06\/08Assen17MgpESPONSORAMA_FK7826.jpg","articleSection":["MotoGP"],"inLanguage":"it-IT"},{"@type":"WebPage","@id":"http:\/\/esponsorama.ad\/ca\/los-pilotos-reale-avintia-racing-completan-una-emocionante-sesion-clasificatoria-assen\/","url":"http:\/\/esponsorama.ad\/ca\/los-pilotos-reale-avintia-racing-completan-una-emocionante-sesion-clasificatoria-assen\/","name":"Els pilots de Reale Avintia Racing completen una emocionant sessi\u00f3 classificat\u00f2ria a Assen - Esponsorama","isPartOf":{"@id":"http:\/\/esponsorama.ad\/es\/#website"},"primaryImageOfPage":{"@id":"http:\/\/esponsorama.ad\/ca\/los-pilotos-reale-avintia-racing-completan-una-emocionante-sesion-clasificatoria-assen\/#primaryimage"},"image":{"@id":"http:\/\/esponsorama.ad\/ca\/los-pilotos-reale-avintia-racing-completan-una-emocionante-sesion-clasificatoria-assen\/#primaryimage"},"thumbnailUrl":"http:\/\/esponsorama.ad\/wp-content\/uploads\/2017\/06\/08Assen17MgpESPONSORAMA_FK7826.jpg","datePublished":"2017-06-24T17:35:40+00:00","author":{"@id":"http:\/\/esponsorama.ad\/es\/#\/schema\/person\/a5cde74945183d737066e46b61c6f9c4"},"breadcrumb":{"@id":"http:\/\/esponsorama.ad\/ca\/los-pilotos-reale-avintia-racing-completan-una-emocionante-sesion-clasificatoria-assen\/#breadcrumb"},"inLanguage":"it-IT","potentialAction":[{"@type":"ReadAction","target":["http:\/\/esponsorama.ad\/ca\/los-pilotos-reale-avintia-racing-completan-una-emocionante-sesion-clasificatoria-assen\/"]}]},{"@type":"ImageObject","inLanguage":"it-IT","@id":"http:\/\/esponsorama.ad\/ca\/los-pilotos-reale-avintia-racing-completan-una-emocionante-sesion-clasificatoria-assen\/#primaryimage","url":"http:\/\/esponsorama.ad\/wp-content\/uploads\/2017\/06\/08Assen17MgpESPONSORAMA_FK7826.jpg","contentUrl":"http:\/\/esponsorama.ad\/wp-content\/uploads\/2017\/06\/08Assen17MgpESPONSORAMA_FK7826.jpg","width":3779,"height":2519},{"@type":"BreadcrumbList","@id":"http:\/\/esponsorama.ad\/ca\/los-pilotos-reale-avintia-racing-completan-una-emocionante-sesion-clasificatoria-assen\/#breadcrumb","itemListElement":[{"@type":"ListItem","position":1,"name":"Home","item":"http:\/\/esponsorama.ad\/en\/"},{"@type":"ListItem","position":2,"name":"Els pilots de Reale Avintia Racing completen una emocionant sessi\u00f3 classificat\u00f2ria a Assen"}]},{"@type":"WebSite","@id":"http:\/\/esponsorama.ad\/es\/#website","url":"http:\/\/esponsorama.ad\/es\/","name":"Esponsorama","description":"Specialist in motorsport sponsorship and event promotions","potentialAction":[{"@type":"SearchAction","target":{"@type":"EntryPoint","urlTemplate":"http:\/\/esponsorama.ad\/es\/?s={search_term_string}"},"query-input":{"@type":"PropertyValueSpecification","valueRequired":true,"valueName":"search_term_string"}}],"inLanguage":"it-IT"},{"@type":"Person","@id":"http:\/\/esponsorama.ad\/es\/#\/schema\/person\/a5cde74945183d737066e46b61c6f9c4","name":"Xavi Andornet","image":{"@type":"ImageObject","inLanguage":"it-IT","@id":"http:\/\/esponsorama.ad\/es\/#\/schema\/person\/image\/","url":"https:\/\/secure.gravatar.com\/avatar\/f10eaf9ad601244a2357c9fd7cd9805ed166cfaaf76d5d9ab08a9d873e70147a?s=96&d=mm&r=g","contentUrl":"https:\/\/secure.gravatar.com\/avatar\/f10eaf9ad601244a2357c9fd7cd9805ed166cfaaf76d5d9ab08a9d873e70147a?s=96&d=mm&r=g","caption":"Xavi Andornet"},"sameAs":["http:\/\/www.andornet.ad"],"url":"http:\/\/esponsorama.ad\/it\/author\/andornet\/"}]}},"_links":{"self":[{"href":"http:\/\/esponsorama.ad\/it\/wp-json\/wp\/v2\/posts\/4611","targetHints":{"allow":["GET"]}}],"collection":[{"href":"http:\/\/esponsorama.ad\/it\/wp-json\/wp\/v2\/posts"}],"about":[{"href":"http:\/\/esponsorama.ad\/it\/wp-json\/wp\/v2\/types\/post"}],"author":[{"embeddable":true,"href":"http:\/\/esponsorama.ad\/it\/wp-json\/wp\/v2\/users\/6"}],"replies":[{"embeddable":true,"href":"http:\/\/esponsorama.ad\/it\/wp-json\/wp\/v2\/comments?post=4611"}],"version-history":[{"count":0,"href":"http:\/\/esponsorama.ad\/it\/wp-json\/wp\/v2\/posts\/4611\/revisions"}],"wp:featuredmedia":[{"embeddable":true,"href":"http:\/\/esponsorama.ad\/it\/wp-json\/wp\/v2\/media\/4564"}],"wp:attachment":[{"href":"http:\/\/esponsorama.ad\/it\/wp-json\/wp\/v2\/media?parent=4611"}],"wp:term":[{"taxonomy":"category","embeddable":true,"href":"http:\/\/esponsorama.ad\/it\/wp-json\/wp\/v2\/categories?post=4611"},{"taxonomy":"post_tag","embeddable":true,"href":"http:\/\/esponsorama.ad\/it\/wp-json\/wp\/v2\/tags?post=4611"}],"curies":[{"name":"wp","href":"https:\/\/api.w.org\/{rel}","templated":true}]}}