{"id":4649,"date":"2017-06-27T09:30:14","date_gmt":"2017-06-27T07:30:14","guid":{"rendered":"http:\/\/esponsorama.ad\/?p=4649"},"modified":"2017-06-27T09:30:46","modified_gmt":"2017-06-27T07:30:46","slug":"barbera-baz-llegan-al-ecuador-del-campeonato-alemania","status":"publish","type":"post","link":"http:\/\/esponsorama.ad\/ca\/barbera-baz-llegan-al-ecuador-del-campeonato-alemania\/","title":{"rendered":"Barbera i Baz arriben a l&#8217;equador del campionat a Alemanya"},"content":{"rendered":"<p>Els pilots de l&#8217;equip Reale Avintia Racing arriben a Alemanya aquest cap de setmana per disputar la novena cita del Campionat del M\u00f3n de MotoGP 2017. Amb una longitud de tan sols 3,7km, Sachsenring \u00e9s el circuit m\u00e9s curt del calendari i tamb\u00e9 el m\u00e9s lent pel que fa a la velocitat mitjana. Per\u00f2 les seves caracter\u00edstiques, amb una primera part de corbes a esquerres enlla\u00e7ades i la r\u00e0pida part final del tra\u00e7at, que comen\u00e7a amb el seu fam\u00f3s tobogan, sempre produeixen carreres atape\u00efdes fins a l&#8217;\u00faltima volta.<\/p>\n<p>Hector Barber\u00e1 t\u00e9 bons records de l&#8217;any passat quan va aconseguir classificar-se en la primera l\u00ednia de la graella i diumenge a la cursa va lluitar pel podi mentre l&#8217;asfalt va romandre mullat. Per\u00f2 va canviar de moto massa tard, el que li va fer perdre les seves opcions de lluitar pel podi i acabar la cursa nov\u00e8. Tot i aix\u00ed, est\u00e0 desitjant comen\u00e7ar el cap de setmana en un circuit que li encanta i en el qual confia a aconseguir un bon resultat.<\/p>\n<p>El circuit alemany no \u00e9s a la llista de favorits del seu company Loris Baz, per\u00f2 el franc\u00e8s est\u00e0 desitjant arribar a Alemanya per intentar repetir el gran resultat del passat cap de setmana a Assen, per acabar la primera meitat de l&#8217;any amb bon gust de boca .<\/p>\n\n<p>&#8220;El cap de setmana a Assen no ens va anar massa b\u00e9 i per aix\u00f2 estic desitjant arribar a Alemanya. M&#8217;encanta l&#8217;circuit, l&#8217;any passat vaig sortir segon i el diumenge vaig fer una bona carrera. Assen sempre m&#8217;ha costat una mica, per\u00f2 Sachsenring \u00e9s el contrari i sempre ha estat un dels millors circuits per al meu estil de pilotatge, per aix\u00f2 confio en poder-ho fer molt b\u00e9. Ser\u00e0 important aconseguir un bon resultat despr\u00e9s d&#8217;una primera meitat de temporada tan complicada, aix\u00ed que si aconseguim sortir d&#8217;Alemanya amb bones sensacions, podrem comen\u00e7ar la segona part del campionat molt m\u00e9s forts. &#8221;<\/p>\n\n<p>&#8220;Estic desitjant comen\u00e7ar el cap de setmana a Sachsenring, sobretot despr\u00e9s de com ens va anar a Assen diumenge passat. El circuit no m&#8217;agrada molt i, encara que l&#8217;any passat vaig c\u00f3rrer lesionat, mai m&#8217;he trobat c\u00f2mode. Per\u00f2 tenim algunes idees amb les que la moto pot anar molt b\u00e9 i com \u00e9s un circuit amb gaireb\u00e9 totes les corbes a l&#8217;esquerra ser\u00e0 bo per al meu bra\u00e7, tot i que veurem com va quan comencem. Aquesta ser\u00e0 l&#8217;\u00faltima cursa abans de passar pel quir\u00f2fan per operar-me el bra\u00e7 dret i vull acabar la primera meitat de l&#8217;any amb un altre bon resultat. &#8220;<\/p>\n","protected":false},"excerpt":{"rendered":"<p>Els pilots de l&#8217;equip Reale Avintia Racing arriben a Alemanya aquest cap de setmana per disputar la novena cita del Campionat del M\u00f3n de MotoGP 2017. Amb una longitud de tan sols 3,7km, Sachsenring \u00e9s el circuit m\u00e9s curt del calendari i tamb\u00e9 el m\u00e9s lent pel que fa a la velocitat mitjana. Per\u00f2 les [&hellip;]<\/p>\n","protected":false},"author":6,"featured_media":4541,"comment_status":"closed","ping_status":"closed","sticky":false,"template":"","format":"standard","meta":{"footnotes":""},"categories":[3],"tags":[],"class_list":["post-4649","post","type-post","status-publish","format-standard","has-post-thumbnail","hentry","category-motogp"],"yoast_head":"<!-- This site is optimized with the Yoast SEO plugin v27.1.1 - https:\/\/yoast.com\/product\/yoast-seo-wordpress\/ -->\n<title>Barbera i Baz arriben a l&#039;equador del campionat a Alemanya - Esponsorama<\/title>\n<meta name=\"robots\" content=\"index, follow, max-snippet:-1, max-image-preview:large, max-video-preview:-1\" \/>\n<link rel=\"canonical\" href=\"http:\/\/esponsorama.ad\/ca\/barbera-baz-llegan-al-ecuador-del-campeonato-alemania\/\" \/>\n<meta property=\"og:locale\" content=\"it_IT\" \/>\n<meta property=\"og:type\" content=\"article\" \/>\n<meta property=\"og:title\" content=\"Barbera i Baz arriben a l&#039;equador del campionat a Alemanya - Esponsorama\" \/>\n<meta property=\"og:description\" content=\"Els pilots de l&#8217;equip Reale Avintia Racing arriben a Alemanya aquest cap de setmana per disputar la novena cita del Campionat del M\u00f3n de MotoGP 2017. Amb una longitud de tan sols 3,7km, Sachsenring \u00e9s el circuit m\u00e9s curt del calendari i tamb\u00e9 el m\u00e9s lent pel que fa a la velocitat mitjana. Per\u00f2 les [&hellip;]\" \/>\n<meta property=\"og:url\" content=\"http:\/\/esponsorama.ad\/ca\/barbera-baz-llegan-al-ecuador-del-campeonato-alemania\/\" \/>\n<meta property=\"og:site_name\" content=\"Esponsorama\" \/>\n<meta property=\"article:published_time\" content=\"2017-06-27T07:30:14+00:00\" \/>\n<meta property=\"article:modified_time\" content=\"2017-06-27T07:30:46+00:00\" \/>\n<meta property=\"og:image\" content=\"http:\/\/esponsorama.ad\/wp-content\/uploads\/2017\/06\/08ASSEN17Avintia-4370-1024x683.jpg\" \/>\n\t<meta property=\"og:image:width\" content=\"1024\" \/>\n\t<meta property=\"og:image:height\" content=\"683\" \/>\n\t<meta property=\"og:image:type\" content=\"image\/jpeg\" \/>\n<meta name=\"author\" content=\"Xavi Andornet\" \/>\n<meta name=\"twitter:card\" content=\"summary_large_image\" \/>\n<meta name=\"twitter:label1\" content=\"Written by\" \/>\n\t<meta name=\"twitter:data1\" content=\"Xavi Andornet\" \/>\n\t<meta name=\"twitter:label2\" content=\"Est. reading time\" \/>\n\t<meta name=\"twitter:data2\" content=\"2 minutes\" \/>\n<script type=\"application\/ld+json\" class=\"yoast-schema-graph\">{\"@context\":\"https:\/\/schema.org\",\"@graph\":[{\"@type\":\"Article\",\"@id\":\"http:\/\/esponsorama.ad\/ca\/barbera-baz-llegan-al-ecuador-del-campeonato-alemania\/#article\",\"isPartOf\":{\"@id\":\"http:\/\/esponsorama.ad\/ca\/barbera-baz-llegan-al-ecuador-del-campeonato-alemania\/\"},\"author\":{\"name\":\"Xavi Andornet\",\"@id\":\"http:\/\/esponsorama.ad\/es\/#\/schema\/person\/a5cde74945183d737066e46b61c6f9c4\"},\"headline\":\"Barbera i Baz arriben a l&#8217;equador del campionat a Alemanya\",\"datePublished\":\"2017-06-27T07:30:14+00:00\",\"dateModified\":\"2017-06-27T07:30:46+00:00\",\"mainEntityOfPage\":{\"@id\":\"http:\/\/esponsorama.ad\/ca\/barbera-baz-llegan-al-ecuador-del-campeonato-alemania\/\"},\"wordCount\":460,\"image\":{\"@id\":\"http:\/\/esponsorama.ad\/ca\/barbera-baz-llegan-al-ecuador-del-campeonato-alemania\/#primaryimage\"},\"thumbnailUrl\":\"http:\/\/esponsorama.ad\/wp-content\/uploads\/2017\/06\/08ASSEN17Avintia-4370.jpg\",\"articleSection\":[\"MotoGP\"],\"inLanguage\":\"it-IT\"},{\"@type\":\"WebPage\",\"@id\":\"http:\/\/esponsorama.ad\/ca\/barbera-baz-llegan-al-ecuador-del-campeonato-alemania\/\",\"url\":\"http:\/\/esponsorama.ad\/ca\/barbera-baz-llegan-al-ecuador-del-campeonato-alemania\/\",\"name\":\"Barbera i Baz arriben a l'equador del campionat a Alemanya - Esponsorama\",\"isPartOf\":{\"@id\":\"http:\/\/esponsorama.ad\/es\/#website\"},\"primaryImageOfPage\":{\"@id\":\"http:\/\/esponsorama.ad\/ca\/barbera-baz-llegan-al-ecuador-del-campeonato-alemania\/#primaryimage\"},\"image\":{\"@id\":\"http:\/\/esponsorama.ad\/ca\/barbera-baz-llegan-al-ecuador-del-campeonato-alemania\/#primaryimage\"},\"thumbnailUrl\":\"http:\/\/esponsorama.ad\/wp-content\/uploads\/2017\/06\/08ASSEN17Avintia-4370.jpg\",\"datePublished\":\"2017-06-27T07:30:14+00:00\",\"dateModified\":\"2017-06-27T07:30:46+00:00\",\"author\":{\"@id\":\"http:\/\/esponsorama.ad\/es\/#\/schema\/person\/a5cde74945183d737066e46b61c6f9c4\"},\"breadcrumb\":{\"@id\":\"http:\/\/esponsorama.ad\/ca\/barbera-baz-llegan-al-ecuador-del-campeonato-alemania\/#breadcrumb\"},\"inLanguage\":\"it-IT\",\"potentialAction\":[{\"@type\":\"ReadAction\",\"target\":[\"http:\/\/esponsorama.ad\/ca\/barbera-baz-llegan-al-ecuador-del-campeonato-alemania\/\"]}]},{\"@type\":\"ImageObject\",\"inLanguage\":\"it-IT\",\"@id\":\"http:\/\/esponsorama.ad\/ca\/barbera-baz-llegan-al-ecuador-del-campeonato-alemania\/#primaryimage\",\"url\":\"http:\/\/esponsorama.ad\/wp-content\/uploads\/2017\/06\/08ASSEN17Avintia-4370.jpg\",\"contentUrl\":\"http:\/\/esponsorama.ad\/wp-content\/uploads\/2017\/06\/08ASSEN17Avintia-4370.jpg\",\"width\":4593,\"height\":3062},{\"@type\":\"BreadcrumbList\",\"@id\":\"http:\/\/esponsorama.ad\/ca\/barbera-baz-llegan-al-ecuador-del-campeonato-alemania\/#breadcrumb\",\"itemListElement\":[{\"@type\":\"ListItem\",\"position\":1,\"name\":\"Home\",\"item\":\"http:\/\/esponsorama.ad\/en\/\"},{\"@type\":\"ListItem\",\"position\":2,\"name\":\"Barbera i Baz arriben a l&#8217;equador del campionat a Alemanya\"}]},{\"@type\":\"WebSite\",\"@id\":\"http:\/\/esponsorama.ad\/es\/#website\",\"url\":\"http:\/\/esponsorama.ad\/es\/\",\"name\":\"Esponsorama\",\"description\":\"Specialist in motorsport sponsorship and event promotions\",\"potentialAction\":[{\"@type\":\"SearchAction\",\"target\":{\"@type\":\"EntryPoint\",\"urlTemplate\":\"http:\/\/esponsorama.ad\/es\/?s={search_term_string}\"},\"query-input\":{\"@type\":\"PropertyValueSpecification\",\"valueRequired\":true,\"valueName\":\"search_term_string\"}}],\"inLanguage\":\"it-IT\"},{\"@type\":\"Person\",\"@id\":\"http:\/\/esponsorama.ad\/es\/#\/schema\/person\/a5cde74945183d737066e46b61c6f9c4\",\"name\":\"Xavi Andornet\",\"image\":{\"@type\":\"ImageObject\",\"inLanguage\":\"it-IT\",\"@id\":\"http:\/\/esponsorama.ad\/es\/#\/schema\/person\/image\/\",\"url\":\"https:\/\/secure.gravatar.com\/avatar\/f10eaf9ad601244a2357c9fd7cd9805ed166cfaaf76d5d9ab08a9d873e70147a?s=96&d=mm&r=g\",\"contentUrl\":\"https:\/\/secure.gravatar.com\/avatar\/f10eaf9ad601244a2357c9fd7cd9805ed166cfaaf76d5d9ab08a9d873e70147a?s=96&d=mm&r=g\",\"caption\":\"Xavi Andornet\"},\"sameAs\":[\"http:\/\/www.andornet.ad\"],\"url\":\"http:\/\/esponsorama.ad\/it\/author\/andornet\/\"}]}<\/script>\n<!-- \/ Yoast SEO plugin. -->","yoast_head_json":{"title":"Barbera i Baz arriben a l'equador del campionat a Alemanya - Esponsorama","robots":{"index":"index","follow":"follow","max-snippet":"max-snippet:-1","max-image-preview":"max-image-preview:large","max-video-preview":"max-video-preview:-1"},"canonical":"http:\/\/esponsorama.ad\/ca\/barbera-baz-llegan-al-ecuador-del-campeonato-alemania\/","og_locale":"it_IT","og_type":"article","og_title":"Barbera i Baz arriben a l'equador del campionat a Alemanya - Esponsorama","og_description":"Els pilots de l&#8217;equip Reale Avintia Racing arriben a Alemanya aquest cap de setmana per disputar la novena cita del Campionat del M\u00f3n de MotoGP 2017. Amb una longitud de tan sols 3,7km, Sachsenring \u00e9s el circuit m\u00e9s curt del calendari i tamb\u00e9 el m\u00e9s lent pel que fa a la velocitat mitjana. Per\u00f2 les [&hellip;]","og_url":"http:\/\/esponsorama.ad\/ca\/barbera-baz-llegan-al-ecuador-del-campeonato-alemania\/","og_site_name":"Esponsorama","article_published_time":"2017-06-27T07:30:14+00:00","article_modified_time":"2017-06-27T07:30:46+00:00","og_image":[{"width":1024,"height":683,"url":"http:\/\/esponsorama.ad\/wp-content\/uploads\/2017\/06\/08ASSEN17Avintia-4370-1024x683.jpg","type":"image\/jpeg"}],"author":"Xavi Andornet","twitter_card":"summary_large_image","twitter_misc":{"Written by":"Xavi Andornet","Est. reading time":"2 minutes"},"schema":{"@context":"https:\/\/schema.org","@graph":[{"@type":"Article","@id":"http:\/\/esponsorama.ad\/ca\/barbera-baz-llegan-al-ecuador-del-campeonato-alemania\/#article","isPartOf":{"@id":"http:\/\/esponsorama.ad\/ca\/barbera-baz-llegan-al-ecuador-del-campeonato-alemania\/"},"author":{"name":"Xavi Andornet","@id":"http:\/\/esponsorama.ad\/es\/#\/schema\/person\/a5cde74945183d737066e46b61c6f9c4"},"headline":"Barbera i Baz arriben a l&#8217;equador del campionat a Alemanya","datePublished":"2017-06-27T07:30:14+00:00","dateModified":"2017-06-27T07:30:46+00:00","mainEntityOfPage":{"@id":"http:\/\/esponsorama.ad\/ca\/barbera-baz-llegan-al-ecuador-del-campeonato-alemania\/"},"wordCount":460,"image":{"@id":"http:\/\/esponsorama.ad\/ca\/barbera-baz-llegan-al-ecuador-del-campeonato-alemania\/#primaryimage"},"thumbnailUrl":"http:\/\/esponsorama.ad\/wp-content\/uploads\/2017\/06\/08ASSEN17Avintia-4370.jpg","articleSection":["MotoGP"],"inLanguage":"it-IT"},{"@type":"WebPage","@id":"http:\/\/esponsorama.ad\/ca\/barbera-baz-llegan-al-ecuador-del-campeonato-alemania\/","url":"http:\/\/esponsorama.ad\/ca\/barbera-baz-llegan-al-ecuador-del-campeonato-alemania\/","name":"Barbera i Baz arriben a l'equador del campionat a Alemanya - Esponsorama","isPartOf":{"@id":"http:\/\/esponsorama.ad\/es\/#website"},"primaryImageOfPage":{"@id":"http:\/\/esponsorama.ad\/ca\/barbera-baz-llegan-al-ecuador-del-campeonato-alemania\/#primaryimage"},"image":{"@id":"http:\/\/esponsorama.ad\/ca\/barbera-baz-llegan-al-ecuador-del-campeonato-alemania\/#primaryimage"},"thumbnailUrl":"http:\/\/esponsorama.ad\/wp-content\/uploads\/2017\/06\/08ASSEN17Avintia-4370.jpg","datePublished":"2017-06-27T07:30:14+00:00","dateModified":"2017-06-27T07:30:46+00:00","author":{"@id":"http:\/\/esponsorama.ad\/es\/#\/schema\/person\/a5cde74945183d737066e46b61c6f9c4"},"breadcrumb":{"@id":"http:\/\/esponsorama.ad\/ca\/barbera-baz-llegan-al-ecuador-del-campeonato-alemania\/#breadcrumb"},"inLanguage":"it-IT","potentialAction":[{"@type":"ReadAction","target":["http:\/\/esponsorama.ad\/ca\/barbera-baz-llegan-al-ecuador-del-campeonato-alemania\/"]}]},{"@type":"ImageObject","inLanguage":"it-IT","@id":"http:\/\/esponsorama.ad\/ca\/barbera-baz-llegan-al-ecuador-del-campeonato-alemania\/#primaryimage","url":"http:\/\/esponsorama.ad\/wp-content\/uploads\/2017\/06\/08ASSEN17Avintia-4370.jpg","contentUrl":"http:\/\/esponsorama.ad\/wp-content\/uploads\/2017\/06\/08ASSEN17Avintia-4370.jpg","width":4593,"height":3062},{"@type":"BreadcrumbList","@id":"http:\/\/esponsorama.ad\/ca\/barbera-baz-llegan-al-ecuador-del-campeonato-alemania\/#breadcrumb","itemListElement":[{"@type":"ListItem","position":1,"name":"Home","item":"http:\/\/esponsorama.ad\/en\/"},{"@type":"ListItem","position":2,"name":"Barbera i Baz arriben a l&#8217;equador del campionat a Alemanya"}]},{"@type":"WebSite","@id":"http:\/\/esponsorama.ad\/es\/#website","url":"http:\/\/esponsorama.ad\/es\/","name":"Esponsorama","description":"Specialist in motorsport sponsorship and event promotions","potentialAction":[{"@type":"SearchAction","target":{"@type":"EntryPoint","urlTemplate":"http:\/\/esponsorama.ad\/es\/?s={search_term_string}"},"query-input":{"@type":"PropertyValueSpecification","valueRequired":true,"valueName":"search_term_string"}}],"inLanguage":"it-IT"},{"@type":"Person","@id":"http:\/\/esponsorama.ad\/es\/#\/schema\/person\/a5cde74945183d737066e46b61c6f9c4","name":"Xavi Andornet","image":{"@type":"ImageObject","inLanguage":"it-IT","@id":"http:\/\/esponsorama.ad\/es\/#\/schema\/person\/image\/","url":"https:\/\/secure.gravatar.com\/avatar\/f10eaf9ad601244a2357c9fd7cd9805ed166cfaaf76d5d9ab08a9d873e70147a?s=96&d=mm&r=g","contentUrl":"https:\/\/secure.gravatar.com\/avatar\/f10eaf9ad601244a2357c9fd7cd9805ed166cfaaf76d5d9ab08a9d873e70147a?s=96&d=mm&r=g","caption":"Xavi Andornet"},"sameAs":["http:\/\/www.andornet.ad"],"url":"http:\/\/esponsorama.ad\/it\/author\/andornet\/"}]}},"_links":{"self":[{"href":"http:\/\/esponsorama.ad\/it\/wp-json\/wp\/v2\/posts\/4649","targetHints":{"allow":["GET"]}}],"collection":[{"href":"http:\/\/esponsorama.ad\/it\/wp-json\/wp\/v2\/posts"}],"about":[{"href":"http:\/\/esponsorama.ad\/it\/wp-json\/wp\/v2\/types\/post"}],"author":[{"embeddable":true,"href":"http:\/\/esponsorama.ad\/it\/wp-json\/wp\/v2\/users\/6"}],"replies":[{"embeddable":true,"href":"http:\/\/esponsorama.ad\/it\/wp-json\/wp\/v2\/comments?post=4649"}],"version-history":[{"count":0,"href":"http:\/\/esponsorama.ad\/it\/wp-json\/wp\/v2\/posts\/4649\/revisions"}],"wp:featuredmedia":[{"embeddable":true,"href":"http:\/\/esponsorama.ad\/it\/wp-json\/wp\/v2\/media\/4541"}],"wp:attachment":[{"href":"http:\/\/esponsorama.ad\/it\/wp-json\/wp\/v2\/media?parent=4649"}],"wp:term":[{"taxonomy":"category","embeddable":true,"href":"http:\/\/esponsorama.ad\/it\/wp-json\/wp\/v2\/categories?post=4649"},{"taxonomy":"post_tag","embeddable":true,"href":"http:\/\/esponsorama.ad\/it\/wp-json\/wp\/v2\/tags?post=4649"}],"curies":[{"name":"wp","href":"https:\/\/api.w.org\/{rel}","templated":true}]}}