{"id":4709,"date":"2017-06-30T18:15:34","date_gmt":"2017-06-30T16:15:34","guid":{"rendered":"http:\/\/esponsorama.ad\/?p=4709"},"modified":"2017-07-02T10:48:18","modified_gmt":"2017-07-02T08:48:18","slug":"barbera-domina-la-lluvia-primer-dia-sachsenring","status":"publish","type":"post","link":"http:\/\/esponsorama.ad\/ca\/barbera-domina-la-lluvia-primer-dia-sachsenring\/","title":{"rendered":"Barber\u00e0 domina sota la pluja el primer dia a Sachsenring"},"content":{"rendered":"<p>El pilot de l&#8217;equip Reale Avintia Racing, H\u00e9ctor Barber\u00e1, ha dominat el segon entrenament lliure disputat en condicions de mullat aquesta tarda en el recentment asfaltat circuit de Sachsenring, escenari del Gran Premi d&#8217;Alemanya. L&#8217;espanyol ha estat davant durant tota la sessi\u00f3 i en la seva \u00faltima<\/p>\n<p>sortida ha anat millorant els seus temps en cada volta per acabar primer amb un marge de 0.038s sobre Marc M\u00e1rquez que ha estat segon.\u2028Al mat\u00ed amb l&#8217;asfalt sec les sensacions han estat for\u00e7a bones, per\u00f2 Barber\u00e1 no ha pogut fer una volta r\u00e0pida i en la combinada de temps est\u00e0 14o a 0737s del m\u00e9s r\u00e0pid del dia, l&#8217;itali\u00e0 Andrea Dovizioso.<\/p>\n<p>Per Loris Baz tamb\u00e9 ha anat millor la sessi\u00f3 de la tarda que la del mat\u00ed. En sec no ha aconseguit trobar bon &#8216;feeling&#8217; amb la moto i amb els pneum\u00e0tics i ha acabat 22\u00e8. A la tarda amb la pluja ha anat millor i ha aconseguit acabar 13\u00e8. Per\u00f2 el pilot franc\u00e8s de Reale Avintia Racing no est\u00e0 content i per dem\u00e0 espera poder millorar la posada a punt de la moto.<\/p>\n\n<p>&#8220;Hem comen\u00e7at b\u00e9 perqu\u00e8 hem pogut provar tant en sec com en mullat i les sensacions han estat bones en les dues condicions. En sec ens han faltat set d\u00e8cimes i hem acabat m\u00e9s enrere, per\u00f2 en general est\u00e0 tot molt ajustat. Dem\u00e0 donen m\u00e9s pluja i avui era important fer una bona volta en sec per passar directament a la Q2, per\u00f2 no ha pogut ser. Potser no he arriscat prou i no he trobat el moment de apretar per\u00f2 he acabat content. A la tarda en mullat de seguida he tingut bon &#8216;feeling&#8217;, he estat durant tota la sessi\u00f3 entre els cinc primers i al final he estat el m\u00e9s r\u00e0pid. El nou asfalt m&#8217;agrada molt, l&#8217;adher\u00e8ncia \u00e9s molt b\u00f3 en sec i en mullat. Dem\u00e0 sortir\u00e9 a tope per intentar classificar-me el m\u00e9s amunt possible per a la carrera\u201d.<\/p>\n\n<p>&#8220;No ha anat malament del tot. Aquest mat\u00ed ha estat m\u00e9s complicat, aquest circuit sempre hem costa una mica i no he aconseguit fer una volta b\u00e9. Si mirem el temps ideal \u00e9s bastant millor del que hem fet, per aix\u00f2 crec que tenim de buscar fer la moto m\u00e9s f\u00e0cil i si dem\u00e0 no plou anirem molt millor. A la tarda en mullat les sensacions eren molt bones i l&#8217;adher\u00e8ncia del nou asfalt \u00e9s incre\u00efble, molt superior al d&#8217;Assen. El &#8216;feeling&#8217; ha estat bo i no he apretat molt al final per no prendre riscos, per\u00f2 si dem\u00e0 plou crec que podrem estar molt m\u00e9s amunt&#8221;.<\/p>\n","protected":false},"excerpt":{"rendered":"<p>El pilot de l&#8217;equip Reale Avintia Racing, H\u00e9ctor Barber\u00e1, ha dominat el segon entrenament lliure disputat en condicions de mullat aquesta tarda en el recentment asfaltat circuit de Sachsenring, escenari del Gran Premi d&#8217;Alemanya. L&#8217;espanyol ha estat davant durant tota la sessi\u00f3 i en la seva \u00faltima sortida ha anat millorant els seus temps en [&hellip;]<\/p>\n","protected":false},"author":6,"featured_media":4695,"comment_status":"closed","ping_status":"closed","sticky":false,"template":"","format":"standard","meta":{"footnotes":""},"categories":[3],"tags":[],"class_list":["post-4709","post","type-post","status-publish","format-standard","has-post-thumbnail","hentry","category-motogp"],"yoast_head":"<!-- This site is optimized with the Yoast SEO plugin v27.1.1 - https:\/\/yoast.com\/product\/yoast-seo-wordpress\/ -->\n<title>Barber\u00e0 domina sota la pluja el primer dia a Sachsenring - Esponsorama<\/title>\n<meta name=\"robots\" content=\"index, follow, max-snippet:-1, max-image-preview:large, max-video-preview:-1\" \/>\n<link rel=\"canonical\" href=\"http:\/\/esponsorama.ad\/ca\/barbera-domina-la-lluvia-primer-dia-sachsenring\/\" \/>\n<meta property=\"og:locale\" content=\"it_IT\" \/>\n<meta property=\"og:type\" content=\"article\" \/>\n<meta property=\"og:title\" content=\"Barber\u00e0 domina sota la pluja el primer dia a Sachsenring - Esponsorama\" \/>\n<meta property=\"og:description\" content=\"El pilot de l&#8217;equip Reale Avintia Racing, H\u00e9ctor Barber\u00e1, ha dominat el segon entrenament lliure disputat en condicions de mullat aquesta tarda en el recentment asfaltat circuit de Sachsenring, escenari del Gran Premi d&#8217;Alemanya. L&#8217;espanyol ha estat davant durant tota la sessi\u00f3 i en la seva \u00faltima sortida ha anat millorant els seus temps en [&hellip;]\" \/>\n<meta property=\"og:url\" content=\"http:\/\/esponsorama.ad\/ca\/barbera-domina-la-lluvia-primer-dia-sachsenring\/\" \/>\n<meta property=\"og:site_name\" content=\"Esponsorama\" \/>\n<meta property=\"article:published_time\" content=\"2017-06-30T16:15:34+00:00\" \/>\n<meta property=\"article:modified_time\" content=\"2017-07-02T08:48:18+00:00\" \/>\n<meta property=\"og:image\" content=\"http:\/\/esponsorama.ad\/wp-content\/uploads\/2017\/06\/09SACHSEN17AVINTIA-7767-1024x683.jpg\" \/>\n\t<meta property=\"og:image:width\" content=\"1024\" \/>\n\t<meta property=\"og:image:height\" content=\"683\" \/>\n\t<meta property=\"og:image:type\" content=\"image\/jpeg\" \/>\n<meta name=\"author\" content=\"Xavi Andornet\" \/>\n<meta name=\"twitter:card\" content=\"summary_large_image\" \/>\n<meta name=\"twitter:label1\" content=\"Written by\" \/>\n\t<meta name=\"twitter:data1\" content=\"Xavi Andornet\" \/>\n\t<meta name=\"twitter:label2\" content=\"Est. reading time\" \/>\n\t<meta name=\"twitter:data2\" content=\"2 minutes\" \/>\n<script type=\"application\/ld+json\" class=\"yoast-schema-graph\">{\"@context\":\"https:\/\/schema.org\",\"@graph\":[{\"@type\":\"Article\",\"@id\":\"http:\/\/esponsorama.ad\/ca\/barbera-domina-la-lluvia-primer-dia-sachsenring\/#article\",\"isPartOf\":{\"@id\":\"http:\/\/esponsorama.ad\/ca\/barbera-domina-la-lluvia-primer-dia-sachsenring\/\"},\"author\":{\"name\":\"Xavi Andornet\",\"@id\":\"http:\/\/esponsorama.ad\/es\/#\/schema\/person\/a5cde74945183d737066e46b61c6f9c4\"},\"headline\":\"Barber\u00e0 domina sota la pluja el primer dia a Sachsenring\",\"datePublished\":\"2017-06-30T16:15:34+00:00\",\"dateModified\":\"2017-07-02T08:48:18+00:00\",\"mainEntityOfPage\":{\"@id\":\"http:\/\/esponsorama.ad\/ca\/barbera-domina-la-lluvia-primer-dia-sachsenring\/\"},\"wordCount\":472,\"image\":{\"@id\":\"http:\/\/esponsorama.ad\/ca\/barbera-domina-la-lluvia-primer-dia-sachsenring\/#primaryimage\"},\"thumbnailUrl\":\"http:\/\/esponsorama.ad\/wp-content\/uploads\/2017\/06\/09SACHSEN17AVINTIA-7767.jpg\",\"articleSection\":[\"MotoGP\"],\"inLanguage\":\"it-IT\"},{\"@type\":\"WebPage\",\"@id\":\"http:\/\/esponsorama.ad\/ca\/barbera-domina-la-lluvia-primer-dia-sachsenring\/\",\"url\":\"http:\/\/esponsorama.ad\/ca\/barbera-domina-la-lluvia-primer-dia-sachsenring\/\",\"name\":\"Barber\u00e0 domina sota la pluja el primer dia a Sachsenring - Esponsorama\",\"isPartOf\":{\"@id\":\"http:\/\/esponsorama.ad\/es\/#website\"},\"primaryImageOfPage\":{\"@id\":\"http:\/\/esponsorama.ad\/ca\/barbera-domina-la-lluvia-primer-dia-sachsenring\/#primaryimage\"},\"image\":{\"@id\":\"http:\/\/esponsorama.ad\/ca\/barbera-domina-la-lluvia-primer-dia-sachsenring\/#primaryimage\"},\"thumbnailUrl\":\"http:\/\/esponsorama.ad\/wp-content\/uploads\/2017\/06\/09SACHSEN17AVINTIA-7767.jpg\",\"datePublished\":\"2017-06-30T16:15:34+00:00\",\"dateModified\":\"2017-07-02T08:48:18+00:00\",\"author\":{\"@id\":\"http:\/\/esponsorama.ad\/es\/#\/schema\/person\/a5cde74945183d737066e46b61c6f9c4\"},\"breadcrumb\":{\"@id\":\"http:\/\/esponsorama.ad\/ca\/barbera-domina-la-lluvia-primer-dia-sachsenring\/#breadcrumb\"},\"inLanguage\":\"it-IT\",\"potentialAction\":[{\"@type\":\"ReadAction\",\"target\":[\"http:\/\/esponsorama.ad\/ca\/barbera-domina-la-lluvia-primer-dia-sachsenring\/\"]}]},{\"@type\":\"ImageObject\",\"inLanguage\":\"it-IT\",\"@id\":\"http:\/\/esponsorama.ad\/ca\/barbera-domina-la-lluvia-primer-dia-sachsenring\/#primaryimage\",\"url\":\"http:\/\/esponsorama.ad\/wp-content\/uploads\/2017\/06\/09SACHSEN17AVINTIA-7767.jpg\",\"contentUrl\":\"http:\/\/esponsorama.ad\/wp-content\/uploads\/2017\/06\/09SACHSEN17AVINTIA-7767.jpg\",\"width\":4918,\"height\":3279},{\"@type\":\"BreadcrumbList\",\"@id\":\"http:\/\/esponsorama.ad\/ca\/barbera-domina-la-lluvia-primer-dia-sachsenring\/#breadcrumb\",\"itemListElement\":[{\"@type\":\"ListItem\",\"position\":1,\"name\":\"Home\",\"item\":\"http:\/\/esponsorama.ad\/en\/\"},{\"@type\":\"ListItem\",\"position\":2,\"name\":\"Barber\u00e0 domina sota la pluja el primer dia a Sachsenring\"}]},{\"@type\":\"WebSite\",\"@id\":\"http:\/\/esponsorama.ad\/es\/#website\",\"url\":\"http:\/\/esponsorama.ad\/es\/\",\"name\":\"Esponsorama\",\"description\":\"Specialist in motorsport sponsorship and event promotions\",\"potentialAction\":[{\"@type\":\"SearchAction\",\"target\":{\"@type\":\"EntryPoint\",\"urlTemplate\":\"http:\/\/esponsorama.ad\/es\/?s={search_term_string}\"},\"query-input\":{\"@type\":\"PropertyValueSpecification\",\"valueRequired\":true,\"valueName\":\"search_term_string\"}}],\"inLanguage\":\"it-IT\"},{\"@type\":\"Person\",\"@id\":\"http:\/\/esponsorama.ad\/es\/#\/schema\/person\/a5cde74945183d737066e46b61c6f9c4\",\"name\":\"Xavi Andornet\",\"image\":{\"@type\":\"ImageObject\",\"inLanguage\":\"it-IT\",\"@id\":\"http:\/\/esponsorama.ad\/es\/#\/schema\/person\/image\/\",\"url\":\"https:\/\/secure.gravatar.com\/avatar\/f10eaf9ad601244a2357c9fd7cd9805ed166cfaaf76d5d9ab08a9d873e70147a?s=96&d=mm&r=g\",\"contentUrl\":\"https:\/\/secure.gravatar.com\/avatar\/f10eaf9ad601244a2357c9fd7cd9805ed166cfaaf76d5d9ab08a9d873e70147a?s=96&d=mm&r=g\",\"caption\":\"Xavi Andornet\"},\"sameAs\":[\"http:\/\/www.andornet.ad\"],\"url\":\"http:\/\/esponsorama.ad\/it\/author\/andornet\/\"}]}<\/script>\n<!-- \/ Yoast SEO plugin. -->","yoast_head_json":{"title":"Barber\u00e0 domina sota la pluja el primer dia a Sachsenring - Esponsorama","robots":{"index":"index","follow":"follow","max-snippet":"max-snippet:-1","max-image-preview":"max-image-preview:large","max-video-preview":"max-video-preview:-1"},"canonical":"http:\/\/esponsorama.ad\/ca\/barbera-domina-la-lluvia-primer-dia-sachsenring\/","og_locale":"it_IT","og_type":"article","og_title":"Barber\u00e0 domina sota la pluja el primer dia a Sachsenring - Esponsorama","og_description":"El pilot de l&#8217;equip Reale Avintia Racing, H\u00e9ctor Barber\u00e1, ha dominat el segon entrenament lliure disputat en condicions de mullat aquesta tarda en el recentment asfaltat circuit de Sachsenring, escenari del Gran Premi d&#8217;Alemanya. L&#8217;espanyol ha estat davant durant tota la sessi\u00f3 i en la seva \u00faltima sortida ha anat millorant els seus temps en [&hellip;]","og_url":"http:\/\/esponsorama.ad\/ca\/barbera-domina-la-lluvia-primer-dia-sachsenring\/","og_site_name":"Esponsorama","article_published_time":"2017-06-30T16:15:34+00:00","article_modified_time":"2017-07-02T08:48:18+00:00","og_image":[{"width":1024,"height":683,"url":"http:\/\/esponsorama.ad\/wp-content\/uploads\/2017\/06\/09SACHSEN17AVINTIA-7767-1024x683.jpg","type":"image\/jpeg"}],"author":"Xavi Andornet","twitter_card":"summary_large_image","twitter_misc":{"Written by":"Xavi Andornet","Est. reading time":"2 minutes"},"schema":{"@context":"https:\/\/schema.org","@graph":[{"@type":"Article","@id":"http:\/\/esponsorama.ad\/ca\/barbera-domina-la-lluvia-primer-dia-sachsenring\/#article","isPartOf":{"@id":"http:\/\/esponsorama.ad\/ca\/barbera-domina-la-lluvia-primer-dia-sachsenring\/"},"author":{"name":"Xavi Andornet","@id":"http:\/\/esponsorama.ad\/es\/#\/schema\/person\/a5cde74945183d737066e46b61c6f9c4"},"headline":"Barber\u00e0 domina sota la pluja el primer dia a Sachsenring","datePublished":"2017-06-30T16:15:34+00:00","dateModified":"2017-07-02T08:48:18+00:00","mainEntityOfPage":{"@id":"http:\/\/esponsorama.ad\/ca\/barbera-domina-la-lluvia-primer-dia-sachsenring\/"},"wordCount":472,"image":{"@id":"http:\/\/esponsorama.ad\/ca\/barbera-domina-la-lluvia-primer-dia-sachsenring\/#primaryimage"},"thumbnailUrl":"http:\/\/esponsorama.ad\/wp-content\/uploads\/2017\/06\/09SACHSEN17AVINTIA-7767.jpg","articleSection":["MotoGP"],"inLanguage":"it-IT"},{"@type":"WebPage","@id":"http:\/\/esponsorama.ad\/ca\/barbera-domina-la-lluvia-primer-dia-sachsenring\/","url":"http:\/\/esponsorama.ad\/ca\/barbera-domina-la-lluvia-primer-dia-sachsenring\/","name":"Barber\u00e0 domina sota la pluja el primer dia a Sachsenring - Esponsorama","isPartOf":{"@id":"http:\/\/esponsorama.ad\/es\/#website"},"primaryImageOfPage":{"@id":"http:\/\/esponsorama.ad\/ca\/barbera-domina-la-lluvia-primer-dia-sachsenring\/#primaryimage"},"image":{"@id":"http:\/\/esponsorama.ad\/ca\/barbera-domina-la-lluvia-primer-dia-sachsenring\/#primaryimage"},"thumbnailUrl":"http:\/\/esponsorama.ad\/wp-content\/uploads\/2017\/06\/09SACHSEN17AVINTIA-7767.jpg","datePublished":"2017-06-30T16:15:34+00:00","dateModified":"2017-07-02T08:48:18+00:00","author":{"@id":"http:\/\/esponsorama.ad\/es\/#\/schema\/person\/a5cde74945183d737066e46b61c6f9c4"},"breadcrumb":{"@id":"http:\/\/esponsorama.ad\/ca\/barbera-domina-la-lluvia-primer-dia-sachsenring\/#breadcrumb"},"inLanguage":"it-IT","potentialAction":[{"@type":"ReadAction","target":["http:\/\/esponsorama.ad\/ca\/barbera-domina-la-lluvia-primer-dia-sachsenring\/"]}]},{"@type":"ImageObject","inLanguage":"it-IT","@id":"http:\/\/esponsorama.ad\/ca\/barbera-domina-la-lluvia-primer-dia-sachsenring\/#primaryimage","url":"http:\/\/esponsorama.ad\/wp-content\/uploads\/2017\/06\/09SACHSEN17AVINTIA-7767.jpg","contentUrl":"http:\/\/esponsorama.ad\/wp-content\/uploads\/2017\/06\/09SACHSEN17AVINTIA-7767.jpg","width":4918,"height":3279},{"@type":"BreadcrumbList","@id":"http:\/\/esponsorama.ad\/ca\/barbera-domina-la-lluvia-primer-dia-sachsenring\/#breadcrumb","itemListElement":[{"@type":"ListItem","position":1,"name":"Home","item":"http:\/\/esponsorama.ad\/en\/"},{"@type":"ListItem","position":2,"name":"Barber\u00e0 domina sota la pluja el primer dia a Sachsenring"}]},{"@type":"WebSite","@id":"http:\/\/esponsorama.ad\/es\/#website","url":"http:\/\/esponsorama.ad\/es\/","name":"Esponsorama","description":"Specialist in motorsport sponsorship and event promotions","potentialAction":[{"@type":"SearchAction","target":{"@type":"EntryPoint","urlTemplate":"http:\/\/esponsorama.ad\/es\/?s={search_term_string}"},"query-input":{"@type":"PropertyValueSpecification","valueRequired":true,"valueName":"search_term_string"}}],"inLanguage":"it-IT"},{"@type":"Person","@id":"http:\/\/esponsorama.ad\/es\/#\/schema\/person\/a5cde74945183d737066e46b61c6f9c4","name":"Xavi Andornet","image":{"@type":"ImageObject","inLanguage":"it-IT","@id":"http:\/\/esponsorama.ad\/es\/#\/schema\/person\/image\/","url":"https:\/\/secure.gravatar.com\/avatar\/f10eaf9ad601244a2357c9fd7cd9805ed166cfaaf76d5d9ab08a9d873e70147a?s=96&d=mm&r=g","contentUrl":"https:\/\/secure.gravatar.com\/avatar\/f10eaf9ad601244a2357c9fd7cd9805ed166cfaaf76d5d9ab08a9d873e70147a?s=96&d=mm&r=g","caption":"Xavi Andornet"},"sameAs":["http:\/\/www.andornet.ad"],"url":"http:\/\/esponsorama.ad\/it\/author\/andornet\/"}]}},"_links":{"self":[{"href":"http:\/\/esponsorama.ad\/it\/wp-json\/wp\/v2\/posts\/4709","targetHints":{"allow":["GET"]}}],"collection":[{"href":"http:\/\/esponsorama.ad\/it\/wp-json\/wp\/v2\/posts"}],"about":[{"href":"http:\/\/esponsorama.ad\/it\/wp-json\/wp\/v2\/types\/post"}],"author":[{"embeddable":true,"href":"http:\/\/esponsorama.ad\/it\/wp-json\/wp\/v2\/users\/6"}],"replies":[{"embeddable":true,"href":"http:\/\/esponsorama.ad\/it\/wp-json\/wp\/v2\/comments?post=4709"}],"version-history":[{"count":0,"href":"http:\/\/esponsorama.ad\/it\/wp-json\/wp\/v2\/posts\/4709\/revisions"}],"wp:featuredmedia":[{"embeddable":true,"href":"http:\/\/esponsorama.ad\/it\/wp-json\/wp\/v2\/media\/4695"}],"wp:attachment":[{"href":"http:\/\/esponsorama.ad\/it\/wp-json\/wp\/v2\/media?parent=4709"}],"wp:term":[{"taxonomy":"category","embeddable":true,"href":"http:\/\/esponsorama.ad\/it\/wp-json\/wp\/v2\/categories?post=4709"},{"taxonomy":"post_tag","embeddable":true,"href":"http:\/\/esponsorama.ad\/it\/wp-json\/wp\/v2\/tags?post=4709"}],"curies":[{"name":"wp","href":"https:\/\/api.w.org\/{rel}","templated":true}]}}