{"id":4812,"date":"2017-07-05T13:02:28","date_gmt":"2017-07-05T11:02:28","guid":{"rendered":"http:\/\/esponsorama.ad\/?p=4812"},"modified":"2017-07-06T09:13:35","modified_gmt":"2017-07-06T07:13:35","slug":"loris-baz-operado-exito-sindrome-compartimental-francia","status":"publish","type":"post","link":"http:\/\/esponsorama.ad\/ca\/loris-baz-operado-exito-sindrome-compartimental-francia\/","title":{"rendered":"Loris Baz operat amb \u00e8xit de s\u00edndrome compartimental a Fran\u00e7a"},"content":{"rendered":"<p>El pilot de l&#8217;equip Reale Avintia Racing, Loris Baz, ha estat intervingut amb \u00e8xit de s\u00edndrome comparimental en el seu avantbra\u00e7 dret. L&#8217;operaci\u00f3 ha durat 40 minuts i ha estat portada a terme pel Dr. Olivier Dufour a l&#8217;Hospital d&#8217;Aix en Provence, a Fran\u00e7a.<\/p>\n<p>Des de la primera cursa de la temporada a Qatar, Loris Baz va comen\u00e7ar a notar mol\u00e8sties al bra\u00e7 dret i, encara que al principi els metges atribu\u00efen el<\/p>\n<p>problema a un tend\u00f3, finalment es va confirmar que el problema era el fam\u00f3s s\u00edndrome compartimental, una malaltia cada vegada m\u00e9s habitual en els pilots de MotoGP que han de lidiar amb motos que superen els 260 CV de pot\u00e8ncia. El dolor ha anat m\u00e9s en cada Gran Premi i finalment Loris i l&#8217;equip van prendre la decisi\u00f3 de sotmetre a una intervenci\u00f3 quir\u00fargica per solucionar el problema.<\/p>\n<p>Amb un mes d&#8217;aturada en el calendari, juliol era la data m\u00e9s indicada per dur a terme la cirurgia. Ara Baz compta amb 29 dies per recuperar-se abans de tornar a pujar a la moto el proper 4 d&#8217;agost, quan comen\u00e7aran els entrenaments lliures per al Gran Premi de la Rep\u00fablica Txeca.<\/p>\n\n<p>&#8220;M&#8217;han operat de s\u00edndrome compartimental, una cosa molt habitual entre els pilots de MotoGP. Jo la veritat que mai havia tingut problemes, per\u00f2 aquest any la moto \u00e9s molt f\u00edsica, potser la m\u00e9s f\u00edsica que he portat a la meva vida. Les mol\u00e8sties van comen\u00e7ar a Qatar, \u00e9s la primera vegada que ho vaig notar i hem va impedir lluitar amb Lorenzo fins al final de carrera a causa del dolor. A Argentina va ser una mica menys, per\u00f2 a Jerez, Le Mans hem va donar molesties, una mica, per\u00f2 a Mugello el dolor va ser molt fort. Al principi vam pensar que podria ser una tendinitis, per\u00f2 al final vam comprovar que era s\u00edndrome compartimental. Despr\u00e9s de parlar amb diversos metges com el Dr. Mir o Dr. Charte, tots van coincidir que calia operar. Vaig buscar un metge especialista i Randy De Puniet em va recomanar al Dr. Dufour. Ara passar\u00e9 una setmana tranquil i despr\u00e9s comen\u00e7ar\u00e9 a entrenar amb la moto i al gimn\u00e0s per arribar a Brno en plena forma. &#8220;<\/p>\n","protected":false},"excerpt":{"rendered":"<p>El pilot de l&#8217;equip Reale Avintia Racing, Loris Baz, ha estat intervingut amb \u00e8xit de s\u00edndrome comparimental en el seu avantbra\u00e7 dret. L&#8217;operaci\u00f3 ha durat 40 minuts i ha estat portada a terme pel Dr. Olivier Dufour a l&#8217;Hospital d&#8217;Aix en Provence, a Fran\u00e7a. Des de la primera cursa de la temporada a Qatar, Loris [&hellip;]<\/p>\n","protected":false},"author":6,"featured_media":4534,"comment_status":"closed","ping_status":"closed","sticky":false,"template":"","format":"standard","meta":{"footnotes":""},"categories":[3],"tags":[],"class_list":["post-4812","post","type-post","status-publish","format-standard","has-post-thumbnail","hentry","category-motogp"],"yoast_head":"<!-- This site is optimized with the Yoast SEO plugin v27.1.1 - https:\/\/yoast.com\/product\/yoast-seo-wordpress\/ -->\n<title>Loris Baz operat amb \u00e8xit de s\u00edndrome compartimental a Fran\u00e7a - Esponsorama<\/title>\n<meta name=\"robots\" content=\"index, follow, max-snippet:-1, max-image-preview:large, max-video-preview:-1\" \/>\n<link rel=\"canonical\" href=\"http:\/\/esponsorama.ad\/ca\/loris-baz-operado-exito-sindrome-compartimental-francia\/\" \/>\n<meta property=\"og:locale\" content=\"it_IT\" \/>\n<meta property=\"og:type\" content=\"article\" \/>\n<meta property=\"og:title\" content=\"Loris Baz operat amb \u00e8xit de s\u00edndrome compartimental a Fran\u00e7a - Esponsorama\" \/>\n<meta property=\"og:description\" content=\"El pilot de l&#8217;equip Reale Avintia Racing, Loris Baz, ha estat intervingut amb \u00e8xit de s\u00edndrome comparimental en el seu avantbra\u00e7 dret. L&#8217;operaci\u00f3 ha durat 40 minuts i ha estat portada a terme pel Dr. Olivier Dufour a l&#8217;Hospital d&#8217;Aix en Provence, a Fran\u00e7a. Des de la primera cursa de la temporada a Qatar, Loris [&hellip;]\" \/>\n<meta property=\"og:url\" content=\"http:\/\/esponsorama.ad\/ca\/loris-baz-operado-exito-sindrome-compartimental-francia\/\" \/>\n<meta property=\"og:site_name\" content=\"Esponsorama\" \/>\n<meta property=\"article:published_time\" content=\"2017-07-05T11:02:28+00:00\" \/>\n<meta property=\"article:modified_time\" content=\"2017-07-06T07:13:35+00:00\" \/>\n<meta property=\"og:image\" content=\"http:\/\/esponsorama.ad\/wp-content\/uploads\/2017\/06\/08ASSEN17Avintia-4166-1024x683.jpg\" \/>\n\t<meta property=\"og:image:width\" content=\"1024\" \/>\n\t<meta property=\"og:image:height\" content=\"683\" \/>\n\t<meta property=\"og:image:type\" content=\"image\/jpeg\" \/>\n<meta name=\"author\" content=\"Xavi Andornet\" \/>\n<meta name=\"twitter:card\" content=\"summary_large_image\" \/>\n<meta name=\"twitter:label1\" content=\"Written by\" \/>\n\t<meta name=\"twitter:data1\" content=\"Xavi Andornet\" \/>\n\t<meta name=\"twitter:label2\" content=\"Est. reading time\" \/>\n\t<meta name=\"twitter:data2\" content=\"2 minutes\" \/>\n<script type=\"application\/ld+json\" class=\"yoast-schema-graph\">{\"@context\":\"https:\/\/schema.org\",\"@graph\":[{\"@type\":\"Article\",\"@id\":\"http:\/\/esponsorama.ad\/ca\/loris-baz-operado-exito-sindrome-compartimental-francia\/#article\",\"isPartOf\":{\"@id\":\"http:\/\/esponsorama.ad\/ca\/loris-baz-operado-exito-sindrome-compartimental-francia\/\"},\"author\":{\"name\":\"Xavi Andornet\",\"@id\":\"http:\/\/esponsorama.ad\/es\/#\/schema\/person\/a5cde74945183d737066e46b61c6f9c4\"},\"headline\":\"Loris Baz operat amb \u00e8xit de s\u00edndrome compartimental a Fran\u00e7a\",\"datePublished\":\"2017-07-05T11:02:28+00:00\",\"dateModified\":\"2017-07-06T07:13:35+00:00\",\"mainEntityOfPage\":{\"@id\":\"http:\/\/esponsorama.ad\/ca\/loris-baz-operado-exito-sindrome-compartimental-francia\/\"},\"wordCount\":401,\"image\":{\"@id\":\"http:\/\/esponsorama.ad\/ca\/loris-baz-operado-exito-sindrome-compartimental-francia\/#primaryimage\"},\"thumbnailUrl\":\"http:\/\/esponsorama.ad\/wp-content\/uploads\/2017\/06\/08ASSEN17Avintia-4166.jpg\",\"articleSection\":[\"MotoGP\"],\"inLanguage\":\"it-IT\"},{\"@type\":\"WebPage\",\"@id\":\"http:\/\/esponsorama.ad\/ca\/loris-baz-operado-exito-sindrome-compartimental-francia\/\",\"url\":\"http:\/\/esponsorama.ad\/ca\/loris-baz-operado-exito-sindrome-compartimental-francia\/\",\"name\":\"Loris Baz operat amb \u00e8xit de s\u00edndrome compartimental a Fran\u00e7a - Esponsorama\",\"isPartOf\":{\"@id\":\"http:\/\/esponsorama.ad\/es\/#website\"},\"primaryImageOfPage\":{\"@id\":\"http:\/\/esponsorama.ad\/ca\/loris-baz-operado-exito-sindrome-compartimental-francia\/#primaryimage\"},\"image\":{\"@id\":\"http:\/\/esponsorama.ad\/ca\/loris-baz-operado-exito-sindrome-compartimental-francia\/#primaryimage\"},\"thumbnailUrl\":\"http:\/\/esponsorama.ad\/wp-content\/uploads\/2017\/06\/08ASSEN17Avintia-4166.jpg\",\"datePublished\":\"2017-07-05T11:02:28+00:00\",\"dateModified\":\"2017-07-06T07:13:35+00:00\",\"author\":{\"@id\":\"http:\/\/esponsorama.ad\/es\/#\/schema\/person\/a5cde74945183d737066e46b61c6f9c4\"},\"breadcrumb\":{\"@id\":\"http:\/\/esponsorama.ad\/ca\/loris-baz-operado-exito-sindrome-compartimental-francia\/#breadcrumb\"},\"inLanguage\":\"it-IT\",\"potentialAction\":[{\"@type\":\"ReadAction\",\"target\":[\"http:\/\/esponsorama.ad\/ca\/loris-baz-operado-exito-sindrome-compartimental-francia\/\"]}]},{\"@type\":\"ImageObject\",\"inLanguage\":\"it-IT\",\"@id\":\"http:\/\/esponsorama.ad\/ca\/loris-baz-operado-exito-sindrome-compartimental-francia\/#primaryimage\",\"url\":\"http:\/\/esponsorama.ad\/wp-content\/uploads\/2017\/06\/08ASSEN17Avintia-4166.jpg\",\"contentUrl\":\"http:\/\/esponsorama.ad\/wp-content\/uploads\/2017\/06\/08ASSEN17Avintia-4166.jpg\",\"width\":4808,\"height\":3205},{\"@type\":\"BreadcrumbList\",\"@id\":\"http:\/\/esponsorama.ad\/ca\/loris-baz-operado-exito-sindrome-compartimental-francia\/#breadcrumb\",\"itemListElement\":[{\"@type\":\"ListItem\",\"position\":1,\"name\":\"Home\",\"item\":\"http:\/\/esponsorama.ad\/en\/\"},{\"@type\":\"ListItem\",\"position\":2,\"name\":\"Loris Baz operat amb \u00e8xit de s\u00edndrome compartimental a Fran\u00e7a\"}]},{\"@type\":\"WebSite\",\"@id\":\"http:\/\/esponsorama.ad\/es\/#website\",\"url\":\"http:\/\/esponsorama.ad\/es\/\",\"name\":\"Esponsorama\",\"description\":\"Specialist in motorsport sponsorship and event promotions\",\"potentialAction\":[{\"@type\":\"SearchAction\",\"target\":{\"@type\":\"EntryPoint\",\"urlTemplate\":\"http:\/\/esponsorama.ad\/es\/?s={search_term_string}\"},\"query-input\":{\"@type\":\"PropertyValueSpecification\",\"valueRequired\":true,\"valueName\":\"search_term_string\"}}],\"inLanguage\":\"it-IT\"},{\"@type\":\"Person\",\"@id\":\"http:\/\/esponsorama.ad\/es\/#\/schema\/person\/a5cde74945183d737066e46b61c6f9c4\",\"name\":\"Xavi Andornet\",\"image\":{\"@type\":\"ImageObject\",\"inLanguage\":\"it-IT\",\"@id\":\"http:\/\/esponsorama.ad\/es\/#\/schema\/person\/image\/\",\"url\":\"https:\/\/secure.gravatar.com\/avatar\/f10eaf9ad601244a2357c9fd7cd9805ed166cfaaf76d5d9ab08a9d873e70147a?s=96&d=mm&r=g\",\"contentUrl\":\"https:\/\/secure.gravatar.com\/avatar\/f10eaf9ad601244a2357c9fd7cd9805ed166cfaaf76d5d9ab08a9d873e70147a?s=96&d=mm&r=g\",\"caption\":\"Xavi Andornet\"},\"sameAs\":[\"http:\/\/www.andornet.ad\"],\"url\":\"http:\/\/esponsorama.ad\/it\/author\/andornet\/\"}]}<\/script>\n<!-- \/ Yoast SEO plugin. -->","yoast_head_json":{"title":"Loris Baz operat amb \u00e8xit de s\u00edndrome compartimental a Fran\u00e7a - Esponsorama","robots":{"index":"index","follow":"follow","max-snippet":"max-snippet:-1","max-image-preview":"max-image-preview:large","max-video-preview":"max-video-preview:-1"},"canonical":"http:\/\/esponsorama.ad\/ca\/loris-baz-operado-exito-sindrome-compartimental-francia\/","og_locale":"it_IT","og_type":"article","og_title":"Loris Baz operat amb \u00e8xit de s\u00edndrome compartimental a Fran\u00e7a - Esponsorama","og_description":"El pilot de l&#8217;equip Reale Avintia Racing, Loris Baz, ha estat intervingut amb \u00e8xit de s\u00edndrome comparimental en el seu avantbra\u00e7 dret. L&#8217;operaci\u00f3 ha durat 40 minuts i ha estat portada a terme pel Dr. Olivier Dufour a l&#8217;Hospital d&#8217;Aix en Provence, a Fran\u00e7a. Des de la primera cursa de la temporada a Qatar, Loris [&hellip;]","og_url":"http:\/\/esponsorama.ad\/ca\/loris-baz-operado-exito-sindrome-compartimental-francia\/","og_site_name":"Esponsorama","article_published_time":"2017-07-05T11:02:28+00:00","article_modified_time":"2017-07-06T07:13:35+00:00","og_image":[{"width":1024,"height":683,"url":"http:\/\/esponsorama.ad\/wp-content\/uploads\/2017\/06\/08ASSEN17Avintia-4166-1024x683.jpg","type":"image\/jpeg"}],"author":"Xavi Andornet","twitter_card":"summary_large_image","twitter_misc":{"Written by":"Xavi Andornet","Est. reading time":"2 minutes"},"schema":{"@context":"https:\/\/schema.org","@graph":[{"@type":"Article","@id":"http:\/\/esponsorama.ad\/ca\/loris-baz-operado-exito-sindrome-compartimental-francia\/#article","isPartOf":{"@id":"http:\/\/esponsorama.ad\/ca\/loris-baz-operado-exito-sindrome-compartimental-francia\/"},"author":{"name":"Xavi Andornet","@id":"http:\/\/esponsorama.ad\/es\/#\/schema\/person\/a5cde74945183d737066e46b61c6f9c4"},"headline":"Loris Baz operat amb \u00e8xit de s\u00edndrome compartimental a Fran\u00e7a","datePublished":"2017-07-05T11:02:28+00:00","dateModified":"2017-07-06T07:13:35+00:00","mainEntityOfPage":{"@id":"http:\/\/esponsorama.ad\/ca\/loris-baz-operado-exito-sindrome-compartimental-francia\/"},"wordCount":401,"image":{"@id":"http:\/\/esponsorama.ad\/ca\/loris-baz-operado-exito-sindrome-compartimental-francia\/#primaryimage"},"thumbnailUrl":"http:\/\/esponsorama.ad\/wp-content\/uploads\/2017\/06\/08ASSEN17Avintia-4166.jpg","articleSection":["MotoGP"],"inLanguage":"it-IT"},{"@type":"WebPage","@id":"http:\/\/esponsorama.ad\/ca\/loris-baz-operado-exito-sindrome-compartimental-francia\/","url":"http:\/\/esponsorama.ad\/ca\/loris-baz-operado-exito-sindrome-compartimental-francia\/","name":"Loris Baz operat amb \u00e8xit de s\u00edndrome compartimental a Fran\u00e7a - Esponsorama","isPartOf":{"@id":"http:\/\/esponsorama.ad\/es\/#website"},"primaryImageOfPage":{"@id":"http:\/\/esponsorama.ad\/ca\/loris-baz-operado-exito-sindrome-compartimental-francia\/#primaryimage"},"image":{"@id":"http:\/\/esponsorama.ad\/ca\/loris-baz-operado-exito-sindrome-compartimental-francia\/#primaryimage"},"thumbnailUrl":"http:\/\/esponsorama.ad\/wp-content\/uploads\/2017\/06\/08ASSEN17Avintia-4166.jpg","datePublished":"2017-07-05T11:02:28+00:00","dateModified":"2017-07-06T07:13:35+00:00","author":{"@id":"http:\/\/esponsorama.ad\/es\/#\/schema\/person\/a5cde74945183d737066e46b61c6f9c4"},"breadcrumb":{"@id":"http:\/\/esponsorama.ad\/ca\/loris-baz-operado-exito-sindrome-compartimental-francia\/#breadcrumb"},"inLanguage":"it-IT","potentialAction":[{"@type":"ReadAction","target":["http:\/\/esponsorama.ad\/ca\/loris-baz-operado-exito-sindrome-compartimental-francia\/"]}]},{"@type":"ImageObject","inLanguage":"it-IT","@id":"http:\/\/esponsorama.ad\/ca\/loris-baz-operado-exito-sindrome-compartimental-francia\/#primaryimage","url":"http:\/\/esponsorama.ad\/wp-content\/uploads\/2017\/06\/08ASSEN17Avintia-4166.jpg","contentUrl":"http:\/\/esponsorama.ad\/wp-content\/uploads\/2017\/06\/08ASSEN17Avintia-4166.jpg","width":4808,"height":3205},{"@type":"BreadcrumbList","@id":"http:\/\/esponsorama.ad\/ca\/loris-baz-operado-exito-sindrome-compartimental-francia\/#breadcrumb","itemListElement":[{"@type":"ListItem","position":1,"name":"Home","item":"http:\/\/esponsorama.ad\/en\/"},{"@type":"ListItem","position":2,"name":"Loris Baz operat amb \u00e8xit de s\u00edndrome compartimental a Fran\u00e7a"}]},{"@type":"WebSite","@id":"http:\/\/esponsorama.ad\/es\/#website","url":"http:\/\/esponsorama.ad\/es\/","name":"Esponsorama","description":"Specialist in motorsport sponsorship and event promotions","potentialAction":[{"@type":"SearchAction","target":{"@type":"EntryPoint","urlTemplate":"http:\/\/esponsorama.ad\/es\/?s={search_term_string}"},"query-input":{"@type":"PropertyValueSpecification","valueRequired":true,"valueName":"search_term_string"}}],"inLanguage":"it-IT"},{"@type":"Person","@id":"http:\/\/esponsorama.ad\/es\/#\/schema\/person\/a5cde74945183d737066e46b61c6f9c4","name":"Xavi Andornet","image":{"@type":"ImageObject","inLanguage":"it-IT","@id":"http:\/\/esponsorama.ad\/es\/#\/schema\/person\/image\/","url":"https:\/\/secure.gravatar.com\/avatar\/f10eaf9ad601244a2357c9fd7cd9805ed166cfaaf76d5d9ab08a9d873e70147a?s=96&d=mm&r=g","contentUrl":"https:\/\/secure.gravatar.com\/avatar\/f10eaf9ad601244a2357c9fd7cd9805ed166cfaaf76d5d9ab08a9d873e70147a?s=96&d=mm&r=g","caption":"Xavi Andornet"},"sameAs":["http:\/\/www.andornet.ad"],"url":"http:\/\/esponsorama.ad\/it\/author\/andornet\/"}]}},"_links":{"self":[{"href":"http:\/\/esponsorama.ad\/it\/wp-json\/wp\/v2\/posts\/4812","targetHints":{"allow":["GET"]}}],"collection":[{"href":"http:\/\/esponsorama.ad\/it\/wp-json\/wp\/v2\/posts"}],"about":[{"href":"http:\/\/esponsorama.ad\/it\/wp-json\/wp\/v2\/types\/post"}],"author":[{"embeddable":true,"href":"http:\/\/esponsorama.ad\/it\/wp-json\/wp\/v2\/users\/6"}],"replies":[{"embeddable":true,"href":"http:\/\/esponsorama.ad\/it\/wp-json\/wp\/v2\/comments?post=4812"}],"version-history":[{"count":0,"href":"http:\/\/esponsorama.ad\/it\/wp-json\/wp\/v2\/posts\/4812\/revisions"}],"wp:featuredmedia":[{"embeddable":true,"href":"http:\/\/esponsorama.ad\/it\/wp-json\/wp\/v2\/media\/4534"}],"wp:attachment":[{"href":"http:\/\/esponsorama.ad\/it\/wp-json\/wp\/v2\/media?parent=4812"}],"wp:term":[{"taxonomy":"category","embeddable":true,"href":"http:\/\/esponsorama.ad\/it\/wp-json\/wp\/v2\/categories?post=4812"},{"taxonomy":"post_tag","embeddable":true,"href":"http:\/\/esponsorama.ad\/it\/wp-json\/wp\/v2\/tags?post=4812"}],"curies":[{"name":"wp","href":"https:\/\/api.w.org\/{rel}","templated":true}]}}