{"id":528,"date":"2016-03-20T00:06:33","date_gmt":"2016-03-19T22:06:33","guid":{"rendered":"http:\/\/esponsorama.ad\/?p=528"},"modified":"2016-08-18T12:35:48","modified_gmt":"2016-08-18T10:35:48","slug":"en-barbera-compleix-lobjectiu-i-acaba-nove-a-qatar","status":"publish","type":"post","link":"http:\/\/esponsorama.ad\/ca\/en-barbera-compleix-lobjectiu-i-acaba-nove-a-qatar\/","title":{"rendered":"En Barber\u00e0 compleix l&#8217;objectiu i acaba nov\u00e8 a Qatar"},"content":{"rendered":"<p>El Campionat del M\u00f3n de MotoGP 2016 ha comen\u00e7at de manera positiva per l\u2019H\u00e9ctor Barber\u00e1 i l&#8217;equip Avintia Racing. El pilot espanyol, que sortia des de la vuitena posici\u00f3 de la graella ha realitzat una gran carrera per arribar a la meta en novena posici\u00f3 i sumar els primers set punts de la temporada. La cursa ha estat complicada i ha tingut un parell d&#8217;ensurts que no li han perm\u00e8s lluitar per una posici\u00f3 millor, per\u00f2 en general el resultat ha estat positiu i d\u00f3na molta motivaci\u00f3 a tot l&#8217;equip per a les pr\u00f2ximes carreres.<\/p>\n<p>La creu de la moneda ha estat per en Loris Baz, qui despr\u00e9s de realitzar una bona remuntada que l&#8217;ha portat del 16\u00e8 lloc en la sortida fins el 12\u00e8 en la vuitena volta, ha patit una caiguda al perdre la roda davantera de la seva Ducati a la corba 2. Per\u00f2 el pilot de Avintia Racing confia en millorar en les pr\u00f2ximes cites del calendari a l&#8217;Argentina i Texas.<\/p>\n<p><strong>H\u00c9CTOR BARBER\u00c1 #8 \/ P9<\/strong><\/p>\n<p>&#8220;Hem complert l&#8217;objectiu que era acabar entre els deu primers, per\u00f2 em quedo amb ganes de m\u00e9s. Cal ser realistes i sabem que estem lluitant contra motos de f\u00e0brica, per\u00f2 aix\u00f2 no \u00e9s una excusa. Ara estem molt m\u00e9s a prop i es pot fer m\u00e9s. Tot el cap de setmana he estat una mica tens en ser la primera cursa, he com\u00e8s molts errors i no hem pogut treballar b\u00e9. Potser jo s\u00f3c el que m\u00e9s tranquil ha d&#8217;estar per transmetre-ho a l&#8217;equip, per\u00f2 he estat el que ha estat m\u00e9s nervi\u00f3s al veure amb m\u00e9s possibilitats de fer-ho millor. Per\u00f2 aix\u00f2 acaba de comen\u00e7ar i el nostre objectiu real \u00e9s que quan tot estigui molt b\u00e9 fer un cinqu\u00e8 i quan no acabar entre els deu primers. Ha estat una ll\u00e0stima he com\u00e8s un error quan rodava darrere d\u2019en Pol Espargar\u00f3 i m&#8217;ha passat l\u2019Smith. Avui es podia lluitar per acabar set\u00e8, per\u00f2 tot i aix\u00ed, ser la tercera Ducati est\u00e0 molt b\u00e9 &#8220;.<\/p>\n<p><strong>LORIS BAZ #76 \/ DNF<\/strong><\/p>\n<p>&#8220;Estava fent-ho for\u00e7a b\u00e9 i poc a poc he anat agafant el ritme. Anava rodant amb l\u2019Aleix bastant c\u00f2mode, per\u00f2 a la moto li faltava adher\u00e8ncia davant entrant, i tamb\u00e9 darrere sortint de les corbes. He intentat canviar una mica les l\u00ednies per treure el m\u00e0xim de la moto, per\u00f2 al revolt 2 he perdut la roda davantera de cop. No entenc el per qu\u00e8, per\u00f2 est\u00e0 clar que aqu\u00ed hi havia el l\u00edmit. Ha anat pitjor del que esper\u00e0vem tots, per\u00f2 hi ha coses positives i l\u2019H\u00e9ctor ho est\u00e0 demostrant. Cal seguir endavant amb la mateixa l\u00ednia de treball que hem tingut fins ara i segur que a l&#8217;Argentina, un circuit que m&#8217;agrada molt podrem fer-ho molt millor. Queden 17 carreres m\u00e9s i, encara que \u00e9s millor comen\u00e7ar la temporada d&#8217;una altra manera cal quedar-se amb les coses positives. Jo no s\u00f3c un que caigui molt en carrera i em sap greu per l&#8217;equip que ha treballat molt dur &#8220;.<\/p>\n","protected":false},"excerpt":{"rendered":"<p>El Campionat del M\u00f3n de MotoGP 2016 ha comen\u00e7at de manera positiva per l\u2019H\u00e9ctor Barber\u00e1 i l&#8217;equip Avintia Racing. El pilot espanyol, que sortia des de la vuitena posici\u00f3 de la graella ha realitzat una gran carrera per arribar a la meta en novena posici\u00f3 i sumar els primers set punts de la temporada. La [&hellip;]<\/p>\n","protected":false},"author":6,"featured_media":357,"comment_status":"closed","ping_status":"closed","sticky":false,"template":"","format":"standard","meta":{"footnotes":""},"categories":[3],"tags":[],"class_list":["post-528","post","type-post","status-publish","format-standard","has-post-thumbnail","hentry","category-motogp"],"yoast_head":"<!-- This site is optimized with the Yoast SEO plugin v27.1.1 - https:\/\/yoast.com\/product\/yoast-seo-wordpress\/ -->\n<title>En Barber\u00e0 compleix l&#039;objectiu i acaba nov\u00e8 a Qatar - Esponsorama<\/title>\n<meta name=\"robots\" content=\"index, follow, max-snippet:-1, max-image-preview:large, max-video-preview:-1\" \/>\n<link rel=\"canonical\" href=\"http:\/\/esponsorama.ad\/ca\/en-barbera-compleix-lobjectiu-i-acaba-nove-a-qatar\/\" \/>\n<meta property=\"og:locale\" content=\"it_IT\" \/>\n<meta property=\"og:type\" content=\"article\" \/>\n<meta property=\"og:title\" content=\"En Barber\u00e0 compleix l&#039;objectiu i acaba nov\u00e8 a Qatar - Esponsorama\" \/>\n<meta property=\"og:description\" content=\"El Campionat del M\u00f3n de MotoGP 2016 ha comen\u00e7at de manera positiva per l\u2019H\u00e9ctor Barber\u00e1 i l&#8217;equip Avintia Racing. El pilot espanyol, que sortia des de la vuitena posici\u00f3 de la graella ha realitzat una gran carrera per arribar a la meta en novena posici\u00f3 i sumar els primers set punts de la temporada. La [&hellip;]\" \/>\n<meta property=\"og:url\" content=\"http:\/\/esponsorama.ad\/ca\/en-barbera-compleix-lobjectiu-i-acaba-nove-a-qatar\/\" \/>\n<meta property=\"og:site_name\" content=\"Esponsorama\" \/>\n<meta property=\"article:published_time\" content=\"2016-03-19T22:06:33+00:00\" \/>\n<meta property=\"article:modified_time\" content=\"2016-08-18T10:35:48+00:00\" \/>\n<meta property=\"og:image\" content=\"http:\/\/esponsorama.ad\/wp-content\/uploads\/2016\/06\/01_QATAR-1137.jpg\" \/>\n\t<meta property=\"og:image:width\" content=\"4214\" \/>\n\t<meta property=\"og:image:height\" content=\"2809\" \/>\n\t<meta property=\"og:image:type\" content=\"image\/jpeg\" \/>\n<meta name=\"author\" content=\"Xavi Andornet\" \/>\n<meta name=\"twitter:card\" content=\"summary_large_image\" \/>\n<meta name=\"twitter:label1\" content=\"Written by\" \/>\n\t<meta name=\"twitter:data1\" content=\"Xavi Andornet\" \/>\n\t<meta name=\"twitter:label2\" content=\"Est. reading time\" \/>\n\t<meta name=\"twitter:data2\" content=\"3 minutes\" \/>\n<script type=\"application\/ld+json\" class=\"yoast-schema-graph\">{\"@context\":\"https:\/\/schema.org\",\"@graph\":[{\"@type\":\"Article\",\"@id\":\"http:\/\/esponsorama.ad\/ca\/en-barbera-compleix-lobjectiu-i-acaba-nove-a-qatar\/#article\",\"isPartOf\":{\"@id\":\"http:\/\/esponsorama.ad\/ca\/en-barbera-compleix-lobjectiu-i-acaba-nove-a-qatar\/\"},\"author\":{\"name\":\"Xavi Andornet\",\"@id\":\"http:\/\/esponsorama.ad\/es\/#\/schema\/person\/a5cde74945183d737066e46b61c6f9c4\"},\"headline\":\"En Barber\u00e0 compleix l&#8217;objectiu i acaba nov\u00e8 a Qatar\",\"datePublished\":\"2016-03-19T22:06:33+00:00\",\"dateModified\":\"2016-08-18T10:35:48+00:00\",\"mainEntityOfPage\":{\"@id\":\"http:\/\/esponsorama.ad\/ca\/en-barbera-compleix-lobjectiu-i-acaba-nove-a-qatar\/\"},\"wordCount\":538,\"image\":{\"@id\":\"http:\/\/esponsorama.ad\/ca\/en-barbera-compleix-lobjectiu-i-acaba-nove-a-qatar\/#primaryimage\"},\"thumbnailUrl\":\"http:\/\/esponsorama.ad\/wp-content\/uploads\/2016\/06\/01_QATAR-1137.jpg\",\"articleSection\":[\"MotoGP\"],\"inLanguage\":\"it-IT\"},{\"@type\":\"WebPage\",\"@id\":\"http:\/\/esponsorama.ad\/ca\/en-barbera-compleix-lobjectiu-i-acaba-nove-a-qatar\/\",\"url\":\"http:\/\/esponsorama.ad\/ca\/en-barbera-compleix-lobjectiu-i-acaba-nove-a-qatar\/\",\"name\":\"En Barber\u00e0 compleix l'objectiu i acaba nov\u00e8 a Qatar - Esponsorama\",\"isPartOf\":{\"@id\":\"http:\/\/esponsorama.ad\/es\/#website\"},\"primaryImageOfPage\":{\"@id\":\"http:\/\/esponsorama.ad\/ca\/en-barbera-compleix-lobjectiu-i-acaba-nove-a-qatar\/#primaryimage\"},\"image\":{\"@id\":\"http:\/\/esponsorama.ad\/ca\/en-barbera-compleix-lobjectiu-i-acaba-nove-a-qatar\/#primaryimage\"},\"thumbnailUrl\":\"http:\/\/esponsorama.ad\/wp-content\/uploads\/2016\/06\/01_QATAR-1137.jpg\",\"datePublished\":\"2016-03-19T22:06:33+00:00\",\"dateModified\":\"2016-08-18T10:35:48+00:00\",\"author\":{\"@id\":\"http:\/\/esponsorama.ad\/es\/#\/schema\/person\/a5cde74945183d737066e46b61c6f9c4\"},\"breadcrumb\":{\"@id\":\"http:\/\/esponsorama.ad\/ca\/en-barbera-compleix-lobjectiu-i-acaba-nove-a-qatar\/#breadcrumb\"},\"inLanguage\":\"it-IT\",\"potentialAction\":[{\"@type\":\"ReadAction\",\"target\":[\"http:\/\/esponsorama.ad\/ca\/en-barbera-compleix-lobjectiu-i-acaba-nove-a-qatar\/\"]}]},{\"@type\":\"ImageObject\",\"inLanguage\":\"it-IT\",\"@id\":\"http:\/\/esponsorama.ad\/ca\/en-barbera-compleix-lobjectiu-i-acaba-nove-a-qatar\/#primaryimage\",\"url\":\"http:\/\/esponsorama.ad\/wp-content\/uploads\/2016\/06\/01_QATAR-1137.jpg\",\"contentUrl\":\"http:\/\/esponsorama.ad\/wp-content\/uploads\/2016\/06\/01_QATAR-1137.jpg\",\"width\":4214,\"height\":2809},{\"@type\":\"BreadcrumbList\",\"@id\":\"http:\/\/esponsorama.ad\/ca\/en-barbera-compleix-lobjectiu-i-acaba-nove-a-qatar\/#breadcrumb\",\"itemListElement\":[{\"@type\":\"ListItem\",\"position\":1,\"name\":\"Home\",\"item\":\"http:\/\/esponsorama.ad\/ca\/\"},{\"@type\":\"ListItem\",\"position\":2,\"name\":\"En Barber\u00e0 compleix l&#8217;objectiu i acaba nov\u00e8 a Qatar\"}]},{\"@type\":\"WebSite\",\"@id\":\"http:\/\/esponsorama.ad\/es\/#website\",\"url\":\"http:\/\/esponsorama.ad\/es\/\",\"name\":\"Esponsorama\",\"description\":\"Specialist in motorsport sponsorship and event promotions\",\"potentialAction\":[{\"@type\":\"SearchAction\",\"target\":{\"@type\":\"EntryPoint\",\"urlTemplate\":\"http:\/\/esponsorama.ad\/es\/?s={search_term_string}\"},\"query-input\":{\"@type\":\"PropertyValueSpecification\",\"valueRequired\":true,\"valueName\":\"search_term_string\"}}],\"inLanguage\":\"it-IT\"},{\"@type\":\"Person\",\"@id\":\"http:\/\/esponsorama.ad\/es\/#\/schema\/person\/a5cde74945183d737066e46b61c6f9c4\",\"name\":\"Xavi Andornet\",\"image\":{\"@type\":\"ImageObject\",\"inLanguage\":\"it-IT\",\"@id\":\"http:\/\/esponsorama.ad\/es\/#\/schema\/person\/image\/\",\"url\":\"https:\/\/secure.gravatar.com\/avatar\/f10eaf9ad601244a2357c9fd7cd9805ed166cfaaf76d5d9ab08a9d873e70147a?s=96&d=mm&r=g\",\"contentUrl\":\"https:\/\/secure.gravatar.com\/avatar\/f10eaf9ad601244a2357c9fd7cd9805ed166cfaaf76d5d9ab08a9d873e70147a?s=96&d=mm&r=g\",\"caption\":\"Xavi Andornet\"},\"sameAs\":[\"http:\/\/www.andornet.ad\"],\"url\":\"http:\/\/esponsorama.ad\/it\/author\/andornet\/\"}]}<\/script>\n<!-- \/ Yoast SEO plugin. -->","yoast_head_json":{"title":"En Barber\u00e0 compleix l'objectiu i acaba nov\u00e8 a Qatar - Esponsorama","robots":{"index":"index","follow":"follow","max-snippet":"max-snippet:-1","max-image-preview":"max-image-preview:large","max-video-preview":"max-video-preview:-1"},"canonical":"http:\/\/esponsorama.ad\/ca\/en-barbera-compleix-lobjectiu-i-acaba-nove-a-qatar\/","og_locale":"it_IT","og_type":"article","og_title":"En Barber\u00e0 compleix l'objectiu i acaba nov\u00e8 a Qatar - Esponsorama","og_description":"El Campionat del M\u00f3n de MotoGP 2016 ha comen\u00e7at de manera positiva per l\u2019H\u00e9ctor Barber\u00e1 i l&#8217;equip Avintia Racing. El pilot espanyol, que sortia des de la vuitena posici\u00f3 de la graella ha realitzat una gran carrera per arribar a la meta en novena posici\u00f3 i sumar els primers set punts de la temporada. La [&hellip;]","og_url":"http:\/\/esponsorama.ad\/ca\/en-barbera-compleix-lobjectiu-i-acaba-nove-a-qatar\/","og_site_name":"Esponsorama","article_published_time":"2016-03-19T22:06:33+00:00","article_modified_time":"2016-08-18T10:35:48+00:00","og_image":[{"width":4214,"height":2809,"url":"http:\/\/esponsorama.ad\/wp-content\/uploads\/2016\/06\/01_QATAR-1137.jpg","type":"image\/jpeg"}],"author":"Xavi Andornet","twitter_card":"summary_large_image","twitter_misc":{"Written by":"Xavi Andornet","Est. reading time":"3 minutes"},"schema":{"@context":"https:\/\/schema.org","@graph":[{"@type":"Article","@id":"http:\/\/esponsorama.ad\/ca\/en-barbera-compleix-lobjectiu-i-acaba-nove-a-qatar\/#article","isPartOf":{"@id":"http:\/\/esponsorama.ad\/ca\/en-barbera-compleix-lobjectiu-i-acaba-nove-a-qatar\/"},"author":{"name":"Xavi Andornet","@id":"http:\/\/esponsorama.ad\/es\/#\/schema\/person\/a5cde74945183d737066e46b61c6f9c4"},"headline":"En Barber\u00e0 compleix l&#8217;objectiu i acaba nov\u00e8 a Qatar","datePublished":"2016-03-19T22:06:33+00:00","dateModified":"2016-08-18T10:35:48+00:00","mainEntityOfPage":{"@id":"http:\/\/esponsorama.ad\/ca\/en-barbera-compleix-lobjectiu-i-acaba-nove-a-qatar\/"},"wordCount":538,"image":{"@id":"http:\/\/esponsorama.ad\/ca\/en-barbera-compleix-lobjectiu-i-acaba-nove-a-qatar\/#primaryimage"},"thumbnailUrl":"http:\/\/esponsorama.ad\/wp-content\/uploads\/2016\/06\/01_QATAR-1137.jpg","articleSection":["MotoGP"],"inLanguage":"it-IT"},{"@type":"WebPage","@id":"http:\/\/esponsorama.ad\/ca\/en-barbera-compleix-lobjectiu-i-acaba-nove-a-qatar\/","url":"http:\/\/esponsorama.ad\/ca\/en-barbera-compleix-lobjectiu-i-acaba-nove-a-qatar\/","name":"En Barber\u00e0 compleix l'objectiu i acaba nov\u00e8 a Qatar - Esponsorama","isPartOf":{"@id":"http:\/\/esponsorama.ad\/es\/#website"},"primaryImageOfPage":{"@id":"http:\/\/esponsorama.ad\/ca\/en-barbera-compleix-lobjectiu-i-acaba-nove-a-qatar\/#primaryimage"},"image":{"@id":"http:\/\/esponsorama.ad\/ca\/en-barbera-compleix-lobjectiu-i-acaba-nove-a-qatar\/#primaryimage"},"thumbnailUrl":"http:\/\/esponsorama.ad\/wp-content\/uploads\/2016\/06\/01_QATAR-1137.jpg","datePublished":"2016-03-19T22:06:33+00:00","dateModified":"2016-08-18T10:35:48+00:00","author":{"@id":"http:\/\/esponsorama.ad\/es\/#\/schema\/person\/a5cde74945183d737066e46b61c6f9c4"},"breadcrumb":{"@id":"http:\/\/esponsorama.ad\/ca\/en-barbera-compleix-lobjectiu-i-acaba-nove-a-qatar\/#breadcrumb"},"inLanguage":"it-IT","potentialAction":[{"@type":"ReadAction","target":["http:\/\/esponsorama.ad\/ca\/en-barbera-compleix-lobjectiu-i-acaba-nove-a-qatar\/"]}]},{"@type":"ImageObject","inLanguage":"it-IT","@id":"http:\/\/esponsorama.ad\/ca\/en-barbera-compleix-lobjectiu-i-acaba-nove-a-qatar\/#primaryimage","url":"http:\/\/esponsorama.ad\/wp-content\/uploads\/2016\/06\/01_QATAR-1137.jpg","contentUrl":"http:\/\/esponsorama.ad\/wp-content\/uploads\/2016\/06\/01_QATAR-1137.jpg","width":4214,"height":2809},{"@type":"BreadcrumbList","@id":"http:\/\/esponsorama.ad\/ca\/en-barbera-compleix-lobjectiu-i-acaba-nove-a-qatar\/#breadcrumb","itemListElement":[{"@type":"ListItem","position":1,"name":"Home","item":"http:\/\/esponsorama.ad\/ca\/"},{"@type":"ListItem","position":2,"name":"En Barber\u00e0 compleix l&#8217;objectiu i acaba nov\u00e8 a Qatar"}]},{"@type":"WebSite","@id":"http:\/\/esponsorama.ad\/es\/#website","url":"http:\/\/esponsorama.ad\/es\/","name":"Esponsorama","description":"Specialist in motorsport sponsorship and event promotions","potentialAction":[{"@type":"SearchAction","target":{"@type":"EntryPoint","urlTemplate":"http:\/\/esponsorama.ad\/es\/?s={search_term_string}"},"query-input":{"@type":"PropertyValueSpecification","valueRequired":true,"valueName":"search_term_string"}}],"inLanguage":"it-IT"},{"@type":"Person","@id":"http:\/\/esponsorama.ad\/es\/#\/schema\/person\/a5cde74945183d737066e46b61c6f9c4","name":"Xavi Andornet","image":{"@type":"ImageObject","inLanguage":"it-IT","@id":"http:\/\/esponsorama.ad\/es\/#\/schema\/person\/image\/","url":"https:\/\/secure.gravatar.com\/avatar\/f10eaf9ad601244a2357c9fd7cd9805ed166cfaaf76d5d9ab08a9d873e70147a?s=96&d=mm&r=g","contentUrl":"https:\/\/secure.gravatar.com\/avatar\/f10eaf9ad601244a2357c9fd7cd9805ed166cfaaf76d5d9ab08a9d873e70147a?s=96&d=mm&r=g","caption":"Xavi Andornet"},"sameAs":["http:\/\/www.andornet.ad"],"url":"http:\/\/esponsorama.ad\/it\/author\/andornet\/"}]}},"_links":{"self":[{"href":"http:\/\/esponsorama.ad\/it\/wp-json\/wp\/v2\/posts\/528","targetHints":{"allow":["GET"]}}],"collection":[{"href":"http:\/\/esponsorama.ad\/it\/wp-json\/wp\/v2\/posts"}],"about":[{"href":"http:\/\/esponsorama.ad\/it\/wp-json\/wp\/v2\/types\/post"}],"author":[{"embeddable":true,"href":"http:\/\/esponsorama.ad\/it\/wp-json\/wp\/v2\/users\/6"}],"replies":[{"embeddable":true,"href":"http:\/\/esponsorama.ad\/it\/wp-json\/wp\/v2\/comments?post=528"}],"version-history":[{"count":0,"href":"http:\/\/esponsorama.ad\/it\/wp-json\/wp\/v2\/posts\/528\/revisions"}],"wp:featuredmedia":[{"embeddable":true,"href":"http:\/\/esponsorama.ad\/it\/wp-json\/wp\/v2\/media\/357"}],"wp:attachment":[{"href":"http:\/\/esponsorama.ad\/it\/wp-json\/wp\/v2\/media?parent=528"}],"wp:term":[{"taxonomy":"category","embeddable":true,"href":"http:\/\/esponsorama.ad\/it\/wp-json\/wp\/v2\/categories?post=528"},{"taxonomy":"post_tag","embeddable":true,"href":"http:\/\/esponsorama.ad\/it\/wp-json\/wp\/v2\/tags?post=528"}],"curies":[{"name":"wp","href":"https:\/\/api.w.org\/{rel}","templated":true}]}}